{"id":100067,"date":"2023-03-24T17:33:36","date_gmt":"2023-03-24T23:33:36","guid":{"rendered":"https:\/\/reporteroshoy.mx\/noticias\/?p=100067"},"modified":"2023-03-24T17:33:36","modified_gmt":"2023-03-24T23:33:36","slug":"llaman-a-sociedad-yucateca-a-unirse-contra-la-trata","status":"publish","type":"post","link":"https:\/\/reporteroshoy.mx\/noticias\/llaman-a-sociedad-yucateca-a-unirse-contra-la-trata\/","title":{"rendered":"Llaman a sociedad yucateca a unirse contra la trata"},"content":{"rendered":"<p style=\"text-align: justify;\">M\u00e9rida, Yucat\u00e1n, 24 de marzo de 2023.- Con un llamado a la sociedad civil a construir un refugio para personas v\u00edctimas de trata, la activista Rosi Orozco particip\u00f3 en la conferencia denominada \u201cUna vida con prop\u00f3sito\u201d en la Universidad An\u00e1huac Mayab.<\/p>\n<p style=\"text-align: justify;\">En el marco del evento convocado por la Comisi\u00f3n de Derechos Humanos del Estado de Yucat\u00e1n, la Universidad An\u00e1huac Mayab y Hogares Man\u00e1, la fundadora de \u201cUnidos vs la trata\u201d, dijo que Yucat\u00e1n es un estado muy seguro, pero la trata es un delito que no es visible.<\/p>\n<p><img loading=\"lazy\" decoding=\"async\" class=\"alignnone size-full wp-image-100069\" src=\"https:\/\/reporteroshoy.mx\/noticias\/wp-content\/uploads\/2023\/03\/ROSI-OROZCO-scaled.jpg\" alt=\"\" width=\"768\" height=\"512\" \/><\/p>\n<p style=\"text-align: justify;\">\u201cSi cualquier persona ve algo raro debe denunciar y las autoridades investigar\u201d, precis\u00f3.<\/p>\n<p style=\"text-align: justify;\">En entrevista, a finalizar el evento, indic\u00f3 que Yucat\u00e1n es el estado de la Rep\u00fablica donde hay m\u00e1s participaci\u00f3n ciudadana, donde la gente es m\u00e1s consciente de lo importante de hacer sociedad y es \u201cimperdonable\u201d que no se cuente a\u00fan con un refugio para v\u00edctimas de trata.<\/p>\n<p style=\"text-align: justify;\">\u201cNo es comprensible que, siendo tan solidarios, no se tenga (el refugio), deber\u00eda ser el primer estado en el pa\u00eds en contar con uno\u201d, remarc\u00f3.<\/p>\n<p style=\"text-align: justify;\">\u00a0Rosi Orozco se\u00f1al\u00f3 que la trata de personas existe en todo el mundo, con solo entrar a internet desde cualquier lugar hay p\u00e1ginas que ofrecen a chicas y chicos \u201ccomo mercanc\u00eda\u201d.<\/p>\n<p><img loading=\"lazy\" decoding=\"async\" class=\"alignnone size-full wp-image-100068\" src=\"https:\/\/reporteroshoy.mx\/noticias\/wp-content\/uploads\/2023\/03\/ROSI-OROZCO_2-scaled.jpg\" alt=\"\" width=\"768\" height=\"512\" \/><\/p>\n<p style=\"text-align: justify;\">La especialista en el tema hizo un llamado a los padres, madres de familia y adultos a estar pendientes de lo que juegan las ni\u00f1as y los ni\u00f1os en internet.<\/p>\n<p style=\"text-align: justify;\">\u201cEl problema es que los ni\u00f1os est\u00e1n jugando, aparentemente, con otros de su misma edad, pero puede ser una persona perversa que trata de captar a los menores, es el medio m\u00e1s peligroso si no se est\u00e1 pendiente\u201d, remarc\u00f3.<\/p>\n<p style=\"text-align: justify;\">Y tambi\u00e9n destac\u00f3 la importante labor que realizan los medios de comunicaci\u00f3n que son aliados en la lucha contra la trata de personas, ya que son el espacio para dar a conocer las historias de sobrevivientes y es necesario que se conozcan justo para que nadie m\u00e1s caiga en las redes de los tratantes.<\/p>\n<p style=\"text-align: justify;\">Por su parte, Mar\u00eda Isabel, una sobreviviente que fue v\u00edctima de trata de personas de los 4 a los 6 a\u00f1os, dio su testimonio e invit\u00f3 a los yucatecos a que se sumen a la lucha contra la trata de personas.<\/p>\n<p style=\"text-align: justify;\">\u201cLes pido a las personas que se sumen a la lucha, de cualquier manera; que no tengan miedo, que s\u00ed hay una persona que est\u00e1 en esclavitud que la escuchen, les den voz y que sepan que hay esperanza\u201d, destac\u00f3.<\/p>\n<p style=\"text-align: justify;\">La joven comparte su testimonio para evitar que otras ni\u00f1as y j\u00f3venes sean v\u00edctimas de trata de personas y sufran lo que ella vivi\u00f3.<\/p>\n<p style=\"text-align: justify;\">(Bolet\u00edn de Prensa)<\/p>\n<p style=\"text-align: justify;\">\n<p>&nbsp;<\/p>\n","protected":false},"excerpt":{"rendered":"<p>\u201cImperdonable\u201d que no se cuente a\u00fan con un refugio para v\u00edctimas de trata, dice la activista Rosi Orozco. <\/p>\n","protected":false},"author":5,"featured_media":100068,"comment_status":"open","ping_status":"closed","sticky":false,"template":"","format":"standard","meta":{"footnotes":""},"categories":[2],"tags":[24041,17301,14915],"class_list":["post-100067","post","type-post","status-publish","format-standard","has-post-thumbnail","hentry","category-boletines","tag-rosi-orozco","tag-trata","tag-victimas"],"yoast_head":"<!-- This site is optimized with the Yoast SEO plugin v28.4 - https:\/\/yoast.com\/product\/yoast-seo-wordpress\/ -->\n<title>Llaman a sociedad yucateca a unirse contra la trata<\/title>\n<meta name=\"description\" content=\"\u201cImperdonable\u201d que no se cuente a\u00fan con un refugio para v\u00edctimas de trata, dice la activista Rosi Orozco.\" \/>\n<meta name=\"robots\" content=\"index, follow, max-snippet:-1, max-image-preview:large, max-video-preview:-1\" \/>\n<link rel=\"canonical\" href=\"https:\/\/reporteroshoy.mx\/noticias\/llaman-a-sociedad-yucateca-a-unirse-contra-la-trata\/\" \/>\n<meta property=\"og:locale\" content=\"es_ES\" \/>\n<meta property=\"og:type\" content=\"article\" \/>\n<meta property=\"og:title\" content=\"Llaman a sociedad yucateca a unirse contra la trata\" \/>\n<meta property=\"og:description\" content=\"\u201cImperdonable\u201d que no se cuente a\u00fan con un refugio para v\u00edctimas de trata, dice la activista Rosi Orozco.\" \/>\n<meta property=\"og:url\" content=\"https:\/\/reporteroshoy.mx\/noticias\/llaman-a-sociedad-yucateca-a-unirse-contra-la-trata\/\" \/>\n<meta property=\"og:site_name\" content=\"Reporteros Hoy | Noticias de Yucat\u00e1n\" \/>\n<meta property=\"article:publisher\" content=\"http:\/\/www.facebook.com\/reporteroshoymx\" \/>\n<meta property=\"article:published_time\" content=\"2023-03-24T23:33:36+00:00\" \/>\n<meta property=\"og:image\" content=\"https:\/\/reporteroshoy.mx\/noticias\/wp-content\/uploads\/2023\/03\/ROSI-OROZCO_2-scaled.jpg\" \/>\n\t<meta property=\"og:image:width\" content=\"768\" \/>\n\t<meta property=\"og:image:height\" content=\"512\" \/>\n\t<meta property=\"og:image:type\" content=\"image\/jpeg\" \/>\n<meta name=\"author\" content=\"Reporteros Hoy IM\" \/>\n<meta name=\"twitter:card\" content=\"summary_large_image\" \/>\n<meta name=\"twitter:creator\" content=\"@reporteroshoy\" \/>\n<meta name=\"twitter:site\" content=\"@reporteroshoy\" \/>\n<meta name=\"twitter:label1\" content=\"Escrito por\" \/>\n\t<meta name=\"twitter:data1\" content=\"Reporteros Hoy IM\" \/>\n\t<meta name=\"twitter:label2\" content=\"Tiempo de lectura\" \/>\n\t<meta name=\"twitter:data2\" content=\"3 minutos\" \/>\n<script type=\"application\/ld+json\" class=\"yoast-schema-graph\">{\"@context\":\"https:\\\/\\\/schema.org\",\"@graph\":[{\"@type\":\"Article\",\"@id\":\"https:\\\/\\\/reporteroshoy.mx\\\/noticias\\\/llaman-a-sociedad-yucateca-a-unirse-contra-la-trata\\\/#article\",\"isPartOf\":{\"@id\":\"https:\\\/\\\/reporteroshoy.mx\\\/noticias\\\/llaman-a-sociedad-yucateca-a-unirse-contra-la-trata\\\/\"},\"author\":{\"name\":\"Reporteros Hoy IM\",\"@id\":\"https:\\\/\\\/reporteroshoy.mx\\\/noticias\\\/#\\\/schema\\\/person\\\/948520f0d88b01be2e5266bc4acbbc15\"},\"headline\":\"Llaman a sociedad yucateca a unirse contra la trata\",\"datePublished\":\"2023-03-24T23:33:36+00:00\",\"mainEntityOfPage\":{\"@id\":\"https:\\\/\\\/reporteroshoy.mx\\\/noticias\\\/llaman-a-sociedad-yucateca-a-unirse-contra-la-trata\\\/\"},\"wordCount\":479,\"commentCount\":0,\"image\":{\"@id\":\"https:\\\/\\\/reporteroshoy.mx\\\/noticias\\\/llaman-a-sociedad-yucateca-a-unirse-contra-la-trata\\\/#primaryimage\"},\"thumbnailUrl\":\"https:\\\/\\\/reporteroshoy.mx\\\/noticias\\\/wp-content\\\/uploads\\\/2023\\\/03\\\/ROSI-OROZCO_2-scaled.jpg\",\"keywords\":[\"Rosi Orozco\",\"Trata\",\"V\u00edctimas\"],\"articleSection\":[\"Boletines\"],\"inLanguage\":\"es\",\"potentialAction\":[{\"@type\":\"CommentAction\",\"name\":\"Comment\",\"target\":[\"https:\\\/\\\/reporteroshoy.mx\\\/noticias\\\/llaman-a-sociedad-yucateca-a-unirse-contra-la-trata\\\/#respond\"]}]},{\"@type\":\"WebPage\",\"@id\":\"https:\\\/\\\/reporteroshoy.mx\\\/noticias\\\/llaman-a-sociedad-yucateca-a-unirse-contra-la-trata\\\/\",\"url\":\"https:\\\/\\\/reporteroshoy.mx\\\/noticias\\\/llaman-a-sociedad-yucateca-a-unirse-contra-la-trata\\\/\",\"name\":\"Llaman a sociedad yucateca a unirse contra la trata\",\"isPartOf\":{\"@id\":\"https:\\\/\\\/reporteroshoy.mx\\\/noticias\\\/#website\"},\"primaryImageOfPage\":{\"@id\":\"https:\\\/\\\/reporteroshoy.mx\\\/noticias\\\/llaman-a-sociedad-yucateca-a-unirse-contra-la-trata\\\/#primaryimage\"},\"image\":{\"@id\":\"https:\\\/\\\/reporteroshoy.mx\\\/noticias\\\/llaman-a-sociedad-yucateca-a-unirse-contra-la-trata\\\/#primaryimage\"},\"thumbnailUrl\":\"https:\\\/\\\/reporteroshoy.mx\\\/noticias\\\/wp-content\\\/uploads\\\/2023\\\/03\\\/ROSI-OROZCO_2-scaled.jpg\",\"datePublished\":\"2023-03-24T23:33:36+00:00\",\"author\":{\"@id\":\"https:\\\/\\\/reporteroshoy.mx\\\/noticias\\\/#\\\/schema\\\/person\\\/948520f0d88b01be2e5266bc4acbbc15\"},\"description\":\"\u201cImperdonable\u201d que no se cuente a\u00fan con un refugio para v\u00edctimas de trata, dice la activista Rosi Orozco.\",\"breadcrumb\":{\"@id\":\"https:\\\/\\\/reporteroshoy.mx\\\/noticias\\\/llaman-a-sociedad-yucateca-a-unirse-contra-la-trata\\\/#breadcrumb\"},\"inLanguage\":\"es\",\"potentialAction\":[{\"@type\":\"ReadAction\",\"target\":[\"https:\\\/\\\/reporteroshoy.mx\\\/noticias\\\/llaman-a-sociedad-yucateca-a-unirse-contra-la-trata\\\/\"]}]},{\"@type\":\"ImageObject\",\"inLanguage\":\"es\",\"@id\":\"https:\\\/\\\/reporteroshoy.mx\\\/noticias\\\/llaman-a-sociedad-yucateca-a-unirse-contra-la-trata\\\/#primaryimage\",\"url\":\"https:\\\/\\\/reporteroshoy.mx\\\/noticias\\\/wp-content\\\/uploads\\\/2023\\\/03\\\/ROSI-OROZCO_2-scaled.jpg\",\"contentUrl\":\"https:\\\/\\\/reporteroshoy.mx\\\/noticias\\\/wp-content\\\/uploads\\\/2023\\\/03\\\/ROSI-OROZCO_2-scaled.jpg\",\"width\":768,\"height\":512},{\"@type\":\"BreadcrumbList\",\"@id\":\"https:\\\/\\\/reporteroshoy.mx\\\/noticias\\\/llaman-a-sociedad-yucateca-a-unirse-contra-la-trata\\\/#breadcrumb\",\"itemListElement\":[{\"@type\":\"ListItem\",\"position\":1,\"name\":\"Portada\",\"item\":\"https:\\\/\\\/reporteroshoy.mx\\\/noticias\\\/\"},{\"@type\":\"ListItem\",\"position\":2,\"name\":\"Llaman a sociedad yucateca a unirse contra la trata\"}]},{\"@type\":\"WebSite\",\"@id\":\"https:\\\/\\\/reporteroshoy.mx\\\/noticias\\\/#website\",\"url\":\"https:\\\/\\\/reporteroshoy.mx\\\/noticias\\\/\",\"name\":\"Reporteros Hoy | Noticias de Yucat\u00e1n\",\"description\":\"Peri\u00f3dico digital con noticias diarias desde M\u00e9rida, Yucat\u00e1n para el mundo.\",\"potentialAction\":[{\"@type\":\"SearchAction\",\"target\":{\"@type\":\"EntryPoint\",\"urlTemplate\":\"https:\\\/\\\/reporteroshoy.mx\\\/noticias\\\/?s={search_term_string}\"},\"query-input\":{\"@type\":\"PropertyValueSpecification\",\"valueRequired\":true,\"valueName\":\"search_term_string\"}}],\"inLanguage\":\"es\"},{\"@type\":\"Person\",\"@id\":\"https:\\\/\\\/reporteroshoy.mx\\\/noticias\\\/#\\\/schema\\\/person\\\/948520f0d88b01be2e5266bc4acbbc15\",\"name\":\"Reporteros Hoy IM\",\"image\":{\"@type\":\"ImageObject\",\"inLanguage\":\"es\",\"@id\":\"https:\\\/\\\/secure.gravatar.com\\\/avatar\\\/d843030b96552826ac048bdfe26f2895604b800ed0c880ee55765a74d95dfc65?s=96&d=mm&r=g\",\"url\":\"https:\\\/\\\/secure.gravatar.com\\\/avatar\\\/d843030b96552826ac048bdfe26f2895604b800ed0c880ee55765a74d95dfc65?s=96&d=mm&r=g\",\"contentUrl\":\"https:\\\/\\\/secure.gravatar.com\\\/avatar\\\/d843030b96552826ac048bdfe26f2895604b800ed0c880ee55765a74d95dfc65?s=96&d=mm&r=g\",\"caption\":\"Reporteros Hoy IM\"},\"url\":\"https:\\\/\\\/reporteroshoy.mx\\\/noticias\\\/author\\\/israel\\\/\"}]}<\/script>\n<!-- \/ Yoast SEO plugin. -->","yoast_head_json":{"title":"Llaman a sociedad yucateca a unirse contra la trata","description":"\u201cImperdonable\u201d que no se cuente a\u00fan con un refugio para v\u00edctimas de trata, dice la activista Rosi Orozco.","robots":{"index":"index","follow":"follow","max-snippet":"max-snippet:-1","max-image-preview":"max-image-preview:large","max-video-preview":"max-video-preview:-1"},"canonical":"https:\/\/reporteroshoy.mx\/noticias\/llaman-a-sociedad-yucateca-a-unirse-contra-la-trata\/","og_locale":"es_ES","og_type":"article","og_title":"Llaman a sociedad yucateca a unirse contra la trata","og_description":"\u201cImperdonable\u201d que no se cuente a\u00fan con un refugio para v\u00edctimas de trata, dice la activista Rosi Orozco.","og_url":"https:\/\/reporteroshoy.mx\/noticias\/llaman-a-sociedad-yucateca-a-unirse-contra-la-trata\/","og_site_name":"Reporteros Hoy | Noticias de Yucat\u00e1n","article_publisher":"http:\/\/www.facebook.com\/reporteroshoymx","article_published_time":"2023-03-24T23:33:36+00:00","og_image":[{"width":768,"height":512,"url":"https:\/\/reporteroshoy.mx\/noticias\/wp-content\/uploads\/2023\/03\/ROSI-OROZCO_2-scaled.jpg","type":"image\/jpeg"}],"author":"Reporteros Hoy IM","twitter_card":"summary_large_image","twitter_creator":"@reporteroshoy","twitter_site":"@reporteroshoy","twitter_misc":{"Escrito por":"Reporteros Hoy IM","Tiempo de lectura":"3 minutos"},"schema":{"@context":"https:\/\/schema.org","@graph":[{"@type":"Article","@id":"https:\/\/reporteroshoy.mx\/noticias\/llaman-a-sociedad-yucateca-a-unirse-contra-la-trata\/#article","isPartOf":{"@id":"https:\/\/reporteroshoy.mx\/noticias\/llaman-a-sociedad-yucateca-a-unirse-contra-la-trata\/"},"author":{"name":"Reporteros Hoy IM","@id":"https:\/\/reporteroshoy.mx\/noticias\/#\/schema\/person\/948520f0d88b01be2e5266bc4acbbc15"},"headline":"Llaman a sociedad yucateca a unirse contra la trata","datePublished":"2023-03-24T23:33:36+00:00","mainEntityOfPage":{"@id":"https:\/\/reporteroshoy.mx\/noticias\/llaman-a-sociedad-yucateca-a-unirse-contra-la-trata\/"},"wordCount":479,"commentCount":0,"image":{"@id":"https:\/\/reporteroshoy.mx\/noticias\/llaman-a-sociedad-yucateca-a-unirse-contra-la-trata\/#primaryimage"},"thumbnailUrl":"https:\/\/reporteroshoy.mx\/noticias\/wp-content\/uploads\/2023\/03\/ROSI-OROZCO_2-scaled.jpg","keywords":["Rosi Orozco","Trata","V\u00edctimas"],"articleSection":["Boletines"],"inLanguage":"es","potentialAction":[{"@type":"CommentAction","name":"Comment","target":["https:\/\/reporteroshoy.mx\/noticias\/llaman-a-sociedad-yucateca-a-unirse-contra-la-trata\/#respond"]}]},{"@type":"WebPage","@id":"https:\/\/reporteroshoy.mx\/noticias\/llaman-a-sociedad-yucateca-a-unirse-contra-la-trata\/","url":"https:\/\/reporteroshoy.mx\/noticias\/llaman-a-sociedad-yucateca-a-unirse-contra-la-trata\/","name":"Llaman a sociedad yucateca a unirse contra la trata","isPartOf":{"@id":"https:\/\/reporteroshoy.mx\/noticias\/#website"},"primaryImageOfPage":{"@id":"https:\/\/reporteroshoy.mx\/noticias\/llaman-a-sociedad-yucateca-a-unirse-contra-la-trata\/#primaryimage"},"image":{"@id":"https:\/\/reporteroshoy.mx\/noticias\/llaman-a-sociedad-yucateca-a-unirse-contra-la-trata\/#primaryimage"},"thumbnailUrl":"https:\/\/reporteroshoy.mx\/noticias\/wp-content\/uploads\/2023\/03\/ROSI-OROZCO_2-scaled.jpg","datePublished":"2023-03-24T23:33:36+00:00","author":{"@id":"https:\/\/reporteroshoy.mx\/noticias\/#\/schema\/person\/948520f0d88b01be2e5266bc4acbbc15"},"description":"\u201cImperdonable\u201d que no se cuente a\u00fan con un refugio para v\u00edctimas de trata, dice la activista Rosi Orozco.","breadcrumb":{"@id":"https:\/\/reporteroshoy.mx\/noticias\/llaman-a-sociedad-yucateca-a-unirse-contra-la-trata\/#breadcrumb"},"inLanguage":"es","potentialAction":[{"@type":"ReadAction","target":["https:\/\/reporteroshoy.mx\/noticias\/llaman-a-sociedad-yucateca-a-unirse-contra-la-trata\/"]}]},{"@type":"ImageObject","inLanguage":"es","@id":"https:\/\/reporteroshoy.mx\/noticias\/llaman-a-sociedad-yucateca-a-unirse-contra-la-trata\/#primaryimage","url":"https:\/\/reporteroshoy.mx\/noticias\/wp-content\/uploads\/2023\/03\/ROSI-OROZCO_2-scaled.jpg","contentUrl":"https:\/\/reporteroshoy.mx\/noticias\/wp-content\/uploads\/2023\/03\/ROSI-OROZCO_2-scaled.jpg","width":768,"height":512},{"@type":"BreadcrumbList","@id":"https:\/\/reporteroshoy.mx\/noticias\/llaman-a-sociedad-yucateca-a-unirse-contra-la-trata\/#breadcrumb","itemListElement":[{"@type":"ListItem","position":1,"name":"Portada","item":"https:\/\/reporteroshoy.mx\/noticias\/"},{"@type":"ListItem","position":2,"name":"Llaman a sociedad yucateca a unirse contra la trata"}]},{"@type":"WebSite","@id":"https:\/\/reporteroshoy.mx\/noticias\/#website","url":"https:\/\/reporteroshoy.mx\/noticias\/","name":"Reporteros Hoy | Noticias de Yucat\u00e1n","description":"Peri\u00f3dico digital con noticias diarias desde M\u00e9rida, Yucat\u00e1n para el mundo.","potentialAction":[{"@type":"SearchAction","target":{"@type":"EntryPoint","urlTemplate":"https:\/\/reporteroshoy.mx\/noticias\/?s={search_term_string}"},"query-input":{"@type":"PropertyValueSpecification","valueRequired":true,"valueName":"search_term_string"}}],"inLanguage":"es"},{"@type":"Person","@id":"https:\/\/reporteroshoy.mx\/noticias\/#\/schema\/person\/948520f0d88b01be2e5266bc4acbbc15","name":"Reporteros Hoy IM","image":{"@type":"ImageObject","inLanguage":"es","@id":"https:\/\/secure.gravatar.com\/avatar\/d843030b96552826ac048bdfe26f2895604b800ed0c880ee55765a74d95dfc65?s=96&d=mm&r=g","url":"https:\/\/secure.gravatar.com\/avatar\/d843030b96552826ac048bdfe26f2895604b800ed0c880ee55765a74d95dfc65?s=96&d=mm&r=g","contentUrl":"https:\/\/secure.gravatar.com\/avatar\/d843030b96552826ac048bdfe26f2895604b800ed0c880ee55765a74d95dfc65?s=96&d=mm&r=g","caption":"Reporteros Hoy IM"},"url":"https:\/\/reporteroshoy.mx\/noticias\/author\/israel\/"}]}},"_links":{"self":[{"href":"https:\/\/reporteroshoy.mx\/noticias\/wp-json\/wp\/v2\/posts\/100067","targetHints":{"allow":["GET"]}}],"collection":[{"href":"https:\/\/reporteroshoy.mx\/noticias\/wp-json\/wp\/v2\/posts"}],"about":[{"href":"https:\/\/reporteroshoy.mx\/noticias\/wp-json\/wp\/v2\/types\/post"}],"author":[{"embeddable":true,"href":"https:\/\/reporteroshoy.mx\/noticias\/wp-json\/wp\/v2\/users\/5"}],"replies":[{"embeddable":true,"href":"https:\/\/reporteroshoy.mx\/noticias\/wp-json\/wp\/v2\/comments?post=100067"}],"version-history":[{"count":0,"href":"https:\/\/reporteroshoy.mx\/noticias\/wp-json\/wp\/v2\/posts\/100067\/revisions"}],"wp:featuredmedia":[{"embeddable":true,"href":"https:\/\/reporteroshoy.mx\/noticias\/wp-json\/wp\/v2\/media\/100068"}],"wp:attachment":[{"href":"https:\/\/reporteroshoy.mx\/noticias\/wp-json\/wp\/v2\/media?parent=100067"}],"wp:term":[{"taxonomy":"category","embeddable":true,"href":"https:\/\/reporteroshoy.mx\/noticias\/wp-json\/wp\/v2\/categories?post=100067"},{"taxonomy":"post_tag","embeddable":true,"href":"https:\/\/reporteroshoy.mx\/noticias\/wp-json\/wp\/v2\/tags?post=100067"}],"curies":[{"name":"wp","href":"https:\/\/api.w.org\/{rel}","templated":true}]}}