{"id":100867,"date":"2023-04-12T11:57:10","date_gmt":"2023-04-12T17:57:10","guid":{"rendered":"https:\/\/reporteroshoy.mx\/noticias\/?p=100867"},"modified":"2023-04-12T11:57:10","modified_gmt":"2023-04-12T17:57:10","slug":"acusado-de-secuestro-en-veracruz-es-detenido-en-yucatan","status":"publish","type":"post","link":"https:\/\/reporteroshoy.mx\/noticias\/acusado-de-secuestro-en-veracruz-es-detenido-en-yucatan\/","title":{"rendered":"Acusado de secuestro en Veracruz es detenido en Yucat\u00e1n"},"content":{"rendered":"<p style=\"text-align: justify;\">M\u00e9rida, Yucat\u00e1n; 12 de abril de 2023.- Fue detenido hoy en M\u00e9rida un sujeto pr\u00f3fugo de las autoridades del Estado de Veracruz, que lo acusan por el delito de secuestro agravado cometido en agosto de 2020.<\/p>\n<p style=\"text-align: justify;\">Jos\u00e9 Alfredo G. D., de 21 a\u00f1os de edad, originario de Coatzacoalcos, fue localizado y detenido esta ma\u00f1ana en la colonia Melit\u00f3n Salazar por la Polic\u00eda Estatal de investigaci\u00f3n (PEI) de la Secretar\u00eda de Seguridad P\u00fablica (SSP) y la Fiscal\u00eda General del Estado (FGE).<\/p>\n<p><img loading=\"lazy\" decoding=\"async\" class=\"wp-image-100868 aligncenter\" src=\"https:\/\/reporteroshoy.mx\/noticias\/wp-content\/uploads\/2023\/04\/Secuestrador-scaled.jpg\" alt=\"\" width=\"598\" height=\"598\" \/><\/p>\n<p style=\"text-align: justify;\">Agentes y fiscales investigadores de Yucat\u00e1n, en colaboraci\u00f3n con sus hom\u00f3logos veracruzanos, lograron ubicar el domicilio del individuo en M\u00e9rida y el lugar en donde consigui\u00f3 empleo: una concesionaria automotriz.<\/p>\n<p style=\"text-align: justify;\">En la orden de aprehensi\u00f3n se establece la probable responsabilidad de Jos\u00e9 Alfredo G. D. en el delito de secuestro agravado en contra de un ciudadano en el municipio de Nanchital de L\u00e1zaro C\u00e1rdenas del R\u00edo, Veracruz.<\/p>\n<p style=\"text-align: justify;\">La v\u00edctima fue encontrada sin vida en el municipio de Acayucan, en el interior de una camioneta estacionada dentro de una casa de seguridad.<\/p>\n","protected":false},"excerpt":{"rendered":"<p>Jos\u00e9 Alfredo de 21 a\u00f1os de edad y originario de Coatzacoalcos, fue localizado y detenido esta ma\u00f1ana en la colonia Melit\u00f3n Salazar.<\/p>\n","protected":false},"author":9,"featured_media":100869,"comment_status":"open","ping_status":"closed","sticky":false,"template":"","format":"standard","meta":{"footnotes":""},"categories":[14],"tags":[431,3117,689],"class_list":["post-100867","post","type-post","status-publish","format-standard","has-post-thumbnail","hentry","category-policia","tag-fge","tag-secuestro","tag-ssp"],"yoast_head":"<!-- This site is optimized with the Yoast SEO plugin v28.3 - https:\/\/yoast.com\/product\/yoast-seo-wordpress\/ -->\n<title>Acusado de secuestro en Veracruz es detenido en Yucat\u00e1n<\/title>\n<meta name=\"description\" content=\"Jos\u00e9 Alfredo de 21 a\u00f1os de edad y originario de Coatzacoalcos, fue localizado y detenido esta ma\u00f1ana en la colonia Melit\u00f3n Salazar.\" \/>\n<meta name=\"robots\" content=\"index, follow, max-snippet:-1, max-image-preview:large, max-video-preview:-1\" \/>\n<link rel=\"canonical\" href=\"https:\/\/reporteroshoy.mx\/noticias\/acusado-de-secuestro-en-veracruz-es-detenido-en-yucatan\/\" \/>\n<meta property=\"og:locale\" content=\"es_ES\" \/>\n<meta property=\"og:type\" content=\"article\" \/>\n<meta property=\"og:title\" content=\"Acusado de secuestro en Veracruz es detenido en Yucat\u00e1n\" \/>\n<meta property=\"og:description\" content=\"Jos\u00e9 Alfredo de 21 a\u00f1os de edad y originario de Coatzacoalcos, fue localizado y detenido esta ma\u00f1ana en la colonia Melit\u00f3n Salazar.\" \/>\n<meta property=\"og:url\" content=\"https:\/\/reporteroshoy.mx\/noticias\/acusado-de-secuestro-en-veracruz-es-detenido-en-yucatan\/\" \/>\n<meta property=\"og:site_name\" content=\"Reporteros Hoy | Noticias de Yucat\u00e1n\" \/>\n<meta property=\"article:publisher\" content=\"http:\/\/www.facebook.com\/reporteroshoymx\" \/>\n<meta property=\"article:published_time\" content=\"2023-04-12T17:57:10+00:00\" \/>\n<meta property=\"og:image\" content=\"https:\/\/reporteroshoy.mx\/noticias\/wp-content\/uploads\/2023\/04\/Secuestrador-1-scaled.jpg\" \/>\n\t<meta property=\"og:image:width\" content=\"768\" \/>\n\t<meta property=\"og:image:height\" content=\"432\" \/>\n\t<meta property=\"og:image:type\" content=\"image\/jpeg\" \/>\n<meta name=\"author\" content=\"Reporteros Hoy WP\" \/>\n<meta name=\"twitter:card\" content=\"summary_large_image\" \/>\n<meta name=\"twitter:creator\" content=\"@reporteroshoy\" \/>\n<meta name=\"twitter:site\" content=\"@reporteroshoy\" \/>\n<meta name=\"twitter:label1\" content=\"Escrito por\" \/>\n\t<meta name=\"twitter:data1\" content=\"Reporteros Hoy WP\" \/>\n\t<meta name=\"twitter:label2\" content=\"Tiempo de lectura\" \/>\n\t<meta name=\"twitter:data2\" content=\"1 minuto\" \/>\n<script type=\"application\/ld+json\" class=\"yoast-schema-graph\">{\"@context\":\"https:\\\/\\\/schema.org\",\"@graph\":[{\"@type\":\"Article\",\"@id\":\"https:\\\/\\\/reporteroshoy.mx\\\/noticias\\\/acusado-de-secuestro-en-veracruz-es-detenido-en-yucatan\\\/#article\",\"isPartOf\":{\"@id\":\"https:\\\/\\\/reporteroshoy.mx\\\/noticias\\\/acusado-de-secuestro-en-veracruz-es-detenido-en-yucatan\\\/\"},\"author\":{\"name\":\"Reporteros Hoy WP\",\"@id\":\"https:\\\/\\\/reporteroshoy.mx\\\/noticias\\\/#\\\/schema\\\/person\\\/c977527e57c958a62c5cefe8fe47876e\"},\"headline\":\"Acusado de secuestro en Veracruz es detenido en Yucat\u00e1n\",\"datePublished\":\"2023-04-12T17:57:10+00:00\",\"mainEntityOfPage\":{\"@id\":\"https:\\\/\\\/reporteroshoy.mx\\\/noticias\\\/acusado-de-secuestro-en-veracruz-es-detenido-en-yucatan\\\/\"},\"wordCount\":199,\"commentCount\":0,\"image\":{\"@id\":\"https:\\\/\\\/reporteroshoy.mx\\\/noticias\\\/acusado-de-secuestro-en-veracruz-es-detenido-en-yucatan\\\/#primaryimage\"},\"thumbnailUrl\":\"https:\\\/\\\/reporteroshoy.mx\\\/noticias\\\/wp-content\\\/uploads\\\/2023\\\/04\\\/Secuestrador-1-scaled.jpg\",\"keywords\":[\"FGE\",\"Secuestro\",\"SSP\"],\"articleSection\":[\"Polic\u00eda\"],\"inLanguage\":\"es\",\"potentialAction\":[{\"@type\":\"CommentAction\",\"name\":\"Comment\",\"target\":[\"https:\\\/\\\/reporteroshoy.mx\\\/noticias\\\/acusado-de-secuestro-en-veracruz-es-detenido-en-yucatan\\\/#respond\"]}]},{\"@type\":\"WebPage\",\"@id\":\"https:\\\/\\\/reporteroshoy.mx\\\/noticias\\\/acusado-de-secuestro-en-veracruz-es-detenido-en-yucatan\\\/\",\"url\":\"https:\\\/\\\/reporteroshoy.mx\\\/noticias\\\/acusado-de-secuestro-en-veracruz-es-detenido-en-yucatan\\\/\",\"name\":\"Acusado de secuestro en Veracruz es detenido en Yucat\u00e1n\",\"isPartOf\":{\"@id\":\"https:\\\/\\\/reporteroshoy.mx\\\/noticias\\\/#website\"},\"primaryImageOfPage\":{\"@id\":\"https:\\\/\\\/reporteroshoy.mx\\\/noticias\\\/acusado-de-secuestro-en-veracruz-es-detenido-en-yucatan\\\/#primaryimage\"},\"image\":{\"@id\":\"https:\\\/\\\/reporteroshoy.mx\\\/noticias\\\/acusado-de-secuestro-en-veracruz-es-detenido-en-yucatan\\\/#primaryimage\"},\"thumbnailUrl\":\"https:\\\/\\\/reporteroshoy.mx\\\/noticias\\\/wp-content\\\/uploads\\\/2023\\\/04\\\/Secuestrador-1-scaled.jpg\",\"datePublished\":\"2023-04-12T17:57:10+00:00\",\"author\":{\"@id\":\"https:\\\/\\\/reporteroshoy.mx\\\/noticias\\\/#\\\/schema\\\/person\\\/c977527e57c958a62c5cefe8fe47876e\"},\"description\":\"Jos\u00e9 Alfredo de 21 a\u00f1os de edad y originario de Coatzacoalcos, fue localizado y detenido esta ma\u00f1ana en la colonia Melit\u00f3n Salazar.\",\"breadcrumb\":{\"@id\":\"https:\\\/\\\/reporteroshoy.mx\\\/noticias\\\/acusado-de-secuestro-en-veracruz-es-detenido-en-yucatan\\\/#breadcrumb\"},\"inLanguage\":\"es\",\"potentialAction\":[{\"@type\":\"ReadAction\",\"target\":[\"https:\\\/\\\/reporteroshoy.mx\\\/noticias\\\/acusado-de-secuestro-en-veracruz-es-detenido-en-yucatan\\\/\"]}]},{\"@type\":\"ImageObject\",\"inLanguage\":\"es\",\"@id\":\"https:\\\/\\\/reporteroshoy.mx\\\/noticias\\\/acusado-de-secuestro-en-veracruz-es-detenido-en-yucatan\\\/#primaryimage\",\"url\":\"https:\\\/\\\/reporteroshoy.mx\\\/noticias\\\/wp-content\\\/uploads\\\/2023\\\/04\\\/Secuestrador-1-scaled.jpg\",\"contentUrl\":\"https:\\\/\\\/reporteroshoy.mx\\\/noticias\\\/wp-content\\\/uploads\\\/2023\\\/04\\\/Secuestrador-1-scaled.jpg\",\"width\":768,\"height\":432},{\"@type\":\"BreadcrumbList\",\"@id\":\"https:\\\/\\\/reporteroshoy.mx\\\/noticias\\\/acusado-de-secuestro-en-veracruz-es-detenido-en-yucatan\\\/#breadcrumb\",\"itemListElement\":[{\"@type\":\"ListItem\",\"position\":1,\"name\":\"Portada\",\"item\":\"https:\\\/\\\/reporteroshoy.mx\\\/noticias\\\/\"},{\"@type\":\"ListItem\",\"position\":2,\"name\":\"Acusado de secuestro en Veracruz es detenido en Yucat\u00e1n\"}]},{\"@type\":\"WebSite\",\"@id\":\"https:\\\/\\\/reporteroshoy.mx\\\/noticias\\\/#website\",\"url\":\"https:\\\/\\\/reporteroshoy.mx\\\/noticias\\\/\",\"name\":\"Reporteros Hoy | Noticias de Yucat\u00e1n\",\"description\":\"Peri\u00f3dico digital con noticias diarias desde M\u00e9rida, Yucat\u00e1n para el mundo.\",\"potentialAction\":[{\"@type\":\"SearchAction\",\"target\":{\"@type\":\"EntryPoint\",\"urlTemplate\":\"https:\\\/\\\/reporteroshoy.mx\\\/noticias\\\/?s={search_term_string}\"},\"query-input\":{\"@type\":\"PropertyValueSpecification\",\"valueRequired\":true,\"valueName\":\"search_term_string\"}}],\"inLanguage\":\"es\"},{\"@type\":\"Person\",\"@id\":\"https:\\\/\\\/reporteroshoy.mx\\\/noticias\\\/#\\\/schema\\\/person\\\/c977527e57c958a62c5cefe8fe47876e\",\"name\":\"Reporteros Hoy WP\",\"image\":{\"@type\":\"ImageObject\",\"inLanguage\":\"es\",\"@id\":\"https:\\\/\\\/secure.gravatar.com\\\/avatar\\\/fd2917f79a7dae30f8ac9ddc2f35e1756bb59e25e01d1cd09deaa64df7b2f73e?s=96&d=mm&r=g\",\"url\":\"https:\\\/\\\/secure.gravatar.com\\\/avatar\\\/fd2917f79a7dae30f8ac9ddc2f35e1756bb59e25e01d1cd09deaa64df7b2f73e?s=96&d=mm&r=g\",\"contentUrl\":\"https:\\\/\\\/secure.gravatar.com\\\/avatar\\\/fd2917f79a7dae30f8ac9ddc2f35e1756bb59e25e01d1cd09deaa64df7b2f73e?s=96&d=mm&r=g\",\"caption\":\"Reporteros Hoy WP\"},\"url\":\"https:\\\/\\\/reporteroshoy.mx\\\/noticias\\\/author\\\/walfer\\\/\"}]}<\/script>\n<!-- \/ Yoast SEO plugin. -->","yoast_head_json":{"title":"Acusado de secuestro en Veracruz es detenido en Yucat\u00e1n","description":"Jos\u00e9 Alfredo de 21 a\u00f1os de edad y originario de Coatzacoalcos, fue localizado y detenido esta ma\u00f1ana en la colonia Melit\u00f3n Salazar.","robots":{"index":"index","follow":"follow","max-snippet":"max-snippet:-1","max-image-preview":"max-image-preview:large","max-video-preview":"max-video-preview:-1"},"canonical":"https:\/\/reporteroshoy.mx\/noticias\/acusado-de-secuestro-en-veracruz-es-detenido-en-yucatan\/","og_locale":"es_ES","og_type":"article","og_title":"Acusado de secuestro en Veracruz es detenido en Yucat\u00e1n","og_description":"Jos\u00e9 Alfredo de 21 a\u00f1os de edad y originario de Coatzacoalcos, fue localizado y detenido esta ma\u00f1ana en la colonia Melit\u00f3n Salazar.","og_url":"https:\/\/reporteroshoy.mx\/noticias\/acusado-de-secuestro-en-veracruz-es-detenido-en-yucatan\/","og_site_name":"Reporteros Hoy | Noticias de Yucat\u00e1n","article_publisher":"http:\/\/www.facebook.com\/reporteroshoymx","article_published_time":"2023-04-12T17:57:10+00:00","og_image":[{"width":768,"height":432,"url":"https:\/\/reporteroshoy.mx\/noticias\/wp-content\/uploads\/2023\/04\/Secuestrador-1-scaled.jpg","type":"image\/jpeg"}],"author":"Reporteros Hoy WP","twitter_card":"summary_large_image","twitter_creator":"@reporteroshoy","twitter_site":"@reporteroshoy","twitter_misc":{"Escrito por":"Reporteros Hoy WP","Tiempo de lectura":"1 minuto"},"schema":{"@context":"https:\/\/schema.org","@graph":[{"@type":"Article","@id":"https:\/\/reporteroshoy.mx\/noticias\/acusado-de-secuestro-en-veracruz-es-detenido-en-yucatan\/#article","isPartOf":{"@id":"https:\/\/reporteroshoy.mx\/noticias\/acusado-de-secuestro-en-veracruz-es-detenido-en-yucatan\/"},"author":{"name":"Reporteros Hoy WP","@id":"https:\/\/reporteroshoy.mx\/noticias\/#\/schema\/person\/c977527e57c958a62c5cefe8fe47876e"},"headline":"Acusado de secuestro en Veracruz es detenido en Yucat\u00e1n","datePublished":"2023-04-12T17:57:10+00:00","mainEntityOfPage":{"@id":"https:\/\/reporteroshoy.mx\/noticias\/acusado-de-secuestro-en-veracruz-es-detenido-en-yucatan\/"},"wordCount":199,"commentCount":0,"image":{"@id":"https:\/\/reporteroshoy.mx\/noticias\/acusado-de-secuestro-en-veracruz-es-detenido-en-yucatan\/#primaryimage"},"thumbnailUrl":"https:\/\/reporteroshoy.mx\/noticias\/wp-content\/uploads\/2023\/04\/Secuestrador-1-scaled.jpg","keywords":["FGE","Secuestro","SSP"],"articleSection":["Polic\u00eda"],"inLanguage":"es","potentialAction":[{"@type":"CommentAction","name":"Comment","target":["https:\/\/reporteroshoy.mx\/noticias\/acusado-de-secuestro-en-veracruz-es-detenido-en-yucatan\/#respond"]}]},{"@type":"WebPage","@id":"https:\/\/reporteroshoy.mx\/noticias\/acusado-de-secuestro-en-veracruz-es-detenido-en-yucatan\/","url":"https:\/\/reporteroshoy.mx\/noticias\/acusado-de-secuestro-en-veracruz-es-detenido-en-yucatan\/","name":"Acusado de secuestro en Veracruz es detenido en Yucat\u00e1n","isPartOf":{"@id":"https:\/\/reporteroshoy.mx\/noticias\/#website"},"primaryImageOfPage":{"@id":"https:\/\/reporteroshoy.mx\/noticias\/acusado-de-secuestro-en-veracruz-es-detenido-en-yucatan\/#primaryimage"},"image":{"@id":"https:\/\/reporteroshoy.mx\/noticias\/acusado-de-secuestro-en-veracruz-es-detenido-en-yucatan\/#primaryimage"},"thumbnailUrl":"https:\/\/reporteroshoy.mx\/noticias\/wp-content\/uploads\/2023\/04\/Secuestrador-1-scaled.jpg","datePublished":"2023-04-12T17:57:10+00:00","author":{"@id":"https:\/\/reporteroshoy.mx\/noticias\/#\/schema\/person\/c977527e57c958a62c5cefe8fe47876e"},"description":"Jos\u00e9 Alfredo de 21 a\u00f1os de edad y originario de Coatzacoalcos, fue localizado y detenido esta ma\u00f1ana en la colonia Melit\u00f3n Salazar.","breadcrumb":{"@id":"https:\/\/reporteroshoy.mx\/noticias\/acusado-de-secuestro-en-veracruz-es-detenido-en-yucatan\/#breadcrumb"},"inLanguage":"es","potentialAction":[{"@type":"ReadAction","target":["https:\/\/reporteroshoy.mx\/noticias\/acusado-de-secuestro-en-veracruz-es-detenido-en-yucatan\/"]}]},{"@type":"ImageObject","inLanguage":"es","@id":"https:\/\/reporteroshoy.mx\/noticias\/acusado-de-secuestro-en-veracruz-es-detenido-en-yucatan\/#primaryimage","url":"https:\/\/reporteroshoy.mx\/noticias\/wp-content\/uploads\/2023\/04\/Secuestrador-1-scaled.jpg","contentUrl":"https:\/\/reporteroshoy.mx\/noticias\/wp-content\/uploads\/2023\/04\/Secuestrador-1-scaled.jpg","width":768,"height":432},{"@type":"BreadcrumbList","@id":"https:\/\/reporteroshoy.mx\/noticias\/acusado-de-secuestro-en-veracruz-es-detenido-en-yucatan\/#breadcrumb","itemListElement":[{"@type":"ListItem","position":1,"name":"Portada","item":"https:\/\/reporteroshoy.mx\/noticias\/"},{"@type":"ListItem","position":2,"name":"Acusado de secuestro en Veracruz es detenido en Yucat\u00e1n"}]},{"@type":"WebSite","@id":"https:\/\/reporteroshoy.mx\/noticias\/#website","url":"https:\/\/reporteroshoy.mx\/noticias\/","name":"Reporteros Hoy | Noticias de Yucat\u00e1n","description":"Peri\u00f3dico digital con noticias diarias desde M\u00e9rida, Yucat\u00e1n para el mundo.","potentialAction":[{"@type":"SearchAction","target":{"@type":"EntryPoint","urlTemplate":"https:\/\/reporteroshoy.mx\/noticias\/?s={search_term_string}"},"query-input":{"@type":"PropertyValueSpecification","valueRequired":true,"valueName":"search_term_string"}}],"inLanguage":"es"},{"@type":"Person","@id":"https:\/\/reporteroshoy.mx\/noticias\/#\/schema\/person\/c977527e57c958a62c5cefe8fe47876e","name":"Reporteros Hoy WP","image":{"@type":"ImageObject","inLanguage":"es","@id":"https:\/\/secure.gravatar.com\/avatar\/fd2917f79a7dae30f8ac9ddc2f35e1756bb59e25e01d1cd09deaa64df7b2f73e?s=96&d=mm&r=g","url":"https:\/\/secure.gravatar.com\/avatar\/fd2917f79a7dae30f8ac9ddc2f35e1756bb59e25e01d1cd09deaa64df7b2f73e?s=96&d=mm&r=g","contentUrl":"https:\/\/secure.gravatar.com\/avatar\/fd2917f79a7dae30f8ac9ddc2f35e1756bb59e25e01d1cd09deaa64df7b2f73e?s=96&d=mm&r=g","caption":"Reporteros Hoy WP"},"url":"https:\/\/reporteroshoy.mx\/noticias\/author\/walfer\/"}]}},"_links":{"self":[{"href":"https:\/\/reporteroshoy.mx\/noticias\/wp-json\/wp\/v2\/posts\/100867","targetHints":{"allow":["GET"]}}],"collection":[{"href":"https:\/\/reporteroshoy.mx\/noticias\/wp-json\/wp\/v2\/posts"}],"about":[{"href":"https:\/\/reporteroshoy.mx\/noticias\/wp-json\/wp\/v2\/types\/post"}],"author":[{"embeddable":true,"href":"https:\/\/reporteroshoy.mx\/noticias\/wp-json\/wp\/v2\/users\/9"}],"replies":[{"embeddable":true,"href":"https:\/\/reporteroshoy.mx\/noticias\/wp-json\/wp\/v2\/comments?post=100867"}],"version-history":[{"count":0,"href":"https:\/\/reporteroshoy.mx\/noticias\/wp-json\/wp\/v2\/posts\/100867\/revisions"}],"wp:featuredmedia":[{"embeddable":true,"href":"https:\/\/reporteroshoy.mx\/noticias\/wp-json\/wp\/v2\/media\/100869"}],"wp:attachment":[{"href":"https:\/\/reporteroshoy.mx\/noticias\/wp-json\/wp\/v2\/media?parent=100867"}],"wp:term":[{"taxonomy":"category","embeddable":true,"href":"https:\/\/reporteroshoy.mx\/noticias\/wp-json\/wp\/v2\/categories?post=100867"},{"taxonomy":"post_tag","embeddable":true,"href":"https:\/\/reporteroshoy.mx\/noticias\/wp-json\/wp\/v2\/tags?post=100867"}],"curies":[{"name":"wp","href":"https:\/\/api.w.org\/{rel}","templated":true}]}}