{"id":101336,"date":"2023-04-24T20:18:52","date_gmt":"2023-04-25T02:18:52","guid":{"rendered":"https:\/\/reporteroshoy.mx\/noticias\/?p=101336"},"modified":"2023-04-25T06:03:14","modified_gmt":"2023-04-25T12:03:14","slug":"alianzas-utiles-y-figuras-que-innoven-haran-ganar-al-pri","status":"publish","type":"post","link":"https:\/\/reporteroshoy.mx\/noticias\/alianzas-utiles-y-figuras-que-innoven-haran-ganar-al-pri\/","title":{"rendered":"Alianzas \u00fatiles y figuras que innoven, har\u00e1n ganar al PRI"},"content":{"rendered":"<p style=\"text-align: justify;\">La ex alcaldesa de M\u00e9rida, Ang\u00e9lica Araujo Lara, afirm\u00f3 que la pol\u00edtica de alianzas electorales del PRI con miras a los comicios de 2024 debe considerar \u201ctrajes a la medida\u201d para ganar espacios perdidos y mantener los que ya tiene.<\/p>\n<p style=\"text-align: justify;\">\u201cCada partido pol\u00edtico define sus estrategias seg\u00fan sus recursos y donde es m\u00e1s competitivo. Sin duda veremos alianzas y gobiernos de coalici\u00f3n. Veremos c\u00f3mo vendr\u00e1n las competencias, es una realidad que habr\u00e1 este tipo de acuerdos\u201d expuso.<\/p>\n<p><img loading=\"lazy\" decoding=\"async\" class=\"alignnone size-full wp-image-101338\" src=\"https:\/\/reporteroshoy.mx\/noticias\/wp-content\/uploads\/2023\/04\/ANGY-scaled.jpg\" alt=\"\" width=\"768\" height=\"578\" \/><\/p>\n<p style=\"text-align: justify;\">La ex senadora reconoci\u00f3 que el PRI es un partido que tendr\u00e1 dificultades si compite solo en las pr\u00f3ximas elecciones.<\/p>\n<p style=\"text-align: justify;\">Sin embargo, sostuvo que el tricolor cuenta con cuadros competitivos que podr\u00e1n dar la batalla en la contienda en la que, adem\u00e1s se cargos federales, se renovar\u00e1 la gubernatura, alcald\u00edas y diputaciones locales.<\/p>\n<p style=\"text-align: justify;\">\u201cLo que necesitamos son l\u00edderes que quiera encabezar procesos innovadores para que la poblaci\u00f3n que hoy est\u00e1 desanimada con todos los partidos pol\u00edticos vuelva a confiar en los l\u00edderes que representan al PRI\u201d, a\u00f1adi\u00f3.<\/p>\n<p style=\"text-align: justify;\">Con una visi\u00f3n prospectiva, la ex legisladora consider\u00f3 que el PRI transitar\u00e1 por una etapa crucial no solamente para convencer al electorado, sino para cambiar sus maneras de hacer pol\u00edtica.<\/p>\n<p style=\"text-align: justify;\">Araujo Lara fue una de las figuras de la pol\u00edtica local invitada a la reuni\u00f3n con diversos sectores de la entidad que encabez\u00f3 el secretario de Gobernaci\u00f3n, Ad\u00e1n Augusto L\u00f3pez Hern\u00e1ndez, en M\u00e9rida.<\/p>\n<p style=\"text-align: justify;\"><em>Israel Medina \/ ACOM<\/em><\/p>\n<p>&nbsp;<\/p>\n","protected":false},"excerpt":{"rendered":"<p>Ex alcaldesa de M\u00e9rida se pronuncia por \u201ctrajes a la medida\u201d en 2024 <\/p>\n","protected":false},"author":6,"featured_media":101338,"comment_status":"open","ping_status":"closed","sticky":false,"template":"","format":"standard","meta":{"footnotes":""},"categories":[17],"tags":[20991,15041,370],"class_list":["post-101336","post","type-post","status-publish","format-standard","has-post-thumbnail","hentry","category-yucatan","tag-alianzas","tag-angelica-araujo-lara","tag-pri"],"yoast_head":"<!-- This site is optimized with the Yoast SEO plugin v28.4 - https:\/\/yoast.com\/product\/yoast-seo-wordpress\/ -->\n<title>Alianzas \u00fatiles y figuras que innoven, har\u00e1n ganar al PRI<\/title>\n<meta name=\"description\" content=\"Ex alcaldesa de M\u00e9rida se pronuncia por \u201ctrajes a la medida\u201d en 2024\" \/>\n<meta name=\"robots\" content=\"index, follow, max-snippet:-1, max-image-preview:large, max-video-preview:-1\" \/>\n<link rel=\"canonical\" href=\"https:\/\/reporteroshoy.mx\/noticias\/alianzas-utiles-y-figuras-que-innoven-haran-ganar-al-pri\/\" \/>\n<meta property=\"og:locale\" content=\"es_ES\" \/>\n<meta property=\"og:type\" content=\"article\" \/>\n<meta property=\"og:title\" content=\"Alianzas \u00fatiles y figuras que innoven, har\u00e1n ganar al PRI\" \/>\n<meta property=\"og:description\" content=\"Ex alcaldesa de M\u00e9rida se pronuncia por \u201ctrajes a la medida\u201d en 2024\" \/>\n<meta property=\"og:url\" content=\"https:\/\/reporteroshoy.mx\/noticias\/alianzas-utiles-y-figuras-que-innoven-haran-ganar-al-pri\/\" \/>\n<meta property=\"og:site_name\" content=\"Reporteros Hoy | Noticias de Yucat\u00e1n\" \/>\n<meta property=\"article:publisher\" content=\"http:\/\/www.facebook.com\/reporteroshoymx\" \/>\n<meta property=\"article:published_time\" content=\"2023-04-25T02:18:52+00:00\" \/>\n<meta property=\"article:modified_time\" content=\"2023-04-25T12:03:14+00:00\" \/>\n<meta property=\"og:image\" content=\"https:\/\/reporteroshoy.mx\/noticias\/wp-content\/uploads\/2023\/04\/ANGY-scaled.jpg\" \/>\n\t<meta property=\"og:image:width\" content=\"768\" \/>\n\t<meta property=\"og:image:height\" content=\"578\" \/>\n\t<meta property=\"og:image:type\" content=\"image\/jpeg\" \/>\n<meta name=\"author\" content=\"Reporteros Hoy GS\" \/>\n<meta name=\"twitter:card\" content=\"summary_large_image\" \/>\n<meta name=\"twitter:creator\" content=\"@reporteroshoy\" \/>\n<meta name=\"twitter:site\" content=\"@reporteroshoy\" \/>\n<meta name=\"twitter:label1\" content=\"Escrito por\" \/>\n\t<meta name=\"twitter:data1\" content=\"Reporteros Hoy GS\" \/>\n\t<meta name=\"twitter:label2\" content=\"Tiempo de lectura\" \/>\n\t<meta name=\"twitter:data2\" content=\"2 minutos\" \/>\n<script type=\"application\/ld+json\" class=\"yoast-schema-graph\">{\"@context\":\"https:\\\/\\\/schema.org\",\"@graph\":[{\"@type\":\"Article\",\"@id\":\"https:\\\/\\\/reporteroshoy.mx\\\/noticias\\\/alianzas-utiles-y-figuras-que-innoven-haran-ganar-al-pri\\\/#article\",\"isPartOf\":{\"@id\":\"https:\\\/\\\/reporteroshoy.mx\\\/noticias\\\/alianzas-utiles-y-figuras-que-innoven-haran-ganar-al-pri\\\/\"},\"author\":{\"name\":\"Reporteros Hoy GS\",\"@id\":\"https:\\\/\\\/reporteroshoy.mx\\\/noticias\\\/#\\\/schema\\\/person\\\/49ae631fc906b44554e4ba3866c505d7\"},\"headline\":\"Alianzas \u00fatiles y figuras que innoven, har\u00e1n ganar al PRI\",\"datePublished\":\"2023-04-25T02:18:52+00:00\",\"dateModified\":\"2023-04-25T12:03:14+00:00\",\"mainEntityOfPage\":{\"@id\":\"https:\\\/\\\/reporteroshoy.mx\\\/noticias\\\/alianzas-utiles-y-figuras-que-innoven-haran-ganar-al-pri\\\/\"},\"wordCount\":268,\"commentCount\":0,\"image\":{\"@id\":\"https:\\\/\\\/reporteroshoy.mx\\\/noticias\\\/alianzas-utiles-y-figuras-que-innoven-haran-ganar-al-pri\\\/#primaryimage\"},\"thumbnailUrl\":\"https:\\\/\\\/reporteroshoy.mx\\\/noticias\\\/wp-content\\\/uploads\\\/2023\\\/04\\\/ANGY-scaled.jpg\",\"keywords\":[\"Alianzas\",\"Ang\u00e9lica Araujo Lara\",\"PRI\"],\"articleSection\":[\"Yucat\u00e1n\"],\"inLanguage\":\"es\",\"potentialAction\":[{\"@type\":\"CommentAction\",\"name\":\"Comment\",\"target\":[\"https:\\\/\\\/reporteroshoy.mx\\\/noticias\\\/alianzas-utiles-y-figuras-que-innoven-haran-ganar-al-pri\\\/#respond\"]}]},{\"@type\":\"WebPage\",\"@id\":\"https:\\\/\\\/reporteroshoy.mx\\\/noticias\\\/alianzas-utiles-y-figuras-que-innoven-haran-ganar-al-pri\\\/\",\"url\":\"https:\\\/\\\/reporteroshoy.mx\\\/noticias\\\/alianzas-utiles-y-figuras-que-innoven-haran-ganar-al-pri\\\/\",\"name\":\"Alianzas \u00fatiles y figuras que innoven, har\u00e1n ganar al PRI\",\"isPartOf\":{\"@id\":\"https:\\\/\\\/reporteroshoy.mx\\\/noticias\\\/#website\"},\"primaryImageOfPage\":{\"@id\":\"https:\\\/\\\/reporteroshoy.mx\\\/noticias\\\/alianzas-utiles-y-figuras-que-innoven-haran-ganar-al-pri\\\/#primaryimage\"},\"image\":{\"@id\":\"https:\\\/\\\/reporteroshoy.mx\\\/noticias\\\/alianzas-utiles-y-figuras-que-innoven-haran-ganar-al-pri\\\/#primaryimage\"},\"thumbnailUrl\":\"https:\\\/\\\/reporteroshoy.mx\\\/noticias\\\/wp-content\\\/uploads\\\/2023\\\/04\\\/ANGY-scaled.jpg\",\"datePublished\":\"2023-04-25T02:18:52+00:00\",\"dateModified\":\"2023-04-25T12:03:14+00:00\",\"author\":{\"@id\":\"https:\\\/\\\/reporteroshoy.mx\\\/noticias\\\/#\\\/schema\\\/person\\\/49ae631fc906b44554e4ba3866c505d7\"},\"description\":\"Ex alcaldesa de M\u00e9rida se pronuncia por \u201ctrajes a la medida\u201d en 2024\",\"breadcrumb\":{\"@id\":\"https:\\\/\\\/reporteroshoy.mx\\\/noticias\\\/alianzas-utiles-y-figuras-que-innoven-haran-ganar-al-pri\\\/#breadcrumb\"},\"inLanguage\":\"es\",\"potentialAction\":[{\"@type\":\"ReadAction\",\"target\":[\"https:\\\/\\\/reporteroshoy.mx\\\/noticias\\\/alianzas-utiles-y-figuras-que-innoven-haran-ganar-al-pri\\\/\"]}]},{\"@type\":\"ImageObject\",\"inLanguage\":\"es\",\"@id\":\"https:\\\/\\\/reporteroshoy.mx\\\/noticias\\\/alianzas-utiles-y-figuras-que-innoven-haran-ganar-al-pri\\\/#primaryimage\",\"url\":\"https:\\\/\\\/reporteroshoy.mx\\\/noticias\\\/wp-content\\\/uploads\\\/2023\\\/04\\\/ANGY-scaled.jpg\",\"contentUrl\":\"https:\\\/\\\/reporteroshoy.mx\\\/noticias\\\/wp-content\\\/uploads\\\/2023\\\/04\\\/ANGY-scaled.jpg\",\"width\":768,\"height\":578},{\"@type\":\"BreadcrumbList\",\"@id\":\"https:\\\/\\\/reporteroshoy.mx\\\/noticias\\\/alianzas-utiles-y-figuras-que-innoven-haran-ganar-al-pri\\\/#breadcrumb\",\"itemListElement\":[{\"@type\":\"ListItem\",\"position\":1,\"name\":\"Portada\",\"item\":\"https:\\\/\\\/reporteroshoy.mx\\\/noticias\\\/\"},{\"@type\":\"ListItem\",\"position\":2,\"name\":\"Alianzas \u00fatiles y figuras que innoven, har\u00e1n ganar al PRI\"}]},{\"@type\":\"WebSite\",\"@id\":\"https:\\\/\\\/reporteroshoy.mx\\\/noticias\\\/#website\",\"url\":\"https:\\\/\\\/reporteroshoy.mx\\\/noticias\\\/\",\"name\":\"Reporteros Hoy | Noticias de Yucat\u00e1n\",\"description\":\"Peri\u00f3dico digital con noticias diarias desde M\u00e9rida, Yucat\u00e1n para el mundo.\",\"potentialAction\":[{\"@type\":\"SearchAction\",\"target\":{\"@type\":\"EntryPoint\",\"urlTemplate\":\"https:\\\/\\\/reporteroshoy.mx\\\/noticias\\\/?s={search_term_string}\"},\"query-input\":{\"@type\":\"PropertyValueSpecification\",\"valueRequired\":true,\"valueName\":\"search_term_string\"}}],\"inLanguage\":\"es\"},{\"@type\":\"Person\",\"@id\":\"https:\\\/\\\/reporteroshoy.mx\\\/noticias\\\/#\\\/schema\\\/person\\\/49ae631fc906b44554e4ba3866c505d7\",\"name\":\"Reporteros Hoy GS\",\"image\":{\"@type\":\"ImageObject\",\"inLanguage\":\"es\",\"@id\":\"https:\\\/\\\/secure.gravatar.com\\\/avatar\\\/00d32adb620345c3db2cfc175917f65c584e1e338fdc49ad126aa1f9830eb6a9?s=96&d=mm&r=g\",\"url\":\"https:\\\/\\\/secure.gravatar.com\\\/avatar\\\/00d32adb620345c3db2cfc175917f65c584e1e338fdc49ad126aa1f9830eb6a9?s=96&d=mm&r=g\",\"contentUrl\":\"https:\\\/\\\/secure.gravatar.com\\\/avatar\\\/00d32adb620345c3db2cfc175917f65c584e1e338fdc49ad126aa1f9830eb6a9?s=96&d=mm&r=g\",\"caption\":\"Reporteros Hoy GS\"},\"url\":\"https:\\\/\\\/reporteroshoy.mx\\\/noticias\\\/author\\\/lupis\\\/\"}]}<\/script>\n<!-- \/ Yoast SEO plugin. -->","yoast_head_json":{"title":"Alianzas \u00fatiles y figuras que innoven, har\u00e1n ganar al PRI","description":"Ex alcaldesa de M\u00e9rida se pronuncia por \u201ctrajes a la medida\u201d en 2024","robots":{"index":"index","follow":"follow","max-snippet":"max-snippet:-1","max-image-preview":"max-image-preview:large","max-video-preview":"max-video-preview:-1"},"canonical":"https:\/\/reporteroshoy.mx\/noticias\/alianzas-utiles-y-figuras-que-innoven-haran-ganar-al-pri\/","og_locale":"es_ES","og_type":"article","og_title":"Alianzas \u00fatiles y figuras que innoven, har\u00e1n ganar al PRI","og_description":"Ex alcaldesa de M\u00e9rida se pronuncia por \u201ctrajes a la medida\u201d en 2024","og_url":"https:\/\/reporteroshoy.mx\/noticias\/alianzas-utiles-y-figuras-que-innoven-haran-ganar-al-pri\/","og_site_name":"Reporteros Hoy | Noticias de Yucat\u00e1n","article_publisher":"http:\/\/www.facebook.com\/reporteroshoymx","article_published_time":"2023-04-25T02:18:52+00:00","article_modified_time":"2023-04-25T12:03:14+00:00","og_image":[{"width":768,"height":578,"url":"https:\/\/reporteroshoy.mx\/noticias\/wp-content\/uploads\/2023\/04\/ANGY-scaled.jpg","type":"image\/jpeg"}],"author":"Reporteros Hoy GS","twitter_card":"summary_large_image","twitter_creator":"@reporteroshoy","twitter_site":"@reporteroshoy","twitter_misc":{"Escrito por":"Reporteros Hoy GS","Tiempo de lectura":"2 minutos"},"schema":{"@context":"https:\/\/schema.org","@graph":[{"@type":"Article","@id":"https:\/\/reporteroshoy.mx\/noticias\/alianzas-utiles-y-figuras-que-innoven-haran-ganar-al-pri\/#article","isPartOf":{"@id":"https:\/\/reporteroshoy.mx\/noticias\/alianzas-utiles-y-figuras-que-innoven-haran-ganar-al-pri\/"},"author":{"name":"Reporteros Hoy GS","@id":"https:\/\/reporteroshoy.mx\/noticias\/#\/schema\/person\/49ae631fc906b44554e4ba3866c505d7"},"headline":"Alianzas \u00fatiles y figuras que innoven, har\u00e1n ganar al PRI","datePublished":"2023-04-25T02:18:52+00:00","dateModified":"2023-04-25T12:03:14+00:00","mainEntityOfPage":{"@id":"https:\/\/reporteroshoy.mx\/noticias\/alianzas-utiles-y-figuras-que-innoven-haran-ganar-al-pri\/"},"wordCount":268,"commentCount":0,"image":{"@id":"https:\/\/reporteroshoy.mx\/noticias\/alianzas-utiles-y-figuras-que-innoven-haran-ganar-al-pri\/#primaryimage"},"thumbnailUrl":"https:\/\/reporteroshoy.mx\/noticias\/wp-content\/uploads\/2023\/04\/ANGY-scaled.jpg","keywords":["Alianzas","Ang\u00e9lica Araujo Lara","PRI"],"articleSection":["Yucat\u00e1n"],"inLanguage":"es","potentialAction":[{"@type":"CommentAction","name":"Comment","target":["https:\/\/reporteroshoy.mx\/noticias\/alianzas-utiles-y-figuras-que-innoven-haran-ganar-al-pri\/#respond"]}]},{"@type":"WebPage","@id":"https:\/\/reporteroshoy.mx\/noticias\/alianzas-utiles-y-figuras-que-innoven-haran-ganar-al-pri\/","url":"https:\/\/reporteroshoy.mx\/noticias\/alianzas-utiles-y-figuras-que-innoven-haran-ganar-al-pri\/","name":"Alianzas \u00fatiles y figuras que innoven, har\u00e1n ganar al PRI","isPartOf":{"@id":"https:\/\/reporteroshoy.mx\/noticias\/#website"},"primaryImageOfPage":{"@id":"https:\/\/reporteroshoy.mx\/noticias\/alianzas-utiles-y-figuras-que-innoven-haran-ganar-al-pri\/#primaryimage"},"image":{"@id":"https:\/\/reporteroshoy.mx\/noticias\/alianzas-utiles-y-figuras-que-innoven-haran-ganar-al-pri\/#primaryimage"},"thumbnailUrl":"https:\/\/reporteroshoy.mx\/noticias\/wp-content\/uploads\/2023\/04\/ANGY-scaled.jpg","datePublished":"2023-04-25T02:18:52+00:00","dateModified":"2023-04-25T12:03:14+00:00","author":{"@id":"https:\/\/reporteroshoy.mx\/noticias\/#\/schema\/person\/49ae631fc906b44554e4ba3866c505d7"},"description":"Ex alcaldesa de M\u00e9rida se pronuncia por \u201ctrajes a la medida\u201d en 2024","breadcrumb":{"@id":"https:\/\/reporteroshoy.mx\/noticias\/alianzas-utiles-y-figuras-que-innoven-haran-ganar-al-pri\/#breadcrumb"},"inLanguage":"es","potentialAction":[{"@type":"ReadAction","target":["https:\/\/reporteroshoy.mx\/noticias\/alianzas-utiles-y-figuras-que-innoven-haran-ganar-al-pri\/"]}]},{"@type":"ImageObject","inLanguage":"es","@id":"https:\/\/reporteroshoy.mx\/noticias\/alianzas-utiles-y-figuras-que-innoven-haran-ganar-al-pri\/#primaryimage","url":"https:\/\/reporteroshoy.mx\/noticias\/wp-content\/uploads\/2023\/04\/ANGY-scaled.jpg","contentUrl":"https:\/\/reporteroshoy.mx\/noticias\/wp-content\/uploads\/2023\/04\/ANGY-scaled.jpg","width":768,"height":578},{"@type":"BreadcrumbList","@id":"https:\/\/reporteroshoy.mx\/noticias\/alianzas-utiles-y-figuras-que-innoven-haran-ganar-al-pri\/#breadcrumb","itemListElement":[{"@type":"ListItem","position":1,"name":"Portada","item":"https:\/\/reporteroshoy.mx\/noticias\/"},{"@type":"ListItem","position":2,"name":"Alianzas \u00fatiles y figuras que innoven, har\u00e1n ganar al PRI"}]},{"@type":"WebSite","@id":"https:\/\/reporteroshoy.mx\/noticias\/#website","url":"https:\/\/reporteroshoy.mx\/noticias\/","name":"Reporteros Hoy | Noticias de Yucat\u00e1n","description":"Peri\u00f3dico digital con noticias diarias desde M\u00e9rida, Yucat\u00e1n para el mundo.","potentialAction":[{"@type":"SearchAction","target":{"@type":"EntryPoint","urlTemplate":"https:\/\/reporteroshoy.mx\/noticias\/?s={search_term_string}"},"query-input":{"@type":"PropertyValueSpecification","valueRequired":true,"valueName":"search_term_string"}}],"inLanguage":"es"},{"@type":"Person","@id":"https:\/\/reporteroshoy.mx\/noticias\/#\/schema\/person\/49ae631fc906b44554e4ba3866c505d7","name":"Reporteros Hoy GS","image":{"@type":"ImageObject","inLanguage":"es","@id":"https:\/\/secure.gravatar.com\/avatar\/00d32adb620345c3db2cfc175917f65c584e1e338fdc49ad126aa1f9830eb6a9?s=96&d=mm&r=g","url":"https:\/\/secure.gravatar.com\/avatar\/00d32adb620345c3db2cfc175917f65c584e1e338fdc49ad126aa1f9830eb6a9?s=96&d=mm&r=g","contentUrl":"https:\/\/secure.gravatar.com\/avatar\/00d32adb620345c3db2cfc175917f65c584e1e338fdc49ad126aa1f9830eb6a9?s=96&d=mm&r=g","caption":"Reporteros Hoy GS"},"url":"https:\/\/reporteroshoy.mx\/noticias\/author\/lupis\/"}]}},"_links":{"self":[{"href":"https:\/\/reporteroshoy.mx\/noticias\/wp-json\/wp\/v2\/posts\/101336","targetHints":{"allow":["GET"]}}],"collection":[{"href":"https:\/\/reporteroshoy.mx\/noticias\/wp-json\/wp\/v2\/posts"}],"about":[{"href":"https:\/\/reporteroshoy.mx\/noticias\/wp-json\/wp\/v2\/types\/post"}],"author":[{"embeddable":true,"href":"https:\/\/reporteroshoy.mx\/noticias\/wp-json\/wp\/v2\/users\/6"}],"replies":[{"embeddable":true,"href":"https:\/\/reporteroshoy.mx\/noticias\/wp-json\/wp\/v2\/comments?post=101336"}],"version-history":[{"count":0,"href":"https:\/\/reporteroshoy.mx\/noticias\/wp-json\/wp\/v2\/posts\/101336\/revisions"}],"wp:featuredmedia":[{"embeddable":true,"href":"https:\/\/reporteroshoy.mx\/noticias\/wp-json\/wp\/v2\/media\/101338"}],"wp:attachment":[{"href":"https:\/\/reporteroshoy.mx\/noticias\/wp-json\/wp\/v2\/media?parent=101336"}],"wp:term":[{"taxonomy":"category","embeddable":true,"href":"https:\/\/reporteroshoy.mx\/noticias\/wp-json\/wp\/v2\/categories?post=101336"},{"taxonomy":"post_tag","embeddable":true,"href":"https:\/\/reporteroshoy.mx\/noticias\/wp-json\/wp\/v2\/tags?post=101336"}],"curies":[{"name":"wp","href":"https:\/\/api.w.org\/{rel}","templated":true}]}}