{"id":101368,"date":"2023-04-25T14:45:33","date_gmt":"2023-04-25T20:45:33","guid":{"rendered":"https:\/\/reporteroshoy.mx\/noticias\/?p=101368"},"modified":"2023-04-25T14:45:33","modified_gmt":"2023-04-25T20:45:33","slug":"surge-la-universidad-de-las-artes-de-yucatan","status":"publish","type":"post","link":"https:\/\/reporteroshoy.mx\/noticias\/surge-la-universidad-de-las-artes-de-yucatan\/","title":{"rendered":"Surge la Universidad de las Artes de Yucat\u00e1n"},"content":{"rendered":"<p style=\"text-align: justify;\">El gobernador Mauricio Vila Dosal anunci\u00f3 la constituci\u00f3n de la Universidad de las Artes de Yucat\u00e1n (UNAY) que sustituir\u00e1 a la Escuela Superior de Artes de Yucat\u00e1n (ESAY) con un mayor cupo y nuevas carreras.<\/p>\n<p style=\"text-align: justify;\">Durante la presentaci\u00f3n de los trabajos de modernizaci\u00f3n de la ex estaci\u00f3n de ferrocarriles que es la actual sede de la ESAY, el mandatario estatal inform\u00f3 que ya se hicieron los tr\u00e1mites respectivos para que la instituci\u00f3n obtenga el rango de universidad.<\/p>\n<p><img loading=\"lazy\" decoding=\"async\" class=\"alignnone size-full wp-image-101367\" src=\"https:\/\/reporteroshoy.mx\/noticias\/wp-content\/uploads\/2023\/04\/VILA_UNAY.jpg\" alt=\"\" width=\"720\" height=\"521\" srcset=\"https:\/\/reporteroshoy.mx\/noticias\/wp-content\/uploads\/2023\/04\/VILA_UNAY.jpg 720w, https:\/\/reporteroshoy.mx\/noticias\/wp-content\/uploads\/2023\/04\/VILA_UNAY-324x235.jpg 324w\" sizes=\"auto, (max-width: 720px) 100vw, 720px\" \/><\/p>\n<p style=\"text-align: justify;\">Adem\u00e1s, se ampliar\u00e1 el cupo de 440 a 700 personas con la intenci\u00f3n de que paulatinamente la matr\u00edcula crezca.<\/p>\n<p style=\"text-align: justify;\">\u201cCada a\u00f1o, la ESAY tiene que rechazar a 600 j\u00f3venes que no pueden ingresar por falta de espacio f\u00edsico en el inmueble\u201d detall\u00f3.<\/p>\n<p style=\"text-align: justify;\">Ante estudiantes y representantes de la comunidad art\u00edstica y cultural, Vila Dosal dio a conocer que se integrar\u00e1n dos carreras: licenciatura en producci\u00f3n musical y la de cine.<\/p>\n<p style=\"text-align: justify;\">El director general, Instituto para el Desarrollo y Certificaci\u00f3n de la Infraestructura F\u00edsica Educativa y El\u00e9ctrica de Yucat\u00e1n (IDEFEEY), Luis Jorge Montalvo Duarte, inform\u00f3 que se har\u00e1 una cirug\u00eda mayor a la sede del ESAY, pero se mantendr\u00e1 su imagen hist\u00f3rica.<\/p>\n<p style=\"text-align: justify;\">Explic\u00f3 que se utilizar\u00e1n los andenes de la ex estaci\u00f3n de trenes para habilitar las aulas de las nuevas carreras con las caracter\u00edsticas necesarias.<\/p>\n<p style=\"text-align: justify;\">De igual manera, el alumnado tendr\u00e1 espacios m\u00e1s funcionales, red de internet inal\u00e1mbrica y pasillos en los que podr\u00e1n recrearse en las pausas de las clases.<\/p>\n<p style=\"text-align: justify;\">La inversi\u00f3n ser\u00e1 de 280 millones de pesos y se comprometi\u00f3 concluir las obras a fines del mes de diciembre.<\/p>\n<p style=\"text-align: justify;\">En ese marco, el titular del Ejecutivo estatal inform\u00f3 que se realizar\u00e1 un mantenimiento de fondo al teatro Daniel Ayala P\u00e9rez que permanece cerrado desde el gobierno de Rolando Zapata Bello.<\/p>\n<p style=\"text-align: justify;\">Para esas acciones se destinar\u00e1n 10 millones de pesos, monto que tambi\u00e9n se asignar\u00e1 al teatro Armando Manzanero que ser\u00e1 intervenido, cuando concluya la rehabilitaci\u00f3n en el Ayala P\u00e9rez.<\/p>\n<p style=\"text-align: justify;\"><em>Israel Medina.<\/em><\/p>\n<p>&nbsp;<\/p>\n","protected":false},"excerpt":{"rendered":"<p>La Escuela Superior de Artes de Yucat\u00e1n obtiene el rango de universidad, ampl\u00eda cupo y ofrece nuevas carreras. <\/p>\n","protected":false},"author":5,"featured_media":101367,"comment_status":"open","ping_status":"closed","sticky":false,"template":"","format":"standard","meta":{"footnotes":""},"categories":[17],"tags":[16859,533,1983,24283],"class_list":["post-101368","post","type-post","status-publish","format-standard","has-post-thumbnail","hentry","category-yucatan","tag-esay","tag-gobierno-de-yucatan","tag-mauricio-vila-dosal","tag-unay"],"yoast_head":"<!-- This site is optimized with the Yoast SEO plugin v28.4 - https:\/\/yoast.com\/product\/yoast-seo-wordpress\/ -->\n<title>Surge la Universidad de las Artes de Yucat\u00e1n<\/title>\n<meta name=\"description\" content=\"La Escuela Superior de Artes de Yucat\u00e1n obtiene el rango de universidad, ampl\u00eda cupo y ofrece nuevas carreras.\" \/>\n<meta name=\"robots\" content=\"index, follow, max-snippet:-1, max-image-preview:large, max-video-preview:-1\" \/>\n<link rel=\"canonical\" href=\"https:\/\/reporteroshoy.mx\/noticias\/surge-la-universidad-de-las-artes-de-yucatan\/\" \/>\n<meta property=\"og:locale\" content=\"es_ES\" \/>\n<meta property=\"og:type\" content=\"article\" \/>\n<meta property=\"og:title\" content=\"Surge la Universidad de las Artes de Yucat\u00e1n\" \/>\n<meta property=\"og:description\" content=\"La Escuela Superior de Artes de Yucat\u00e1n obtiene el rango de universidad, ampl\u00eda cupo y ofrece nuevas carreras.\" \/>\n<meta property=\"og:url\" content=\"https:\/\/reporteroshoy.mx\/noticias\/surge-la-universidad-de-las-artes-de-yucatan\/\" \/>\n<meta property=\"og:site_name\" content=\"Reporteros Hoy | Noticias de Yucat\u00e1n\" \/>\n<meta property=\"article:publisher\" content=\"http:\/\/www.facebook.com\/reporteroshoymx\" \/>\n<meta property=\"article:published_time\" content=\"2023-04-25T20:45:33+00:00\" \/>\n<meta property=\"og:image\" content=\"https:\/\/reporteroshoy.mx\/noticias\/wp-content\/uploads\/2023\/04\/VILA_UNAY.jpg\" \/>\n\t<meta property=\"og:image:width\" content=\"720\" \/>\n\t<meta property=\"og:image:height\" content=\"521\" \/>\n\t<meta property=\"og:image:type\" content=\"image\/jpeg\" \/>\n<meta name=\"author\" content=\"Reporteros Hoy IM\" \/>\n<meta name=\"twitter:card\" content=\"summary_large_image\" \/>\n<meta name=\"twitter:creator\" content=\"@reporteroshoy\" \/>\n<meta name=\"twitter:site\" content=\"@reporteroshoy\" \/>\n<meta name=\"twitter:label1\" content=\"Escrito por\" \/>\n\t<meta name=\"twitter:data1\" content=\"Reporteros Hoy IM\" \/>\n\t<meta name=\"twitter:label2\" content=\"Tiempo de lectura\" \/>\n\t<meta name=\"twitter:data2\" content=\"2 minutos\" \/>\n<script type=\"application\/ld+json\" class=\"yoast-schema-graph\">{\"@context\":\"https:\\\/\\\/schema.org\",\"@graph\":[{\"@type\":\"Article\",\"@id\":\"https:\\\/\\\/reporteroshoy.mx\\\/noticias\\\/surge-la-universidad-de-las-artes-de-yucatan\\\/#article\",\"isPartOf\":{\"@id\":\"https:\\\/\\\/reporteroshoy.mx\\\/noticias\\\/surge-la-universidad-de-las-artes-de-yucatan\\\/\"},\"author\":{\"name\":\"Reporteros Hoy IM\",\"@id\":\"https:\\\/\\\/reporteroshoy.mx\\\/noticias\\\/#\\\/schema\\\/person\\\/948520f0d88b01be2e5266bc4acbbc15\"},\"headline\":\"Surge la Universidad de las Artes de Yucat\u00e1n\",\"datePublished\":\"2023-04-25T20:45:33+00:00\",\"mainEntityOfPage\":{\"@id\":\"https:\\\/\\\/reporteroshoy.mx\\\/noticias\\\/surge-la-universidad-de-las-artes-de-yucatan\\\/\"},\"wordCount\":360,\"commentCount\":0,\"image\":{\"@id\":\"https:\\\/\\\/reporteroshoy.mx\\\/noticias\\\/surge-la-universidad-de-las-artes-de-yucatan\\\/#primaryimage\"},\"thumbnailUrl\":\"https:\\\/\\\/reporteroshoy.mx\\\/noticias\\\/wp-content\\\/uploads\\\/2023\\\/04\\\/VILA_UNAY.jpg\",\"keywords\":[\"ESAY\",\"Gobierno de Yucat\u00e1n\",\"Mauricio Vila Dosal\",\"UNAY\"],\"articleSection\":[\"Yucat\u00e1n\"],\"inLanguage\":\"es\",\"potentialAction\":[{\"@type\":\"CommentAction\",\"name\":\"Comment\",\"target\":[\"https:\\\/\\\/reporteroshoy.mx\\\/noticias\\\/surge-la-universidad-de-las-artes-de-yucatan\\\/#respond\"]}]},{\"@type\":\"WebPage\",\"@id\":\"https:\\\/\\\/reporteroshoy.mx\\\/noticias\\\/surge-la-universidad-de-las-artes-de-yucatan\\\/\",\"url\":\"https:\\\/\\\/reporteroshoy.mx\\\/noticias\\\/surge-la-universidad-de-las-artes-de-yucatan\\\/\",\"name\":\"Surge la Universidad de las Artes de Yucat\u00e1n\",\"isPartOf\":{\"@id\":\"https:\\\/\\\/reporteroshoy.mx\\\/noticias\\\/#website\"},\"primaryImageOfPage\":{\"@id\":\"https:\\\/\\\/reporteroshoy.mx\\\/noticias\\\/surge-la-universidad-de-las-artes-de-yucatan\\\/#primaryimage\"},\"image\":{\"@id\":\"https:\\\/\\\/reporteroshoy.mx\\\/noticias\\\/surge-la-universidad-de-las-artes-de-yucatan\\\/#primaryimage\"},\"thumbnailUrl\":\"https:\\\/\\\/reporteroshoy.mx\\\/noticias\\\/wp-content\\\/uploads\\\/2023\\\/04\\\/VILA_UNAY.jpg\",\"datePublished\":\"2023-04-25T20:45:33+00:00\",\"author\":{\"@id\":\"https:\\\/\\\/reporteroshoy.mx\\\/noticias\\\/#\\\/schema\\\/person\\\/948520f0d88b01be2e5266bc4acbbc15\"},\"description\":\"La Escuela Superior de Artes de Yucat\u00e1n obtiene el rango de universidad, ampl\u00eda cupo y ofrece nuevas carreras.\",\"breadcrumb\":{\"@id\":\"https:\\\/\\\/reporteroshoy.mx\\\/noticias\\\/surge-la-universidad-de-las-artes-de-yucatan\\\/#breadcrumb\"},\"inLanguage\":\"es\",\"potentialAction\":[{\"@type\":\"ReadAction\",\"target\":[\"https:\\\/\\\/reporteroshoy.mx\\\/noticias\\\/surge-la-universidad-de-las-artes-de-yucatan\\\/\"]}]},{\"@type\":\"ImageObject\",\"inLanguage\":\"es\",\"@id\":\"https:\\\/\\\/reporteroshoy.mx\\\/noticias\\\/surge-la-universidad-de-las-artes-de-yucatan\\\/#primaryimage\",\"url\":\"https:\\\/\\\/reporteroshoy.mx\\\/noticias\\\/wp-content\\\/uploads\\\/2023\\\/04\\\/VILA_UNAY.jpg\",\"contentUrl\":\"https:\\\/\\\/reporteroshoy.mx\\\/noticias\\\/wp-content\\\/uploads\\\/2023\\\/04\\\/VILA_UNAY.jpg\",\"width\":720,\"height\":521},{\"@type\":\"BreadcrumbList\",\"@id\":\"https:\\\/\\\/reporteroshoy.mx\\\/noticias\\\/surge-la-universidad-de-las-artes-de-yucatan\\\/#breadcrumb\",\"itemListElement\":[{\"@type\":\"ListItem\",\"position\":1,\"name\":\"Portada\",\"item\":\"https:\\\/\\\/reporteroshoy.mx\\\/noticias\\\/\"},{\"@type\":\"ListItem\",\"position\":2,\"name\":\"Surge la Universidad de las Artes de Yucat\u00e1n\"}]},{\"@type\":\"WebSite\",\"@id\":\"https:\\\/\\\/reporteroshoy.mx\\\/noticias\\\/#website\",\"url\":\"https:\\\/\\\/reporteroshoy.mx\\\/noticias\\\/\",\"name\":\"Reporteros Hoy | Noticias de Yucat\u00e1n\",\"description\":\"Peri\u00f3dico digital con noticias diarias desde M\u00e9rida, Yucat\u00e1n para el mundo.\",\"potentialAction\":[{\"@type\":\"SearchAction\",\"target\":{\"@type\":\"EntryPoint\",\"urlTemplate\":\"https:\\\/\\\/reporteroshoy.mx\\\/noticias\\\/?s={search_term_string}\"},\"query-input\":{\"@type\":\"PropertyValueSpecification\",\"valueRequired\":true,\"valueName\":\"search_term_string\"}}],\"inLanguage\":\"es\"},{\"@type\":\"Person\",\"@id\":\"https:\\\/\\\/reporteroshoy.mx\\\/noticias\\\/#\\\/schema\\\/person\\\/948520f0d88b01be2e5266bc4acbbc15\",\"name\":\"Reporteros Hoy IM\",\"image\":{\"@type\":\"ImageObject\",\"inLanguage\":\"es\",\"@id\":\"https:\\\/\\\/secure.gravatar.com\\\/avatar\\\/d843030b96552826ac048bdfe26f2895604b800ed0c880ee55765a74d95dfc65?s=96&d=mm&r=g\",\"url\":\"https:\\\/\\\/secure.gravatar.com\\\/avatar\\\/d843030b96552826ac048bdfe26f2895604b800ed0c880ee55765a74d95dfc65?s=96&d=mm&r=g\",\"contentUrl\":\"https:\\\/\\\/secure.gravatar.com\\\/avatar\\\/d843030b96552826ac048bdfe26f2895604b800ed0c880ee55765a74d95dfc65?s=96&d=mm&r=g\",\"caption\":\"Reporteros Hoy IM\"},\"url\":\"https:\\\/\\\/reporteroshoy.mx\\\/noticias\\\/author\\\/israel\\\/\"}]}<\/script>\n<!-- \/ Yoast SEO plugin. -->","yoast_head_json":{"title":"Surge la Universidad de las Artes de Yucat\u00e1n","description":"La Escuela Superior de Artes de Yucat\u00e1n obtiene el rango de universidad, ampl\u00eda cupo y ofrece nuevas carreras.","robots":{"index":"index","follow":"follow","max-snippet":"max-snippet:-1","max-image-preview":"max-image-preview:large","max-video-preview":"max-video-preview:-1"},"canonical":"https:\/\/reporteroshoy.mx\/noticias\/surge-la-universidad-de-las-artes-de-yucatan\/","og_locale":"es_ES","og_type":"article","og_title":"Surge la Universidad de las Artes de Yucat\u00e1n","og_description":"La Escuela Superior de Artes de Yucat\u00e1n obtiene el rango de universidad, ampl\u00eda cupo y ofrece nuevas carreras.","og_url":"https:\/\/reporteroshoy.mx\/noticias\/surge-la-universidad-de-las-artes-de-yucatan\/","og_site_name":"Reporteros Hoy | Noticias de Yucat\u00e1n","article_publisher":"http:\/\/www.facebook.com\/reporteroshoymx","article_published_time":"2023-04-25T20:45:33+00:00","og_image":[{"width":720,"height":521,"url":"https:\/\/reporteroshoy.mx\/noticias\/wp-content\/uploads\/2023\/04\/VILA_UNAY.jpg","type":"image\/jpeg"}],"author":"Reporteros Hoy IM","twitter_card":"summary_large_image","twitter_creator":"@reporteroshoy","twitter_site":"@reporteroshoy","twitter_misc":{"Escrito por":"Reporteros Hoy IM","Tiempo de lectura":"2 minutos"},"schema":{"@context":"https:\/\/schema.org","@graph":[{"@type":"Article","@id":"https:\/\/reporteroshoy.mx\/noticias\/surge-la-universidad-de-las-artes-de-yucatan\/#article","isPartOf":{"@id":"https:\/\/reporteroshoy.mx\/noticias\/surge-la-universidad-de-las-artes-de-yucatan\/"},"author":{"name":"Reporteros Hoy IM","@id":"https:\/\/reporteroshoy.mx\/noticias\/#\/schema\/person\/948520f0d88b01be2e5266bc4acbbc15"},"headline":"Surge la Universidad de las Artes de Yucat\u00e1n","datePublished":"2023-04-25T20:45:33+00:00","mainEntityOfPage":{"@id":"https:\/\/reporteroshoy.mx\/noticias\/surge-la-universidad-de-las-artes-de-yucatan\/"},"wordCount":360,"commentCount":0,"image":{"@id":"https:\/\/reporteroshoy.mx\/noticias\/surge-la-universidad-de-las-artes-de-yucatan\/#primaryimage"},"thumbnailUrl":"https:\/\/reporteroshoy.mx\/noticias\/wp-content\/uploads\/2023\/04\/VILA_UNAY.jpg","keywords":["ESAY","Gobierno de Yucat\u00e1n","Mauricio Vila Dosal","UNAY"],"articleSection":["Yucat\u00e1n"],"inLanguage":"es","potentialAction":[{"@type":"CommentAction","name":"Comment","target":["https:\/\/reporteroshoy.mx\/noticias\/surge-la-universidad-de-las-artes-de-yucatan\/#respond"]}]},{"@type":"WebPage","@id":"https:\/\/reporteroshoy.mx\/noticias\/surge-la-universidad-de-las-artes-de-yucatan\/","url":"https:\/\/reporteroshoy.mx\/noticias\/surge-la-universidad-de-las-artes-de-yucatan\/","name":"Surge la Universidad de las Artes de Yucat\u00e1n","isPartOf":{"@id":"https:\/\/reporteroshoy.mx\/noticias\/#website"},"primaryImageOfPage":{"@id":"https:\/\/reporteroshoy.mx\/noticias\/surge-la-universidad-de-las-artes-de-yucatan\/#primaryimage"},"image":{"@id":"https:\/\/reporteroshoy.mx\/noticias\/surge-la-universidad-de-las-artes-de-yucatan\/#primaryimage"},"thumbnailUrl":"https:\/\/reporteroshoy.mx\/noticias\/wp-content\/uploads\/2023\/04\/VILA_UNAY.jpg","datePublished":"2023-04-25T20:45:33+00:00","author":{"@id":"https:\/\/reporteroshoy.mx\/noticias\/#\/schema\/person\/948520f0d88b01be2e5266bc4acbbc15"},"description":"La Escuela Superior de Artes de Yucat\u00e1n obtiene el rango de universidad, ampl\u00eda cupo y ofrece nuevas carreras.","breadcrumb":{"@id":"https:\/\/reporteroshoy.mx\/noticias\/surge-la-universidad-de-las-artes-de-yucatan\/#breadcrumb"},"inLanguage":"es","potentialAction":[{"@type":"ReadAction","target":["https:\/\/reporteroshoy.mx\/noticias\/surge-la-universidad-de-las-artes-de-yucatan\/"]}]},{"@type":"ImageObject","inLanguage":"es","@id":"https:\/\/reporteroshoy.mx\/noticias\/surge-la-universidad-de-las-artes-de-yucatan\/#primaryimage","url":"https:\/\/reporteroshoy.mx\/noticias\/wp-content\/uploads\/2023\/04\/VILA_UNAY.jpg","contentUrl":"https:\/\/reporteroshoy.mx\/noticias\/wp-content\/uploads\/2023\/04\/VILA_UNAY.jpg","width":720,"height":521},{"@type":"BreadcrumbList","@id":"https:\/\/reporteroshoy.mx\/noticias\/surge-la-universidad-de-las-artes-de-yucatan\/#breadcrumb","itemListElement":[{"@type":"ListItem","position":1,"name":"Portada","item":"https:\/\/reporteroshoy.mx\/noticias\/"},{"@type":"ListItem","position":2,"name":"Surge la Universidad de las Artes de Yucat\u00e1n"}]},{"@type":"WebSite","@id":"https:\/\/reporteroshoy.mx\/noticias\/#website","url":"https:\/\/reporteroshoy.mx\/noticias\/","name":"Reporteros Hoy | Noticias de Yucat\u00e1n","description":"Peri\u00f3dico digital con noticias diarias desde M\u00e9rida, Yucat\u00e1n para el mundo.","potentialAction":[{"@type":"SearchAction","target":{"@type":"EntryPoint","urlTemplate":"https:\/\/reporteroshoy.mx\/noticias\/?s={search_term_string}"},"query-input":{"@type":"PropertyValueSpecification","valueRequired":true,"valueName":"search_term_string"}}],"inLanguage":"es"},{"@type":"Person","@id":"https:\/\/reporteroshoy.mx\/noticias\/#\/schema\/person\/948520f0d88b01be2e5266bc4acbbc15","name":"Reporteros Hoy IM","image":{"@type":"ImageObject","inLanguage":"es","@id":"https:\/\/secure.gravatar.com\/avatar\/d843030b96552826ac048bdfe26f2895604b800ed0c880ee55765a74d95dfc65?s=96&d=mm&r=g","url":"https:\/\/secure.gravatar.com\/avatar\/d843030b96552826ac048bdfe26f2895604b800ed0c880ee55765a74d95dfc65?s=96&d=mm&r=g","contentUrl":"https:\/\/secure.gravatar.com\/avatar\/d843030b96552826ac048bdfe26f2895604b800ed0c880ee55765a74d95dfc65?s=96&d=mm&r=g","caption":"Reporteros Hoy IM"},"url":"https:\/\/reporteroshoy.mx\/noticias\/author\/israel\/"}]}},"_links":{"self":[{"href":"https:\/\/reporteroshoy.mx\/noticias\/wp-json\/wp\/v2\/posts\/101368","targetHints":{"allow":["GET"]}}],"collection":[{"href":"https:\/\/reporteroshoy.mx\/noticias\/wp-json\/wp\/v2\/posts"}],"about":[{"href":"https:\/\/reporteroshoy.mx\/noticias\/wp-json\/wp\/v2\/types\/post"}],"author":[{"embeddable":true,"href":"https:\/\/reporteroshoy.mx\/noticias\/wp-json\/wp\/v2\/users\/5"}],"replies":[{"embeddable":true,"href":"https:\/\/reporteroshoy.mx\/noticias\/wp-json\/wp\/v2\/comments?post=101368"}],"version-history":[{"count":0,"href":"https:\/\/reporteroshoy.mx\/noticias\/wp-json\/wp\/v2\/posts\/101368\/revisions"}],"wp:featuredmedia":[{"embeddable":true,"href":"https:\/\/reporteroshoy.mx\/noticias\/wp-json\/wp\/v2\/media\/101367"}],"wp:attachment":[{"href":"https:\/\/reporteroshoy.mx\/noticias\/wp-json\/wp\/v2\/media?parent=101368"}],"wp:term":[{"taxonomy":"category","embeddable":true,"href":"https:\/\/reporteroshoy.mx\/noticias\/wp-json\/wp\/v2\/categories?post=101368"},{"taxonomy":"post_tag","embeddable":true,"href":"https:\/\/reporteroshoy.mx\/noticias\/wp-json\/wp\/v2\/tags?post=101368"}],"curies":[{"name":"wp","href":"https:\/\/api.w.org\/{rel}","templated":true}]}}