{"id":101986,"date":"2023-05-13T15:48:28","date_gmt":"2023-05-13T21:48:28","guid":{"rendered":"https:\/\/reporteroshoy.mx\/noticias\/?p=101986"},"modified":"2023-05-13T15:48:28","modified_gmt":"2023-05-13T21:48:28","slug":"yucatan-fortalece-su-defensa-contra-ciberataques","status":"publish","type":"post","link":"https:\/\/reporteroshoy.mx\/noticias\/yucatan-fortalece-su-defensa-contra-ciberataques\/","title":{"rendered":"Yucat\u00e1n fortalece su defensa contra ciberataques"},"content":{"rendered":"<p style=\"text-align: justify;\">La C\u00e1mara Nacional de la Industria Electr\u00f3nica, de Telecomunicaciones y Tecnolog\u00edas de la Informaci\u00f3n (<strong>Canieti<\/strong>) ha destacado el crecimiento de la cultura de la prevenci\u00f3n y el blindaje contra los <strong>ciberataques<\/strong> en el estado de Yucat\u00e1n.<\/p>\n<p style=\"text-align: justify;\">V\u00edctor Morales Rivas, presidente de Canieti, se\u00f1al\u00f3 que con el incremento en el n\u00famero de ataques perpetrados por <strong>delincuentes cibern\u00e9ticos<\/strong>, las empresas se ven en la necesidad de reforzar su <strong>seguridad digital<\/strong>, haciendo especial \u00e9nfasis en evitar el uso de <strong>software irregular<\/strong>.<\/p>\n<p style=\"text-align: justify;\">\u00abEstamos observando un cambio cultural en todos los niveles, pero en el \u00e1mbito empresarial, somos mucho m\u00e1s conscientes de los posibles riesgos y consecuencias que podr\u00edamos enfrentar\u00bb, afirm\u00f3 Morales Rivas.<\/p>\n<p style=\"text-align: justify;\">\u00abAntes, el riesgo se limitaba a abrir la cortina de nuestro negocio, pero ahora el riesgo no solo es f\u00edsico, tambi\u00e9n es digital\u00bb, agreg\u00f3.<\/p>\n<p><img loading=\"lazy\" decoding=\"async\" class=\"wp-image-101987 aligncenter\" src=\"https:\/\/reporteroshoy.mx\/noticias\/wp-content\/uploads\/2023\/05\/Ciberataques-scaled.jpg\" alt=\"\" width=\"600\" height=\"338\" \/><\/p>\n<p style=\"text-align: justify;\">En este sentido, el presidente de Canieti destac\u00f3 que las empresas est\u00e1n adoptando licencias formales y sistemas de protecci\u00f3n, no solo antivirus, sino tambi\u00e9n sistemas perimetrales, para garantizar una mayor seguridad en sus operaciones digitales.<\/p>\n<p style=\"text-align: justify;\">Adem\u00e1s, se ha observado una mejora en la conciencia de los empresarios en cuanto a la creaci\u00f3n de contrase\u00f1as m\u00e1s robustas y la implementaci\u00f3n del doble factor de autenticaci\u00f3n. Asimismo, se ha incrementado el monitoreo de los ciberataques para conocer la situaci\u00f3n actual que impera en el estado.<\/p>\n<p style=\"text-align: justify;\">La Canieti subray\u00f3 la importancia de seguir fortaleciendo las medidas de seguridad y prevenci\u00f3n en el \u00e1mbito digital, ya que los ciberataques representan una amenaza constante y en constante evoluci\u00f3n. Adem\u00e1s, destac\u00f3 la necesidad de una mayor colaboraci\u00f3n entre el sector empresarial, las autoridades y los expertos en ciberseguridad para hacer frente a esta problem\u00e1tica de manera eficiente.<\/p>\n<p style=\"text-align: justify;\">Con el crecimiento de la cultura de la prevenci\u00f3n y el blindaje contra los ciberataques, Yucat\u00e1n est\u00e1 dando pasos importantes hacia un entorno digital m\u00e1s seguro y protegido, lo cual es fundamental para el desarrollo y crecimiento de las empresas en la era digital.<\/p>\n<p style=\"text-align: center;\"><strong>ACOM<\/strong><\/p>\n","protected":false},"excerpt":{"rendered":"<p>Las empresas est\u00e1n tomando medidas para reforzar su defensa contra los ciberataques, poniendo especial atenci\u00f3n en evitar el uso de software irregular.<\/p>\n","protected":false},"author":9,"featured_media":101987,"comment_status":"open","ping_status":"closed","sticky":false,"template":"","format":"standard","meta":{"footnotes":""},"categories":[17],"tags":[2984,22673],"class_list":["post-101986","post","type-post","status-publish","format-standard","has-post-thumbnail","hentry","category-yucatan","tag-canieti","tag-ciberataques"],"yoast_head":"<!-- This site is optimized with the Yoast SEO plugin v28.4 - https:\/\/yoast.com\/product\/yoast-seo-wordpress\/ -->\n<title>Yucat\u00e1n fortalece su defensa contra ciberataques<\/title>\n<meta name=\"description\" content=\"Las empresas est\u00e1n tomando medidas para reforzar su defensa contra los ciberataques, poniendo especial atenci\u00f3n en evitar el uso de software irregular.\" \/>\n<meta name=\"robots\" content=\"index, follow, max-snippet:-1, max-image-preview:large, max-video-preview:-1\" \/>\n<link rel=\"canonical\" href=\"https:\/\/reporteroshoy.mx\/noticias\/yucatan-fortalece-su-defensa-contra-ciberataques\/\" \/>\n<meta property=\"og:locale\" content=\"es_ES\" \/>\n<meta property=\"og:type\" content=\"article\" \/>\n<meta property=\"og:title\" content=\"Yucat\u00e1n fortalece su defensa contra ciberataques\" \/>\n<meta property=\"og:description\" content=\"Las empresas est\u00e1n tomando medidas para reforzar su defensa contra los ciberataques, poniendo especial atenci\u00f3n en evitar el uso de software irregular.\" \/>\n<meta property=\"og:url\" content=\"https:\/\/reporteroshoy.mx\/noticias\/yucatan-fortalece-su-defensa-contra-ciberataques\/\" \/>\n<meta property=\"og:site_name\" content=\"Reporteros Hoy | Noticias de Yucat\u00e1n\" \/>\n<meta property=\"article:publisher\" content=\"http:\/\/www.facebook.com\/reporteroshoymx\" \/>\n<meta property=\"article:published_time\" content=\"2023-05-13T21:48:28+00:00\" \/>\n<meta property=\"og:image\" content=\"https:\/\/reporteroshoy.mx\/noticias\/wp-content\/uploads\/2023\/05\/Ciberataques-scaled.jpg\" \/>\n\t<meta property=\"og:image:width\" content=\"768\" \/>\n\t<meta property=\"og:image:height\" content=\"432\" \/>\n\t<meta property=\"og:image:type\" content=\"image\/jpeg\" \/>\n<meta name=\"author\" content=\"Reporteros Hoy WP\" \/>\n<meta name=\"twitter:card\" content=\"summary_large_image\" \/>\n<meta name=\"twitter:creator\" content=\"@reporteroshoy\" \/>\n<meta name=\"twitter:site\" content=\"@reporteroshoy\" \/>\n<meta name=\"twitter:label1\" content=\"Escrito por\" \/>\n\t<meta name=\"twitter:data1\" content=\"Reporteros Hoy WP\" \/>\n\t<meta name=\"twitter:label2\" content=\"Tiempo de lectura\" \/>\n\t<meta name=\"twitter:data2\" content=\"2 minutos\" \/>\n<script type=\"application\/ld+json\" class=\"yoast-schema-graph\">{\"@context\":\"https:\\\/\\\/schema.org\",\"@graph\":[{\"@type\":\"Article\",\"@id\":\"https:\\\/\\\/reporteroshoy.mx\\\/noticias\\\/yucatan-fortalece-su-defensa-contra-ciberataques\\\/#article\",\"isPartOf\":{\"@id\":\"https:\\\/\\\/reporteroshoy.mx\\\/noticias\\\/yucatan-fortalece-su-defensa-contra-ciberataques\\\/\"},\"author\":{\"name\":\"Reporteros Hoy WP\",\"@id\":\"https:\\\/\\\/reporteroshoy.mx\\\/noticias\\\/#\\\/schema\\\/person\\\/c977527e57c958a62c5cefe8fe47876e\"},\"headline\":\"Yucat\u00e1n fortalece su defensa contra ciberataques\",\"datePublished\":\"2023-05-13T21:48:28+00:00\",\"mainEntityOfPage\":{\"@id\":\"https:\\\/\\\/reporteroshoy.mx\\\/noticias\\\/yucatan-fortalece-su-defensa-contra-ciberataques\\\/\"},\"wordCount\":357,\"commentCount\":0,\"image\":{\"@id\":\"https:\\\/\\\/reporteroshoy.mx\\\/noticias\\\/yucatan-fortalece-su-defensa-contra-ciberataques\\\/#primaryimage\"},\"thumbnailUrl\":\"https:\\\/\\\/reporteroshoy.mx\\\/noticias\\\/wp-content\\\/uploads\\\/2023\\\/05\\\/Ciberataques-scaled.jpg\",\"keywords\":[\"CANIETI\",\"Ciberataques\"],\"articleSection\":[\"Yucat\u00e1n\"],\"inLanguage\":\"es\",\"potentialAction\":[{\"@type\":\"CommentAction\",\"name\":\"Comment\",\"target\":[\"https:\\\/\\\/reporteroshoy.mx\\\/noticias\\\/yucatan-fortalece-su-defensa-contra-ciberataques\\\/#respond\"]}]},{\"@type\":\"WebPage\",\"@id\":\"https:\\\/\\\/reporteroshoy.mx\\\/noticias\\\/yucatan-fortalece-su-defensa-contra-ciberataques\\\/\",\"url\":\"https:\\\/\\\/reporteroshoy.mx\\\/noticias\\\/yucatan-fortalece-su-defensa-contra-ciberataques\\\/\",\"name\":\"Yucat\u00e1n fortalece su defensa contra ciberataques\",\"isPartOf\":{\"@id\":\"https:\\\/\\\/reporteroshoy.mx\\\/noticias\\\/#website\"},\"primaryImageOfPage\":{\"@id\":\"https:\\\/\\\/reporteroshoy.mx\\\/noticias\\\/yucatan-fortalece-su-defensa-contra-ciberataques\\\/#primaryimage\"},\"image\":{\"@id\":\"https:\\\/\\\/reporteroshoy.mx\\\/noticias\\\/yucatan-fortalece-su-defensa-contra-ciberataques\\\/#primaryimage\"},\"thumbnailUrl\":\"https:\\\/\\\/reporteroshoy.mx\\\/noticias\\\/wp-content\\\/uploads\\\/2023\\\/05\\\/Ciberataques-scaled.jpg\",\"datePublished\":\"2023-05-13T21:48:28+00:00\",\"author\":{\"@id\":\"https:\\\/\\\/reporteroshoy.mx\\\/noticias\\\/#\\\/schema\\\/person\\\/c977527e57c958a62c5cefe8fe47876e\"},\"description\":\"Las empresas est\u00e1n tomando medidas para reforzar su defensa contra los ciberataques, poniendo especial atenci\u00f3n en evitar el uso de software irregular.\",\"breadcrumb\":{\"@id\":\"https:\\\/\\\/reporteroshoy.mx\\\/noticias\\\/yucatan-fortalece-su-defensa-contra-ciberataques\\\/#breadcrumb\"},\"inLanguage\":\"es\",\"potentialAction\":[{\"@type\":\"ReadAction\",\"target\":[\"https:\\\/\\\/reporteroshoy.mx\\\/noticias\\\/yucatan-fortalece-su-defensa-contra-ciberataques\\\/\"]}]},{\"@type\":\"ImageObject\",\"inLanguage\":\"es\",\"@id\":\"https:\\\/\\\/reporteroshoy.mx\\\/noticias\\\/yucatan-fortalece-su-defensa-contra-ciberataques\\\/#primaryimage\",\"url\":\"https:\\\/\\\/reporteroshoy.mx\\\/noticias\\\/wp-content\\\/uploads\\\/2023\\\/05\\\/Ciberataques-scaled.jpg\",\"contentUrl\":\"https:\\\/\\\/reporteroshoy.mx\\\/noticias\\\/wp-content\\\/uploads\\\/2023\\\/05\\\/Ciberataques-scaled.jpg\",\"width\":768,\"height\":432},{\"@type\":\"BreadcrumbList\",\"@id\":\"https:\\\/\\\/reporteroshoy.mx\\\/noticias\\\/yucatan-fortalece-su-defensa-contra-ciberataques\\\/#breadcrumb\",\"itemListElement\":[{\"@type\":\"ListItem\",\"position\":1,\"name\":\"Portada\",\"item\":\"https:\\\/\\\/reporteroshoy.mx\\\/noticias\\\/\"},{\"@type\":\"ListItem\",\"position\":2,\"name\":\"Yucat\u00e1n fortalece su defensa contra ciberataques\"}]},{\"@type\":\"WebSite\",\"@id\":\"https:\\\/\\\/reporteroshoy.mx\\\/noticias\\\/#website\",\"url\":\"https:\\\/\\\/reporteroshoy.mx\\\/noticias\\\/\",\"name\":\"Reporteros Hoy | Noticias de Yucat\u00e1n\",\"description\":\"Peri\u00f3dico digital con noticias diarias desde M\u00e9rida, Yucat\u00e1n para el mundo.\",\"potentialAction\":[{\"@type\":\"SearchAction\",\"target\":{\"@type\":\"EntryPoint\",\"urlTemplate\":\"https:\\\/\\\/reporteroshoy.mx\\\/noticias\\\/?s={search_term_string}\"},\"query-input\":{\"@type\":\"PropertyValueSpecification\",\"valueRequired\":true,\"valueName\":\"search_term_string\"}}],\"inLanguage\":\"es\"},{\"@type\":\"Person\",\"@id\":\"https:\\\/\\\/reporteroshoy.mx\\\/noticias\\\/#\\\/schema\\\/person\\\/c977527e57c958a62c5cefe8fe47876e\",\"name\":\"Reporteros Hoy WP\",\"image\":{\"@type\":\"ImageObject\",\"inLanguage\":\"es\",\"@id\":\"https:\\\/\\\/secure.gravatar.com\\\/avatar\\\/fd2917f79a7dae30f8ac9ddc2f35e1756bb59e25e01d1cd09deaa64df7b2f73e?s=96&d=mm&r=g\",\"url\":\"https:\\\/\\\/secure.gravatar.com\\\/avatar\\\/fd2917f79a7dae30f8ac9ddc2f35e1756bb59e25e01d1cd09deaa64df7b2f73e?s=96&d=mm&r=g\",\"contentUrl\":\"https:\\\/\\\/secure.gravatar.com\\\/avatar\\\/fd2917f79a7dae30f8ac9ddc2f35e1756bb59e25e01d1cd09deaa64df7b2f73e?s=96&d=mm&r=g\",\"caption\":\"Reporteros Hoy WP\"},\"url\":\"https:\\\/\\\/reporteroshoy.mx\\\/noticias\\\/author\\\/walfer\\\/\"}]}<\/script>\n<!-- \/ Yoast SEO plugin. -->","yoast_head_json":{"title":"Yucat\u00e1n fortalece su defensa contra ciberataques","description":"Las empresas est\u00e1n tomando medidas para reforzar su defensa contra los ciberataques, poniendo especial atenci\u00f3n en evitar el uso de software irregular.","robots":{"index":"index","follow":"follow","max-snippet":"max-snippet:-1","max-image-preview":"max-image-preview:large","max-video-preview":"max-video-preview:-1"},"canonical":"https:\/\/reporteroshoy.mx\/noticias\/yucatan-fortalece-su-defensa-contra-ciberataques\/","og_locale":"es_ES","og_type":"article","og_title":"Yucat\u00e1n fortalece su defensa contra ciberataques","og_description":"Las empresas est\u00e1n tomando medidas para reforzar su defensa contra los ciberataques, poniendo especial atenci\u00f3n en evitar el uso de software irregular.","og_url":"https:\/\/reporteroshoy.mx\/noticias\/yucatan-fortalece-su-defensa-contra-ciberataques\/","og_site_name":"Reporteros Hoy | Noticias de Yucat\u00e1n","article_publisher":"http:\/\/www.facebook.com\/reporteroshoymx","article_published_time":"2023-05-13T21:48:28+00:00","og_image":[{"width":768,"height":432,"url":"https:\/\/reporteroshoy.mx\/noticias\/wp-content\/uploads\/2023\/05\/Ciberataques-scaled.jpg","type":"image\/jpeg"}],"author":"Reporteros Hoy WP","twitter_card":"summary_large_image","twitter_creator":"@reporteroshoy","twitter_site":"@reporteroshoy","twitter_misc":{"Escrito por":"Reporteros Hoy WP","Tiempo de lectura":"2 minutos"},"schema":{"@context":"https:\/\/schema.org","@graph":[{"@type":"Article","@id":"https:\/\/reporteroshoy.mx\/noticias\/yucatan-fortalece-su-defensa-contra-ciberataques\/#article","isPartOf":{"@id":"https:\/\/reporteroshoy.mx\/noticias\/yucatan-fortalece-su-defensa-contra-ciberataques\/"},"author":{"name":"Reporteros Hoy WP","@id":"https:\/\/reporteroshoy.mx\/noticias\/#\/schema\/person\/c977527e57c958a62c5cefe8fe47876e"},"headline":"Yucat\u00e1n fortalece su defensa contra ciberataques","datePublished":"2023-05-13T21:48:28+00:00","mainEntityOfPage":{"@id":"https:\/\/reporteroshoy.mx\/noticias\/yucatan-fortalece-su-defensa-contra-ciberataques\/"},"wordCount":357,"commentCount":0,"image":{"@id":"https:\/\/reporteroshoy.mx\/noticias\/yucatan-fortalece-su-defensa-contra-ciberataques\/#primaryimage"},"thumbnailUrl":"https:\/\/reporteroshoy.mx\/noticias\/wp-content\/uploads\/2023\/05\/Ciberataques-scaled.jpg","keywords":["CANIETI","Ciberataques"],"articleSection":["Yucat\u00e1n"],"inLanguage":"es","potentialAction":[{"@type":"CommentAction","name":"Comment","target":["https:\/\/reporteroshoy.mx\/noticias\/yucatan-fortalece-su-defensa-contra-ciberataques\/#respond"]}]},{"@type":"WebPage","@id":"https:\/\/reporteroshoy.mx\/noticias\/yucatan-fortalece-su-defensa-contra-ciberataques\/","url":"https:\/\/reporteroshoy.mx\/noticias\/yucatan-fortalece-su-defensa-contra-ciberataques\/","name":"Yucat\u00e1n fortalece su defensa contra ciberataques","isPartOf":{"@id":"https:\/\/reporteroshoy.mx\/noticias\/#website"},"primaryImageOfPage":{"@id":"https:\/\/reporteroshoy.mx\/noticias\/yucatan-fortalece-su-defensa-contra-ciberataques\/#primaryimage"},"image":{"@id":"https:\/\/reporteroshoy.mx\/noticias\/yucatan-fortalece-su-defensa-contra-ciberataques\/#primaryimage"},"thumbnailUrl":"https:\/\/reporteroshoy.mx\/noticias\/wp-content\/uploads\/2023\/05\/Ciberataques-scaled.jpg","datePublished":"2023-05-13T21:48:28+00:00","author":{"@id":"https:\/\/reporteroshoy.mx\/noticias\/#\/schema\/person\/c977527e57c958a62c5cefe8fe47876e"},"description":"Las empresas est\u00e1n tomando medidas para reforzar su defensa contra los ciberataques, poniendo especial atenci\u00f3n en evitar el uso de software irregular.","breadcrumb":{"@id":"https:\/\/reporteroshoy.mx\/noticias\/yucatan-fortalece-su-defensa-contra-ciberataques\/#breadcrumb"},"inLanguage":"es","potentialAction":[{"@type":"ReadAction","target":["https:\/\/reporteroshoy.mx\/noticias\/yucatan-fortalece-su-defensa-contra-ciberataques\/"]}]},{"@type":"ImageObject","inLanguage":"es","@id":"https:\/\/reporteroshoy.mx\/noticias\/yucatan-fortalece-su-defensa-contra-ciberataques\/#primaryimage","url":"https:\/\/reporteroshoy.mx\/noticias\/wp-content\/uploads\/2023\/05\/Ciberataques-scaled.jpg","contentUrl":"https:\/\/reporteroshoy.mx\/noticias\/wp-content\/uploads\/2023\/05\/Ciberataques-scaled.jpg","width":768,"height":432},{"@type":"BreadcrumbList","@id":"https:\/\/reporteroshoy.mx\/noticias\/yucatan-fortalece-su-defensa-contra-ciberataques\/#breadcrumb","itemListElement":[{"@type":"ListItem","position":1,"name":"Portada","item":"https:\/\/reporteroshoy.mx\/noticias\/"},{"@type":"ListItem","position":2,"name":"Yucat\u00e1n fortalece su defensa contra ciberataques"}]},{"@type":"WebSite","@id":"https:\/\/reporteroshoy.mx\/noticias\/#website","url":"https:\/\/reporteroshoy.mx\/noticias\/","name":"Reporteros Hoy | Noticias de Yucat\u00e1n","description":"Peri\u00f3dico digital con noticias diarias desde M\u00e9rida, Yucat\u00e1n para el mundo.","potentialAction":[{"@type":"SearchAction","target":{"@type":"EntryPoint","urlTemplate":"https:\/\/reporteroshoy.mx\/noticias\/?s={search_term_string}"},"query-input":{"@type":"PropertyValueSpecification","valueRequired":true,"valueName":"search_term_string"}}],"inLanguage":"es"},{"@type":"Person","@id":"https:\/\/reporteroshoy.mx\/noticias\/#\/schema\/person\/c977527e57c958a62c5cefe8fe47876e","name":"Reporteros Hoy WP","image":{"@type":"ImageObject","inLanguage":"es","@id":"https:\/\/secure.gravatar.com\/avatar\/fd2917f79a7dae30f8ac9ddc2f35e1756bb59e25e01d1cd09deaa64df7b2f73e?s=96&d=mm&r=g","url":"https:\/\/secure.gravatar.com\/avatar\/fd2917f79a7dae30f8ac9ddc2f35e1756bb59e25e01d1cd09deaa64df7b2f73e?s=96&d=mm&r=g","contentUrl":"https:\/\/secure.gravatar.com\/avatar\/fd2917f79a7dae30f8ac9ddc2f35e1756bb59e25e01d1cd09deaa64df7b2f73e?s=96&d=mm&r=g","caption":"Reporteros Hoy WP"},"url":"https:\/\/reporteroshoy.mx\/noticias\/author\/walfer\/"}]}},"_links":{"self":[{"href":"https:\/\/reporteroshoy.mx\/noticias\/wp-json\/wp\/v2\/posts\/101986","targetHints":{"allow":["GET"]}}],"collection":[{"href":"https:\/\/reporteroshoy.mx\/noticias\/wp-json\/wp\/v2\/posts"}],"about":[{"href":"https:\/\/reporteroshoy.mx\/noticias\/wp-json\/wp\/v2\/types\/post"}],"author":[{"embeddable":true,"href":"https:\/\/reporteroshoy.mx\/noticias\/wp-json\/wp\/v2\/users\/9"}],"replies":[{"embeddable":true,"href":"https:\/\/reporteroshoy.mx\/noticias\/wp-json\/wp\/v2\/comments?post=101986"}],"version-history":[{"count":0,"href":"https:\/\/reporteroshoy.mx\/noticias\/wp-json\/wp\/v2\/posts\/101986\/revisions"}],"wp:featuredmedia":[{"embeddable":true,"href":"https:\/\/reporteroshoy.mx\/noticias\/wp-json\/wp\/v2\/media\/101987"}],"wp:attachment":[{"href":"https:\/\/reporteroshoy.mx\/noticias\/wp-json\/wp\/v2\/media?parent=101986"}],"wp:term":[{"taxonomy":"category","embeddable":true,"href":"https:\/\/reporteroshoy.mx\/noticias\/wp-json\/wp\/v2\/categories?post=101986"},{"taxonomy":"post_tag","embeddable":true,"href":"https:\/\/reporteroshoy.mx\/noticias\/wp-json\/wp\/v2\/tags?post=101986"}],"curies":[{"name":"wp","href":"https:\/\/api.w.org\/{rel}","templated":true}]}}