{"id":102111,"date":"2023-05-16T22:36:52","date_gmt":"2023-05-17T04:36:52","guid":{"rendered":"https:\/\/reporteroshoy.mx\/noticias\/?p=102111"},"modified":"2023-05-16T22:36:52","modified_gmt":"2023-05-17T04:36:52","slug":"en-septiembre-inicia-la-ampliacion-del-puerto-de-altura-adan-augusto","status":"publish","type":"post","link":"https:\/\/reporteroshoy.mx\/noticias\/en-septiembre-inicia-la-ampliacion-del-puerto-de-altura-adan-augusto\/","title":{"rendered":"En septiembre, inicia la ampliaci\u00f3n del puerto de altura: Ad\u00e1n Augusto"},"content":{"rendered":"<p style=\"text-align: justify;\">Ante 1,300 representantes del sector empresarial y la sociedad civil, el secretario de Gobernaci\u00f3n, Ad\u00e1n Augusto L\u00f3pez Hern\u00e1ndez, dio a conocer que en septiembre comenzar\u00e1n las obras de ampliaci\u00f3n del puerto de altura de Progreso.<\/p>\n<p style=\"text-align: justify;\">Al no poder aportar recursos el gobierno federal para el proyecto, dijo que se decidi\u00f3 que sea a trav\u00e9s de un empr\u00e9stito por 3,063 millones de pesos que solicitar\u00e1 el Ejecutivo estatal el mecanismo de inversi\u00f3n.<\/p>\n<p><img loading=\"lazy\" decoding=\"async\" class=\"alignnone size-full wp-image-102107\" src=\"https:\/\/reporteroshoy.mx\/noticias\/wp-content\/uploads\/2023\/05\/ADAN-AUGUSTO_CAMPESTRE-2-scaled.jpg\" alt=\"\" width=\"768\" height=\"512\" srcset=\"https:\/\/reporteroshoy.mx\/noticias\/wp-content\/uploads\/2023\/05\/ADAN-AUGUSTO_CAMPESTRE-2-scaled.jpg 768w, https:\/\/reporteroshoy.mx\/noticias\/wp-content\/uploads\/2023\/05\/ADAN-AUGUSTO_CAMPESTRE-2-1536x1024.jpg 1536w\" sizes=\"auto, (max-width: 768px) 100vw, 768px\" \/><\/p>\n<p style=\"text-align: justify;\">El funcionario federal revel\u00f3 que est\u00e1 definida la ruta cr\u00edtica que seguir\u00e1 la solicitud de financiamiento la cual ser\u00e1 presentada este fin de semana para que en la siguiente se apruebe por el pleno la Legislatura local.<\/p>\n<p style=\"text-align: justify;\">L\u00f3pez Hern\u00e1ndez se comprometi\u00f3 a gestionar ante la Secretar\u00eda de Hacienda y Cr\u00e9dito P\u00fablico que se le otorgue al gobierno yucateco una calificaci\u00f3n favorable como \u201cestado con sem\u00e1foro verde\u201d para contratar un pr\u00e9stamo con la banca comercial.<\/p>\n<p style=\"text-align: justify;\">Ante integrantes del Consejo Coordinador Empresarial (CCE), el titular de Gobernaci\u00f3n garantiz\u00f3 que la fracci\u00f3n legislativa de Morena respaldar\u00e1 la autorizaci\u00f3n del cr\u00e9dito \u201cm\u00e1s all\u00e1 de las diferencias ideol\u00f3gicas\u201d.<\/p>\n<p><img loading=\"lazy\" decoding=\"async\" class=\"alignnone size-full wp-image-102108\" src=\"https:\/\/reporteroshoy.mx\/noticias\/wp-content\/uploads\/2023\/05\/ADAN-AUGUSTO_CAMPESTRE-4-scaled.jpg\" alt=\"\" width=\"768\" height=\"512\" srcset=\"https:\/\/reporteroshoy.mx\/noticias\/wp-content\/uploads\/2023\/05\/ADAN-AUGUSTO_CAMPESTRE-4-scaled.jpg 768w, https:\/\/reporteroshoy.mx\/noticias\/wp-content\/uploads\/2023\/05\/ADAN-AUGUSTO_CAMPESTRE-4-1536x1024.jpg 1536w\" sizes=\"auto, (max-width: 768px) 100vw, 768px\" \/><\/p>\n<p style=\"text-align: justify;\">\u201cUstedes tienen un gobernador m\u00e1s terco que cualquier tabasque\u00f1o\u201d dijo a manera de broma durante su intervenci\u00f3n en el encuentro.<\/p>\n<p style=\"text-align: justify;\">Tambi\u00e9n confirm\u00f3 a los presentes que antes de un mes la empresa ICA comenzar\u00e1 la construcci\u00f3n del viaducto elevado del Progreso que agilizar\u00e1 la movilidad de las unidades de carga.<\/p>\n<p style=\"text-align: justify;\">De igual manera, se\u00f1al\u00f3 que se agilizar\u00e1 la tramitolog\u00eda para devolver al gobierno del estado la propiedad del terreno donde se iba a localizar la ex zona econ\u00f3mica especial para desarrollar el proyecto de un polo de bienestar con la instalaci\u00f3n de bodegas y empresas.<\/p>\n<p><img loading=\"lazy\" decoding=\"async\" class=\"alignnone size-full wp-image-102109\" src=\"https:\/\/reporteroshoy.mx\/noticias\/wp-content\/uploads\/2023\/05\/Imagen-de-WhatsApp-2023-05-16-a-las-21.10.55_8-scaled.jpg\" alt=\"\" width=\"768\" height=\"511\" \/><\/p>\n<p style=\"text-align: justify;\">\u201cLo que pide el gobernador es que se tenga las mismas facilidades fiscales que tendr\u00e1 el tren trans\u00edstmico en Oaxaca. Nosotros no le vemos problemas. Antes de 15 d\u00edas estar\u00e1 resuelto\u201d asegur\u00f3.<\/p>\n<p style=\"text-align: justify;\">Los anuncios fueron bien recibidos por los dirigentes de c\u00e1maras empresariales que posteriormente hicieron diversos cuestionamientos al secretario de Gobernaci\u00f3n que contest\u00f3 uno a uno en la prolongada reuni\u00f3n en el Club Campestres.<\/p>\n<p style=\"text-align: justify;\">\n<p style=\"text-align: justify;\">\n","protected":false},"excerpt":{"rendered":"<p>El mecanismo de financiamiento ser\u00e1 un empr\u00e9stito por 3,063 millones de pesos que respaldar\u00e1 la bancada de Morena. <\/p>\n","protected":false},"author":5,"featured_media":102107,"comment_status":"open","ping_status":"closed","sticky":false,"template":"","format":"standard","meta":{"footnotes":""},"categories":[17],"tags":[20385,911,3218,21954],"class_list":["post-102111","post","type-post","status-publish","format-standard","has-post-thumbnail","hentry","category-yucatan","tag-adan-augusto-lopez-hernandez","tag-empresarios","tag-puerto-de-altura-de-progreso","tag-secretario-de-gobernacion"],"yoast_head":"<!-- This site is optimized with the Yoast SEO plugin v28.4 - https:\/\/yoast.com\/product\/yoast-seo-wordpress\/ -->\n<title>En septiembre, inicia la ampliaci\u00f3n del puerto de altura: Ad\u00e1n Augusto<\/title>\n<meta name=\"description\" content=\"El mecanismo de financiamiento ser\u00e1 un empr\u00e9stito por 3,063 millones de pesos que respaldar\u00e1 la bancada de Morena.\" \/>\n<meta name=\"robots\" content=\"index, follow, max-snippet:-1, max-image-preview:large, max-video-preview:-1\" \/>\n<link rel=\"canonical\" href=\"https:\/\/reporteroshoy.mx\/noticias\/en-septiembre-inicia-la-ampliacion-del-puerto-de-altura-adan-augusto\/\" \/>\n<meta property=\"og:locale\" content=\"es_ES\" \/>\n<meta property=\"og:type\" content=\"article\" \/>\n<meta property=\"og:title\" content=\"En septiembre, inicia la ampliaci\u00f3n del puerto de altura: Ad\u00e1n Augusto\" \/>\n<meta property=\"og:description\" content=\"El mecanismo de financiamiento ser\u00e1 un empr\u00e9stito por 3,063 millones de pesos que respaldar\u00e1 la bancada de Morena.\" \/>\n<meta property=\"og:url\" content=\"https:\/\/reporteroshoy.mx\/noticias\/en-septiembre-inicia-la-ampliacion-del-puerto-de-altura-adan-augusto\/\" \/>\n<meta property=\"og:site_name\" content=\"Reporteros Hoy | Noticias de Yucat\u00e1n\" \/>\n<meta property=\"article:publisher\" content=\"http:\/\/www.facebook.com\/reporteroshoymx\" \/>\n<meta property=\"article:published_time\" content=\"2023-05-17T04:36:52+00:00\" \/>\n<meta property=\"og:image\" content=\"https:\/\/reporteroshoy.mx\/noticias\/wp-content\/uploads\/2023\/05\/ADAN-AUGUSTO_CAMPESTRE-2-scaled.jpg\" \/>\n\t<meta property=\"og:image:width\" content=\"768\" \/>\n\t<meta property=\"og:image:height\" content=\"512\" \/>\n\t<meta property=\"og:image:type\" content=\"image\/jpeg\" \/>\n<meta name=\"author\" content=\"Reporteros Hoy IM\" \/>\n<meta name=\"twitter:card\" content=\"summary_large_image\" \/>\n<meta name=\"twitter:creator\" content=\"@reporteroshoy\" \/>\n<meta name=\"twitter:site\" content=\"@reporteroshoy\" \/>\n<meta name=\"twitter:label1\" content=\"Escrito por\" \/>\n\t<meta name=\"twitter:data1\" content=\"Reporteros Hoy IM\" \/>\n\t<meta name=\"twitter:label2\" content=\"Tiempo de lectura\" \/>\n\t<meta name=\"twitter:data2\" content=\"3 minutos\" \/>\n<script type=\"application\/ld+json\" class=\"yoast-schema-graph\">{\"@context\":\"https:\\\/\\\/schema.org\",\"@graph\":[{\"@type\":\"Article\",\"@id\":\"https:\\\/\\\/reporteroshoy.mx\\\/noticias\\\/en-septiembre-inicia-la-ampliacion-del-puerto-de-altura-adan-augusto\\\/#article\",\"isPartOf\":{\"@id\":\"https:\\\/\\\/reporteroshoy.mx\\\/noticias\\\/en-septiembre-inicia-la-ampliacion-del-puerto-de-altura-adan-augusto\\\/\"},\"author\":{\"name\":\"Reporteros Hoy IM\",\"@id\":\"https:\\\/\\\/reporteroshoy.mx\\\/noticias\\\/#\\\/schema\\\/person\\\/948520f0d88b01be2e5266bc4acbbc15\"},\"headline\":\"En septiembre, inicia la ampliaci\u00f3n del puerto de altura: Ad\u00e1n Augusto\",\"datePublished\":\"2023-05-17T04:36:52+00:00\",\"mainEntityOfPage\":{\"@id\":\"https:\\\/\\\/reporteroshoy.mx\\\/noticias\\\/en-septiembre-inicia-la-ampliacion-del-puerto-de-altura-adan-augusto\\\/\"},\"wordCount\":382,\"commentCount\":0,\"image\":{\"@id\":\"https:\\\/\\\/reporteroshoy.mx\\\/noticias\\\/en-septiembre-inicia-la-ampliacion-del-puerto-de-altura-adan-augusto\\\/#primaryimage\"},\"thumbnailUrl\":\"https:\\\/\\\/reporteroshoy.mx\\\/noticias\\\/wp-content\\\/uploads\\\/2023\\\/05\\\/ADAN-AUGUSTO_CAMPESTRE-2-scaled.jpg\",\"keywords\":[\"Ad\u00e1n Augusto L\u00f3pez Hern\u00e1ndez\",\"Empresarios\",\"Puerto de Altura de Progreso\",\"secretario de Gobernaci\u00f3n\"],\"articleSection\":[\"Yucat\u00e1n\"],\"inLanguage\":\"es\",\"potentialAction\":[{\"@type\":\"CommentAction\",\"name\":\"Comment\",\"target\":[\"https:\\\/\\\/reporteroshoy.mx\\\/noticias\\\/en-septiembre-inicia-la-ampliacion-del-puerto-de-altura-adan-augusto\\\/#respond\"]}]},{\"@type\":\"WebPage\",\"@id\":\"https:\\\/\\\/reporteroshoy.mx\\\/noticias\\\/en-septiembre-inicia-la-ampliacion-del-puerto-de-altura-adan-augusto\\\/\",\"url\":\"https:\\\/\\\/reporteroshoy.mx\\\/noticias\\\/en-septiembre-inicia-la-ampliacion-del-puerto-de-altura-adan-augusto\\\/\",\"name\":\"En septiembre, inicia la ampliaci\u00f3n del puerto de altura: Ad\u00e1n Augusto\",\"isPartOf\":{\"@id\":\"https:\\\/\\\/reporteroshoy.mx\\\/noticias\\\/#website\"},\"primaryImageOfPage\":{\"@id\":\"https:\\\/\\\/reporteroshoy.mx\\\/noticias\\\/en-septiembre-inicia-la-ampliacion-del-puerto-de-altura-adan-augusto\\\/#primaryimage\"},\"image\":{\"@id\":\"https:\\\/\\\/reporteroshoy.mx\\\/noticias\\\/en-septiembre-inicia-la-ampliacion-del-puerto-de-altura-adan-augusto\\\/#primaryimage\"},\"thumbnailUrl\":\"https:\\\/\\\/reporteroshoy.mx\\\/noticias\\\/wp-content\\\/uploads\\\/2023\\\/05\\\/ADAN-AUGUSTO_CAMPESTRE-2-scaled.jpg\",\"datePublished\":\"2023-05-17T04:36:52+00:00\",\"author\":{\"@id\":\"https:\\\/\\\/reporteroshoy.mx\\\/noticias\\\/#\\\/schema\\\/person\\\/948520f0d88b01be2e5266bc4acbbc15\"},\"description\":\"El mecanismo de financiamiento ser\u00e1 un empr\u00e9stito por 3,063 millones de pesos que respaldar\u00e1 la bancada de Morena.\",\"breadcrumb\":{\"@id\":\"https:\\\/\\\/reporteroshoy.mx\\\/noticias\\\/en-septiembre-inicia-la-ampliacion-del-puerto-de-altura-adan-augusto\\\/#breadcrumb\"},\"inLanguage\":\"es\",\"potentialAction\":[{\"@type\":\"ReadAction\",\"target\":[\"https:\\\/\\\/reporteroshoy.mx\\\/noticias\\\/en-septiembre-inicia-la-ampliacion-del-puerto-de-altura-adan-augusto\\\/\"]}]},{\"@type\":\"ImageObject\",\"inLanguage\":\"es\",\"@id\":\"https:\\\/\\\/reporteroshoy.mx\\\/noticias\\\/en-septiembre-inicia-la-ampliacion-del-puerto-de-altura-adan-augusto\\\/#primaryimage\",\"url\":\"https:\\\/\\\/reporteroshoy.mx\\\/noticias\\\/wp-content\\\/uploads\\\/2023\\\/05\\\/ADAN-AUGUSTO_CAMPESTRE-2-scaled.jpg\",\"contentUrl\":\"https:\\\/\\\/reporteroshoy.mx\\\/noticias\\\/wp-content\\\/uploads\\\/2023\\\/05\\\/ADAN-AUGUSTO_CAMPESTRE-2-scaled.jpg\",\"width\":768,\"height\":512},{\"@type\":\"BreadcrumbList\",\"@id\":\"https:\\\/\\\/reporteroshoy.mx\\\/noticias\\\/en-septiembre-inicia-la-ampliacion-del-puerto-de-altura-adan-augusto\\\/#breadcrumb\",\"itemListElement\":[{\"@type\":\"ListItem\",\"position\":1,\"name\":\"Portada\",\"item\":\"https:\\\/\\\/reporteroshoy.mx\\\/noticias\\\/\"},{\"@type\":\"ListItem\",\"position\":2,\"name\":\"En septiembre, inicia la ampliaci\u00f3n del puerto de altura: Ad\u00e1n Augusto\"}]},{\"@type\":\"WebSite\",\"@id\":\"https:\\\/\\\/reporteroshoy.mx\\\/noticias\\\/#website\",\"url\":\"https:\\\/\\\/reporteroshoy.mx\\\/noticias\\\/\",\"name\":\"Reporteros Hoy | Noticias de Yucat\u00e1n\",\"description\":\"Peri\u00f3dico digital con noticias diarias desde M\u00e9rida, Yucat\u00e1n para el mundo.\",\"potentialAction\":[{\"@type\":\"SearchAction\",\"target\":{\"@type\":\"EntryPoint\",\"urlTemplate\":\"https:\\\/\\\/reporteroshoy.mx\\\/noticias\\\/?s={search_term_string}\"},\"query-input\":{\"@type\":\"PropertyValueSpecification\",\"valueRequired\":true,\"valueName\":\"search_term_string\"}}],\"inLanguage\":\"es\"},{\"@type\":\"Person\",\"@id\":\"https:\\\/\\\/reporteroshoy.mx\\\/noticias\\\/#\\\/schema\\\/person\\\/948520f0d88b01be2e5266bc4acbbc15\",\"name\":\"Reporteros Hoy IM\",\"image\":{\"@type\":\"ImageObject\",\"inLanguage\":\"es\",\"@id\":\"https:\\\/\\\/secure.gravatar.com\\\/avatar\\\/d843030b96552826ac048bdfe26f2895604b800ed0c880ee55765a74d95dfc65?s=96&d=mm&r=g\",\"url\":\"https:\\\/\\\/secure.gravatar.com\\\/avatar\\\/d843030b96552826ac048bdfe26f2895604b800ed0c880ee55765a74d95dfc65?s=96&d=mm&r=g\",\"contentUrl\":\"https:\\\/\\\/secure.gravatar.com\\\/avatar\\\/d843030b96552826ac048bdfe26f2895604b800ed0c880ee55765a74d95dfc65?s=96&d=mm&r=g\",\"caption\":\"Reporteros Hoy IM\"},\"url\":\"https:\\\/\\\/reporteroshoy.mx\\\/noticias\\\/author\\\/israel\\\/\"}]}<\/script>\n<!-- \/ Yoast SEO plugin. -->","yoast_head_json":{"title":"En septiembre, inicia la ampliaci\u00f3n del puerto de altura: Ad\u00e1n Augusto","description":"El mecanismo de financiamiento ser\u00e1 un empr\u00e9stito por 3,063 millones de pesos que respaldar\u00e1 la bancada de Morena.","robots":{"index":"index","follow":"follow","max-snippet":"max-snippet:-1","max-image-preview":"max-image-preview:large","max-video-preview":"max-video-preview:-1"},"canonical":"https:\/\/reporteroshoy.mx\/noticias\/en-septiembre-inicia-la-ampliacion-del-puerto-de-altura-adan-augusto\/","og_locale":"es_ES","og_type":"article","og_title":"En septiembre, inicia la ampliaci\u00f3n del puerto de altura: Ad\u00e1n Augusto","og_description":"El mecanismo de financiamiento ser\u00e1 un empr\u00e9stito por 3,063 millones de pesos que respaldar\u00e1 la bancada de Morena.","og_url":"https:\/\/reporteroshoy.mx\/noticias\/en-septiembre-inicia-la-ampliacion-del-puerto-de-altura-adan-augusto\/","og_site_name":"Reporteros Hoy | Noticias de Yucat\u00e1n","article_publisher":"http:\/\/www.facebook.com\/reporteroshoymx","article_published_time":"2023-05-17T04:36:52+00:00","og_image":[{"width":768,"height":512,"url":"https:\/\/reporteroshoy.mx\/noticias\/wp-content\/uploads\/2023\/05\/ADAN-AUGUSTO_CAMPESTRE-2-scaled.jpg","type":"image\/jpeg"}],"author":"Reporteros Hoy IM","twitter_card":"summary_large_image","twitter_creator":"@reporteroshoy","twitter_site":"@reporteroshoy","twitter_misc":{"Escrito por":"Reporteros Hoy IM","Tiempo de lectura":"3 minutos"},"schema":{"@context":"https:\/\/schema.org","@graph":[{"@type":"Article","@id":"https:\/\/reporteroshoy.mx\/noticias\/en-septiembre-inicia-la-ampliacion-del-puerto-de-altura-adan-augusto\/#article","isPartOf":{"@id":"https:\/\/reporteroshoy.mx\/noticias\/en-septiembre-inicia-la-ampliacion-del-puerto-de-altura-adan-augusto\/"},"author":{"name":"Reporteros Hoy IM","@id":"https:\/\/reporteroshoy.mx\/noticias\/#\/schema\/person\/948520f0d88b01be2e5266bc4acbbc15"},"headline":"En septiembre, inicia la ampliaci\u00f3n del puerto de altura: Ad\u00e1n Augusto","datePublished":"2023-05-17T04:36:52+00:00","mainEntityOfPage":{"@id":"https:\/\/reporteroshoy.mx\/noticias\/en-septiembre-inicia-la-ampliacion-del-puerto-de-altura-adan-augusto\/"},"wordCount":382,"commentCount":0,"image":{"@id":"https:\/\/reporteroshoy.mx\/noticias\/en-septiembre-inicia-la-ampliacion-del-puerto-de-altura-adan-augusto\/#primaryimage"},"thumbnailUrl":"https:\/\/reporteroshoy.mx\/noticias\/wp-content\/uploads\/2023\/05\/ADAN-AUGUSTO_CAMPESTRE-2-scaled.jpg","keywords":["Ad\u00e1n Augusto L\u00f3pez Hern\u00e1ndez","Empresarios","Puerto de Altura de Progreso","secretario de Gobernaci\u00f3n"],"articleSection":["Yucat\u00e1n"],"inLanguage":"es","potentialAction":[{"@type":"CommentAction","name":"Comment","target":["https:\/\/reporteroshoy.mx\/noticias\/en-septiembre-inicia-la-ampliacion-del-puerto-de-altura-adan-augusto\/#respond"]}]},{"@type":"WebPage","@id":"https:\/\/reporteroshoy.mx\/noticias\/en-septiembre-inicia-la-ampliacion-del-puerto-de-altura-adan-augusto\/","url":"https:\/\/reporteroshoy.mx\/noticias\/en-septiembre-inicia-la-ampliacion-del-puerto-de-altura-adan-augusto\/","name":"En septiembre, inicia la ampliaci\u00f3n del puerto de altura: Ad\u00e1n Augusto","isPartOf":{"@id":"https:\/\/reporteroshoy.mx\/noticias\/#website"},"primaryImageOfPage":{"@id":"https:\/\/reporteroshoy.mx\/noticias\/en-septiembre-inicia-la-ampliacion-del-puerto-de-altura-adan-augusto\/#primaryimage"},"image":{"@id":"https:\/\/reporteroshoy.mx\/noticias\/en-septiembre-inicia-la-ampliacion-del-puerto-de-altura-adan-augusto\/#primaryimage"},"thumbnailUrl":"https:\/\/reporteroshoy.mx\/noticias\/wp-content\/uploads\/2023\/05\/ADAN-AUGUSTO_CAMPESTRE-2-scaled.jpg","datePublished":"2023-05-17T04:36:52+00:00","author":{"@id":"https:\/\/reporteroshoy.mx\/noticias\/#\/schema\/person\/948520f0d88b01be2e5266bc4acbbc15"},"description":"El mecanismo de financiamiento ser\u00e1 un empr\u00e9stito por 3,063 millones de pesos que respaldar\u00e1 la bancada de Morena.","breadcrumb":{"@id":"https:\/\/reporteroshoy.mx\/noticias\/en-septiembre-inicia-la-ampliacion-del-puerto-de-altura-adan-augusto\/#breadcrumb"},"inLanguage":"es","potentialAction":[{"@type":"ReadAction","target":["https:\/\/reporteroshoy.mx\/noticias\/en-septiembre-inicia-la-ampliacion-del-puerto-de-altura-adan-augusto\/"]}]},{"@type":"ImageObject","inLanguage":"es","@id":"https:\/\/reporteroshoy.mx\/noticias\/en-septiembre-inicia-la-ampliacion-del-puerto-de-altura-adan-augusto\/#primaryimage","url":"https:\/\/reporteroshoy.mx\/noticias\/wp-content\/uploads\/2023\/05\/ADAN-AUGUSTO_CAMPESTRE-2-scaled.jpg","contentUrl":"https:\/\/reporteroshoy.mx\/noticias\/wp-content\/uploads\/2023\/05\/ADAN-AUGUSTO_CAMPESTRE-2-scaled.jpg","width":768,"height":512},{"@type":"BreadcrumbList","@id":"https:\/\/reporteroshoy.mx\/noticias\/en-septiembre-inicia-la-ampliacion-del-puerto-de-altura-adan-augusto\/#breadcrumb","itemListElement":[{"@type":"ListItem","position":1,"name":"Portada","item":"https:\/\/reporteroshoy.mx\/noticias\/"},{"@type":"ListItem","position":2,"name":"En septiembre, inicia la ampliaci\u00f3n del puerto de altura: Ad\u00e1n Augusto"}]},{"@type":"WebSite","@id":"https:\/\/reporteroshoy.mx\/noticias\/#website","url":"https:\/\/reporteroshoy.mx\/noticias\/","name":"Reporteros Hoy | Noticias de Yucat\u00e1n","description":"Peri\u00f3dico digital con noticias diarias desde M\u00e9rida, Yucat\u00e1n para el mundo.","potentialAction":[{"@type":"SearchAction","target":{"@type":"EntryPoint","urlTemplate":"https:\/\/reporteroshoy.mx\/noticias\/?s={search_term_string}"},"query-input":{"@type":"PropertyValueSpecification","valueRequired":true,"valueName":"search_term_string"}}],"inLanguage":"es"},{"@type":"Person","@id":"https:\/\/reporteroshoy.mx\/noticias\/#\/schema\/person\/948520f0d88b01be2e5266bc4acbbc15","name":"Reporteros Hoy IM","image":{"@type":"ImageObject","inLanguage":"es","@id":"https:\/\/secure.gravatar.com\/avatar\/d843030b96552826ac048bdfe26f2895604b800ed0c880ee55765a74d95dfc65?s=96&d=mm&r=g","url":"https:\/\/secure.gravatar.com\/avatar\/d843030b96552826ac048bdfe26f2895604b800ed0c880ee55765a74d95dfc65?s=96&d=mm&r=g","contentUrl":"https:\/\/secure.gravatar.com\/avatar\/d843030b96552826ac048bdfe26f2895604b800ed0c880ee55765a74d95dfc65?s=96&d=mm&r=g","caption":"Reporteros Hoy IM"},"url":"https:\/\/reporteroshoy.mx\/noticias\/author\/israel\/"}]}},"_links":{"self":[{"href":"https:\/\/reporteroshoy.mx\/noticias\/wp-json\/wp\/v2\/posts\/102111","targetHints":{"allow":["GET"]}}],"collection":[{"href":"https:\/\/reporteroshoy.mx\/noticias\/wp-json\/wp\/v2\/posts"}],"about":[{"href":"https:\/\/reporteroshoy.mx\/noticias\/wp-json\/wp\/v2\/types\/post"}],"author":[{"embeddable":true,"href":"https:\/\/reporteroshoy.mx\/noticias\/wp-json\/wp\/v2\/users\/5"}],"replies":[{"embeddable":true,"href":"https:\/\/reporteroshoy.mx\/noticias\/wp-json\/wp\/v2\/comments?post=102111"}],"version-history":[{"count":0,"href":"https:\/\/reporteroshoy.mx\/noticias\/wp-json\/wp\/v2\/posts\/102111\/revisions"}],"wp:featuredmedia":[{"embeddable":true,"href":"https:\/\/reporteroshoy.mx\/noticias\/wp-json\/wp\/v2\/media\/102107"}],"wp:attachment":[{"href":"https:\/\/reporteroshoy.mx\/noticias\/wp-json\/wp\/v2\/media?parent=102111"}],"wp:term":[{"taxonomy":"category","embeddable":true,"href":"https:\/\/reporteroshoy.mx\/noticias\/wp-json\/wp\/v2\/categories?post=102111"},{"taxonomy":"post_tag","embeddable":true,"href":"https:\/\/reporteroshoy.mx\/noticias\/wp-json\/wp\/v2\/tags?post=102111"}],"curies":[{"name":"wp","href":"https:\/\/api.w.org\/{rel}","templated":true}]}}