{"id":102150,"date":"2023-05-18T14:57:05","date_gmt":"2023-05-18T20:57:05","guid":{"rendered":"https:\/\/reporteroshoy.mx\/noticias\/?p=102150"},"modified":"2023-05-18T14:57:05","modified_gmt":"2023-05-18T20:57:05","slug":"prohibiran-a-motociclistas-subir-a-los-puentes-del-periferico","status":"publish","type":"post","link":"https:\/\/reporteroshoy.mx\/noticias\/prohibiran-a-motociclistas-subir-a-los-puentes-del-periferico\/","title":{"rendered":"Prohibir\u00e1n a motociclistas subir a los puentes del perif\u00e9rico"},"content":{"rendered":"<p style=\"text-align: justify;\">Con la finalidad de reducir accidentes en motocicletas, la Secretar\u00eda de Seguridad P\u00fablica (SSP) instal\u00f3 puestos de control en diferentes puntos de M\u00e9rida para exhortar a los motociclistas a no subir los puentes del anillo perif\u00e9rico y usar los carriles laterales, ya que estar\u00e1 prohibido.<\/p>\n<p><img loading=\"lazy\" decoding=\"async\" class=\"alignnone size-full wp-image-102152\" src=\"https:\/\/reporteroshoy.mx\/noticias\/wp-content\/uploads\/2023\/05\/Moticiclistas_Puentes_Periferico-2-scaled.jpg\" alt=\"\" width=\"768\" height=\"464\" \/><\/p>\n<p style=\"text-align: justify;\">Lo anterior, con el objetivo de evitar accidentes en los que la peor parte se la llevan muchas veces los motoristas.<\/p>\n<p style=\"text-align: justify;\">El comandante del sector perif\u00e9rico de la SSP, Jes\u00fas Balam, fue uno de los encargados de brindar la informaci\u00f3n a quienes utilizan la moto para transportarse.<\/p>\n<p><img loading=\"lazy\" decoding=\"async\" class=\"alignnone size-full wp-image-102153\" src=\"https:\/\/reporteroshoy.mx\/noticias\/wp-content\/uploads\/2023\/05\/Moticiclistas_Puentes_Periferico-1-scaled.jpg\" alt=\"\" width=\"768\" height=\"536\" \/><\/p>\n<p style=\"text-align: justify;\">\u00abLos exhortamos a utilizar las laterales, portar debidamente el casco y respetar los l\u00edmites de velocidad\u00bb explic\u00f3 el jefe polic\u00edaco.<\/p>\n","protected":false},"excerpt":{"rendered":"<p>Tendr\u00e1n que utilizar los carriles laterales, advierte la Secretar\u00eda de Seguridad P\u00fablica. <\/p>\n","protected":false},"author":5,"featured_media":102152,"comment_status":"open","ping_status":"closed","sticky":false,"template":"","format":"standard","meta":{"footnotes":""},"categories":[24379],"tags":[16291,51,154],"class_list":["post-102150","post","type-post","status-publish","format-standard","has-post-thumbnail","hentry","category-merida","tag-anillo-periferico","tag-merida","tag-motociclistas"],"yoast_head":"<!-- This site is optimized with the Yoast SEO plugin v28.3 - https:\/\/yoast.com\/product\/yoast-seo-wordpress\/ -->\n<title>Prohibir\u00e1n a motociclistas subir a los puentes del perif\u00e9rico<\/title>\n<meta name=\"description\" content=\"Tendr\u00e1n que utilizar los carriles laterales, advierte la Secretar\u00eda de Seguridad P\u00fablica.\" \/>\n<meta name=\"robots\" content=\"index, follow, max-snippet:-1, max-image-preview:large, max-video-preview:-1\" \/>\n<link rel=\"canonical\" href=\"https:\/\/reporteroshoy.mx\/noticias\/prohibiran-a-motociclistas-subir-a-los-puentes-del-periferico\/\" \/>\n<meta property=\"og:locale\" content=\"es_ES\" \/>\n<meta property=\"og:type\" content=\"article\" \/>\n<meta property=\"og:title\" content=\"Prohibir\u00e1n a motociclistas subir a los puentes del perif\u00e9rico\" \/>\n<meta property=\"og:description\" content=\"Tendr\u00e1n que utilizar los carriles laterales, advierte la Secretar\u00eda de Seguridad P\u00fablica.\" \/>\n<meta property=\"og:url\" content=\"https:\/\/reporteroshoy.mx\/noticias\/prohibiran-a-motociclistas-subir-a-los-puentes-del-periferico\/\" \/>\n<meta property=\"og:site_name\" content=\"Reporteros Hoy | Noticias de Yucat\u00e1n\" \/>\n<meta property=\"article:publisher\" content=\"http:\/\/www.facebook.com\/reporteroshoymx\" \/>\n<meta property=\"article:published_time\" content=\"2023-05-18T20:57:05+00:00\" \/>\n<meta property=\"og:image\" content=\"https:\/\/reporteroshoy.mx\/noticias\/wp-content\/uploads\/2023\/05\/Moticiclistas_Puentes_Periferico-2-scaled.jpg\" \/>\n\t<meta property=\"og:image:width\" content=\"768\" \/>\n\t<meta property=\"og:image:height\" content=\"464\" \/>\n\t<meta property=\"og:image:type\" content=\"image\/jpeg\" \/>\n<meta name=\"author\" content=\"Reporteros Hoy IM\" \/>\n<meta name=\"twitter:card\" content=\"summary_large_image\" \/>\n<meta name=\"twitter:creator\" content=\"@reporteroshoy\" \/>\n<meta name=\"twitter:site\" content=\"@reporteroshoy\" \/>\n<meta name=\"twitter:label1\" content=\"Escrito por\" \/>\n\t<meta name=\"twitter:data1\" content=\"Reporteros Hoy IM\" \/>\n\t<meta name=\"twitter:label2\" content=\"Tiempo de lectura\" \/>\n\t<meta name=\"twitter:data2\" content=\"1 minuto\" \/>\n<script type=\"application\/ld+json\" class=\"yoast-schema-graph\">{\"@context\":\"https:\\\/\\\/schema.org\",\"@graph\":[{\"@type\":\"Article\",\"@id\":\"https:\\\/\\\/reporteroshoy.mx\\\/noticias\\\/prohibiran-a-motociclistas-subir-a-los-puentes-del-periferico\\\/#article\",\"isPartOf\":{\"@id\":\"https:\\\/\\\/reporteroshoy.mx\\\/noticias\\\/prohibiran-a-motociclistas-subir-a-los-puentes-del-periferico\\\/\"},\"author\":{\"name\":\"Reporteros Hoy IM\",\"@id\":\"https:\\\/\\\/reporteroshoy.mx\\\/noticias\\\/#\\\/schema\\\/person\\\/948520f0d88b01be2e5266bc4acbbc15\"},\"headline\":\"Prohibir\u00e1n a motociclistas subir a los puentes del perif\u00e9rico\",\"datePublished\":\"2023-05-18T20:57:05+00:00\",\"mainEntityOfPage\":{\"@id\":\"https:\\\/\\\/reporteroshoy.mx\\\/noticias\\\/prohibiran-a-motociclistas-subir-a-los-puentes-del-periferico\\\/\"},\"wordCount\":132,\"commentCount\":0,\"image\":{\"@id\":\"https:\\\/\\\/reporteroshoy.mx\\\/noticias\\\/prohibiran-a-motociclistas-subir-a-los-puentes-del-periferico\\\/#primaryimage\"},\"thumbnailUrl\":\"https:\\\/\\\/reporteroshoy.mx\\\/noticias\\\/wp-content\\\/uploads\\\/2023\\\/05\\\/Moticiclistas_Puentes_Periferico-2-scaled.jpg\",\"keywords\":[\"anillo perif\u00e9rico\",\"M\u00e9rida\",\"motociclistas\"],\"articleSection\":[\"M\u00e9rida\"],\"inLanguage\":\"es\",\"potentialAction\":[{\"@type\":\"CommentAction\",\"name\":\"Comment\",\"target\":[\"https:\\\/\\\/reporteroshoy.mx\\\/noticias\\\/prohibiran-a-motociclistas-subir-a-los-puentes-del-periferico\\\/#respond\"]}]},{\"@type\":\"WebPage\",\"@id\":\"https:\\\/\\\/reporteroshoy.mx\\\/noticias\\\/prohibiran-a-motociclistas-subir-a-los-puentes-del-periferico\\\/\",\"url\":\"https:\\\/\\\/reporteroshoy.mx\\\/noticias\\\/prohibiran-a-motociclistas-subir-a-los-puentes-del-periferico\\\/\",\"name\":\"Prohibir\u00e1n a motociclistas subir a los puentes del perif\u00e9rico\",\"isPartOf\":{\"@id\":\"https:\\\/\\\/reporteroshoy.mx\\\/noticias\\\/#website\"},\"primaryImageOfPage\":{\"@id\":\"https:\\\/\\\/reporteroshoy.mx\\\/noticias\\\/prohibiran-a-motociclistas-subir-a-los-puentes-del-periferico\\\/#primaryimage\"},\"image\":{\"@id\":\"https:\\\/\\\/reporteroshoy.mx\\\/noticias\\\/prohibiran-a-motociclistas-subir-a-los-puentes-del-periferico\\\/#primaryimage\"},\"thumbnailUrl\":\"https:\\\/\\\/reporteroshoy.mx\\\/noticias\\\/wp-content\\\/uploads\\\/2023\\\/05\\\/Moticiclistas_Puentes_Periferico-2-scaled.jpg\",\"datePublished\":\"2023-05-18T20:57:05+00:00\",\"author\":{\"@id\":\"https:\\\/\\\/reporteroshoy.mx\\\/noticias\\\/#\\\/schema\\\/person\\\/948520f0d88b01be2e5266bc4acbbc15\"},\"description\":\"Tendr\u00e1n que utilizar los carriles laterales, advierte la Secretar\u00eda de Seguridad P\u00fablica.\",\"breadcrumb\":{\"@id\":\"https:\\\/\\\/reporteroshoy.mx\\\/noticias\\\/prohibiran-a-motociclistas-subir-a-los-puentes-del-periferico\\\/#breadcrumb\"},\"inLanguage\":\"es\",\"potentialAction\":[{\"@type\":\"ReadAction\",\"target\":[\"https:\\\/\\\/reporteroshoy.mx\\\/noticias\\\/prohibiran-a-motociclistas-subir-a-los-puentes-del-periferico\\\/\"]}]},{\"@type\":\"ImageObject\",\"inLanguage\":\"es\",\"@id\":\"https:\\\/\\\/reporteroshoy.mx\\\/noticias\\\/prohibiran-a-motociclistas-subir-a-los-puentes-del-periferico\\\/#primaryimage\",\"url\":\"https:\\\/\\\/reporteroshoy.mx\\\/noticias\\\/wp-content\\\/uploads\\\/2023\\\/05\\\/Moticiclistas_Puentes_Periferico-2-scaled.jpg\",\"contentUrl\":\"https:\\\/\\\/reporteroshoy.mx\\\/noticias\\\/wp-content\\\/uploads\\\/2023\\\/05\\\/Moticiclistas_Puentes_Periferico-2-scaled.jpg\",\"width\":768,\"height\":464},{\"@type\":\"BreadcrumbList\",\"@id\":\"https:\\\/\\\/reporteroshoy.mx\\\/noticias\\\/prohibiran-a-motociclistas-subir-a-los-puentes-del-periferico\\\/#breadcrumb\",\"itemListElement\":[{\"@type\":\"ListItem\",\"position\":1,\"name\":\"Portada\",\"item\":\"https:\\\/\\\/reporteroshoy.mx\\\/noticias\\\/\"},{\"@type\":\"ListItem\",\"position\":2,\"name\":\"Prohibir\u00e1n a motociclistas subir a los puentes del perif\u00e9rico\"}]},{\"@type\":\"WebSite\",\"@id\":\"https:\\\/\\\/reporteroshoy.mx\\\/noticias\\\/#website\",\"url\":\"https:\\\/\\\/reporteroshoy.mx\\\/noticias\\\/\",\"name\":\"Reporteros Hoy | Noticias de Yucat\u00e1n\",\"description\":\"Peri\u00f3dico digital con noticias diarias desde M\u00e9rida, Yucat\u00e1n para el mundo.\",\"potentialAction\":[{\"@type\":\"SearchAction\",\"target\":{\"@type\":\"EntryPoint\",\"urlTemplate\":\"https:\\\/\\\/reporteroshoy.mx\\\/noticias\\\/?s={search_term_string}\"},\"query-input\":{\"@type\":\"PropertyValueSpecification\",\"valueRequired\":true,\"valueName\":\"search_term_string\"}}],\"inLanguage\":\"es\"},{\"@type\":\"Person\",\"@id\":\"https:\\\/\\\/reporteroshoy.mx\\\/noticias\\\/#\\\/schema\\\/person\\\/948520f0d88b01be2e5266bc4acbbc15\",\"name\":\"Reporteros Hoy IM\",\"image\":{\"@type\":\"ImageObject\",\"inLanguage\":\"es\",\"@id\":\"https:\\\/\\\/secure.gravatar.com\\\/avatar\\\/d843030b96552826ac048bdfe26f2895604b800ed0c880ee55765a74d95dfc65?s=96&d=mm&r=g\",\"url\":\"https:\\\/\\\/secure.gravatar.com\\\/avatar\\\/d843030b96552826ac048bdfe26f2895604b800ed0c880ee55765a74d95dfc65?s=96&d=mm&r=g\",\"contentUrl\":\"https:\\\/\\\/secure.gravatar.com\\\/avatar\\\/d843030b96552826ac048bdfe26f2895604b800ed0c880ee55765a74d95dfc65?s=96&d=mm&r=g\",\"caption\":\"Reporteros Hoy IM\"},\"url\":\"https:\\\/\\\/reporteroshoy.mx\\\/noticias\\\/author\\\/israel\\\/\"}]}<\/script>\n<!-- \/ Yoast SEO plugin. -->","yoast_head_json":{"title":"Prohibir\u00e1n a motociclistas subir a los puentes del perif\u00e9rico","description":"Tendr\u00e1n que utilizar los carriles laterales, advierte la Secretar\u00eda de Seguridad P\u00fablica.","robots":{"index":"index","follow":"follow","max-snippet":"max-snippet:-1","max-image-preview":"max-image-preview:large","max-video-preview":"max-video-preview:-1"},"canonical":"https:\/\/reporteroshoy.mx\/noticias\/prohibiran-a-motociclistas-subir-a-los-puentes-del-periferico\/","og_locale":"es_ES","og_type":"article","og_title":"Prohibir\u00e1n a motociclistas subir a los puentes del perif\u00e9rico","og_description":"Tendr\u00e1n que utilizar los carriles laterales, advierte la Secretar\u00eda de Seguridad P\u00fablica.","og_url":"https:\/\/reporteroshoy.mx\/noticias\/prohibiran-a-motociclistas-subir-a-los-puentes-del-periferico\/","og_site_name":"Reporteros Hoy | Noticias de Yucat\u00e1n","article_publisher":"http:\/\/www.facebook.com\/reporteroshoymx","article_published_time":"2023-05-18T20:57:05+00:00","og_image":[{"width":768,"height":464,"url":"https:\/\/reporteroshoy.mx\/noticias\/wp-content\/uploads\/2023\/05\/Moticiclistas_Puentes_Periferico-2-scaled.jpg","type":"image\/jpeg"}],"author":"Reporteros Hoy IM","twitter_card":"summary_large_image","twitter_creator":"@reporteroshoy","twitter_site":"@reporteroshoy","twitter_misc":{"Escrito por":"Reporteros Hoy IM","Tiempo de lectura":"1 minuto"},"schema":{"@context":"https:\/\/schema.org","@graph":[{"@type":"Article","@id":"https:\/\/reporteroshoy.mx\/noticias\/prohibiran-a-motociclistas-subir-a-los-puentes-del-periferico\/#article","isPartOf":{"@id":"https:\/\/reporteroshoy.mx\/noticias\/prohibiran-a-motociclistas-subir-a-los-puentes-del-periferico\/"},"author":{"name":"Reporteros Hoy IM","@id":"https:\/\/reporteroshoy.mx\/noticias\/#\/schema\/person\/948520f0d88b01be2e5266bc4acbbc15"},"headline":"Prohibir\u00e1n a motociclistas subir a los puentes del perif\u00e9rico","datePublished":"2023-05-18T20:57:05+00:00","mainEntityOfPage":{"@id":"https:\/\/reporteroshoy.mx\/noticias\/prohibiran-a-motociclistas-subir-a-los-puentes-del-periferico\/"},"wordCount":132,"commentCount":0,"image":{"@id":"https:\/\/reporteroshoy.mx\/noticias\/prohibiran-a-motociclistas-subir-a-los-puentes-del-periferico\/#primaryimage"},"thumbnailUrl":"https:\/\/reporteroshoy.mx\/noticias\/wp-content\/uploads\/2023\/05\/Moticiclistas_Puentes_Periferico-2-scaled.jpg","keywords":["anillo perif\u00e9rico","M\u00e9rida","motociclistas"],"articleSection":["M\u00e9rida"],"inLanguage":"es","potentialAction":[{"@type":"CommentAction","name":"Comment","target":["https:\/\/reporteroshoy.mx\/noticias\/prohibiran-a-motociclistas-subir-a-los-puentes-del-periferico\/#respond"]}]},{"@type":"WebPage","@id":"https:\/\/reporteroshoy.mx\/noticias\/prohibiran-a-motociclistas-subir-a-los-puentes-del-periferico\/","url":"https:\/\/reporteroshoy.mx\/noticias\/prohibiran-a-motociclistas-subir-a-los-puentes-del-periferico\/","name":"Prohibir\u00e1n a motociclistas subir a los puentes del perif\u00e9rico","isPartOf":{"@id":"https:\/\/reporteroshoy.mx\/noticias\/#website"},"primaryImageOfPage":{"@id":"https:\/\/reporteroshoy.mx\/noticias\/prohibiran-a-motociclistas-subir-a-los-puentes-del-periferico\/#primaryimage"},"image":{"@id":"https:\/\/reporteroshoy.mx\/noticias\/prohibiran-a-motociclistas-subir-a-los-puentes-del-periferico\/#primaryimage"},"thumbnailUrl":"https:\/\/reporteroshoy.mx\/noticias\/wp-content\/uploads\/2023\/05\/Moticiclistas_Puentes_Periferico-2-scaled.jpg","datePublished":"2023-05-18T20:57:05+00:00","author":{"@id":"https:\/\/reporteroshoy.mx\/noticias\/#\/schema\/person\/948520f0d88b01be2e5266bc4acbbc15"},"description":"Tendr\u00e1n que utilizar los carriles laterales, advierte la Secretar\u00eda de Seguridad P\u00fablica.","breadcrumb":{"@id":"https:\/\/reporteroshoy.mx\/noticias\/prohibiran-a-motociclistas-subir-a-los-puentes-del-periferico\/#breadcrumb"},"inLanguage":"es","potentialAction":[{"@type":"ReadAction","target":["https:\/\/reporteroshoy.mx\/noticias\/prohibiran-a-motociclistas-subir-a-los-puentes-del-periferico\/"]}]},{"@type":"ImageObject","inLanguage":"es","@id":"https:\/\/reporteroshoy.mx\/noticias\/prohibiran-a-motociclistas-subir-a-los-puentes-del-periferico\/#primaryimage","url":"https:\/\/reporteroshoy.mx\/noticias\/wp-content\/uploads\/2023\/05\/Moticiclistas_Puentes_Periferico-2-scaled.jpg","contentUrl":"https:\/\/reporteroshoy.mx\/noticias\/wp-content\/uploads\/2023\/05\/Moticiclistas_Puentes_Periferico-2-scaled.jpg","width":768,"height":464},{"@type":"BreadcrumbList","@id":"https:\/\/reporteroshoy.mx\/noticias\/prohibiran-a-motociclistas-subir-a-los-puentes-del-periferico\/#breadcrumb","itemListElement":[{"@type":"ListItem","position":1,"name":"Portada","item":"https:\/\/reporteroshoy.mx\/noticias\/"},{"@type":"ListItem","position":2,"name":"Prohibir\u00e1n a motociclistas subir a los puentes del perif\u00e9rico"}]},{"@type":"WebSite","@id":"https:\/\/reporteroshoy.mx\/noticias\/#website","url":"https:\/\/reporteroshoy.mx\/noticias\/","name":"Reporteros Hoy | Noticias de Yucat\u00e1n","description":"Peri\u00f3dico digital con noticias diarias desde M\u00e9rida, Yucat\u00e1n para el mundo.","potentialAction":[{"@type":"SearchAction","target":{"@type":"EntryPoint","urlTemplate":"https:\/\/reporteroshoy.mx\/noticias\/?s={search_term_string}"},"query-input":{"@type":"PropertyValueSpecification","valueRequired":true,"valueName":"search_term_string"}}],"inLanguage":"es"},{"@type":"Person","@id":"https:\/\/reporteroshoy.mx\/noticias\/#\/schema\/person\/948520f0d88b01be2e5266bc4acbbc15","name":"Reporteros Hoy IM","image":{"@type":"ImageObject","inLanguage":"es","@id":"https:\/\/secure.gravatar.com\/avatar\/d843030b96552826ac048bdfe26f2895604b800ed0c880ee55765a74d95dfc65?s=96&d=mm&r=g","url":"https:\/\/secure.gravatar.com\/avatar\/d843030b96552826ac048bdfe26f2895604b800ed0c880ee55765a74d95dfc65?s=96&d=mm&r=g","contentUrl":"https:\/\/secure.gravatar.com\/avatar\/d843030b96552826ac048bdfe26f2895604b800ed0c880ee55765a74d95dfc65?s=96&d=mm&r=g","caption":"Reporteros Hoy IM"},"url":"https:\/\/reporteroshoy.mx\/noticias\/author\/israel\/"}]}},"_links":{"self":[{"href":"https:\/\/reporteroshoy.mx\/noticias\/wp-json\/wp\/v2\/posts\/102150","targetHints":{"allow":["GET"]}}],"collection":[{"href":"https:\/\/reporteroshoy.mx\/noticias\/wp-json\/wp\/v2\/posts"}],"about":[{"href":"https:\/\/reporteroshoy.mx\/noticias\/wp-json\/wp\/v2\/types\/post"}],"author":[{"embeddable":true,"href":"https:\/\/reporteroshoy.mx\/noticias\/wp-json\/wp\/v2\/users\/5"}],"replies":[{"embeddable":true,"href":"https:\/\/reporteroshoy.mx\/noticias\/wp-json\/wp\/v2\/comments?post=102150"}],"version-history":[{"count":0,"href":"https:\/\/reporteroshoy.mx\/noticias\/wp-json\/wp\/v2\/posts\/102150\/revisions"}],"wp:featuredmedia":[{"embeddable":true,"href":"https:\/\/reporteroshoy.mx\/noticias\/wp-json\/wp\/v2\/media\/102152"}],"wp:attachment":[{"href":"https:\/\/reporteroshoy.mx\/noticias\/wp-json\/wp\/v2\/media?parent=102150"}],"wp:term":[{"taxonomy":"category","embeddable":true,"href":"https:\/\/reporteroshoy.mx\/noticias\/wp-json\/wp\/v2\/categories?post=102150"},{"taxonomy":"post_tag","embeddable":true,"href":"https:\/\/reporteroshoy.mx\/noticias\/wp-json\/wp\/v2\/tags?post=102150"}],"curies":[{"name":"wp","href":"https:\/\/api.w.org\/{rel}","templated":true}]}}