{"id":103091,"date":"2023-06-14T19:22:00","date_gmt":"2023-06-15T01:22:00","guid":{"rendered":"https:\/\/reporteroshoy.mx\/noticias\/?p=103091"},"modified":"2023-06-14T19:22:00","modified_gmt":"2023-06-15T01:22:00","slug":"adan-augusto-desafia-prohibiciones","status":"publish","type":"post","link":"https:\/\/reporteroshoy.mx\/noticias\/adan-augusto-desafia-prohibiciones\/","title":{"rendered":"Ad\u00e1n Augusto desaf\u00eda prohibiciones"},"content":{"rendered":"<p style=\"text-align: justify;\">A pesar de haber sido prohibido en los acuerdos primarios para las precandidaturas de Morena, Ad\u00e1n Augusto L\u00f3pez ha decidido utilizar la imagen del presidente Andr\u00e9s Manuel L\u00f3pez Obrador para promover su campa\u00f1a.<\/p>\n<p style=\"text-align: justify;\">En un espectacular ubicado en el perif\u00e9rico de M\u00e9rida, se autodenomina como \u00abel m\u00e1s cercano a AMLO\u00bb. Cabe destacar que Ad\u00e1n a\u00fan ostenta el cargo de secretario de Gobernaci\u00f3n.<\/p>\n<p><img loading=\"lazy\" decoding=\"async\" class=\"alignnone size-full wp-image-103092\" src=\"https:\/\/reporteroshoy.mx\/noticias\/wp-content\/uploads\/2023\/06\/ADAN-AUGUSTO_ESPECTACULARES.jpg\" alt=\"\" width=\"763\" height=\"501\" \/><\/p>\n<p style=\"text-align: justify;\">Ha guardado silencio durante varios d\u00edas, posiblemente para evaluar la distancia que lo separa de los l\u00edderes de las encuestas internas, No obstante, anunci\u00f3 que presentar\u00e1 su renuncia ante el presidente, el pr\u00f3ximo viernes 16.<\/p>\n<p style=\"text-align: justify;\">Sin embargo, el modo de promocionarse podr\u00eda constituir delitos electorales, lo cual derivar\u00eda en denuncias por parte de los partidos pol\u00edticos de oposici\u00f3n, tal como lo ha hecho el Revolucionario Institucional.<\/p>\n<p style=\"text-align: justify;\">Si bien este tipo de promoci\u00f3n no es nueva, los militantes de Morena en Yucat\u00e1n llevan meses dando pasos hacia adelante en su campa\u00f1a. En las calles de M\u00e9rida y en otras partes del estado, se pueden encontrar publicidad de Claudia Sheinbaum Pardo y tambi\u00e9n de Marcelo Ebrard.<\/p>\n<p style=\"text-align: justify;\">Estos actos buscan dar continuidad a la \u00abcuarta transformaci\u00f3n\u00bb pero a su manera, aunque claramente incumpliendo las leyes electorales establecidas.<\/p>\n<p style=\"text-align: justify;\">El uso indebido de la imagen de Andr\u00e9s Manuel L\u00f3pez Obrador para promover las precandidaturas ha generado pol\u00e9mica y despertada preocupaci\u00f3n entre los partidos de oposici\u00f3n que acusan a Morena de realizar pr\u00e1cticas irregulares previas a la campa\u00f1a electoral. El Revolucionario Institucional ha sido uno de los primeros en denunciar estas acciones y exigir que se respete la legalidad en el proceso electoral.<\/p>\n<p style=\"text-align: justify;\">Las autoridades electorales correspondientes deber\u00e1n analizar si la publicidad de los aspirantes de Morena constituye delitos electorales y determinar las sanciones correspondientes, en caso de comprobarse las violaciones a las leyes. Asimismo, se espera que se realicen investigaciones exhaustivas para garantizar la transparencia y equidad en el proceso electoral en Yucat\u00e1n.<\/p>\n<p style=\"text-align: justify;\"><em>ACOM<\/em><\/p>\n","protected":false},"excerpt":{"rendered":"<p>En sus anuncios espectaculares vincula su imagen con la de AMLO <\/p>\n","protected":false},"author":5,"featured_media":103092,"comment_status":"open","ping_status":"closed","sticky":false,"template":"","format":"standard","meta":{"footnotes":""},"categories":[24410],"tags":[20385,21032,51],"class_list":["post-103091","post","type-post","status-publish","format-standard","has-post-thumbnail","hentry","category-politica","tag-adan-augusto-lopez-hernandez","tag-espectaculares","tag-merida"],"yoast_head":"<!-- This site is optimized with the Yoast SEO plugin v28.4 - https:\/\/yoast.com\/product\/yoast-seo-wordpress\/ -->\n<title>Ad\u00e1n Augusto desaf\u00eda prohibiciones<\/title>\n<meta name=\"description\" content=\"En sus anuncios espectaculares vincula su imagen con la de AMLO\" \/>\n<meta name=\"robots\" content=\"index, follow, max-snippet:-1, max-image-preview:large, max-video-preview:-1\" \/>\n<link rel=\"canonical\" href=\"https:\/\/reporteroshoy.mx\/noticias\/adan-augusto-desafia-prohibiciones\/\" \/>\n<meta property=\"og:locale\" content=\"es_ES\" \/>\n<meta property=\"og:type\" content=\"article\" \/>\n<meta property=\"og:title\" content=\"Ad\u00e1n Augusto desaf\u00eda prohibiciones\" \/>\n<meta property=\"og:description\" content=\"En sus anuncios espectaculares vincula su imagen con la de AMLO\" \/>\n<meta property=\"og:url\" content=\"https:\/\/reporteroshoy.mx\/noticias\/adan-augusto-desafia-prohibiciones\/\" \/>\n<meta property=\"og:site_name\" content=\"Reporteros Hoy | Noticias de Yucat\u00e1n\" \/>\n<meta property=\"article:publisher\" content=\"http:\/\/www.facebook.com\/reporteroshoymx\" \/>\n<meta property=\"article:published_time\" content=\"2023-06-15T01:22:00+00:00\" \/>\n<meta property=\"og:image\" content=\"https:\/\/reporteroshoy.mx\/noticias\/wp-content\/uploads\/2023\/06\/ADAN-AUGUSTO_ESPECTACULARES.jpg\" \/>\n\t<meta property=\"og:image:width\" content=\"763\" \/>\n\t<meta property=\"og:image:height\" content=\"501\" \/>\n\t<meta property=\"og:image:type\" content=\"image\/jpeg\" \/>\n<meta name=\"author\" content=\"Reporteros Hoy IM\" \/>\n<meta name=\"twitter:card\" content=\"summary_large_image\" \/>\n<meta name=\"twitter:creator\" content=\"@reporteroshoy\" \/>\n<meta name=\"twitter:site\" content=\"@reporteroshoy\" \/>\n<meta name=\"twitter:label1\" content=\"Escrito por\" \/>\n\t<meta name=\"twitter:data1\" content=\"Reporteros Hoy IM\" \/>\n\t<meta name=\"twitter:label2\" content=\"Tiempo de lectura\" \/>\n\t<meta name=\"twitter:data2\" content=\"2 minutos\" \/>\n<script type=\"application\/ld+json\" class=\"yoast-schema-graph\">{\"@context\":\"https:\\\/\\\/schema.org\",\"@graph\":[{\"@type\":\"Article\",\"@id\":\"https:\\\/\\\/reporteroshoy.mx\\\/noticias\\\/adan-augusto-desafia-prohibiciones\\\/#article\",\"isPartOf\":{\"@id\":\"https:\\\/\\\/reporteroshoy.mx\\\/noticias\\\/adan-augusto-desafia-prohibiciones\\\/\"},\"author\":{\"name\":\"Reporteros Hoy IM\",\"@id\":\"https:\\\/\\\/reporteroshoy.mx\\\/noticias\\\/#\\\/schema\\\/person\\\/948520f0d88b01be2e5266bc4acbbc15\"},\"headline\":\"Ad\u00e1n Augusto desaf\u00eda prohibiciones\",\"datePublished\":\"2023-06-15T01:22:00+00:00\",\"mainEntityOfPage\":{\"@id\":\"https:\\\/\\\/reporteroshoy.mx\\\/noticias\\\/adan-augusto-desafia-prohibiciones\\\/\"},\"wordCount\":349,\"commentCount\":0,\"image\":{\"@id\":\"https:\\\/\\\/reporteroshoy.mx\\\/noticias\\\/adan-augusto-desafia-prohibiciones\\\/#primaryimage\"},\"thumbnailUrl\":\"https:\\\/\\\/reporteroshoy.mx\\\/noticias\\\/wp-content\\\/uploads\\\/2023\\\/06\\\/ADAN-AUGUSTO_ESPECTACULARES.jpg\",\"keywords\":[\"Ad\u00e1n Augusto L\u00f3pez Hern\u00e1ndez\",\"Espectaculares\",\"M\u00e9rida\"],\"articleSection\":[\"Pol\u00edtica\"],\"inLanguage\":\"es\",\"potentialAction\":[{\"@type\":\"CommentAction\",\"name\":\"Comment\",\"target\":[\"https:\\\/\\\/reporteroshoy.mx\\\/noticias\\\/adan-augusto-desafia-prohibiciones\\\/#respond\"]}]},{\"@type\":\"WebPage\",\"@id\":\"https:\\\/\\\/reporteroshoy.mx\\\/noticias\\\/adan-augusto-desafia-prohibiciones\\\/\",\"url\":\"https:\\\/\\\/reporteroshoy.mx\\\/noticias\\\/adan-augusto-desafia-prohibiciones\\\/\",\"name\":\"Ad\u00e1n Augusto desaf\u00eda prohibiciones\",\"isPartOf\":{\"@id\":\"https:\\\/\\\/reporteroshoy.mx\\\/noticias\\\/#website\"},\"primaryImageOfPage\":{\"@id\":\"https:\\\/\\\/reporteroshoy.mx\\\/noticias\\\/adan-augusto-desafia-prohibiciones\\\/#primaryimage\"},\"image\":{\"@id\":\"https:\\\/\\\/reporteroshoy.mx\\\/noticias\\\/adan-augusto-desafia-prohibiciones\\\/#primaryimage\"},\"thumbnailUrl\":\"https:\\\/\\\/reporteroshoy.mx\\\/noticias\\\/wp-content\\\/uploads\\\/2023\\\/06\\\/ADAN-AUGUSTO_ESPECTACULARES.jpg\",\"datePublished\":\"2023-06-15T01:22:00+00:00\",\"author\":{\"@id\":\"https:\\\/\\\/reporteroshoy.mx\\\/noticias\\\/#\\\/schema\\\/person\\\/948520f0d88b01be2e5266bc4acbbc15\"},\"description\":\"En sus anuncios espectaculares vincula su imagen con la de AMLO\",\"breadcrumb\":{\"@id\":\"https:\\\/\\\/reporteroshoy.mx\\\/noticias\\\/adan-augusto-desafia-prohibiciones\\\/#breadcrumb\"},\"inLanguage\":\"es\",\"potentialAction\":[{\"@type\":\"ReadAction\",\"target\":[\"https:\\\/\\\/reporteroshoy.mx\\\/noticias\\\/adan-augusto-desafia-prohibiciones\\\/\"]}]},{\"@type\":\"ImageObject\",\"inLanguage\":\"es\",\"@id\":\"https:\\\/\\\/reporteroshoy.mx\\\/noticias\\\/adan-augusto-desafia-prohibiciones\\\/#primaryimage\",\"url\":\"https:\\\/\\\/reporteroshoy.mx\\\/noticias\\\/wp-content\\\/uploads\\\/2023\\\/06\\\/ADAN-AUGUSTO_ESPECTACULARES.jpg\",\"contentUrl\":\"https:\\\/\\\/reporteroshoy.mx\\\/noticias\\\/wp-content\\\/uploads\\\/2023\\\/06\\\/ADAN-AUGUSTO_ESPECTACULARES.jpg\",\"width\":763,\"height\":501},{\"@type\":\"BreadcrumbList\",\"@id\":\"https:\\\/\\\/reporteroshoy.mx\\\/noticias\\\/adan-augusto-desafia-prohibiciones\\\/#breadcrumb\",\"itemListElement\":[{\"@type\":\"ListItem\",\"position\":1,\"name\":\"Portada\",\"item\":\"https:\\\/\\\/reporteroshoy.mx\\\/noticias\\\/\"},{\"@type\":\"ListItem\",\"position\":2,\"name\":\"Ad\u00e1n Augusto desaf\u00eda prohibiciones\"}]},{\"@type\":\"WebSite\",\"@id\":\"https:\\\/\\\/reporteroshoy.mx\\\/noticias\\\/#website\",\"url\":\"https:\\\/\\\/reporteroshoy.mx\\\/noticias\\\/\",\"name\":\"Reporteros Hoy | Noticias de Yucat\u00e1n\",\"description\":\"Peri\u00f3dico digital con noticias diarias desde M\u00e9rida, Yucat\u00e1n para el mundo.\",\"potentialAction\":[{\"@type\":\"SearchAction\",\"target\":{\"@type\":\"EntryPoint\",\"urlTemplate\":\"https:\\\/\\\/reporteroshoy.mx\\\/noticias\\\/?s={search_term_string}\"},\"query-input\":{\"@type\":\"PropertyValueSpecification\",\"valueRequired\":true,\"valueName\":\"search_term_string\"}}],\"inLanguage\":\"es\"},{\"@type\":\"Person\",\"@id\":\"https:\\\/\\\/reporteroshoy.mx\\\/noticias\\\/#\\\/schema\\\/person\\\/948520f0d88b01be2e5266bc4acbbc15\",\"name\":\"Reporteros Hoy IM\",\"image\":{\"@type\":\"ImageObject\",\"inLanguage\":\"es\",\"@id\":\"https:\\\/\\\/secure.gravatar.com\\\/avatar\\\/d843030b96552826ac048bdfe26f2895604b800ed0c880ee55765a74d95dfc65?s=96&d=mm&r=g\",\"url\":\"https:\\\/\\\/secure.gravatar.com\\\/avatar\\\/d843030b96552826ac048bdfe26f2895604b800ed0c880ee55765a74d95dfc65?s=96&d=mm&r=g\",\"contentUrl\":\"https:\\\/\\\/secure.gravatar.com\\\/avatar\\\/d843030b96552826ac048bdfe26f2895604b800ed0c880ee55765a74d95dfc65?s=96&d=mm&r=g\",\"caption\":\"Reporteros Hoy IM\"},\"url\":\"https:\\\/\\\/reporteroshoy.mx\\\/noticias\\\/author\\\/israel\\\/\"}]}<\/script>\n<!-- \/ Yoast SEO plugin. -->","yoast_head_json":{"title":"Ad\u00e1n Augusto desaf\u00eda prohibiciones","description":"En sus anuncios espectaculares vincula su imagen con la de AMLO","robots":{"index":"index","follow":"follow","max-snippet":"max-snippet:-1","max-image-preview":"max-image-preview:large","max-video-preview":"max-video-preview:-1"},"canonical":"https:\/\/reporteroshoy.mx\/noticias\/adan-augusto-desafia-prohibiciones\/","og_locale":"es_ES","og_type":"article","og_title":"Ad\u00e1n Augusto desaf\u00eda prohibiciones","og_description":"En sus anuncios espectaculares vincula su imagen con la de AMLO","og_url":"https:\/\/reporteroshoy.mx\/noticias\/adan-augusto-desafia-prohibiciones\/","og_site_name":"Reporteros Hoy | Noticias de Yucat\u00e1n","article_publisher":"http:\/\/www.facebook.com\/reporteroshoymx","article_published_time":"2023-06-15T01:22:00+00:00","og_image":[{"width":763,"height":501,"url":"https:\/\/reporteroshoy.mx\/noticias\/wp-content\/uploads\/2023\/06\/ADAN-AUGUSTO_ESPECTACULARES.jpg","type":"image\/jpeg"}],"author":"Reporteros Hoy IM","twitter_card":"summary_large_image","twitter_creator":"@reporteroshoy","twitter_site":"@reporteroshoy","twitter_misc":{"Escrito por":"Reporteros Hoy IM","Tiempo de lectura":"2 minutos"},"schema":{"@context":"https:\/\/schema.org","@graph":[{"@type":"Article","@id":"https:\/\/reporteroshoy.mx\/noticias\/adan-augusto-desafia-prohibiciones\/#article","isPartOf":{"@id":"https:\/\/reporteroshoy.mx\/noticias\/adan-augusto-desafia-prohibiciones\/"},"author":{"name":"Reporteros Hoy IM","@id":"https:\/\/reporteroshoy.mx\/noticias\/#\/schema\/person\/948520f0d88b01be2e5266bc4acbbc15"},"headline":"Ad\u00e1n Augusto desaf\u00eda prohibiciones","datePublished":"2023-06-15T01:22:00+00:00","mainEntityOfPage":{"@id":"https:\/\/reporteroshoy.mx\/noticias\/adan-augusto-desafia-prohibiciones\/"},"wordCount":349,"commentCount":0,"image":{"@id":"https:\/\/reporteroshoy.mx\/noticias\/adan-augusto-desafia-prohibiciones\/#primaryimage"},"thumbnailUrl":"https:\/\/reporteroshoy.mx\/noticias\/wp-content\/uploads\/2023\/06\/ADAN-AUGUSTO_ESPECTACULARES.jpg","keywords":["Ad\u00e1n Augusto L\u00f3pez Hern\u00e1ndez","Espectaculares","M\u00e9rida"],"articleSection":["Pol\u00edtica"],"inLanguage":"es","potentialAction":[{"@type":"CommentAction","name":"Comment","target":["https:\/\/reporteroshoy.mx\/noticias\/adan-augusto-desafia-prohibiciones\/#respond"]}]},{"@type":"WebPage","@id":"https:\/\/reporteroshoy.mx\/noticias\/adan-augusto-desafia-prohibiciones\/","url":"https:\/\/reporteroshoy.mx\/noticias\/adan-augusto-desafia-prohibiciones\/","name":"Ad\u00e1n Augusto desaf\u00eda prohibiciones","isPartOf":{"@id":"https:\/\/reporteroshoy.mx\/noticias\/#website"},"primaryImageOfPage":{"@id":"https:\/\/reporteroshoy.mx\/noticias\/adan-augusto-desafia-prohibiciones\/#primaryimage"},"image":{"@id":"https:\/\/reporteroshoy.mx\/noticias\/adan-augusto-desafia-prohibiciones\/#primaryimage"},"thumbnailUrl":"https:\/\/reporteroshoy.mx\/noticias\/wp-content\/uploads\/2023\/06\/ADAN-AUGUSTO_ESPECTACULARES.jpg","datePublished":"2023-06-15T01:22:00+00:00","author":{"@id":"https:\/\/reporteroshoy.mx\/noticias\/#\/schema\/person\/948520f0d88b01be2e5266bc4acbbc15"},"description":"En sus anuncios espectaculares vincula su imagen con la de AMLO","breadcrumb":{"@id":"https:\/\/reporteroshoy.mx\/noticias\/adan-augusto-desafia-prohibiciones\/#breadcrumb"},"inLanguage":"es","potentialAction":[{"@type":"ReadAction","target":["https:\/\/reporteroshoy.mx\/noticias\/adan-augusto-desafia-prohibiciones\/"]}]},{"@type":"ImageObject","inLanguage":"es","@id":"https:\/\/reporteroshoy.mx\/noticias\/adan-augusto-desafia-prohibiciones\/#primaryimage","url":"https:\/\/reporteroshoy.mx\/noticias\/wp-content\/uploads\/2023\/06\/ADAN-AUGUSTO_ESPECTACULARES.jpg","contentUrl":"https:\/\/reporteroshoy.mx\/noticias\/wp-content\/uploads\/2023\/06\/ADAN-AUGUSTO_ESPECTACULARES.jpg","width":763,"height":501},{"@type":"BreadcrumbList","@id":"https:\/\/reporteroshoy.mx\/noticias\/adan-augusto-desafia-prohibiciones\/#breadcrumb","itemListElement":[{"@type":"ListItem","position":1,"name":"Portada","item":"https:\/\/reporteroshoy.mx\/noticias\/"},{"@type":"ListItem","position":2,"name":"Ad\u00e1n Augusto desaf\u00eda prohibiciones"}]},{"@type":"WebSite","@id":"https:\/\/reporteroshoy.mx\/noticias\/#website","url":"https:\/\/reporteroshoy.mx\/noticias\/","name":"Reporteros Hoy | Noticias de Yucat\u00e1n","description":"Peri\u00f3dico digital con noticias diarias desde M\u00e9rida, Yucat\u00e1n para el mundo.","potentialAction":[{"@type":"SearchAction","target":{"@type":"EntryPoint","urlTemplate":"https:\/\/reporteroshoy.mx\/noticias\/?s={search_term_string}"},"query-input":{"@type":"PropertyValueSpecification","valueRequired":true,"valueName":"search_term_string"}}],"inLanguage":"es"},{"@type":"Person","@id":"https:\/\/reporteroshoy.mx\/noticias\/#\/schema\/person\/948520f0d88b01be2e5266bc4acbbc15","name":"Reporteros Hoy IM","image":{"@type":"ImageObject","inLanguage":"es","@id":"https:\/\/secure.gravatar.com\/avatar\/d843030b96552826ac048bdfe26f2895604b800ed0c880ee55765a74d95dfc65?s=96&d=mm&r=g","url":"https:\/\/secure.gravatar.com\/avatar\/d843030b96552826ac048bdfe26f2895604b800ed0c880ee55765a74d95dfc65?s=96&d=mm&r=g","contentUrl":"https:\/\/secure.gravatar.com\/avatar\/d843030b96552826ac048bdfe26f2895604b800ed0c880ee55765a74d95dfc65?s=96&d=mm&r=g","caption":"Reporteros Hoy IM"},"url":"https:\/\/reporteroshoy.mx\/noticias\/author\/israel\/"}]}},"_links":{"self":[{"href":"https:\/\/reporteroshoy.mx\/noticias\/wp-json\/wp\/v2\/posts\/103091","targetHints":{"allow":["GET"]}}],"collection":[{"href":"https:\/\/reporteroshoy.mx\/noticias\/wp-json\/wp\/v2\/posts"}],"about":[{"href":"https:\/\/reporteroshoy.mx\/noticias\/wp-json\/wp\/v2\/types\/post"}],"author":[{"embeddable":true,"href":"https:\/\/reporteroshoy.mx\/noticias\/wp-json\/wp\/v2\/users\/5"}],"replies":[{"embeddable":true,"href":"https:\/\/reporteroshoy.mx\/noticias\/wp-json\/wp\/v2\/comments?post=103091"}],"version-history":[{"count":0,"href":"https:\/\/reporteroshoy.mx\/noticias\/wp-json\/wp\/v2\/posts\/103091\/revisions"}],"wp:featuredmedia":[{"embeddable":true,"href":"https:\/\/reporteroshoy.mx\/noticias\/wp-json\/wp\/v2\/media\/103092"}],"wp:attachment":[{"href":"https:\/\/reporteroshoy.mx\/noticias\/wp-json\/wp\/v2\/media?parent=103091"}],"wp:term":[{"taxonomy":"category","embeddable":true,"href":"https:\/\/reporteroshoy.mx\/noticias\/wp-json\/wp\/v2\/categories?post=103091"},{"taxonomy":"post_tag","embeddable":true,"href":"https:\/\/reporteroshoy.mx\/noticias\/wp-json\/wp\/v2\/tags?post=103091"}],"curies":[{"name":"wp","href":"https:\/\/api.w.org\/{rel}","templated":true}]}}