{"id":103109,"date":"2023-06-15T14:39:43","date_gmt":"2023-06-15T20:39:43","guid":{"rendered":"https:\/\/reporteroshoy.mx\/noticias\/?p=103109"},"modified":"2023-06-15T14:39:43","modified_gmt":"2023-06-15T20:39:43","slug":"congreso-otorga-constancias-de-participacion-al-curso-de-lengua-maya","status":"publish","type":"post","link":"https:\/\/reporteroshoy.mx\/noticias\/congreso-otorga-constancias-de-participacion-al-curso-de-lengua-maya\/","title":{"rendered":"Congreso otorga constancias de participaci\u00f3n al Curso de Lengua Maya"},"content":{"rendered":"<p style=\"text-align: justify;\">En un esfuerzo por promover la inclusi\u00f3n y garantizar el derecho de las personas maya hablantes a participar en los espacios de toma de decisiones, el Congreso del Estado entreg\u00f3 constancias de participaci\u00f3n a los alumnos que completaron con \u00e9xito el \u00abPrimer Curso de Lengua Maya para mejorar la atenci\u00f3n en el Servicio P\u00fablico\u00bb.<\/p>\n<p style=\"text-align: justify;\">La iniciativa, liderada por la diputada Melba Gamboa \u00c1vila, busca capacitar al personal del Poder Legislativo en el idioma maya para fomentar una mejor comunicaci\u00f3n y comprensi\u00f3n de las necesidades de las comunidades ind\u00edgenas.<\/p>\n<p><img loading=\"lazy\" decoding=\"async\" class=\"wp-image-103110 aligncenter\" src=\"https:\/\/reporteroshoy.mx\/noticias\/wp-content\/uploads\/2023\/06\/Congreso-maya1-scaled.jpg\" alt=\"\" width=\"600\" height=\"338\" \/><\/p>\n<p style=\"text-align: justify;\">En sus declaraciones, la diputada Gamboa \u00c1vila destac\u00f3 la importancia de los pueblos ind\u00edgenas como testigos vivos de la humanidad, resaltando su rica tradici\u00f3n cultural y su papel fundamental en la sociedad. Asimismo, enfatiz\u00f3 que conocer, proteger y preservar los idiomas y dialectos ind\u00edgenas es una responsabilidad fundamental para aquellos que ocupan cargos p\u00fablicos.<\/p>\n<p style=\"text-align: justify;\">\u00abDesde el Congreso, somos conscientes de los desaf\u00edos que enfrenta la preservaci\u00f3n de la Cultura Maya, lo que nos ha motivado a tomar acciones que contribuyan a su promoci\u00f3n y cuidado. As\u00ed naci\u00f3 este curso\u00bb, se\u00f1al\u00f3 la legisladora.<\/p>\n<p style=\"text-align: justify;\">Gamboa \u00c1vila expres\u00f3 su reconocimiento a los trabajadores que respondieron a la convocatoria y se comprometieron semana tras semana con los contenidos presentados por el Departamento de Promoci\u00f3n de la Cultura Maya del Legislativo.<\/p>\n<p><img loading=\"lazy\" decoding=\"async\" class=\"wp-image-103111 aligncenter\" src=\"https:\/\/reporteroshoy.mx\/noticias\/wp-content\/uploads\/2023\/06\/Congreso-maya-scaled.jpg\" alt=\"\" width=\"605\" height=\"341\" \/><\/p>\n<p style=\"text-align: justify;\">Durante el evento, la diputada agradeci\u00f3 el apoyo del diputado presidente de la Junta de Gobierno y Coordinaci\u00f3n Pol\u00edtica, V\u00edctor Hugo Lozano Poveda, as\u00ed como de la diputada Manuela Cocom Bolio, presidenta de la Comisi\u00f3n Permanente para el Respeto y Preservaci\u00f3n de la Cultura Maya. Tambi\u00e9n extendi\u00f3 su gratitud al director del Instituto de Investigaci\u00f3n Legislativa, Lic. Mario Maldonado Espinosa, y al Mtro. Sa\u00fal Canch\u00e9, jefe del departamento de promoci\u00f3n de la Cultura Maya, as\u00ed como a los diputados y al personal del Congreso del Estado.<\/p>\n<p style=\"text-align: justify;\">En el evento tambi\u00e9n estuvieron presentes los diputados Luis Fern\u00e1ndez Vidal, Ra\u00fal Romero Chel, Eduardo Sobrino Sierra, as\u00ed como las diputadas Dafne L\u00f3pez Osorio y Vida G\u00f3mez Herrera, quienes mostraron su apoyo a la iniciativa y felicitaron a los alumnos por su dedicaci\u00f3n y compromiso.<\/p>\n<p style=\"text-align: justify;\">La entrega de estas constancias representa un paso importante hacia la promoci\u00f3n y preservaci\u00f3n de la Cultura Maya, as\u00ed como hacia una mayor inclusi\u00f3n de las personas maya hablantes en los \u00e1mbitos de toma de decisiones. El Congreso del Estado reafirma su compromiso con la diversidad cultural y se compromete a seguir trabajando en acciones que fortalezcan la participaci\u00f3n de las comunidades ind\u00edgenas en la vida p\u00fablica.<\/p>\n","protected":false},"excerpt":{"rendered":"<p>La iniciativa busca capacitar al personal del Poder Legislativo en el idioma maya.<\/p>\n","protected":false},"author":9,"featured_media":103111,"comment_status":"open","ping_status":"closed","sticky":false,"template":"","format":"standard","meta":{"footnotes":""},"categories":[24410],"tags":[1014,24549,397],"class_list":["post-103109","post","type-post","status-publish","format-standard","has-post-thumbnail","hentry","category-politica","tag-congreso-yucateco","tag-constancia","tag-lengua-maya"],"yoast_head":"<!-- This site is optimized with the Yoast SEO plugin v28.4 - https:\/\/yoast.com\/product\/yoast-seo-wordpress\/ -->\n<title>Congreso otorga constancias de participaci\u00f3n al Curso de Lengua Maya<\/title>\n<meta name=\"description\" content=\"La iniciativa busca capacitar al personal del Poder Legislativo en el idioma maya.\" \/>\n<meta name=\"robots\" content=\"index, follow, max-snippet:-1, max-image-preview:large, max-video-preview:-1\" \/>\n<link rel=\"canonical\" href=\"https:\/\/reporteroshoy.mx\/noticias\/congreso-otorga-constancias-de-participacion-al-curso-de-lengua-maya\/\" \/>\n<meta property=\"og:locale\" content=\"es_ES\" \/>\n<meta property=\"og:type\" content=\"article\" \/>\n<meta property=\"og:title\" content=\"Congreso otorga constancias de participaci\u00f3n al Curso de Lengua Maya\" \/>\n<meta property=\"og:description\" content=\"La iniciativa busca capacitar al personal del Poder Legislativo en el idioma maya.\" \/>\n<meta property=\"og:url\" content=\"https:\/\/reporteroshoy.mx\/noticias\/congreso-otorga-constancias-de-participacion-al-curso-de-lengua-maya\/\" \/>\n<meta property=\"og:site_name\" content=\"Reporteros Hoy | Noticias de Yucat\u00e1n\" \/>\n<meta property=\"article:publisher\" content=\"http:\/\/www.facebook.com\/reporteroshoymx\" \/>\n<meta property=\"article:published_time\" content=\"2023-06-15T20:39:43+00:00\" \/>\n<meta property=\"og:image\" content=\"https:\/\/reporteroshoy.mx\/noticias\/wp-content\/uploads\/2023\/06\/Congreso-maya-scaled.jpg\" \/>\n\t<meta property=\"og:image:width\" content=\"768\" \/>\n\t<meta property=\"og:image:height\" content=\"432\" \/>\n\t<meta property=\"og:image:type\" content=\"image\/jpeg\" \/>\n<meta name=\"author\" content=\"Reporteros Hoy WP\" \/>\n<meta name=\"twitter:card\" content=\"summary_large_image\" \/>\n<meta name=\"twitter:creator\" content=\"@reporteroshoy\" \/>\n<meta name=\"twitter:site\" content=\"@reporteroshoy\" \/>\n<meta name=\"twitter:label1\" content=\"Escrito por\" \/>\n\t<meta name=\"twitter:data1\" content=\"Reporteros Hoy WP\" \/>\n\t<meta name=\"twitter:label2\" content=\"Tiempo de lectura\" \/>\n\t<meta name=\"twitter:data2\" content=\"3 minutos\" \/>\n<script type=\"application\/ld+json\" class=\"yoast-schema-graph\">{\"@context\":\"https:\\\/\\\/schema.org\",\"@graph\":[{\"@type\":\"Article\",\"@id\":\"https:\\\/\\\/reporteroshoy.mx\\\/noticias\\\/congreso-otorga-constancias-de-participacion-al-curso-de-lengua-maya\\\/#article\",\"isPartOf\":{\"@id\":\"https:\\\/\\\/reporteroshoy.mx\\\/noticias\\\/congreso-otorga-constancias-de-participacion-al-curso-de-lengua-maya\\\/\"},\"author\":{\"name\":\"Reporteros Hoy WP\",\"@id\":\"https:\\\/\\\/reporteroshoy.mx\\\/noticias\\\/#\\\/schema\\\/person\\\/c977527e57c958a62c5cefe8fe47876e\"},\"headline\":\"Congreso otorga constancias de participaci\u00f3n al Curso de Lengua Maya\",\"datePublished\":\"2023-06-15T20:39:43+00:00\",\"mainEntityOfPage\":{\"@id\":\"https:\\\/\\\/reporteroshoy.mx\\\/noticias\\\/congreso-otorga-constancias-de-participacion-al-curso-de-lengua-maya\\\/\"},\"wordCount\":460,\"commentCount\":0,\"image\":{\"@id\":\"https:\\\/\\\/reporteroshoy.mx\\\/noticias\\\/congreso-otorga-constancias-de-participacion-al-curso-de-lengua-maya\\\/#primaryimage\"},\"thumbnailUrl\":\"https:\\\/\\\/reporteroshoy.mx\\\/noticias\\\/wp-content\\\/uploads\\\/2023\\\/06\\\/Congreso-maya-scaled.jpg\",\"keywords\":[\"Congreso Yucateco\",\"Constancia\",\"Lengua Maya\"],\"articleSection\":[\"Pol\u00edtica\"],\"inLanguage\":\"es\",\"potentialAction\":[{\"@type\":\"CommentAction\",\"name\":\"Comment\",\"target\":[\"https:\\\/\\\/reporteroshoy.mx\\\/noticias\\\/congreso-otorga-constancias-de-participacion-al-curso-de-lengua-maya\\\/#respond\"]}]},{\"@type\":\"WebPage\",\"@id\":\"https:\\\/\\\/reporteroshoy.mx\\\/noticias\\\/congreso-otorga-constancias-de-participacion-al-curso-de-lengua-maya\\\/\",\"url\":\"https:\\\/\\\/reporteroshoy.mx\\\/noticias\\\/congreso-otorga-constancias-de-participacion-al-curso-de-lengua-maya\\\/\",\"name\":\"Congreso otorga constancias de participaci\u00f3n al Curso de Lengua Maya\",\"isPartOf\":{\"@id\":\"https:\\\/\\\/reporteroshoy.mx\\\/noticias\\\/#website\"},\"primaryImageOfPage\":{\"@id\":\"https:\\\/\\\/reporteroshoy.mx\\\/noticias\\\/congreso-otorga-constancias-de-participacion-al-curso-de-lengua-maya\\\/#primaryimage\"},\"image\":{\"@id\":\"https:\\\/\\\/reporteroshoy.mx\\\/noticias\\\/congreso-otorga-constancias-de-participacion-al-curso-de-lengua-maya\\\/#primaryimage\"},\"thumbnailUrl\":\"https:\\\/\\\/reporteroshoy.mx\\\/noticias\\\/wp-content\\\/uploads\\\/2023\\\/06\\\/Congreso-maya-scaled.jpg\",\"datePublished\":\"2023-06-15T20:39:43+00:00\",\"author\":{\"@id\":\"https:\\\/\\\/reporteroshoy.mx\\\/noticias\\\/#\\\/schema\\\/person\\\/c977527e57c958a62c5cefe8fe47876e\"},\"description\":\"La iniciativa busca capacitar al personal del Poder Legislativo en el idioma maya.\",\"breadcrumb\":{\"@id\":\"https:\\\/\\\/reporteroshoy.mx\\\/noticias\\\/congreso-otorga-constancias-de-participacion-al-curso-de-lengua-maya\\\/#breadcrumb\"},\"inLanguage\":\"es\",\"potentialAction\":[{\"@type\":\"ReadAction\",\"target\":[\"https:\\\/\\\/reporteroshoy.mx\\\/noticias\\\/congreso-otorga-constancias-de-participacion-al-curso-de-lengua-maya\\\/\"]}]},{\"@type\":\"ImageObject\",\"inLanguage\":\"es\",\"@id\":\"https:\\\/\\\/reporteroshoy.mx\\\/noticias\\\/congreso-otorga-constancias-de-participacion-al-curso-de-lengua-maya\\\/#primaryimage\",\"url\":\"https:\\\/\\\/reporteroshoy.mx\\\/noticias\\\/wp-content\\\/uploads\\\/2023\\\/06\\\/Congreso-maya-scaled.jpg\",\"contentUrl\":\"https:\\\/\\\/reporteroshoy.mx\\\/noticias\\\/wp-content\\\/uploads\\\/2023\\\/06\\\/Congreso-maya-scaled.jpg\",\"width\":768,\"height\":432},{\"@type\":\"BreadcrumbList\",\"@id\":\"https:\\\/\\\/reporteroshoy.mx\\\/noticias\\\/congreso-otorga-constancias-de-participacion-al-curso-de-lengua-maya\\\/#breadcrumb\",\"itemListElement\":[{\"@type\":\"ListItem\",\"position\":1,\"name\":\"Portada\",\"item\":\"https:\\\/\\\/reporteroshoy.mx\\\/noticias\\\/\"},{\"@type\":\"ListItem\",\"position\":2,\"name\":\"Congreso otorga constancias de participaci\u00f3n al Curso de Lengua Maya\"}]},{\"@type\":\"WebSite\",\"@id\":\"https:\\\/\\\/reporteroshoy.mx\\\/noticias\\\/#website\",\"url\":\"https:\\\/\\\/reporteroshoy.mx\\\/noticias\\\/\",\"name\":\"Reporteros Hoy | Noticias de Yucat\u00e1n\",\"description\":\"Peri\u00f3dico digital con noticias diarias desde M\u00e9rida, Yucat\u00e1n para el mundo.\",\"potentialAction\":[{\"@type\":\"SearchAction\",\"target\":{\"@type\":\"EntryPoint\",\"urlTemplate\":\"https:\\\/\\\/reporteroshoy.mx\\\/noticias\\\/?s={search_term_string}\"},\"query-input\":{\"@type\":\"PropertyValueSpecification\",\"valueRequired\":true,\"valueName\":\"search_term_string\"}}],\"inLanguage\":\"es\"},{\"@type\":\"Person\",\"@id\":\"https:\\\/\\\/reporteroshoy.mx\\\/noticias\\\/#\\\/schema\\\/person\\\/c977527e57c958a62c5cefe8fe47876e\",\"name\":\"Reporteros Hoy WP\",\"image\":{\"@type\":\"ImageObject\",\"inLanguage\":\"es\",\"@id\":\"https:\\\/\\\/secure.gravatar.com\\\/avatar\\\/fd2917f79a7dae30f8ac9ddc2f35e1756bb59e25e01d1cd09deaa64df7b2f73e?s=96&d=mm&r=g\",\"url\":\"https:\\\/\\\/secure.gravatar.com\\\/avatar\\\/fd2917f79a7dae30f8ac9ddc2f35e1756bb59e25e01d1cd09deaa64df7b2f73e?s=96&d=mm&r=g\",\"contentUrl\":\"https:\\\/\\\/secure.gravatar.com\\\/avatar\\\/fd2917f79a7dae30f8ac9ddc2f35e1756bb59e25e01d1cd09deaa64df7b2f73e?s=96&d=mm&r=g\",\"caption\":\"Reporteros Hoy WP\"},\"url\":\"https:\\\/\\\/reporteroshoy.mx\\\/noticias\\\/author\\\/walfer\\\/\"}]}<\/script>\n<!-- \/ Yoast SEO plugin. -->","yoast_head_json":{"title":"Congreso otorga constancias de participaci\u00f3n al Curso de Lengua Maya","description":"La iniciativa busca capacitar al personal del Poder Legislativo en el idioma maya.","robots":{"index":"index","follow":"follow","max-snippet":"max-snippet:-1","max-image-preview":"max-image-preview:large","max-video-preview":"max-video-preview:-1"},"canonical":"https:\/\/reporteroshoy.mx\/noticias\/congreso-otorga-constancias-de-participacion-al-curso-de-lengua-maya\/","og_locale":"es_ES","og_type":"article","og_title":"Congreso otorga constancias de participaci\u00f3n al Curso de Lengua Maya","og_description":"La iniciativa busca capacitar al personal del Poder Legislativo en el idioma maya.","og_url":"https:\/\/reporteroshoy.mx\/noticias\/congreso-otorga-constancias-de-participacion-al-curso-de-lengua-maya\/","og_site_name":"Reporteros Hoy | Noticias de Yucat\u00e1n","article_publisher":"http:\/\/www.facebook.com\/reporteroshoymx","article_published_time":"2023-06-15T20:39:43+00:00","og_image":[{"width":768,"height":432,"url":"https:\/\/reporteroshoy.mx\/noticias\/wp-content\/uploads\/2023\/06\/Congreso-maya-scaled.jpg","type":"image\/jpeg"}],"author":"Reporteros Hoy WP","twitter_card":"summary_large_image","twitter_creator":"@reporteroshoy","twitter_site":"@reporteroshoy","twitter_misc":{"Escrito por":"Reporteros Hoy WP","Tiempo de lectura":"3 minutos"},"schema":{"@context":"https:\/\/schema.org","@graph":[{"@type":"Article","@id":"https:\/\/reporteroshoy.mx\/noticias\/congreso-otorga-constancias-de-participacion-al-curso-de-lengua-maya\/#article","isPartOf":{"@id":"https:\/\/reporteroshoy.mx\/noticias\/congreso-otorga-constancias-de-participacion-al-curso-de-lengua-maya\/"},"author":{"name":"Reporteros Hoy WP","@id":"https:\/\/reporteroshoy.mx\/noticias\/#\/schema\/person\/c977527e57c958a62c5cefe8fe47876e"},"headline":"Congreso otorga constancias de participaci\u00f3n al Curso de Lengua Maya","datePublished":"2023-06-15T20:39:43+00:00","mainEntityOfPage":{"@id":"https:\/\/reporteroshoy.mx\/noticias\/congreso-otorga-constancias-de-participacion-al-curso-de-lengua-maya\/"},"wordCount":460,"commentCount":0,"image":{"@id":"https:\/\/reporteroshoy.mx\/noticias\/congreso-otorga-constancias-de-participacion-al-curso-de-lengua-maya\/#primaryimage"},"thumbnailUrl":"https:\/\/reporteroshoy.mx\/noticias\/wp-content\/uploads\/2023\/06\/Congreso-maya-scaled.jpg","keywords":["Congreso Yucateco","Constancia","Lengua Maya"],"articleSection":["Pol\u00edtica"],"inLanguage":"es","potentialAction":[{"@type":"CommentAction","name":"Comment","target":["https:\/\/reporteroshoy.mx\/noticias\/congreso-otorga-constancias-de-participacion-al-curso-de-lengua-maya\/#respond"]}]},{"@type":"WebPage","@id":"https:\/\/reporteroshoy.mx\/noticias\/congreso-otorga-constancias-de-participacion-al-curso-de-lengua-maya\/","url":"https:\/\/reporteroshoy.mx\/noticias\/congreso-otorga-constancias-de-participacion-al-curso-de-lengua-maya\/","name":"Congreso otorga constancias de participaci\u00f3n al Curso de Lengua Maya","isPartOf":{"@id":"https:\/\/reporteroshoy.mx\/noticias\/#website"},"primaryImageOfPage":{"@id":"https:\/\/reporteroshoy.mx\/noticias\/congreso-otorga-constancias-de-participacion-al-curso-de-lengua-maya\/#primaryimage"},"image":{"@id":"https:\/\/reporteroshoy.mx\/noticias\/congreso-otorga-constancias-de-participacion-al-curso-de-lengua-maya\/#primaryimage"},"thumbnailUrl":"https:\/\/reporteroshoy.mx\/noticias\/wp-content\/uploads\/2023\/06\/Congreso-maya-scaled.jpg","datePublished":"2023-06-15T20:39:43+00:00","author":{"@id":"https:\/\/reporteroshoy.mx\/noticias\/#\/schema\/person\/c977527e57c958a62c5cefe8fe47876e"},"description":"La iniciativa busca capacitar al personal del Poder Legislativo en el idioma maya.","breadcrumb":{"@id":"https:\/\/reporteroshoy.mx\/noticias\/congreso-otorga-constancias-de-participacion-al-curso-de-lengua-maya\/#breadcrumb"},"inLanguage":"es","potentialAction":[{"@type":"ReadAction","target":["https:\/\/reporteroshoy.mx\/noticias\/congreso-otorga-constancias-de-participacion-al-curso-de-lengua-maya\/"]}]},{"@type":"ImageObject","inLanguage":"es","@id":"https:\/\/reporteroshoy.mx\/noticias\/congreso-otorga-constancias-de-participacion-al-curso-de-lengua-maya\/#primaryimage","url":"https:\/\/reporteroshoy.mx\/noticias\/wp-content\/uploads\/2023\/06\/Congreso-maya-scaled.jpg","contentUrl":"https:\/\/reporteroshoy.mx\/noticias\/wp-content\/uploads\/2023\/06\/Congreso-maya-scaled.jpg","width":768,"height":432},{"@type":"BreadcrumbList","@id":"https:\/\/reporteroshoy.mx\/noticias\/congreso-otorga-constancias-de-participacion-al-curso-de-lengua-maya\/#breadcrumb","itemListElement":[{"@type":"ListItem","position":1,"name":"Portada","item":"https:\/\/reporteroshoy.mx\/noticias\/"},{"@type":"ListItem","position":2,"name":"Congreso otorga constancias de participaci\u00f3n al Curso de Lengua Maya"}]},{"@type":"WebSite","@id":"https:\/\/reporteroshoy.mx\/noticias\/#website","url":"https:\/\/reporteroshoy.mx\/noticias\/","name":"Reporteros Hoy | Noticias de Yucat\u00e1n","description":"Peri\u00f3dico digital con noticias diarias desde M\u00e9rida, Yucat\u00e1n para el mundo.","potentialAction":[{"@type":"SearchAction","target":{"@type":"EntryPoint","urlTemplate":"https:\/\/reporteroshoy.mx\/noticias\/?s={search_term_string}"},"query-input":{"@type":"PropertyValueSpecification","valueRequired":true,"valueName":"search_term_string"}}],"inLanguage":"es"},{"@type":"Person","@id":"https:\/\/reporteroshoy.mx\/noticias\/#\/schema\/person\/c977527e57c958a62c5cefe8fe47876e","name":"Reporteros Hoy WP","image":{"@type":"ImageObject","inLanguage":"es","@id":"https:\/\/secure.gravatar.com\/avatar\/fd2917f79a7dae30f8ac9ddc2f35e1756bb59e25e01d1cd09deaa64df7b2f73e?s=96&d=mm&r=g","url":"https:\/\/secure.gravatar.com\/avatar\/fd2917f79a7dae30f8ac9ddc2f35e1756bb59e25e01d1cd09deaa64df7b2f73e?s=96&d=mm&r=g","contentUrl":"https:\/\/secure.gravatar.com\/avatar\/fd2917f79a7dae30f8ac9ddc2f35e1756bb59e25e01d1cd09deaa64df7b2f73e?s=96&d=mm&r=g","caption":"Reporteros Hoy WP"},"url":"https:\/\/reporteroshoy.mx\/noticias\/author\/walfer\/"}]}},"_links":{"self":[{"href":"https:\/\/reporteroshoy.mx\/noticias\/wp-json\/wp\/v2\/posts\/103109","targetHints":{"allow":["GET"]}}],"collection":[{"href":"https:\/\/reporteroshoy.mx\/noticias\/wp-json\/wp\/v2\/posts"}],"about":[{"href":"https:\/\/reporteroshoy.mx\/noticias\/wp-json\/wp\/v2\/types\/post"}],"author":[{"embeddable":true,"href":"https:\/\/reporteroshoy.mx\/noticias\/wp-json\/wp\/v2\/users\/9"}],"replies":[{"embeddable":true,"href":"https:\/\/reporteroshoy.mx\/noticias\/wp-json\/wp\/v2\/comments?post=103109"}],"version-history":[{"count":0,"href":"https:\/\/reporteroshoy.mx\/noticias\/wp-json\/wp\/v2\/posts\/103109\/revisions"}],"wp:featuredmedia":[{"embeddable":true,"href":"https:\/\/reporteroshoy.mx\/noticias\/wp-json\/wp\/v2\/media\/103111"}],"wp:attachment":[{"href":"https:\/\/reporteroshoy.mx\/noticias\/wp-json\/wp\/v2\/media?parent=103109"}],"wp:term":[{"taxonomy":"category","embeddable":true,"href":"https:\/\/reporteroshoy.mx\/noticias\/wp-json\/wp\/v2\/categories?post=103109"},{"taxonomy":"post_tag","embeddable":true,"href":"https:\/\/reporteroshoy.mx\/noticias\/wp-json\/wp\/v2\/tags?post=103109"}],"curies":[{"name":"wp","href":"https:\/\/api.w.org\/{rel}","templated":true}]}}