{"id":103342,"date":"2023-06-22T18:45:27","date_gmt":"2023-06-23T00:45:27","guid":{"rendered":"https:\/\/reporteroshoy.mx\/noticias\/?p=103342"},"modified":"2023-06-22T18:45:27","modified_gmt":"2023-06-23T00:45:27","slug":"pri-inicia-consulta-para-construir-su-plataforma-electoral","status":"publish","type":"post","link":"https:\/\/reporteroshoy.mx\/noticias\/pri-inicia-consulta-para-construir-su-plataforma-electoral\/","title":{"rendered":"PRI inicia consulta para construir su plataforma electoral"},"content":{"rendered":"<p style=\"text-align: justify;\">Como parte de los objetivos planteados en la coalici\u00f3n Va por M\u00e9xico, el PRI de Yucat\u00e1n realizar\u00e1 una consulta a su militancia, sociedad civil, academia y a la ciudadan\u00eda en general a trav\u00e9s de paneles y foros para recabar expresiones y propuestas que servir\u00e1n para construir su plataforma que pueda atender los problemas actuales del pa\u00eds de cara al proceso electoral 2023-2024.<\/p>\n<p style=\"text-align: justify;\">El presidente del Comit\u00e9 Directivo Estatal (CDE), Gaspar Quintal Parra, explic\u00f3 que de esta manera se inicia la ruta de trabajo para escuchar las causas de la ciudadan\u00eda para hacerlas suyas y construir las plataformas electorales con las que competir\u00e1n.<\/p>\n<figure id=\"attachment_103343\" aria-describedby=\"caption-attachment-103343\" style=\"width: 768px\" class=\"wp-caption alignnone\"><img loading=\"lazy\" decoding=\"async\" class=\"size-full wp-image-103343\" src=\"https:\/\/reporteroshoy.mx\/noticias\/wp-content\/uploads\/2023\/06\/CONSTRUIR-SU-PLATAFORMA-scaled.jpg\" alt=\"\" width=\"768\" height=\"477\" srcset=\"https:\/\/reporteroshoy.mx\/noticias\/wp-content\/uploads\/2023\/06\/CONSTRUIR-SU-PLATAFORMA-scaled.jpg 768w, https:\/\/reporteroshoy.mx\/noticias\/wp-content\/uploads\/2023\/06\/CONSTRUIR-SU-PLATAFORMA-356x220.jpg 356w\" sizes=\"auto, (max-width: 768px) 100vw, 768px\" \/><figcaption id=\"caption-attachment-103343\" class=\"wp-caption-text\">Gaspar Quintal detall\u00f3 las fechas de los foros<\/figcaption><\/figure>\n<p style=\"text-align: justify;\">\u201cEl r\u00e9gimen de gobierno actual lleg\u00f3 a su fin. El poder debe de regresar a los ciudadanos y acabar con los excesos del presidencialismo autoritario en el que solo cuenta la voz de una persona\u201d, sostuvo.<\/p>\n<h3>\u00bfC\u00f3mo construir su plataforma electoral<\/h3>\n<p style=\"text-align: justify;\">El dirigente priista se\u00f1al\u00f3 que con esta consulta abierta y transparente se est\u00e1n dando pasos para que, a partir de las coaliciones electorales que se est\u00e1n definiendo, se pueda transitar a gobiernos de coalici\u00f3n plurales.<\/p>\n<p style=\"text-align: justify;\">En el caso del PRI de Yucat\u00e1n, realizar\u00e1 encuentros abiertos a la ciudadan\u00eda el 30 de junio y 1 de julio en la Casa del Pueblo para construir esta plataforma \u201cdesde abajo, hacia arriba\u201d.<\/p>\n<p style=\"text-align: justify;\">\u201cSomos un partido que se forj\u00f3 en las calles, de a pie con la gente, as\u00ed que saldremos a las plazas p\u00fablicas, a los mercados; generaremos los espacios de participaci\u00f3n y daremos voz a los ciudadanos\u201d, enfatiz\u00f3.<\/p>\n<p style=\"text-align: justify;\"><em><strong>Te puede interesar:<\/strong><\/em><em><strong><a href=\"https:\/\/reporteroshoy.mx\/noticias\/el-pri-no-esta-muerto-y-vamos-a-ganar-gaspar-quintal\/\">\u00a0El PRI no est\u00e1 muerto y vamos a ganar: Gaspar Quintal<\/a><\/strong><\/em><\/p>\n<p style=\"text-align: justify;\">En estos foros se abordar\u00e1n los temas: Igualdad para todas y todos; recursos naturales, medio ambiente y cambio clim\u00e1tico<\/p>\n<p style=\"text-align: justify;\">Tambi\u00e9n el crecimiento econ\u00f3mico, inclusivo, sostenible y digno; paz, seguridad, justicia e instituciones s\u00f3lidas; alianzas y sociedad; y gobierno y democracia.<\/p>\n","protected":false},"excerpt":{"rendered":"<p>Se realizar\u00e1n encuentros abiertos a la ciudadan\u00eda el 30 de junio y 1 de julio para construir su plataforma rumbo al 2024. <\/p>\n","protected":false},"author":5,"featured_media":103343,"comment_status":"open","ping_status":"closed","sticky":false,"template":"","format":"standard","meta":{"footnotes":""},"categories":[24410],"tags":[24593,370,23],"class_list":["post-103342","post","type-post","status-publish","format-standard","has-post-thumbnail","hentry","category-politica","tag-plataforma-electoral","tag-pri","tag-yucatan"],"yoast_head":"<!-- This site is optimized with the Yoast SEO plugin v28.4 - https:\/\/yoast.com\/product\/yoast-seo-wordpress\/ -->\n<title>PRI inicia consulta para construir su plataforma electoral<\/title>\n<meta name=\"description\" content=\"Se realizar\u00e1n encuentros abiertos a la ciudadan\u00eda el 30 de junio y 1 de julio para construir su plataforma rumbo al 2024.\" \/>\n<meta name=\"robots\" content=\"index, follow, max-snippet:-1, max-image-preview:large, max-video-preview:-1\" \/>\n<link rel=\"canonical\" href=\"https:\/\/reporteroshoy.mx\/noticias\/pri-inicia-consulta-para-construir-su-plataforma-electoral\/\" \/>\n<meta property=\"og:locale\" content=\"es_ES\" \/>\n<meta property=\"og:type\" content=\"article\" \/>\n<meta property=\"og:title\" content=\"PRI inicia consulta para construir su plataforma electoral\" \/>\n<meta property=\"og:description\" content=\"Se realizar\u00e1n encuentros abiertos a la ciudadan\u00eda el 30 de junio y 1 de julio para construir su plataforma rumbo al 2024.\" \/>\n<meta property=\"og:url\" content=\"https:\/\/reporteroshoy.mx\/noticias\/pri-inicia-consulta-para-construir-su-plataforma-electoral\/\" \/>\n<meta property=\"og:site_name\" content=\"Reporteros Hoy | Noticias de Yucat\u00e1n\" \/>\n<meta property=\"article:publisher\" content=\"http:\/\/www.facebook.com\/reporteroshoymx\" \/>\n<meta property=\"article:published_time\" content=\"2023-06-23T00:45:27+00:00\" \/>\n<meta property=\"og:image\" content=\"https:\/\/reporteroshoy.mx\/noticias\/wp-content\/uploads\/2023\/06\/CONSTRUIR-SU-PLATAFORMA-scaled.jpg\" \/>\n\t<meta property=\"og:image:width\" content=\"768\" \/>\n\t<meta property=\"og:image:height\" content=\"477\" \/>\n\t<meta property=\"og:image:type\" content=\"image\/jpeg\" \/>\n<meta name=\"author\" content=\"Reporteros Hoy IM\" \/>\n<meta name=\"twitter:card\" content=\"summary_large_image\" \/>\n<meta name=\"twitter:creator\" content=\"@reporteroshoy\" \/>\n<meta name=\"twitter:site\" content=\"@reporteroshoy\" \/>\n<meta name=\"twitter:label1\" content=\"Escrito por\" \/>\n\t<meta name=\"twitter:data1\" content=\"Reporteros Hoy IM\" \/>\n\t<meta name=\"twitter:label2\" content=\"Tiempo de lectura\" \/>\n\t<meta name=\"twitter:data2\" content=\"2 minutos\" \/>\n<script type=\"application\/ld+json\" class=\"yoast-schema-graph\">{\"@context\":\"https:\\\/\\\/schema.org\",\"@graph\":[{\"@type\":\"Article\",\"@id\":\"https:\\\/\\\/reporteroshoy.mx\\\/noticias\\\/pri-inicia-consulta-para-construir-su-plataforma-electoral\\\/#article\",\"isPartOf\":{\"@id\":\"https:\\\/\\\/reporteroshoy.mx\\\/noticias\\\/pri-inicia-consulta-para-construir-su-plataforma-electoral\\\/\"},\"author\":{\"name\":\"Reporteros Hoy IM\",\"@id\":\"https:\\\/\\\/reporteroshoy.mx\\\/noticias\\\/#\\\/schema\\\/person\\\/948520f0d88b01be2e5266bc4acbbc15\"},\"headline\":\"PRI inicia consulta para construir su plataforma electoral\",\"datePublished\":\"2023-06-23T00:45:27+00:00\",\"mainEntityOfPage\":{\"@id\":\"https:\\\/\\\/reporteroshoy.mx\\\/noticias\\\/pri-inicia-consulta-para-construir-su-plataforma-electoral\\\/\"},\"wordCount\":348,\"commentCount\":0,\"image\":{\"@id\":\"https:\\\/\\\/reporteroshoy.mx\\\/noticias\\\/pri-inicia-consulta-para-construir-su-plataforma-electoral\\\/#primaryimage\"},\"thumbnailUrl\":\"https:\\\/\\\/reporteroshoy.mx\\\/noticias\\\/wp-content\\\/uploads\\\/2023\\\/06\\\/CONSTRUIR-SU-PLATAFORMA-scaled.jpg\",\"keywords\":[\"Plataforma Electoral\",\"PRI\",\"Yucat\u00e1n\"],\"articleSection\":[\"Pol\u00edtica\"],\"inLanguage\":\"es\",\"potentialAction\":[{\"@type\":\"CommentAction\",\"name\":\"Comment\",\"target\":[\"https:\\\/\\\/reporteroshoy.mx\\\/noticias\\\/pri-inicia-consulta-para-construir-su-plataforma-electoral\\\/#respond\"]}]},{\"@type\":\"WebPage\",\"@id\":\"https:\\\/\\\/reporteroshoy.mx\\\/noticias\\\/pri-inicia-consulta-para-construir-su-plataforma-electoral\\\/\",\"url\":\"https:\\\/\\\/reporteroshoy.mx\\\/noticias\\\/pri-inicia-consulta-para-construir-su-plataforma-electoral\\\/\",\"name\":\"PRI inicia consulta para construir su plataforma electoral\",\"isPartOf\":{\"@id\":\"https:\\\/\\\/reporteroshoy.mx\\\/noticias\\\/#website\"},\"primaryImageOfPage\":{\"@id\":\"https:\\\/\\\/reporteroshoy.mx\\\/noticias\\\/pri-inicia-consulta-para-construir-su-plataforma-electoral\\\/#primaryimage\"},\"image\":{\"@id\":\"https:\\\/\\\/reporteroshoy.mx\\\/noticias\\\/pri-inicia-consulta-para-construir-su-plataforma-electoral\\\/#primaryimage\"},\"thumbnailUrl\":\"https:\\\/\\\/reporteroshoy.mx\\\/noticias\\\/wp-content\\\/uploads\\\/2023\\\/06\\\/CONSTRUIR-SU-PLATAFORMA-scaled.jpg\",\"datePublished\":\"2023-06-23T00:45:27+00:00\",\"author\":{\"@id\":\"https:\\\/\\\/reporteroshoy.mx\\\/noticias\\\/#\\\/schema\\\/person\\\/948520f0d88b01be2e5266bc4acbbc15\"},\"description\":\"Se realizar\u00e1n encuentros abiertos a la ciudadan\u00eda el 30 de junio y 1 de julio para construir su plataforma rumbo al 2024.\",\"breadcrumb\":{\"@id\":\"https:\\\/\\\/reporteroshoy.mx\\\/noticias\\\/pri-inicia-consulta-para-construir-su-plataforma-electoral\\\/#breadcrumb\"},\"inLanguage\":\"es\",\"potentialAction\":[{\"@type\":\"ReadAction\",\"target\":[\"https:\\\/\\\/reporteroshoy.mx\\\/noticias\\\/pri-inicia-consulta-para-construir-su-plataforma-electoral\\\/\"]}]},{\"@type\":\"ImageObject\",\"inLanguage\":\"es\",\"@id\":\"https:\\\/\\\/reporteroshoy.mx\\\/noticias\\\/pri-inicia-consulta-para-construir-su-plataforma-electoral\\\/#primaryimage\",\"url\":\"https:\\\/\\\/reporteroshoy.mx\\\/noticias\\\/wp-content\\\/uploads\\\/2023\\\/06\\\/CONSTRUIR-SU-PLATAFORMA-scaled.jpg\",\"contentUrl\":\"https:\\\/\\\/reporteroshoy.mx\\\/noticias\\\/wp-content\\\/uploads\\\/2023\\\/06\\\/CONSTRUIR-SU-PLATAFORMA-scaled.jpg\",\"width\":768,\"height\":477,\"caption\":\"Gaspar Quintal detall\u00f3 ls fechas de los foros\"},{\"@type\":\"BreadcrumbList\",\"@id\":\"https:\\\/\\\/reporteroshoy.mx\\\/noticias\\\/pri-inicia-consulta-para-construir-su-plataforma-electoral\\\/#breadcrumb\",\"itemListElement\":[{\"@type\":\"ListItem\",\"position\":1,\"name\":\"Portada\",\"item\":\"https:\\\/\\\/reporteroshoy.mx\\\/noticias\\\/\"},{\"@type\":\"ListItem\",\"position\":2,\"name\":\"PRI inicia consulta para construir su plataforma electoral\"}]},{\"@type\":\"WebSite\",\"@id\":\"https:\\\/\\\/reporteroshoy.mx\\\/noticias\\\/#website\",\"url\":\"https:\\\/\\\/reporteroshoy.mx\\\/noticias\\\/\",\"name\":\"Reporteros Hoy | Noticias de Yucat\u00e1n\",\"description\":\"Peri\u00f3dico digital con noticias diarias desde M\u00e9rida, Yucat\u00e1n para el mundo.\",\"potentialAction\":[{\"@type\":\"SearchAction\",\"target\":{\"@type\":\"EntryPoint\",\"urlTemplate\":\"https:\\\/\\\/reporteroshoy.mx\\\/noticias\\\/?s={search_term_string}\"},\"query-input\":{\"@type\":\"PropertyValueSpecification\",\"valueRequired\":true,\"valueName\":\"search_term_string\"}}],\"inLanguage\":\"es\"},{\"@type\":\"Person\",\"@id\":\"https:\\\/\\\/reporteroshoy.mx\\\/noticias\\\/#\\\/schema\\\/person\\\/948520f0d88b01be2e5266bc4acbbc15\",\"name\":\"Reporteros Hoy IM\",\"image\":{\"@type\":\"ImageObject\",\"inLanguage\":\"es\",\"@id\":\"https:\\\/\\\/secure.gravatar.com\\\/avatar\\\/d843030b96552826ac048bdfe26f2895604b800ed0c880ee55765a74d95dfc65?s=96&d=mm&r=g\",\"url\":\"https:\\\/\\\/secure.gravatar.com\\\/avatar\\\/d843030b96552826ac048bdfe26f2895604b800ed0c880ee55765a74d95dfc65?s=96&d=mm&r=g\",\"contentUrl\":\"https:\\\/\\\/secure.gravatar.com\\\/avatar\\\/d843030b96552826ac048bdfe26f2895604b800ed0c880ee55765a74d95dfc65?s=96&d=mm&r=g\",\"caption\":\"Reporteros Hoy IM\"},\"url\":\"https:\\\/\\\/reporteroshoy.mx\\\/noticias\\\/author\\\/israel\\\/\"}]}<\/script>\n<!-- \/ Yoast SEO plugin. -->","yoast_head_json":{"title":"PRI inicia consulta para construir su plataforma electoral","description":"Se realizar\u00e1n encuentros abiertos a la ciudadan\u00eda el 30 de junio y 1 de julio para construir su plataforma rumbo al 2024.","robots":{"index":"index","follow":"follow","max-snippet":"max-snippet:-1","max-image-preview":"max-image-preview:large","max-video-preview":"max-video-preview:-1"},"canonical":"https:\/\/reporteroshoy.mx\/noticias\/pri-inicia-consulta-para-construir-su-plataforma-electoral\/","og_locale":"es_ES","og_type":"article","og_title":"PRI inicia consulta para construir su plataforma electoral","og_description":"Se realizar\u00e1n encuentros abiertos a la ciudadan\u00eda el 30 de junio y 1 de julio para construir su plataforma rumbo al 2024.","og_url":"https:\/\/reporteroshoy.mx\/noticias\/pri-inicia-consulta-para-construir-su-plataforma-electoral\/","og_site_name":"Reporteros Hoy | Noticias de Yucat\u00e1n","article_publisher":"http:\/\/www.facebook.com\/reporteroshoymx","article_published_time":"2023-06-23T00:45:27+00:00","og_image":[{"width":768,"height":477,"url":"https:\/\/reporteroshoy.mx\/noticias\/wp-content\/uploads\/2023\/06\/CONSTRUIR-SU-PLATAFORMA-scaled.jpg","type":"image\/jpeg"}],"author":"Reporteros Hoy IM","twitter_card":"summary_large_image","twitter_creator":"@reporteroshoy","twitter_site":"@reporteroshoy","twitter_misc":{"Escrito por":"Reporteros Hoy IM","Tiempo de lectura":"2 minutos"},"schema":{"@context":"https:\/\/schema.org","@graph":[{"@type":"Article","@id":"https:\/\/reporteroshoy.mx\/noticias\/pri-inicia-consulta-para-construir-su-plataforma-electoral\/#article","isPartOf":{"@id":"https:\/\/reporteroshoy.mx\/noticias\/pri-inicia-consulta-para-construir-su-plataforma-electoral\/"},"author":{"name":"Reporteros Hoy IM","@id":"https:\/\/reporteroshoy.mx\/noticias\/#\/schema\/person\/948520f0d88b01be2e5266bc4acbbc15"},"headline":"PRI inicia consulta para construir su plataforma electoral","datePublished":"2023-06-23T00:45:27+00:00","mainEntityOfPage":{"@id":"https:\/\/reporteroshoy.mx\/noticias\/pri-inicia-consulta-para-construir-su-plataforma-electoral\/"},"wordCount":348,"commentCount":0,"image":{"@id":"https:\/\/reporteroshoy.mx\/noticias\/pri-inicia-consulta-para-construir-su-plataforma-electoral\/#primaryimage"},"thumbnailUrl":"https:\/\/reporteroshoy.mx\/noticias\/wp-content\/uploads\/2023\/06\/CONSTRUIR-SU-PLATAFORMA-scaled.jpg","keywords":["Plataforma Electoral","PRI","Yucat\u00e1n"],"articleSection":["Pol\u00edtica"],"inLanguage":"es","potentialAction":[{"@type":"CommentAction","name":"Comment","target":["https:\/\/reporteroshoy.mx\/noticias\/pri-inicia-consulta-para-construir-su-plataforma-electoral\/#respond"]}]},{"@type":"WebPage","@id":"https:\/\/reporteroshoy.mx\/noticias\/pri-inicia-consulta-para-construir-su-plataforma-electoral\/","url":"https:\/\/reporteroshoy.mx\/noticias\/pri-inicia-consulta-para-construir-su-plataforma-electoral\/","name":"PRI inicia consulta para construir su plataforma electoral","isPartOf":{"@id":"https:\/\/reporteroshoy.mx\/noticias\/#website"},"primaryImageOfPage":{"@id":"https:\/\/reporteroshoy.mx\/noticias\/pri-inicia-consulta-para-construir-su-plataforma-electoral\/#primaryimage"},"image":{"@id":"https:\/\/reporteroshoy.mx\/noticias\/pri-inicia-consulta-para-construir-su-plataforma-electoral\/#primaryimage"},"thumbnailUrl":"https:\/\/reporteroshoy.mx\/noticias\/wp-content\/uploads\/2023\/06\/CONSTRUIR-SU-PLATAFORMA-scaled.jpg","datePublished":"2023-06-23T00:45:27+00:00","author":{"@id":"https:\/\/reporteroshoy.mx\/noticias\/#\/schema\/person\/948520f0d88b01be2e5266bc4acbbc15"},"description":"Se realizar\u00e1n encuentros abiertos a la ciudadan\u00eda el 30 de junio y 1 de julio para construir su plataforma rumbo al 2024.","breadcrumb":{"@id":"https:\/\/reporteroshoy.mx\/noticias\/pri-inicia-consulta-para-construir-su-plataforma-electoral\/#breadcrumb"},"inLanguage":"es","potentialAction":[{"@type":"ReadAction","target":["https:\/\/reporteroshoy.mx\/noticias\/pri-inicia-consulta-para-construir-su-plataforma-electoral\/"]}]},{"@type":"ImageObject","inLanguage":"es","@id":"https:\/\/reporteroshoy.mx\/noticias\/pri-inicia-consulta-para-construir-su-plataforma-electoral\/#primaryimage","url":"https:\/\/reporteroshoy.mx\/noticias\/wp-content\/uploads\/2023\/06\/CONSTRUIR-SU-PLATAFORMA-scaled.jpg","contentUrl":"https:\/\/reporteroshoy.mx\/noticias\/wp-content\/uploads\/2023\/06\/CONSTRUIR-SU-PLATAFORMA-scaled.jpg","width":768,"height":477,"caption":"Gaspar Quintal detall\u00f3 ls fechas de los foros"},{"@type":"BreadcrumbList","@id":"https:\/\/reporteroshoy.mx\/noticias\/pri-inicia-consulta-para-construir-su-plataforma-electoral\/#breadcrumb","itemListElement":[{"@type":"ListItem","position":1,"name":"Portada","item":"https:\/\/reporteroshoy.mx\/noticias\/"},{"@type":"ListItem","position":2,"name":"PRI inicia consulta para construir su plataforma electoral"}]},{"@type":"WebSite","@id":"https:\/\/reporteroshoy.mx\/noticias\/#website","url":"https:\/\/reporteroshoy.mx\/noticias\/","name":"Reporteros Hoy | Noticias de Yucat\u00e1n","description":"Peri\u00f3dico digital con noticias diarias desde M\u00e9rida, Yucat\u00e1n para el mundo.","potentialAction":[{"@type":"SearchAction","target":{"@type":"EntryPoint","urlTemplate":"https:\/\/reporteroshoy.mx\/noticias\/?s={search_term_string}"},"query-input":{"@type":"PropertyValueSpecification","valueRequired":true,"valueName":"search_term_string"}}],"inLanguage":"es"},{"@type":"Person","@id":"https:\/\/reporteroshoy.mx\/noticias\/#\/schema\/person\/948520f0d88b01be2e5266bc4acbbc15","name":"Reporteros Hoy IM","image":{"@type":"ImageObject","inLanguage":"es","@id":"https:\/\/secure.gravatar.com\/avatar\/d843030b96552826ac048bdfe26f2895604b800ed0c880ee55765a74d95dfc65?s=96&d=mm&r=g","url":"https:\/\/secure.gravatar.com\/avatar\/d843030b96552826ac048bdfe26f2895604b800ed0c880ee55765a74d95dfc65?s=96&d=mm&r=g","contentUrl":"https:\/\/secure.gravatar.com\/avatar\/d843030b96552826ac048bdfe26f2895604b800ed0c880ee55765a74d95dfc65?s=96&d=mm&r=g","caption":"Reporteros Hoy IM"},"url":"https:\/\/reporteroshoy.mx\/noticias\/author\/israel\/"}]}},"_links":{"self":[{"href":"https:\/\/reporteroshoy.mx\/noticias\/wp-json\/wp\/v2\/posts\/103342","targetHints":{"allow":["GET"]}}],"collection":[{"href":"https:\/\/reporteroshoy.mx\/noticias\/wp-json\/wp\/v2\/posts"}],"about":[{"href":"https:\/\/reporteroshoy.mx\/noticias\/wp-json\/wp\/v2\/types\/post"}],"author":[{"embeddable":true,"href":"https:\/\/reporteroshoy.mx\/noticias\/wp-json\/wp\/v2\/users\/5"}],"replies":[{"embeddable":true,"href":"https:\/\/reporteroshoy.mx\/noticias\/wp-json\/wp\/v2\/comments?post=103342"}],"version-history":[{"count":0,"href":"https:\/\/reporteroshoy.mx\/noticias\/wp-json\/wp\/v2\/posts\/103342\/revisions"}],"wp:featuredmedia":[{"embeddable":true,"href":"https:\/\/reporteroshoy.mx\/noticias\/wp-json\/wp\/v2\/media\/103343"}],"wp:attachment":[{"href":"https:\/\/reporteroshoy.mx\/noticias\/wp-json\/wp\/v2\/media?parent=103342"}],"wp:term":[{"taxonomy":"category","embeddable":true,"href":"https:\/\/reporteroshoy.mx\/noticias\/wp-json\/wp\/v2\/categories?post=103342"},{"taxonomy":"post_tag","embeddable":true,"href":"https:\/\/reporteroshoy.mx\/noticias\/wp-json\/wp\/v2\/tags?post=103342"}],"curies":[{"name":"wp","href":"https:\/\/api.w.org\/{rel}","templated":true}]}}