{"id":103431,"date":"2023-06-25T20:57:37","date_gmt":"2023-06-26T02:57:37","guid":{"rendered":"https:\/\/reporteroshoy.mx\/noticias\/?p=103431"},"modified":"2023-06-25T20:57:37","modified_gmt":"2023-06-26T02:57:37","slug":"infraestructura-electrica-de-yucatan-duplica-crecimiento-en-mexico","status":"publish","type":"post","link":"https:\/\/reporteroshoy.mx\/noticias\/infraestructura-electrica-de-yucatan-duplica-crecimiento-en-mexico\/","title":{"rendered":"Infraestructura el\u00e9ctrica de Yucat\u00e1n duplica crecimiento en M\u00e9xico"},"content":{"rendered":"<p>El desarrollo econ\u00f3mico, la ampliaci\u00f3n del puerto de altura y las obras de infraestructura el\u00e9ctrica del gobierno estatal y federal est\u00e1n detonando el sector el\u00e9ctrico y energ\u00e9tico en Yucat\u00e1n.<\/p>\n<p>Yucat\u00e1n tiene un crecimiento en infraestructura el\u00e9ctrica del 8% anual, el doble que el resto de M\u00e9xico, que es entre 3.5 y 4.5%.<\/p>\n<p>De acuerdo con el secretario de Fomento Econ\u00f3mico y Trabajo de Yucat\u00e1n (Sefoet), Ernesto Herrera Novelo, el estado cuenta con empresas que se dedican a la movilidad el\u00e9ctrica, el transporte el\u00e9ctrico y las energ\u00edas renovables, como ABB, accesorios para Tesla y otras compa\u00f1\u00edas internacionales.<\/p>\n<p><img loading=\"lazy\" decoding=\"async\" class=\"alignnone wp-image-102436 size-full\" src=\"https:\/\/reporteroshoy.mx\/noticias\/wp-content\/uploads\/2023\/05\/ERNESTO-HERRERA_CONGRESO-scaled.jpg\" alt=\"Infraestructura el\u00e9ctrica con crecimiento en Yucat\u00e1n\" width=\"768\" height=\"512\" \/><\/p>\n<p>Por ejemplo, el IE-TRAM ser\u00e1 100% el\u00e9ctrico y cada vez hay m\u00e1s autos el\u00e9ctricos en el estado de Yucat\u00e1n.<\/p>\n<p>Sin embargo, dijo que es necesario ahorrar energ\u00eda y adentrarse en el tema de las energ\u00edas renovables cada vez con mayor fuerza.<\/p>\n<p>Al opinar sobre la Expo El\u00e9ctrica Peninsular 2023, que concluy\u00f3 este viernes, el funcionario afirm\u00f3 que fue todo un \u00e9xito, super\u00f3 las metas del a\u00f1o pasado y ofreci\u00f3 conferencias y talleres de calidad.<\/p>\n<p>Este evento sirvi\u00f3 para destacar el potencial del estado en el sector el\u00e9ctrico y energ\u00e9tico durante la Expo El\u00e9ctrica Peninsular 2023. En la expo, las empresas exhibieron cargadores de energ\u00eda para los autos Tesla.<\/p>\n<p>La Expo El\u00e9ctrica Peninsular 2023 es un evento que reuni\u00f3 a empresas y profesionales del sector el\u00e9ctrico y energ\u00e9tico, organizado por la Asociaci\u00f3n Yucateca de Constructores El\u00e9ctricos (AYCE).<\/p>\n<p>Por ello, afirm\u00f3 que el estado es un gran aliado para las empresas que participaron en la expo y que buscan impulsar la econom\u00eda y el bienestar de los yucatecos.<\/p>\n<p>&nbsp;<\/p>\n<p>&nbsp;<\/p>\n","protected":false},"excerpt":{"rendered":"<p>Yucat\u00e1n tiene un crecimiento en infraestructura el\u00e9ctrica del 8% anual, el doble que el resto de M\u00e9xico, que es entre 3.5 y 4.5%.<\/p>\n","protected":false},"author":6,"featured_media":102436,"comment_status":"open","ping_status":"closed","sticky":false,"template":"","format":"standard","meta":{"footnotes":""},"categories":[5],"tags":[24613,23],"class_list":["post-103431","post","type-post","status-publish","format-standard","has-post-thumbnail","hentry","category-empresas","tag-infraestructura-electrica","tag-yucatan"],"yoast_head":"<!-- This site is optimized with the Yoast SEO plugin v28.4 - https:\/\/yoast.com\/product\/yoast-seo-wordpress\/ -->\n<title>Infraestructura el\u00e9ctrica de Yucat\u00e1n duplica crecimiento en M\u00e9xico<\/title>\n<meta name=\"description\" content=\"Yucat\u00e1n tiene un crecimiento en infraestructura el\u00e9ctrica del 8% anual, el doble que el resto de M\u00e9xico, que es entre 3.5 y 4.5%.\" \/>\n<meta name=\"robots\" content=\"index, follow, max-snippet:-1, max-image-preview:large, max-video-preview:-1\" \/>\n<link rel=\"canonical\" href=\"https:\/\/reporteroshoy.mx\/noticias\/infraestructura-electrica-de-yucatan-duplica-crecimiento-en-mexico\/\" \/>\n<meta property=\"og:locale\" content=\"es_ES\" \/>\n<meta property=\"og:type\" content=\"article\" \/>\n<meta property=\"og:title\" content=\"Infraestructura el\u00e9ctrica de Yucat\u00e1n duplica crecimiento en M\u00e9xico\" \/>\n<meta property=\"og:description\" content=\"Yucat\u00e1n tiene un crecimiento en infraestructura el\u00e9ctrica del 8% anual, el doble que el resto de M\u00e9xico, que es entre 3.5 y 4.5%.\" \/>\n<meta property=\"og:url\" content=\"https:\/\/reporteroshoy.mx\/noticias\/infraestructura-electrica-de-yucatan-duplica-crecimiento-en-mexico\/\" \/>\n<meta property=\"og:site_name\" content=\"Reporteros Hoy | Noticias de Yucat\u00e1n\" \/>\n<meta property=\"article:publisher\" content=\"http:\/\/www.facebook.com\/reporteroshoymx\" \/>\n<meta property=\"article:published_time\" content=\"2023-06-26T02:57:37+00:00\" \/>\n<meta property=\"og:image\" content=\"https:\/\/reporteroshoy.mx\/noticias\/wp-content\/uploads\/2023\/05\/ERNESTO-HERRERA_CONGRESO-scaled.jpg\" \/>\n\t<meta property=\"og:image:width\" content=\"768\" \/>\n\t<meta property=\"og:image:height\" content=\"512\" \/>\n\t<meta property=\"og:image:type\" content=\"image\/jpeg\" \/>\n<meta name=\"author\" content=\"Reporteros Hoy GS\" \/>\n<meta name=\"twitter:card\" content=\"summary_large_image\" \/>\n<meta name=\"twitter:creator\" content=\"@reporteroshoy\" \/>\n<meta name=\"twitter:site\" content=\"@reporteroshoy\" \/>\n<meta name=\"twitter:label1\" content=\"Escrito por\" \/>\n\t<meta name=\"twitter:data1\" content=\"Reporteros Hoy GS\" \/>\n\t<meta name=\"twitter:label2\" content=\"Tiempo de lectura\" \/>\n\t<meta name=\"twitter:data2\" content=\"2 minutos\" \/>\n<script type=\"application\/ld+json\" class=\"yoast-schema-graph\">{\"@context\":\"https:\\\/\\\/schema.org\",\"@graph\":[{\"@type\":\"Article\",\"@id\":\"https:\\\/\\\/reporteroshoy.mx\\\/noticias\\\/infraestructura-electrica-de-yucatan-duplica-crecimiento-en-mexico\\\/#article\",\"isPartOf\":{\"@id\":\"https:\\\/\\\/reporteroshoy.mx\\\/noticias\\\/infraestructura-electrica-de-yucatan-duplica-crecimiento-en-mexico\\\/\"},\"author\":{\"name\":\"Reporteros Hoy GS\",\"@id\":\"https:\\\/\\\/reporteroshoy.mx\\\/noticias\\\/#\\\/schema\\\/person\\\/49ae631fc906b44554e4ba3866c505d7\"},\"headline\":\"Infraestructura el\u00e9ctrica de Yucat\u00e1n duplica crecimiento en M\u00e9xico\",\"datePublished\":\"2023-06-26T02:57:37+00:00\",\"mainEntityOfPage\":{\"@id\":\"https:\\\/\\\/reporteroshoy.mx\\\/noticias\\\/infraestructura-electrica-de-yucatan-duplica-crecimiento-en-mexico\\\/\"},\"wordCount\":302,\"commentCount\":0,\"image\":{\"@id\":\"https:\\\/\\\/reporteroshoy.mx\\\/noticias\\\/infraestructura-electrica-de-yucatan-duplica-crecimiento-en-mexico\\\/#primaryimage\"},\"thumbnailUrl\":\"https:\\\/\\\/reporteroshoy.mx\\\/noticias\\\/wp-content\\\/uploads\\\/2023\\\/05\\\/ERNESTO-HERRERA_CONGRESO-scaled.jpg\",\"keywords\":[\"infraestructura el\u00e9ctrica\",\"Yucat\u00e1n\"],\"articleSection\":[\"Empresas\"],\"inLanguage\":\"es\",\"potentialAction\":[{\"@type\":\"CommentAction\",\"name\":\"Comment\",\"target\":[\"https:\\\/\\\/reporteroshoy.mx\\\/noticias\\\/infraestructura-electrica-de-yucatan-duplica-crecimiento-en-mexico\\\/#respond\"]}]},{\"@type\":\"WebPage\",\"@id\":\"https:\\\/\\\/reporteroshoy.mx\\\/noticias\\\/infraestructura-electrica-de-yucatan-duplica-crecimiento-en-mexico\\\/\",\"url\":\"https:\\\/\\\/reporteroshoy.mx\\\/noticias\\\/infraestructura-electrica-de-yucatan-duplica-crecimiento-en-mexico\\\/\",\"name\":\"Infraestructura el\u00e9ctrica de Yucat\u00e1n duplica crecimiento en M\u00e9xico\",\"isPartOf\":{\"@id\":\"https:\\\/\\\/reporteroshoy.mx\\\/noticias\\\/#website\"},\"primaryImageOfPage\":{\"@id\":\"https:\\\/\\\/reporteroshoy.mx\\\/noticias\\\/infraestructura-electrica-de-yucatan-duplica-crecimiento-en-mexico\\\/#primaryimage\"},\"image\":{\"@id\":\"https:\\\/\\\/reporteroshoy.mx\\\/noticias\\\/infraestructura-electrica-de-yucatan-duplica-crecimiento-en-mexico\\\/#primaryimage\"},\"thumbnailUrl\":\"https:\\\/\\\/reporteroshoy.mx\\\/noticias\\\/wp-content\\\/uploads\\\/2023\\\/05\\\/ERNESTO-HERRERA_CONGRESO-scaled.jpg\",\"datePublished\":\"2023-06-26T02:57:37+00:00\",\"author\":{\"@id\":\"https:\\\/\\\/reporteroshoy.mx\\\/noticias\\\/#\\\/schema\\\/person\\\/49ae631fc906b44554e4ba3866c505d7\"},\"description\":\"Yucat\u00e1n tiene un crecimiento en infraestructura el\u00e9ctrica del 8% anual, el doble que el resto de M\u00e9xico, que es entre 3.5 y 4.5%.\",\"breadcrumb\":{\"@id\":\"https:\\\/\\\/reporteroshoy.mx\\\/noticias\\\/infraestructura-electrica-de-yucatan-duplica-crecimiento-en-mexico\\\/#breadcrumb\"},\"inLanguage\":\"es\",\"potentialAction\":[{\"@type\":\"ReadAction\",\"target\":[\"https:\\\/\\\/reporteroshoy.mx\\\/noticias\\\/infraestructura-electrica-de-yucatan-duplica-crecimiento-en-mexico\\\/\"]}]},{\"@type\":\"ImageObject\",\"inLanguage\":\"es\",\"@id\":\"https:\\\/\\\/reporteroshoy.mx\\\/noticias\\\/infraestructura-electrica-de-yucatan-duplica-crecimiento-en-mexico\\\/#primaryimage\",\"url\":\"https:\\\/\\\/reporteroshoy.mx\\\/noticias\\\/wp-content\\\/uploads\\\/2023\\\/05\\\/ERNESTO-HERRERA_CONGRESO-scaled.jpg\",\"contentUrl\":\"https:\\\/\\\/reporteroshoy.mx\\\/noticias\\\/wp-content\\\/uploads\\\/2023\\\/05\\\/ERNESTO-HERRERA_CONGRESO-scaled.jpg\",\"width\":768,\"height\":512},{\"@type\":\"BreadcrumbList\",\"@id\":\"https:\\\/\\\/reporteroshoy.mx\\\/noticias\\\/infraestructura-electrica-de-yucatan-duplica-crecimiento-en-mexico\\\/#breadcrumb\",\"itemListElement\":[{\"@type\":\"ListItem\",\"position\":1,\"name\":\"Portada\",\"item\":\"https:\\\/\\\/reporteroshoy.mx\\\/noticias\\\/\"},{\"@type\":\"ListItem\",\"position\":2,\"name\":\"Infraestructura el\u00e9ctrica de Yucat\u00e1n duplica crecimiento en M\u00e9xico\"}]},{\"@type\":\"WebSite\",\"@id\":\"https:\\\/\\\/reporteroshoy.mx\\\/noticias\\\/#website\",\"url\":\"https:\\\/\\\/reporteroshoy.mx\\\/noticias\\\/\",\"name\":\"Reporteros Hoy | Noticias de Yucat\u00e1n\",\"description\":\"Peri\u00f3dico digital con noticias diarias desde M\u00e9rida, Yucat\u00e1n para el mundo.\",\"potentialAction\":[{\"@type\":\"SearchAction\",\"target\":{\"@type\":\"EntryPoint\",\"urlTemplate\":\"https:\\\/\\\/reporteroshoy.mx\\\/noticias\\\/?s={search_term_string}\"},\"query-input\":{\"@type\":\"PropertyValueSpecification\",\"valueRequired\":true,\"valueName\":\"search_term_string\"}}],\"inLanguage\":\"es\"},{\"@type\":\"Person\",\"@id\":\"https:\\\/\\\/reporteroshoy.mx\\\/noticias\\\/#\\\/schema\\\/person\\\/49ae631fc906b44554e4ba3866c505d7\",\"name\":\"Reporteros Hoy GS\",\"image\":{\"@type\":\"ImageObject\",\"inLanguage\":\"es\",\"@id\":\"https:\\\/\\\/secure.gravatar.com\\\/avatar\\\/00d32adb620345c3db2cfc175917f65c584e1e338fdc49ad126aa1f9830eb6a9?s=96&d=mm&r=g\",\"url\":\"https:\\\/\\\/secure.gravatar.com\\\/avatar\\\/00d32adb620345c3db2cfc175917f65c584e1e338fdc49ad126aa1f9830eb6a9?s=96&d=mm&r=g\",\"contentUrl\":\"https:\\\/\\\/secure.gravatar.com\\\/avatar\\\/00d32adb620345c3db2cfc175917f65c584e1e338fdc49ad126aa1f9830eb6a9?s=96&d=mm&r=g\",\"caption\":\"Reporteros Hoy GS\"},\"url\":\"https:\\\/\\\/reporteroshoy.mx\\\/noticias\\\/author\\\/lupis\\\/\"}]}<\/script>\n<!-- \/ Yoast SEO plugin. -->","yoast_head_json":{"title":"Infraestructura el\u00e9ctrica de Yucat\u00e1n duplica crecimiento en M\u00e9xico","description":"Yucat\u00e1n tiene un crecimiento en infraestructura el\u00e9ctrica del 8% anual, el doble que el resto de M\u00e9xico, que es entre 3.5 y 4.5%.","robots":{"index":"index","follow":"follow","max-snippet":"max-snippet:-1","max-image-preview":"max-image-preview:large","max-video-preview":"max-video-preview:-1"},"canonical":"https:\/\/reporteroshoy.mx\/noticias\/infraestructura-electrica-de-yucatan-duplica-crecimiento-en-mexico\/","og_locale":"es_ES","og_type":"article","og_title":"Infraestructura el\u00e9ctrica de Yucat\u00e1n duplica crecimiento en M\u00e9xico","og_description":"Yucat\u00e1n tiene un crecimiento en infraestructura el\u00e9ctrica del 8% anual, el doble que el resto de M\u00e9xico, que es entre 3.5 y 4.5%.","og_url":"https:\/\/reporteroshoy.mx\/noticias\/infraestructura-electrica-de-yucatan-duplica-crecimiento-en-mexico\/","og_site_name":"Reporteros Hoy | Noticias de Yucat\u00e1n","article_publisher":"http:\/\/www.facebook.com\/reporteroshoymx","article_published_time":"2023-06-26T02:57:37+00:00","og_image":[{"width":768,"height":512,"url":"https:\/\/reporteroshoy.mx\/noticias\/wp-content\/uploads\/2023\/05\/ERNESTO-HERRERA_CONGRESO-scaled.jpg","type":"image\/jpeg"}],"author":"Reporteros Hoy GS","twitter_card":"summary_large_image","twitter_creator":"@reporteroshoy","twitter_site":"@reporteroshoy","twitter_misc":{"Escrito por":"Reporteros Hoy GS","Tiempo de lectura":"2 minutos"},"schema":{"@context":"https:\/\/schema.org","@graph":[{"@type":"Article","@id":"https:\/\/reporteroshoy.mx\/noticias\/infraestructura-electrica-de-yucatan-duplica-crecimiento-en-mexico\/#article","isPartOf":{"@id":"https:\/\/reporteroshoy.mx\/noticias\/infraestructura-electrica-de-yucatan-duplica-crecimiento-en-mexico\/"},"author":{"name":"Reporteros Hoy GS","@id":"https:\/\/reporteroshoy.mx\/noticias\/#\/schema\/person\/49ae631fc906b44554e4ba3866c505d7"},"headline":"Infraestructura el\u00e9ctrica de Yucat\u00e1n duplica crecimiento en M\u00e9xico","datePublished":"2023-06-26T02:57:37+00:00","mainEntityOfPage":{"@id":"https:\/\/reporteroshoy.mx\/noticias\/infraestructura-electrica-de-yucatan-duplica-crecimiento-en-mexico\/"},"wordCount":302,"commentCount":0,"image":{"@id":"https:\/\/reporteroshoy.mx\/noticias\/infraestructura-electrica-de-yucatan-duplica-crecimiento-en-mexico\/#primaryimage"},"thumbnailUrl":"https:\/\/reporteroshoy.mx\/noticias\/wp-content\/uploads\/2023\/05\/ERNESTO-HERRERA_CONGRESO-scaled.jpg","keywords":["infraestructura el\u00e9ctrica","Yucat\u00e1n"],"articleSection":["Empresas"],"inLanguage":"es","potentialAction":[{"@type":"CommentAction","name":"Comment","target":["https:\/\/reporteroshoy.mx\/noticias\/infraestructura-electrica-de-yucatan-duplica-crecimiento-en-mexico\/#respond"]}]},{"@type":"WebPage","@id":"https:\/\/reporteroshoy.mx\/noticias\/infraestructura-electrica-de-yucatan-duplica-crecimiento-en-mexico\/","url":"https:\/\/reporteroshoy.mx\/noticias\/infraestructura-electrica-de-yucatan-duplica-crecimiento-en-mexico\/","name":"Infraestructura el\u00e9ctrica de Yucat\u00e1n duplica crecimiento en M\u00e9xico","isPartOf":{"@id":"https:\/\/reporteroshoy.mx\/noticias\/#website"},"primaryImageOfPage":{"@id":"https:\/\/reporteroshoy.mx\/noticias\/infraestructura-electrica-de-yucatan-duplica-crecimiento-en-mexico\/#primaryimage"},"image":{"@id":"https:\/\/reporteroshoy.mx\/noticias\/infraestructura-electrica-de-yucatan-duplica-crecimiento-en-mexico\/#primaryimage"},"thumbnailUrl":"https:\/\/reporteroshoy.mx\/noticias\/wp-content\/uploads\/2023\/05\/ERNESTO-HERRERA_CONGRESO-scaled.jpg","datePublished":"2023-06-26T02:57:37+00:00","author":{"@id":"https:\/\/reporteroshoy.mx\/noticias\/#\/schema\/person\/49ae631fc906b44554e4ba3866c505d7"},"description":"Yucat\u00e1n tiene un crecimiento en infraestructura el\u00e9ctrica del 8% anual, el doble que el resto de M\u00e9xico, que es entre 3.5 y 4.5%.","breadcrumb":{"@id":"https:\/\/reporteroshoy.mx\/noticias\/infraestructura-electrica-de-yucatan-duplica-crecimiento-en-mexico\/#breadcrumb"},"inLanguage":"es","potentialAction":[{"@type":"ReadAction","target":["https:\/\/reporteroshoy.mx\/noticias\/infraestructura-electrica-de-yucatan-duplica-crecimiento-en-mexico\/"]}]},{"@type":"ImageObject","inLanguage":"es","@id":"https:\/\/reporteroshoy.mx\/noticias\/infraestructura-electrica-de-yucatan-duplica-crecimiento-en-mexico\/#primaryimage","url":"https:\/\/reporteroshoy.mx\/noticias\/wp-content\/uploads\/2023\/05\/ERNESTO-HERRERA_CONGRESO-scaled.jpg","contentUrl":"https:\/\/reporteroshoy.mx\/noticias\/wp-content\/uploads\/2023\/05\/ERNESTO-HERRERA_CONGRESO-scaled.jpg","width":768,"height":512},{"@type":"BreadcrumbList","@id":"https:\/\/reporteroshoy.mx\/noticias\/infraestructura-electrica-de-yucatan-duplica-crecimiento-en-mexico\/#breadcrumb","itemListElement":[{"@type":"ListItem","position":1,"name":"Portada","item":"https:\/\/reporteroshoy.mx\/noticias\/"},{"@type":"ListItem","position":2,"name":"Infraestructura el\u00e9ctrica de Yucat\u00e1n duplica crecimiento en M\u00e9xico"}]},{"@type":"WebSite","@id":"https:\/\/reporteroshoy.mx\/noticias\/#website","url":"https:\/\/reporteroshoy.mx\/noticias\/","name":"Reporteros Hoy | Noticias de Yucat\u00e1n","description":"Peri\u00f3dico digital con noticias diarias desde M\u00e9rida, Yucat\u00e1n para el mundo.","potentialAction":[{"@type":"SearchAction","target":{"@type":"EntryPoint","urlTemplate":"https:\/\/reporteroshoy.mx\/noticias\/?s={search_term_string}"},"query-input":{"@type":"PropertyValueSpecification","valueRequired":true,"valueName":"search_term_string"}}],"inLanguage":"es"},{"@type":"Person","@id":"https:\/\/reporteroshoy.mx\/noticias\/#\/schema\/person\/49ae631fc906b44554e4ba3866c505d7","name":"Reporteros Hoy GS","image":{"@type":"ImageObject","inLanguage":"es","@id":"https:\/\/secure.gravatar.com\/avatar\/00d32adb620345c3db2cfc175917f65c584e1e338fdc49ad126aa1f9830eb6a9?s=96&d=mm&r=g","url":"https:\/\/secure.gravatar.com\/avatar\/00d32adb620345c3db2cfc175917f65c584e1e338fdc49ad126aa1f9830eb6a9?s=96&d=mm&r=g","contentUrl":"https:\/\/secure.gravatar.com\/avatar\/00d32adb620345c3db2cfc175917f65c584e1e338fdc49ad126aa1f9830eb6a9?s=96&d=mm&r=g","caption":"Reporteros Hoy GS"},"url":"https:\/\/reporteroshoy.mx\/noticias\/author\/lupis\/"}]}},"_links":{"self":[{"href":"https:\/\/reporteroshoy.mx\/noticias\/wp-json\/wp\/v2\/posts\/103431","targetHints":{"allow":["GET"]}}],"collection":[{"href":"https:\/\/reporteroshoy.mx\/noticias\/wp-json\/wp\/v2\/posts"}],"about":[{"href":"https:\/\/reporteroshoy.mx\/noticias\/wp-json\/wp\/v2\/types\/post"}],"author":[{"embeddable":true,"href":"https:\/\/reporteroshoy.mx\/noticias\/wp-json\/wp\/v2\/users\/6"}],"replies":[{"embeddable":true,"href":"https:\/\/reporteroshoy.mx\/noticias\/wp-json\/wp\/v2\/comments?post=103431"}],"version-history":[{"count":0,"href":"https:\/\/reporteroshoy.mx\/noticias\/wp-json\/wp\/v2\/posts\/103431\/revisions"}],"wp:featuredmedia":[{"embeddable":true,"href":"https:\/\/reporteroshoy.mx\/noticias\/wp-json\/wp\/v2\/media\/102436"}],"wp:attachment":[{"href":"https:\/\/reporteroshoy.mx\/noticias\/wp-json\/wp\/v2\/media?parent=103431"}],"wp:term":[{"taxonomy":"category","embeddable":true,"href":"https:\/\/reporteroshoy.mx\/noticias\/wp-json\/wp\/v2\/categories?post=103431"},{"taxonomy":"post_tag","embeddable":true,"href":"https:\/\/reporteroshoy.mx\/noticias\/wp-json\/wp\/v2\/tags?post=103431"}],"curies":[{"name":"wp","href":"https:\/\/api.w.org\/{rel}","templated":true}]}}