{"id":103614,"date":"2023-07-01T14:00:35","date_gmt":"2023-07-01T20:00:35","guid":{"rendered":"https:\/\/reporteroshoy.mx\/noticias\/?p=103614"},"modified":"2023-07-03T11:59:45","modified_gmt":"2023-07-03T17:59:45","slug":"carolina-viggiano-vamos-a-jalar-con-el-que-salga","status":"publish","type":"post","link":"https:\/\/reporteroshoy.mx\/noticias\/carolina-viggiano-vamos-a-jalar-con-el-que-salga\/","title":{"rendered":"Carolina Viggiano: \u00abVamos a jalar con el que salga\u00bb"},"content":{"rendered":"<p style=\"text-align: justify;\">La secretaria general del PRI, Carolina Viggiano Austria, afirm\u00f3 que hay claridad en el proceso del Frente Amplio por M\u00e9xico para definir a la persona que ser\u00e1 postulada por la candidatura presidencial. \u201cVamos a jalar con el que salga\u201d, dijo.<\/p>\n<p style=\"text-align: justify;\">La diputada federal se\u00f1al\u00f3 que el PRI no ser\u00e1 obst\u00e1culo para construir un bloque de fuerzas pol\u00edticas para salvar a M\u00e9xico, de cara a las elecciones de 2024.<\/p>\n<figure id=\"attachment_103615\" aria-describedby=\"caption-attachment-103615\" style=\"width: 768px\" class=\"wp-caption alignnone\"><img loading=\"lazy\" decoding=\"async\" class=\"size-full wp-image-103615\" src=\"https:\/\/reporteroshoy.mx\/noticias\/wp-content\/uploads\/2023\/07\/CAROLINA-VIGGIANO_VAMOS-A-JALAR-scaled.jpg\" alt=\"\" width=\"768\" height=\"566\" \/><figcaption id=\"caption-attachment-103615\" class=\"wp-caption-text\">La secretar\u00eda general del PRI, Carolina Viggiano, en la Casa del Pueblo.<\/figcaption><\/figure>\n<p style=\"text-align: justify;\">\u201cSi es nuestro (el candidato), qu\u00e9 bueno, y si no, si la sociedad decide que no va a ser as\u00ed tampoco va a ser un problema. Vamos a jalar con el que salga, vamos ayudar a sacar adelante una elecci\u00f3n exitosa\u201d, expuso.<\/p>\n<p style=\"text-align: justify;\">Entrevistada en la Casa del Pueblo donde encabez\u00f3 el foro estatal \u201cEl M\u00e9xico que Queremos\u201d, Viggiano Austria defendi\u00f3 el proceso interno puesto en marcha por el PAN, PRI y PRD para elegir a su abanderado a la presidencia de la rep\u00fablica.<\/p>\n<p style=\"text-align: justify;\">Sostuvo que hay claridad y los actores pol\u00edticos que han declinado participar tienen sus razones para no hacerlo o temor de cumplir los requisitos como la presentaci\u00f3n de 150 mil firmas de respaldo.<\/p>\n<p style=\"text-align: justify;\">Dijo que no hay comparaci\u00f3n con respecto al procedimiento de las \u201ccorcholatas\u201d de Morena del que \u201cya sabemos que va a ser Claudia (Sheinbaum)\u201d la ganadora.<\/p>\n<p style=\"text-align: justify;\">Hizo notar que, en el caso de los morenistas, unos participan para legitimarla, otros porque se conformar\u00e1n con la candidatura de la Jefatura de la Ciudad de M\u00e9xico y alguno est\u00e1 inc\u00f3modo.<\/p>\n<h3>Morenistas no son austeros<\/h3>\n<p style=\"text-align: justify;\">\u201cNi son austeros y s\u00ed muy corruptos\u201d expres\u00f3 Carolina Viggiano.<\/p>\n<p style=\"text-align: justify;\">Afirm\u00f3 que los aspirantes de la 4T deben explicar sobre el derroche de recursos por el despliegue de anuncios espectaculares por el pa\u00eds.<\/p>\n<p><em><strong>Te puede interesar: <\/strong><\/em><a href=\"https:\/\/reporteroshoy.mx\/noticias\/xochitl-galvez-asegura-que-se-ching-a-las-corcholatas\/\"><em><strong>X\u00f3chitl G\u00e1lvez asegura que se ching\u2026 a las \u2018corcholatas\u2019<\/strong><\/em><\/a><\/p>\n<p style=\"text-align: justify;\">\u201cDeben explicar porque abandonaron sus espacios p\u00fablicos de responsabilidad y por qu\u00e9 violan la ley un d\u00eda s\u00ed y el otro tambi\u00e9n\u201d increp\u00f3.<\/p>\n<p style=\"text-align: justify;\">Finalmente, cuestion\u00f3 que el \u00fanico discurso de las \u201ccorcholatas\u201d solo sea decir que continuar\u00e1n con lo que llaman \u201cla transformaci\u00f3n del pa\u00eds\u201d, sin contradecir al presidente Andr\u00e9s Manuel L\u00f3pez Obrador.<\/p>\n<p style=\"text-align: justify;\">\n","protected":false},"excerpt":{"rendered":"<p>\u00abVamos a jalar con el que salga\u00bb para salvar a M\u00e9xico en las elecciones de 2024, dijo la secretar\u00eda general del PRI. <\/p>\n","protected":false},"author":5,"featured_media":103615,"comment_status":"open","ping_status":"closed","sticky":false,"template":"","format":"standard","meta":{"footnotes":""},"categories":[24410],"tags":[24671,24668,370],"class_list":["post-103614","post","type-post","status-publish","format-standard","has-post-thumbnail","hentry","category-politica","tag-carolina-viggiano","tag-frente-amplio-por-mexico","tag-pri"],"yoast_head":"<!-- This site is optimized with the Yoast SEO plugin v28.4 - https:\/\/yoast.com\/product\/yoast-seo-wordpress\/ -->\n<title>Carolina Viggiano: &quot;Vamos a jalar con el que salga&quot;<\/title>\n<meta name=\"description\" content=\"&quot;Vamos a jalar con el que salga&quot; para salvar a M\u00e9xico en las elecciones de 2024, dijo la secretar\u00eda general del PRI.\" \/>\n<meta name=\"robots\" content=\"index, follow, max-snippet:-1, max-image-preview:large, max-video-preview:-1\" \/>\n<link rel=\"canonical\" href=\"https:\/\/reporteroshoy.mx\/noticias\/carolina-viggiano-vamos-a-jalar-con-el-que-salga\/\" \/>\n<meta property=\"og:locale\" content=\"es_ES\" \/>\n<meta property=\"og:type\" content=\"article\" \/>\n<meta property=\"og:title\" content=\"Carolina Viggiano: &quot;Vamos a jalar con el que salga&quot;\" \/>\n<meta property=\"og:description\" content=\"&quot;Vamos a jalar con el que salga&quot; para salvar a M\u00e9xico en las elecciones de 2024, dijo la secretar\u00eda general del PRI.\" \/>\n<meta property=\"og:url\" content=\"https:\/\/reporteroshoy.mx\/noticias\/carolina-viggiano-vamos-a-jalar-con-el-que-salga\/\" \/>\n<meta property=\"og:site_name\" content=\"Reporteros Hoy | Noticias de Yucat\u00e1n\" \/>\n<meta property=\"article:publisher\" content=\"http:\/\/www.facebook.com\/reporteroshoymx\" \/>\n<meta property=\"article:published_time\" content=\"2023-07-01T20:00:35+00:00\" \/>\n<meta property=\"article:modified_time\" content=\"2023-07-03T17:59:45+00:00\" \/>\n<meta property=\"og:image\" content=\"https:\/\/reporteroshoy.mx\/noticias\/wp-content\/uploads\/2023\/07\/CAROLINA-VIGGIANO_VAMOS-A-JALAR-scaled.jpg\" \/>\n\t<meta property=\"og:image:width\" content=\"768\" \/>\n\t<meta property=\"og:image:height\" content=\"566\" \/>\n\t<meta property=\"og:image:type\" content=\"image\/jpeg\" \/>\n<meta name=\"author\" content=\"Reporteros Hoy IM\" \/>\n<meta name=\"twitter:card\" content=\"summary_large_image\" \/>\n<meta name=\"twitter:creator\" content=\"@reporteroshoy\" \/>\n<meta name=\"twitter:site\" content=\"@reporteroshoy\" \/>\n<meta name=\"twitter:label1\" content=\"Escrito por\" \/>\n\t<meta name=\"twitter:data1\" content=\"Reporteros Hoy IM\" \/>\n\t<meta name=\"twitter:label2\" content=\"Tiempo de lectura\" \/>\n\t<meta name=\"twitter:data2\" content=\"2 minutos\" \/>\n<script type=\"application\/ld+json\" class=\"yoast-schema-graph\">{\"@context\":\"https:\\\/\\\/schema.org\",\"@graph\":[{\"@type\":\"Article\",\"@id\":\"https:\\\/\\\/reporteroshoy.mx\\\/noticias\\\/carolina-viggiano-vamos-a-jalar-con-el-que-salga\\\/#article\",\"isPartOf\":{\"@id\":\"https:\\\/\\\/reporteroshoy.mx\\\/noticias\\\/carolina-viggiano-vamos-a-jalar-con-el-que-salga\\\/\"},\"author\":{\"name\":\"Reporteros Hoy IM\",\"@id\":\"https:\\\/\\\/reporteroshoy.mx\\\/noticias\\\/#\\\/schema\\\/person\\\/948520f0d88b01be2e5266bc4acbbc15\"},\"headline\":\"Carolina Viggiano: \u00abVamos a jalar con el que salga\u00bb\",\"datePublished\":\"2023-07-01T20:00:35+00:00\",\"dateModified\":\"2023-07-03T17:59:45+00:00\",\"mainEntityOfPage\":{\"@id\":\"https:\\\/\\\/reporteroshoy.mx\\\/noticias\\\/carolina-viggiano-vamos-a-jalar-con-el-que-salga\\\/\"},\"wordCount\":396,\"commentCount\":0,\"image\":{\"@id\":\"https:\\\/\\\/reporteroshoy.mx\\\/noticias\\\/carolina-viggiano-vamos-a-jalar-con-el-que-salga\\\/#primaryimage\"},\"thumbnailUrl\":\"https:\\\/\\\/reporteroshoy.mx\\\/noticias\\\/wp-content\\\/uploads\\\/2023\\\/07\\\/CAROLINA-VIGGIANO_VAMOS-A-JALAR-scaled.jpg\",\"keywords\":[\"Carolina Viggiano\",\"Frente Amplio por M\u00e9xico\",\"PRI\"],\"articleSection\":[\"Pol\u00edtica\"],\"inLanguage\":\"es\",\"potentialAction\":[{\"@type\":\"CommentAction\",\"name\":\"Comment\",\"target\":[\"https:\\\/\\\/reporteroshoy.mx\\\/noticias\\\/carolina-viggiano-vamos-a-jalar-con-el-que-salga\\\/#respond\"]}]},{\"@type\":\"WebPage\",\"@id\":\"https:\\\/\\\/reporteroshoy.mx\\\/noticias\\\/carolina-viggiano-vamos-a-jalar-con-el-que-salga\\\/\",\"url\":\"https:\\\/\\\/reporteroshoy.mx\\\/noticias\\\/carolina-viggiano-vamos-a-jalar-con-el-que-salga\\\/\",\"name\":\"Carolina Viggiano: \\\"Vamos a jalar con el que salga\\\"\",\"isPartOf\":{\"@id\":\"https:\\\/\\\/reporteroshoy.mx\\\/noticias\\\/#website\"},\"primaryImageOfPage\":{\"@id\":\"https:\\\/\\\/reporteroshoy.mx\\\/noticias\\\/carolina-viggiano-vamos-a-jalar-con-el-que-salga\\\/#primaryimage\"},\"image\":{\"@id\":\"https:\\\/\\\/reporteroshoy.mx\\\/noticias\\\/carolina-viggiano-vamos-a-jalar-con-el-que-salga\\\/#primaryimage\"},\"thumbnailUrl\":\"https:\\\/\\\/reporteroshoy.mx\\\/noticias\\\/wp-content\\\/uploads\\\/2023\\\/07\\\/CAROLINA-VIGGIANO_VAMOS-A-JALAR-scaled.jpg\",\"datePublished\":\"2023-07-01T20:00:35+00:00\",\"dateModified\":\"2023-07-03T17:59:45+00:00\",\"author\":{\"@id\":\"https:\\\/\\\/reporteroshoy.mx\\\/noticias\\\/#\\\/schema\\\/person\\\/948520f0d88b01be2e5266bc4acbbc15\"},\"description\":\"\\\"Vamos a jalar con el que salga\\\" para salvar a M\u00e9xico en las elecciones de 2024, dijo la secretar\u00eda general del PRI.\",\"breadcrumb\":{\"@id\":\"https:\\\/\\\/reporteroshoy.mx\\\/noticias\\\/carolina-viggiano-vamos-a-jalar-con-el-que-salga\\\/#breadcrumb\"},\"inLanguage\":\"es\",\"potentialAction\":[{\"@type\":\"ReadAction\",\"target\":[\"https:\\\/\\\/reporteroshoy.mx\\\/noticias\\\/carolina-viggiano-vamos-a-jalar-con-el-que-salga\\\/\"]}]},{\"@type\":\"ImageObject\",\"inLanguage\":\"es\",\"@id\":\"https:\\\/\\\/reporteroshoy.mx\\\/noticias\\\/carolina-viggiano-vamos-a-jalar-con-el-que-salga\\\/#primaryimage\",\"url\":\"https:\\\/\\\/reporteroshoy.mx\\\/noticias\\\/wp-content\\\/uploads\\\/2023\\\/07\\\/CAROLINA-VIGGIANO_VAMOS-A-JALAR-scaled.jpg\",\"contentUrl\":\"https:\\\/\\\/reporteroshoy.mx\\\/noticias\\\/wp-content\\\/uploads\\\/2023\\\/07\\\/CAROLINA-VIGGIANO_VAMOS-A-JALAR-scaled.jpg\",\"width\":768,\"height\":566,\"caption\":\"La secretar\u00eda general del PRI, Carolina Viggiano, en la Casa del Pueblo.\"},{\"@type\":\"BreadcrumbList\",\"@id\":\"https:\\\/\\\/reporteroshoy.mx\\\/noticias\\\/carolina-viggiano-vamos-a-jalar-con-el-que-salga\\\/#breadcrumb\",\"itemListElement\":[{\"@type\":\"ListItem\",\"position\":1,\"name\":\"Portada\",\"item\":\"https:\\\/\\\/reporteroshoy.mx\\\/noticias\\\/\"},{\"@type\":\"ListItem\",\"position\":2,\"name\":\"Carolina Viggiano: \u00abVamos a jalar con el que salga\u00bb\"}]},{\"@type\":\"WebSite\",\"@id\":\"https:\\\/\\\/reporteroshoy.mx\\\/noticias\\\/#website\",\"url\":\"https:\\\/\\\/reporteroshoy.mx\\\/noticias\\\/\",\"name\":\"Reporteros Hoy | Noticias de Yucat\u00e1n\",\"description\":\"Peri\u00f3dico digital con noticias diarias desde M\u00e9rida, Yucat\u00e1n para el mundo.\",\"potentialAction\":[{\"@type\":\"SearchAction\",\"target\":{\"@type\":\"EntryPoint\",\"urlTemplate\":\"https:\\\/\\\/reporteroshoy.mx\\\/noticias\\\/?s={search_term_string}\"},\"query-input\":{\"@type\":\"PropertyValueSpecification\",\"valueRequired\":true,\"valueName\":\"search_term_string\"}}],\"inLanguage\":\"es\"},{\"@type\":\"Person\",\"@id\":\"https:\\\/\\\/reporteroshoy.mx\\\/noticias\\\/#\\\/schema\\\/person\\\/948520f0d88b01be2e5266bc4acbbc15\",\"name\":\"Reporteros Hoy IM\",\"image\":{\"@type\":\"ImageObject\",\"inLanguage\":\"es\",\"@id\":\"https:\\\/\\\/secure.gravatar.com\\\/avatar\\\/d843030b96552826ac048bdfe26f2895604b800ed0c880ee55765a74d95dfc65?s=96&d=mm&r=g\",\"url\":\"https:\\\/\\\/secure.gravatar.com\\\/avatar\\\/d843030b96552826ac048bdfe26f2895604b800ed0c880ee55765a74d95dfc65?s=96&d=mm&r=g\",\"contentUrl\":\"https:\\\/\\\/secure.gravatar.com\\\/avatar\\\/d843030b96552826ac048bdfe26f2895604b800ed0c880ee55765a74d95dfc65?s=96&d=mm&r=g\",\"caption\":\"Reporteros Hoy IM\"},\"url\":\"https:\\\/\\\/reporteroshoy.mx\\\/noticias\\\/author\\\/israel\\\/\"}]}<\/script>\n<!-- \/ Yoast SEO plugin. -->","yoast_head_json":{"title":"Carolina Viggiano: \"Vamos a jalar con el que salga\"","description":"\"Vamos a jalar con el que salga\" para salvar a M\u00e9xico en las elecciones de 2024, dijo la secretar\u00eda general del PRI.","robots":{"index":"index","follow":"follow","max-snippet":"max-snippet:-1","max-image-preview":"max-image-preview:large","max-video-preview":"max-video-preview:-1"},"canonical":"https:\/\/reporteroshoy.mx\/noticias\/carolina-viggiano-vamos-a-jalar-con-el-que-salga\/","og_locale":"es_ES","og_type":"article","og_title":"Carolina Viggiano: \"Vamos a jalar con el que salga\"","og_description":"\"Vamos a jalar con el que salga\" para salvar a M\u00e9xico en las elecciones de 2024, dijo la secretar\u00eda general del PRI.","og_url":"https:\/\/reporteroshoy.mx\/noticias\/carolina-viggiano-vamos-a-jalar-con-el-que-salga\/","og_site_name":"Reporteros Hoy | Noticias de Yucat\u00e1n","article_publisher":"http:\/\/www.facebook.com\/reporteroshoymx","article_published_time":"2023-07-01T20:00:35+00:00","article_modified_time":"2023-07-03T17:59:45+00:00","og_image":[{"width":768,"height":566,"url":"https:\/\/reporteroshoy.mx\/noticias\/wp-content\/uploads\/2023\/07\/CAROLINA-VIGGIANO_VAMOS-A-JALAR-scaled.jpg","type":"image\/jpeg"}],"author":"Reporteros Hoy IM","twitter_card":"summary_large_image","twitter_creator":"@reporteroshoy","twitter_site":"@reporteroshoy","twitter_misc":{"Escrito por":"Reporteros Hoy IM","Tiempo de lectura":"2 minutos"},"schema":{"@context":"https:\/\/schema.org","@graph":[{"@type":"Article","@id":"https:\/\/reporteroshoy.mx\/noticias\/carolina-viggiano-vamos-a-jalar-con-el-que-salga\/#article","isPartOf":{"@id":"https:\/\/reporteroshoy.mx\/noticias\/carolina-viggiano-vamos-a-jalar-con-el-que-salga\/"},"author":{"name":"Reporteros Hoy IM","@id":"https:\/\/reporteroshoy.mx\/noticias\/#\/schema\/person\/948520f0d88b01be2e5266bc4acbbc15"},"headline":"Carolina Viggiano: \u00abVamos a jalar con el que salga\u00bb","datePublished":"2023-07-01T20:00:35+00:00","dateModified":"2023-07-03T17:59:45+00:00","mainEntityOfPage":{"@id":"https:\/\/reporteroshoy.mx\/noticias\/carolina-viggiano-vamos-a-jalar-con-el-que-salga\/"},"wordCount":396,"commentCount":0,"image":{"@id":"https:\/\/reporteroshoy.mx\/noticias\/carolina-viggiano-vamos-a-jalar-con-el-que-salga\/#primaryimage"},"thumbnailUrl":"https:\/\/reporteroshoy.mx\/noticias\/wp-content\/uploads\/2023\/07\/CAROLINA-VIGGIANO_VAMOS-A-JALAR-scaled.jpg","keywords":["Carolina Viggiano","Frente Amplio por M\u00e9xico","PRI"],"articleSection":["Pol\u00edtica"],"inLanguage":"es","potentialAction":[{"@type":"CommentAction","name":"Comment","target":["https:\/\/reporteroshoy.mx\/noticias\/carolina-viggiano-vamos-a-jalar-con-el-que-salga\/#respond"]}]},{"@type":"WebPage","@id":"https:\/\/reporteroshoy.mx\/noticias\/carolina-viggiano-vamos-a-jalar-con-el-que-salga\/","url":"https:\/\/reporteroshoy.mx\/noticias\/carolina-viggiano-vamos-a-jalar-con-el-que-salga\/","name":"Carolina Viggiano: \"Vamos a jalar con el que salga\"","isPartOf":{"@id":"https:\/\/reporteroshoy.mx\/noticias\/#website"},"primaryImageOfPage":{"@id":"https:\/\/reporteroshoy.mx\/noticias\/carolina-viggiano-vamos-a-jalar-con-el-que-salga\/#primaryimage"},"image":{"@id":"https:\/\/reporteroshoy.mx\/noticias\/carolina-viggiano-vamos-a-jalar-con-el-que-salga\/#primaryimage"},"thumbnailUrl":"https:\/\/reporteroshoy.mx\/noticias\/wp-content\/uploads\/2023\/07\/CAROLINA-VIGGIANO_VAMOS-A-JALAR-scaled.jpg","datePublished":"2023-07-01T20:00:35+00:00","dateModified":"2023-07-03T17:59:45+00:00","author":{"@id":"https:\/\/reporteroshoy.mx\/noticias\/#\/schema\/person\/948520f0d88b01be2e5266bc4acbbc15"},"description":"\"Vamos a jalar con el que salga\" para salvar a M\u00e9xico en las elecciones de 2024, dijo la secretar\u00eda general del PRI.","breadcrumb":{"@id":"https:\/\/reporteroshoy.mx\/noticias\/carolina-viggiano-vamos-a-jalar-con-el-que-salga\/#breadcrumb"},"inLanguage":"es","potentialAction":[{"@type":"ReadAction","target":["https:\/\/reporteroshoy.mx\/noticias\/carolina-viggiano-vamos-a-jalar-con-el-que-salga\/"]}]},{"@type":"ImageObject","inLanguage":"es","@id":"https:\/\/reporteroshoy.mx\/noticias\/carolina-viggiano-vamos-a-jalar-con-el-que-salga\/#primaryimage","url":"https:\/\/reporteroshoy.mx\/noticias\/wp-content\/uploads\/2023\/07\/CAROLINA-VIGGIANO_VAMOS-A-JALAR-scaled.jpg","contentUrl":"https:\/\/reporteroshoy.mx\/noticias\/wp-content\/uploads\/2023\/07\/CAROLINA-VIGGIANO_VAMOS-A-JALAR-scaled.jpg","width":768,"height":566,"caption":"La secretar\u00eda general del PRI, Carolina Viggiano, en la Casa del Pueblo."},{"@type":"BreadcrumbList","@id":"https:\/\/reporteroshoy.mx\/noticias\/carolina-viggiano-vamos-a-jalar-con-el-que-salga\/#breadcrumb","itemListElement":[{"@type":"ListItem","position":1,"name":"Portada","item":"https:\/\/reporteroshoy.mx\/noticias\/"},{"@type":"ListItem","position":2,"name":"Carolina Viggiano: \u00abVamos a jalar con el que salga\u00bb"}]},{"@type":"WebSite","@id":"https:\/\/reporteroshoy.mx\/noticias\/#website","url":"https:\/\/reporteroshoy.mx\/noticias\/","name":"Reporteros Hoy | Noticias de Yucat\u00e1n","description":"Peri\u00f3dico digital con noticias diarias desde M\u00e9rida, Yucat\u00e1n para el mundo.","potentialAction":[{"@type":"SearchAction","target":{"@type":"EntryPoint","urlTemplate":"https:\/\/reporteroshoy.mx\/noticias\/?s={search_term_string}"},"query-input":{"@type":"PropertyValueSpecification","valueRequired":true,"valueName":"search_term_string"}}],"inLanguage":"es"},{"@type":"Person","@id":"https:\/\/reporteroshoy.mx\/noticias\/#\/schema\/person\/948520f0d88b01be2e5266bc4acbbc15","name":"Reporteros Hoy IM","image":{"@type":"ImageObject","inLanguage":"es","@id":"https:\/\/secure.gravatar.com\/avatar\/d843030b96552826ac048bdfe26f2895604b800ed0c880ee55765a74d95dfc65?s=96&d=mm&r=g","url":"https:\/\/secure.gravatar.com\/avatar\/d843030b96552826ac048bdfe26f2895604b800ed0c880ee55765a74d95dfc65?s=96&d=mm&r=g","contentUrl":"https:\/\/secure.gravatar.com\/avatar\/d843030b96552826ac048bdfe26f2895604b800ed0c880ee55765a74d95dfc65?s=96&d=mm&r=g","caption":"Reporteros Hoy IM"},"url":"https:\/\/reporteroshoy.mx\/noticias\/author\/israel\/"}]}},"_links":{"self":[{"href":"https:\/\/reporteroshoy.mx\/noticias\/wp-json\/wp\/v2\/posts\/103614","targetHints":{"allow":["GET"]}}],"collection":[{"href":"https:\/\/reporteroshoy.mx\/noticias\/wp-json\/wp\/v2\/posts"}],"about":[{"href":"https:\/\/reporteroshoy.mx\/noticias\/wp-json\/wp\/v2\/types\/post"}],"author":[{"embeddable":true,"href":"https:\/\/reporteroshoy.mx\/noticias\/wp-json\/wp\/v2\/users\/5"}],"replies":[{"embeddable":true,"href":"https:\/\/reporteroshoy.mx\/noticias\/wp-json\/wp\/v2\/comments?post=103614"}],"version-history":[{"count":0,"href":"https:\/\/reporteroshoy.mx\/noticias\/wp-json\/wp\/v2\/posts\/103614\/revisions"}],"wp:featuredmedia":[{"embeddable":true,"href":"https:\/\/reporteroshoy.mx\/noticias\/wp-json\/wp\/v2\/media\/103615"}],"wp:attachment":[{"href":"https:\/\/reporteroshoy.mx\/noticias\/wp-json\/wp\/v2\/media?parent=103614"}],"wp:term":[{"taxonomy":"category","embeddable":true,"href":"https:\/\/reporteroshoy.mx\/noticias\/wp-json\/wp\/v2\/categories?post=103614"},{"taxonomy":"post_tag","embeddable":true,"href":"https:\/\/reporteroshoy.mx\/noticias\/wp-json\/wp\/v2\/tags?post=103614"}],"curies":[{"name":"wp","href":"https:\/\/api.w.org\/{rel}","templated":true}]}}