{"id":103616,"date":"2023-07-02T14:45:58","date_gmt":"2023-07-02T20:45:58","guid":{"rendered":"https:\/\/reporteroshoy.mx\/noticias\/?p=103616"},"modified":"2023-07-03T12:50:34","modified_gmt":"2023-07-03T18:50:34","slug":"norona-anticipo-que-lograra-la-hazana-de-ser-el-candidato-de-la-4t","status":"publish","type":"post","link":"https:\/\/reporteroshoy.mx\/noticias\/norona-anticipo-que-lograra-la-hazana-de-ser-el-candidato-de-la-4t\/","title":{"rendered":"Noro\u00f1a anticip\u00f3 que lograr\u00e1 la haza\u00f1a de ser el candidato de la 4T"},"content":{"rendered":"<p style=\"text-align: justify;\">Gerardo Fern\u00e1ndez Noro\u00f1a, diputado federal del PT, afirm\u00f3 que ya alcanz\u00f3 el tercer lugar en las preferencias electorales en el proceso interno de las llamadas \u201ccorcholatas\u201d. El pol\u00e9mico legislador anticip\u00f3 que lograr\u00e1 la haza\u00f1a de ser el candidato presidencial de la 4T.<\/p>\n<p><img loading=\"lazy\" decoding=\"async\" class=\"alignnone size-full wp-image-103617\" src=\"https:\/\/reporteroshoy.mx\/noticias\/wp-content\/uploads\/2023\/07\/NORONA_LA-HAZANA_-scaled.jpg\" alt=\"\" width=\"768\" height=\"576\" \/><\/p>\n<p style=\"text-align: justify;\">Optimista, Fern\u00e1ndez Noro\u00f1a asegur\u00f3 que les va a ganar a sus compa\u00f1eros sin derroche, ni espectaculares ni estar en el \u00e1nimo del presidente Andr\u00e9s Manuel L\u00f3pez Obrador.<\/p>\n<p style=\"text-align: justify;\">Sin decir nombres, afirm\u00f3 que a dos de los contendientes \u201cla ambici\u00f3n los est\u00e1 perdiendo\u201d.<\/p>\n<p style=\"text-align: justify;\">\u201cEl que tenga ojos, que vea\u201d, respondi\u00f3 cuando se le pidi\u00f3 identificar a quienes est\u00e1n en esa situaci\u00f3n.<\/p>\n<h3>Lograr\u00e1 \u00abla haza\u00f1a\u00bb<\/h3>\n<p style=\"text-align: justify;\">El petista se autodefini\u00f3 como un fen\u00f3meno y el \u00fanico que puede garantizar la continuidad y profundizaci\u00f3n del proyecto de la Cuarta Transformaci\u00f3n en el pa\u00eds.<\/p>\n<p style=\"text-align: justify;\">\u201cEn dos semanas, no podr\u00e1n negar que estoy disputando la coordinaci\u00f3n de 4T y que esto ya es algo grande\u201d vaticin\u00f3.<\/p>\n<p style=\"text-align: justify;\">A diferencia de otros contendientes, dijo que no cuenta con el apoyo de gobiernos estatales que no deber\u00edan involucrarse en el proceso.<\/p>\n<p><em><strong>Te puede interesar: <\/strong><\/em><em><strong><a href=\"https:\/\/reporteroshoy.mx\/noticias\/beatriz-paredes-seguira-hasta-el-final-en-busca-de-postulacion\/\">Beatriz Paredes \u00abseguir\u00e1 hasta el final\u00bb en busca de postulaci\u00f3n<\/a><\/strong><\/em><\/p>\n<p style=\"text-align: justify;\">Yucat\u00e1n es la tercera entidad donde coincide su agenda con la de Claudia Sheinbaum. Defendi\u00f3 la decisi\u00f3n de ex priistas y ex panistas de enrolarse en Morena, aunque precis\u00f3: \u201cnos reservamos el derecho de admisi\u00f3n\u201d.<\/p>\n<p style=\"text-align: justify;\">Dijo que siempre habr\u00e1 incorporaciones pol\u00e9micas, pero quienes lleguen tendr\u00e1n que trabajar fuerte y defender su nueva causa.<\/p>\n<h3 style=\"text-align: justify;\">X\u00f3chitl es algo artificial<\/h3>\n<p style=\"text-align: justify;\">Critic\u00f3 a X\u00f3chitl G\u00e1lvez por darle la espalda a su origen y dijo que si fuera consecuente no estar\u00eda en el PAN.<\/p>\n<p style=\"text-align: justify;\">\u201cEs artificial todo lo que est\u00e1 generando alrededor de la senadora. Ahora resulta que la derecha es indigenista\u201d Revel\u00f3 que en 2018, la hoy aspirante del Frente Amplio por M\u00e9xico iba a integrarse a la campa\u00f1a de Sheinbaum Pardo.<\/p>\n<figure id=\"attachment_103618\" aria-describedby=\"caption-attachment-103618\" style=\"width: 768px\" class=\"wp-caption alignnone\"><img loading=\"lazy\" decoding=\"async\" class=\"size-full wp-image-103618\" src=\"https:\/\/reporteroshoy.mx\/noticias\/wp-content\/uploads\/2023\/07\/NORONABUS_LA-HAZANA--scaled.jpg\" alt=\"\" width=\"768\" height=\"576\" \/><figcaption id=\"caption-attachment-103618\" class=\"wp-caption-text\">El \u00abNoro\u00f1abus\u00bb en la Plaza Grande de M\u00e9rida.<\/figcaption><\/figure>\n<p style=\"text-align: justify;\">Gerardo Fern\u00e1ndez estren\u00f3 en M\u00e9rida el \u201cNoro\u00f1abus\u201d, una combi adaptada con anaqueles de libros que lo acompa\u00f1ar\u00e1 en sus recorridos por el pa\u00eds.<\/p>\n","protected":false},"excerpt":{"rendered":"<p> Gerardo Fern\u00e1ndez Noro\u00f1a dijo que la haza\u00f1a de ser el abanderado presidencial es posible porque se ha convertido en un fen\u00f3meno. <\/p>\n","protected":false},"author":5,"featured_media":103617,"comment_status":"open","ping_status":"closed","sticky":false,"template":"","format":"standard","meta":{"footnotes":""},"categories":[24410],"tags":[18207,3712,1680,23],"class_list":["post-103616","post","type-post","status-publish","format-standard","has-post-thumbnail","hentry","category-politica","tag-candidato-presidencial","tag-norona","tag-pt","tag-yucatan"],"yoast_head":"<!-- This site is optimized with the Yoast SEO plugin v28.4 - https:\/\/yoast.com\/product\/yoast-seo-wordpress\/ -->\n<title>Noro\u00f1a anticip\u00f3 que lograr\u00e1 la haza\u00f1a de ser el candidato de la 4T<\/title>\n<meta name=\"description\" content=\"Gerardo Fern\u00e1ndez Noro\u00f1a dijo que la haza\u00f1a de ser el abanderado presidencial es posible porque se ha convertido en un fen\u00f3meno.\" \/>\n<meta name=\"robots\" content=\"index, follow, max-snippet:-1, max-image-preview:large, max-video-preview:-1\" \/>\n<link rel=\"canonical\" href=\"https:\/\/reporteroshoy.mx\/noticias\/norona-anticipo-que-lograra-la-hazana-de-ser-el-candidato-de-la-4t\/\" \/>\n<meta property=\"og:locale\" content=\"es_ES\" \/>\n<meta property=\"og:type\" content=\"article\" \/>\n<meta property=\"og:title\" content=\"Noro\u00f1a anticip\u00f3 que lograr\u00e1 la haza\u00f1a de ser el candidato de la 4T\" \/>\n<meta property=\"og:description\" content=\"Gerardo Fern\u00e1ndez Noro\u00f1a dijo que la haza\u00f1a de ser el abanderado presidencial es posible porque se ha convertido en un fen\u00f3meno.\" \/>\n<meta property=\"og:url\" content=\"https:\/\/reporteroshoy.mx\/noticias\/norona-anticipo-que-lograra-la-hazana-de-ser-el-candidato-de-la-4t\/\" \/>\n<meta property=\"og:site_name\" content=\"Reporteros Hoy | Noticias de Yucat\u00e1n\" \/>\n<meta property=\"article:publisher\" content=\"http:\/\/www.facebook.com\/reporteroshoymx\" \/>\n<meta property=\"article:published_time\" content=\"2023-07-02T20:45:58+00:00\" \/>\n<meta property=\"article:modified_time\" content=\"2023-07-03T18:50:34+00:00\" \/>\n<meta property=\"og:image\" content=\"https:\/\/reporteroshoy.mx\/noticias\/wp-content\/uploads\/2023\/07\/NORONA_LA-HAZANA_-scaled.jpg\" \/>\n\t<meta property=\"og:image:width\" content=\"768\" \/>\n\t<meta property=\"og:image:height\" content=\"576\" \/>\n\t<meta property=\"og:image:type\" content=\"image\/jpeg\" \/>\n<meta name=\"author\" content=\"Reporteros Hoy IM\" \/>\n<meta name=\"twitter:card\" content=\"summary_large_image\" \/>\n<meta name=\"twitter:creator\" content=\"@reporteroshoy\" \/>\n<meta name=\"twitter:site\" content=\"@reporteroshoy\" \/>\n<meta name=\"twitter:label1\" content=\"Escrito por\" \/>\n\t<meta name=\"twitter:data1\" content=\"Reporteros Hoy IM\" \/>\n\t<meta name=\"twitter:label2\" content=\"Tiempo de lectura\" \/>\n\t<meta name=\"twitter:data2\" content=\"2 minutos\" \/>\n<script type=\"application\/ld+json\" class=\"yoast-schema-graph\">{\"@context\":\"https:\\\/\\\/schema.org\",\"@graph\":[{\"@type\":\"Article\",\"@id\":\"https:\\\/\\\/reporteroshoy.mx\\\/noticias\\\/norona-anticipo-que-lograra-la-hazana-de-ser-el-candidato-de-la-4t\\\/#article\",\"isPartOf\":{\"@id\":\"https:\\\/\\\/reporteroshoy.mx\\\/noticias\\\/norona-anticipo-que-lograra-la-hazana-de-ser-el-candidato-de-la-4t\\\/\"},\"author\":{\"name\":\"Reporteros Hoy IM\",\"@id\":\"https:\\\/\\\/reporteroshoy.mx\\\/noticias\\\/#\\\/schema\\\/person\\\/948520f0d88b01be2e5266bc4acbbc15\"},\"headline\":\"Noro\u00f1a anticip\u00f3 que lograr\u00e1 la haza\u00f1a de ser el candidato de la 4T\",\"datePublished\":\"2023-07-02T20:45:58+00:00\",\"dateModified\":\"2023-07-03T18:50:34+00:00\",\"mainEntityOfPage\":{\"@id\":\"https:\\\/\\\/reporteroshoy.mx\\\/noticias\\\/norona-anticipo-que-lograra-la-hazana-de-ser-el-candidato-de-la-4t\\\/\"},\"wordCount\":396,\"commentCount\":0,\"image\":{\"@id\":\"https:\\\/\\\/reporteroshoy.mx\\\/noticias\\\/norona-anticipo-que-lograra-la-hazana-de-ser-el-candidato-de-la-4t\\\/#primaryimage\"},\"thumbnailUrl\":\"https:\\\/\\\/reporteroshoy.mx\\\/noticias\\\/wp-content\\\/uploads\\\/2023\\\/07\\\/NORONA_LA-HAZANA_-scaled.jpg\",\"keywords\":[\"Candidato presidencial\",\"Noro\u00f1a\",\"PT\",\"Yucat\u00e1n\"],\"articleSection\":[\"Pol\u00edtica\"],\"inLanguage\":\"es\",\"potentialAction\":[{\"@type\":\"CommentAction\",\"name\":\"Comment\",\"target\":[\"https:\\\/\\\/reporteroshoy.mx\\\/noticias\\\/norona-anticipo-que-lograra-la-hazana-de-ser-el-candidato-de-la-4t\\\/#respond\"]}]},{\"@type\":\"WebPage\",\"@id\":\"https:\\\/\\\/reporteroshoy.mx\\\/noticias\\\/norona-anticipo-que-lograra-la-hazana-de-ser-el-candidato-de-la-4t\\\/\",\"url\":\"https:\\\/\\\/reporteroshoy.mx\\\/noticias\\\/norona-anticipo-que-lograra-la-hazana-de-ser-el-candidato-de-la-4t\\\/\",\"name\":\"Noro\u00f1a anticip\u00f3 que lograr\u00e1 la haza\u00f1a de ser el candidato de la 4T\",\"isPartOf\":{\"@id\":\"https:\\\/\\\/reporteroshoy.mx\\\/noticias\\\/#website\"},\"primaryImageOfPage\":{\"@id\":\"https:\\\/\\\/reporteroshoy.mx\\\/noticias\\\/norona-anticipo-que-lograra-la-hazana-de-ser-el-candidato-de-la-4t\\\/#primaryimage\"},\"image\":{\"@id\":\"https:\\\/\\\/reporteroshoy.mx\\\/noticias\\\/norona-anticipo-que-lograra-la-hazana-de-ser-el-candidato-de-la-4t\\\/#primaryimage\"},\"thumbnailUrl\":\"https:\\\/\\\/reporteroshoy.mx\\\/noticias\\\/wp-content\\\/uploads\\\/2023\\\/07\\\/NORONA_LA-HAZANA_-scaled.jpg\",\"datePublished\":\"2023-07-02T20:45:58+00:00\",\"dateModified\":\"2023-07-03T18:50:34+00:00\",\"author\":{\"@id\":\"https:\\\/\\\/reporteroshoy.mx\\\/noticias\\\/#\\\/schema\\\/person\\\/948520f0d88b01be2e5266bc4acbbc15\"},\"description\":\"Gerardo Fern\u00e1ndez Noro\u00f1a dijo que la haza\u00f1a de ser el abanderado presidencial es posible porque se ha convertido en un fen\u00f3meno.\",\"breadcrumb\":{\"@id\":\"https:\\\/\\\/reporteroshoy.mx\\\/noticias\\\/norona-anticipo-que-lograra-la-hazana-de-ser-el-candidato-de-la-4t\\\/#breadcrumb\"},\"inLanguage\":\"es\",\"potentialAction\":[{\"@type\":\"ReadAction\",\"target\":[\"https:\\\/\\\/reporteroshoy.mx\\\/noticias\\\/norona-anticipo-que-lograra-la-hazana-de-ser-el-candidato-de-la-4t\\\/\"]}]},{\"@type\":\"ImageObject\",\"inLanguage\":\"es\",\"@id\":\"https:\\\/\\\/reporteroshoy.mx\\\/noticias\\\/norona-anticipo-que-lograra-la-hazana-de-ser-el-candidato-de-la-4t\\\/#primaryimage\",\"url\":\"https:\\\/\\\/reporteroshoy.mx\\\/noticias\\\/wp-content\\\/uploads\\\/2023\\\/07\\\/NORONA_LA-HAZANA_-scaled.jpg\",\"contentUrl\":\"https:\\\/\\\/reporteroshoy.mx\\\/noticias\\\/wp-content\\\/uploads\\\/2023\\\/07\\\/NORONA_LA-HAZANA_-scaled.jpg\",\"width\":768,\"height\":576},{\"@type\":\"BreadcrumbList\",\"@id\":\"https:\\\/\\\/reporteroshoy.mx\\\/noticias\\\/norona-anticipo-que-lograra-la-hazana-de-ser-el-candidato-de-la-4t\\\/#breadcrumb\",\"itemListElement\":[{\"@type\":\"ListItem\",\"position\":1,\"name\":\"Portada\",\"item\":\"https:\\\/\\\/reporteroshoy.mx\\\/noticias\\\/\"},{\"@type\":\"ListItem\",\"position\":2,\"name\":\"Noro\u00f1a anticip\u00f3 que lograr\u00e1 la haza\u00f1a de ser el candidato de la 4T\"}]},{\"@type\":\"WebSite\",\"@id\":\"https:\\\/\\\/reporteroshoy.mx\\\/noticias\\\/#website\",\"url\":\"https:\\\/\\\/reporteroshoy.mx\\\/noticias\\\/\",\"name\":\"Reporteros Hoy | Noticias de Yucat\u00e1n\",\"description\":\"Peri\u00f3dico digital con noticias diarias desde M\u00e9rida, Yucat\u00e1n para el mundo.\",\"potentialAction\":[{\"@type\":\"SearchAction\",\"target\":{\"@type\":\"EntryPoint\",\"urlTemplate\":\"https:\\\/\\\/reporteroshoy.mx\\\/noticias\\\/?s={search_term_string}\"},\"query-input\":{\"@type\":\"PropertyValueSpecification\",\"valueRequired\":true,\"valueName\":\"search_term_string\"}}],\"inLanguage\":\"es\"},{\"@type\":\"Person\",\"@id\":\"https:\\\/\\\/reporteroshoy.mx\\\/noticias\\\/#\\\/schema\\\/person\\\/948520f0d88b01be2e5266bc4acbbc15\",\"name\":\"Reporteros Hoy IM\",\"image\":{\"@type\":\"ImageObject\",\"inLanguage\":\"es\",\"@id\":\"https:\\\/\\\/secure.gravatar.com\\\/avatar\\\/d843030b96552826ac048bdfe26f2895604b800ed0c880ee55765a74d95dfc65?s=96&d=mm&r=g\",\"url\":\"https:\\\/\\\/secure.gravatar.com\\\/avatar\\\/d843030b96552826ac048bdfe26f2895604b800ed0c880ee55765a74d95dfc65?s=96&d=mm&r=g\",\"contentUrl\":\"https:\\\/\\\/secure.gravatar.com\\\/avatar\\\/d843030b96552826ac048bdfe26f2895604b800ed0c880ee55765a74d95dfc65?s=96&d=mm&r=g\",\"caption\":\"Reporteros Hoy IM\"},\"url\":\"https:\\\/\\\/reporteroshoy.mx\\\/noticias\\\/author\\\/israel\\\/\"}]}<\/script>\n<!-- \/ Yoast SEO plugin. -->","yoast_head_json":{"title":"Noro\u00f1a anticip\u00f3 que lograr\u00e1 la haza\u00f1a de ser el candidato de la 4T","description":"Gerardo Fern\u00e1ndez Noro\u00f1a dijo que la haza\u00f1a de ser el abanderado presidencial es posible porque se ha convertido en un fen\u00f3meno.","robots":{"index":"index","follow":"follow","max-snippet":"max-snippet:-1","max-image-preview":"max-image-preview:large","max-video-preview":"max-video-preview:-1"},"canonical":"https:\/\/reporteroshoy.mx\/noticias\/norona-anticipo-que-lograra-la-hazana-de-ser-el-candidato-de-la-4t\/","og_locale":"es_ES","og_type":"article","og_title":"Noro\u00f1a anticip\u00f3 que lograr\u00e1 la haza\u00f1a de ser el candidato de la 4T","og_description":"Gerardo Fern\u00e1ndez Noro\u00f1a dijo que la haza\u00f1a de ser el abanderado presidencial es posible porque se ha convertido en un fen\u00f3meno.","og_url":"https:\/\/reporteroshoy.mx\/noticias\/norona-anticipo-que-lograra-la-hazana-de-ser-el-candidato-de-la-4t\/","og_site_name":"Reporteros Hoy | Noticias de Yucat\u00e1n","article_publisher":"http:\/\/www.facebook.com\/reporteroshoymx","article_published_time":"2023-07-02T20:45:58+00:00","article_modified_time":"2023-07-03T18:50:34+00:00","og_image":[{"width":768,"height":576,"url":"https:\/\/reporteroshoy.mx\/noticias\/wp-content\/uploads\/2023\/07\/NORONA_LA-HAZANA_-scaled.jpg","type":"image\/jpeg"}],"author":"Reporteros Hoy IM","twitter_card":"summary_large_image","twitter_creator":"@reporteroshoy","twitter_site":"@reporteroshoy","twitter_misc":{"Escrito por":"Reporteros Hoy IM","Tiempo de lectura":"2 minutos"},"schema":{"@context":"https:\/\/schema.org","@graph":[{"@type":"Article","@id":"https:\/\/reporteroshoy.mx\/noticias\/norona-anticipo-que-lograra-la-hazana-de-ser-el-candidato-de-la-4t\/#article","isPartOf":{"@id":"https:\/\/reporteroshoy.mx\/noticias\/norona-anticipo-que-lograra-la-hazana-de-ser-el-candidato-de-la-4t\/"},"author":{"name":"Reporteros Hoy IM","@id":"https:\/\/reporteroshoy.mx\/noticias\/#\/schema\/person\/948520f0d88b01be2e5266bc4acbbc15"},"headline":"Noro\u00f1a anticip\u00f3 que lograr\u00e1 la haza\u00f1a de ser el candidato de la 4T","datePublished":"2023-07-02T20:45:58+00:00","dateModified":"2023-07-03T18:50:34+00:00","mainEntityOfPage":{"@id":"https:\/\/reporteroshoy.mx\/noticias\/norona-anticipo-que-lograra-la-hazana-de-ser-el-candidato-de-la-4t\/"},"wordCount":396,"commentCount":0,"image":{"@id":"https:\/\/reporteroshoy.mx\/noticias\/norona-anticipo-que-lograra-la-hazana-de-ser-el-candidato-de-la-4t\/#primaryimage"},"thumbnailUrl":"https:\/\/reporteroshoy.mx\/noticias\/wp-content\/uploads\/2023\/07\/NORONA_LA-HAZANA_-scaled.jpg","keywords":["Candidato presidencial","Noro\u00f1a","PT","Yucat\u00e1n"],"articleSection":["Pol\u00edtica"],"inLanguage":"es","potentialAction":[{"@type":"CommentAction","name":"Comment","target":["https:\/\/reporteroshoy.mx\/noticias\/norona-anticipo-que-lograra-la-hazana-de-ser-el-candidato-de-la-4t\/#respond"]}]},{"@type":"WebPage","@id":"https:\/\/reporteroshoy.mx\/noticias\/norona-anticipo-que-lograra-la-hazana-de-ser-el-candidato-de-la-4t\/","url":"https:\/\/reporteroshoy.mx\/noticias\/norona-anticipo-que-lograra-la-hazana-de-ser-el-candidato-de-la-4t\/","name":"Noro\u00f1a anticip\u00f3 que lograr\u00e1 la haza\u00f1a de ser el candidato de la 4T","isPartOf":{"@id":"https:\/\/reporteroshoy.mx\/noticias\/#website"},"primaryImageOfPage":{"@id":"https:\/\/reporteroshoy.mx\/noticias\/norona-anticipo-que-lograra-la-hazana-de-ser-el-candidato-de-la-4t\/#primaryimage"},"image":{"@id":"https:\/\/reporteroshoy.mx\/noticias\/norona-anticipo-que-lograra-la-hazana-de-ser-el-candidato-de-la-4t\/#primaryimage"},"thumbnailUrl":"https:\/\/reporteroshoy.mx\/noticias\/wp-content\/uploads\/2023\/07\/NORONA_LA-HAZANA_-scaled.jpg","datePublished":"2023-07-02T20:45:58+00:00","dateModified":"2023-07-03T18:50:34+00:00","author":{"@id":"https:\/\/reporteroshoy.mx\/noticias\/#\/schema\/person\/948520f0d88b01be2e5266bc4acbbc15"},"description":"Gerardo Fern\u00e1ndez Noro\u00f1a dijo que la haza\u00f1a de ser el abanderado presidencial es posible porque se ha convertido en un fen\u00f3meno.","breadcrumb":{"@id":"https:\/\/reporteroshoy.mx\/noticias\/norona-anticipo-que-lograra-la-hazana-de-ser-el-candidato-de-la-4t\/#breadcrumb"},"inLanguage":"es","potentialAction":[{"@type":"ReadAction","target":["https:\/\/reporteroshoy.mx\/noticias\/norona-anticipo-que-lograra-la-hazana-de-ser-el-candidato-de-la-4t\/"]}]},{"@type":"ImageObject","inLanguage":"es","@id":"https:\/\/reporteroshoy.mx\/noticias\/norona-anticipo-que-lograra-la-hazana-de-ser-el-candidato-de-la-4t\/#primaryimage","url":"https:\/\/reporteroshoy.mx\/noticias\/wp-content\/uploads\/2023\/07\/NORONA_LA-HAZANA_-scaled.jpg","contentUrl":"https:\/\/reporteroshoy.mx\/noticias\/wp-content\/uploads\/2023\/07\/NORONA_LA-HAZANA_-scaled.jpg","width":768,"height":576},{"@type":"BreadcrumbList","@id":"https:\/\/reporteroshoy.mx\/noticias\/norona-anticipo-que-lograra-la-hazana-de-ser-el-candidato-de-la-4t\/#breadcrumb","itemListElement":[{"@type":"ListItem","position":1,"name":"Portada","item":"https:\/\/reporteroshoy.mx\/noticias\/"},{"@type":"ListItem","position":2,"name":"Noro\u00f1a anticip\u00f3 que lograr\u00e1 la haza\u00f1a de ser el candidato de la 4T"}]},{"@type":"WebSite","@id":"https:\/\/reporteroshoy.mx\/noticias\/#website","url":"https:\/\/reporteroshoy.mx\/noticias\/","name":"Reporteros Hoy | Noticias de Yucat\u00e1n","description":"Peri\u00f3dico digital con noticias diarias desde M\u00e9rida, Yucat\u00e1n para el mundo.","potentialAction":[{"@type":"SearchAction","target":{"@type":"EntryPoint","urlTemplate":"https:\/\/reporteroshoy.mx\/noticias\/?s={search_term_string}"},"query-input":{"@type":"PropertyValueSpecification","valueRequired":true,"valueName":"search_term_string"}}],"inLanguage":"es"},{"@type":"Person","@id":"https:\/\/reporteroshoy.mx\/noticias\/#\/schema\/person\/948520f0d88b01be2e5266bc4acbbc15","name":"Reporteros Hoy IM","image":{"@type":"ImageObject","inLanguage":"es","@id":"https:\/\/secure.gravatar.com\/avatar\/d843030b96552826ac048bdfe26f2895604b800ed0c880ee55765a74d95dfc65?s=96&d=mm&r=g","url":"https:\/\/secure.gravatar.com\/avatar\/d843030b96552826ac048bdfe26f2895604b800ed0c880ee55765a74d95dfc65?s=96&d=mm&r=g","contentUrl":"https:\/\/secure.gravatar.com\/avatar\/d843030b96552826ac048bdfe26f2895604b800ed0c880ee55765a74d95dfc65?s=96&d=mm&r=g","caption":"Reporteros Hoy IM"},"url":"https:\/\/reporteroshoy.mx\/noticias\/author\/israel\/"}]}},"_links":{"self":[{"href":"https:\/\/reporteroshoy.mx\/noticias\/wp-json\/wp\/v2\/posts\/103616","targetHints":{"allow":["GET"]}}],"collection":[{"href":"https:\/\/reporteroshoy.mx\/noticias\/wp-json\/wp\/v2\/posts"}],"about":[{"href":"https:\/\/reporteroshoy.mx\/noticias\/wp-json\/wp\/v2\/types\/post"}],"author":[{"embeddable":true,"href":"https:\/\/reporteroshoy.mx\/noticias\/wp-json\/wp\/v2\/users\/5"}],"replies":[{"embeddable":true,"href":"https:\/\/reporteroshoy.mx\/noticias\/wp-json\/wp\/v2\/comments?post=103616"}],"version-history":[{"count":0,"href":"https:\/\/reporteroshoy.mx\/noticias\/wp-json\/wp\/v2\/posts\/103616\/revisions"}],"wp:featuredmedia":[{"embeddable":true,"href":"https:\/\/reporteroshoy.mx\/noticias\/wp-json\/wp\/v2\/media\/103617"}],"wp:attachment":[{"href":"https:\/\/reporteroshoy.mx\/noticias\/wp-json\/wp\/v2\/media?parent=103616"}],"wp:term":[{"taxonomy":"category","embeddable":true,"href":"https:\/\/reporteroshoy.mx\/noticias\/wp-json\/wp\/v2\/categories?post=103616"},{"taxonomy":"post_tag","embeddable":true,"href":"https:\/\/reporteroshoy.mx\/noticias\/wp-json\/wp\/v2\/tags?post=103616"}],"curies":[{"name":"wp","href":"https:\/\/api.w.org\/{rel}","templated":true}]}}