{"id":103619,"date":"2023-07-02T20:30:12","date_gmt":"2023-07-03T02:30:12","guid":{"rendered":"https:\/\/reporteroshoy.mx\/noticias\/?p=103619"},"modified":"2023-07-03T13:20:32","modified_gmt":"2023-07-03T19:20:32","slug":"sheinbaum-destaca-el-papel-de-las-mujeres-en-la-4t","status":"publish","type":"post","link":"https:\/\/reporteroshoy.mx\/noticias\/sheinbaum-destaca-el-papel-de-las-mujeres-en-la-4t\/","title":{"rendered":"Sheinbaum destaca el papel de las mujeres en la 4T"},"content":{"rendered":"<p style=\"text-align: justify;\">En un encuentro con mujeres realizado en Motul, Claudia Sheinbaum, enfatiz\u00f3 el papel fundamental de las mujeres en la 4T.<\/p>\n<p style=\"text-align: justify;\">\u00abHoy con el presidente Andr\u00e9s Manuel L\u00f3pez Obrador y con la Cuarta Transformaci\u00f3n tambi\u00e9n hay una transformaci\u00f3n para las mujeres\u00bb, se\u00f1al\u00f3 la ex jefa de gobierno.<\/p>\n<p style=\"text-align: justify;\">Destac\u00f3 que el M\u00e9xico con &#8216;M&#8217; de machismo se est\u00e1 quedando atr\u00e1s y que ahora es el tiempo de las mujeres.<\/p>\n<h3>Lo que deben luchas las mujeres en la 4T<\/h3>\n<p style=\"text-align: justify;\">Durante su mensaje, la aspirante subray\u00f3 la importancia de la lucha por los derechos de las mujeres en tierras yucatecas, recordando a Elvia Carrillo Puerto, una incansable defensora de la igualdad sustantiva.<\/p>\n<p style=\"text-align: justify;\">Sheinbaum describi\u00f3 a Carrillo Puerto como \u00abuna mujer de principios, revolucionaria, feminista, que luch\u00f3 por la justicia social y por los derechos de todas las mujeres mexicanas\u00bb.<\/p>\n<h3>No se habla de hero\u00ednas<\/h3>\n<p style=\"text-align: justify;\">\u00abA veces en la historia de M\u00e9xico se les deja a un lado, pocas veces se habla de las hero\u00ednas y Elvia Carrillo Puerto es una mujer que se adelant\u00f3 a su \u00e9poca\u00bb expres\u00f3.<\/p>\n<p style=\"text-align: justify;\">Claudia Sheinbaum reconoci\u00f3 que a\u00fan queda mucho por hacer en materia de igualdad y no discriminaci\u00f3n.<\/p>\n<figure id=\"attachment_103620\" aria-describedby=\"caption-attachment-103620\" style=\"width: 768px\" class=\"wp-caption alignnone\"><img loading=\"lazy\" decoding=\"async\" class=\"size-full wp-image-103620\" src=\"https:\/\/reporteroshoy.mx\/noticias\/wp-content\/uploads\/2023\/07\/SHEINBAUM_MUJERES-EN-LA-4T-scaled.jpeg\" alt=\"\" width=\"768\" height=\"512\" \/><figcaption id=\"caption-attachment-103620\" class=\"wp-caption-text\">Las aspirante presidencial de Morena encabez\u00f3 un acto en Motul<\/figcaption><\/figure>\n<p style=\"text-align: justify;\">Aunque actualmente hay mujeres ocupando puestos de poder y tomando decisiones importantes, Sheinbaum enfatiz\u00f3 que la lucha por la igualdad y la no discriminaci\u00f3n son los cimientos de la gran transformaci\u00f3n que vive el pueblo de M\u00e9xico.<\/p>\n<p style=\"text-align: justify;\">\u00abTodav\u00eda hay violencia contra las mujeres y esa violencia no va a terminar hasta que no acabe la discriminaci\u00f3n, en todas sus formas, por el color de la piel, por la clase social, por g\u00e9nero, por sexo y en particular la discriminaci\u00f3n contra las mujeres\u00bb, afirm\u00f3 Sheinbaum.<\/p>\n<p><em><strong>Te puede interesar: <\/strong><\/em><a href=\"https:\/\/reporteroshoy.mx\/noticias\/norona-anticipo-que-lograra-la-hazana-de-ser-el-candidato-de-la-4t\/\"><em><strong>Noro\u00f1a anticip\u00f3 que lograr\u00e1 la haza\u00f1a de ser el candidato de la 4T<\/strong><\/em><\/a><\/p>\n<p style=\"text-align: justify;\">Al inicio del evento, grupos de mujeres reconocieron el trabajo de Claudia Sheinbaum obsequi\u00e1ndole un busto de Elvia Carrillo Puerto.<\/p>\n<p style=\"text-align: justify;\">Adem\u00e1s, resaltaron a la morenista como un gran ejemplo de c\u00f3mo las mujeres est\u00e1n rompiendo paradigmas en M\u00e9xico en la actualidad.<\/p>\n<p style=\"text-align: justify;\">\n<p style=\"text-align: justify;\">\n","protected":false},"excerpt":{"rendered":"<p>En Motul, la aspirante presidencial dijo que las mujeres en la 4T deben luchar para dejar atr\u00e1s al M\u00e9xico con &#8216;M&#8217; de machismo. <\/p>\n","protected":false},"author":5,"featured_media":103620,"comment_status":"open","ping_status":"closed","sticky":false,"template":"","format":"standard","meta":{"footnotes":""},"categories":[24410],"tags":[5865,24336,1521,103,761,23],"class_list":["post-103619","post","type-post","status-publish","format-standard","has-post-thumbnail","hentry","category-politica","tag-claudia-sheinbaum","tag-corcholatas","tag-morena","tag-motul","tag-mujeres","tag-yucatan"],"yoast_head":"<!-- This site is optimized with the Yoast SEO plugin v28.4 - https:\/\/yoast.com\/product\/yoast-seo-wordpress\/ -->\n<title>Sheinbaum destaca el papel de las mujeres en la 4T<\/title>\n<meta name=\"description\" content=\"En Motul, la aspirante presidencial dijo que las mujeres en la 4T deben luchar para dejar atr\u00e1s al M\u00e9xico con &#039;M&#039; de machismo.\" \/>\n<meta name=\"robots\" content=\"index, follow, max-snippet:-1, max-image-preview:large, max-video-preview:-1\" \/>\n<link rel=\"canonical\" href=\"https:\/\/reporteroshoy.mx\/noticias\/sheinbaum-destaca-el-papel-de-las-mujeres-en-la-4t\/\" \/>\n<meta property=\"og:locale\" content=\"es_ES\" \/>\n<meta property=\"og:type\" content=\"article\" \/>\n<meta property=\"og:title\" content=\"Sheinbaum destaca el papel de las mujeres en la 4T\" \/>\n<meta property=\"og:description\" content=\"En Motul, la aspirante presidencial dijo que las mujeres en la 4T deben luchar para dejar atr\u00e1s al M\u00e9xico con &#039;M&#039; de machismo.\" \/>\n<meta property=\"og:url\" content=\"https:\/\/reporteroshoy.mx\/noticias\/sheinbaum-destaca-el-papel-de-las-mujeres-en-la-4t\/\" \/>\n<meta property=\"og:site_name\" content=\"Reporteros Hoy | Noticias de Yucat\u00e1n\" \/>\n<meta property=\"article:publisher\" content=\"http:\/\/www.facebook.com\/reporteroshoymx\" \/>\n<meta property=\"article:published_time\" content=\"2023-07-03T02:30:12+00:00\" \/>\n<meta property=\"article:modified_time\" content=\"2023-07-03T19:20:32+00:00\" \/>\n<meta property=\"og:image\" content=\"https:\/\/reporteroshoy.mx\/noticias\/wp-content\/uploads\/2023\/07\/SHEINBAUM_MUJERES-EN-LA-4T-scaled.jpeg\" \/>\n\t<meta property=\"og:image:width\" content=\"768\" \/>\n\t<meta property=\"og:image:height\" content=\"512\" \/>\n\t<meta property=\"og:image:type\" content=\"image\/jpeg\" \/>\n<meta name=\"author\" content=\"Reporteros Hoy IM\" \/>\n<meta name=\"twitter:card\" content=\"summary_large_image\" \/>\n<meta name=\"twitter:creator\" content=\"@reporteroshoy\" \/>\n<meta name=\"twitter:site\" content=\"@reporteroshoy\" \/>\n<meta name=\"twitter:label1\" content=\"Escrito por\" \/>\n\t<meta name=\"twitter:data1\" content=\"Reporteros Hoy IM\" \/>\n\t<meta name=\"twitter:label2\" content=\"Tiempo de lectura\" \/>\n\t<meta name=\"twitter:data2\" content=\"2 minutos\" \/>\n<script type=\"application\/ld+json\" class=\"yoast-schema-graph\">{\"@context\":\"https:\\\/\\\/schema.org\",\"@graph\":[{\"@type\":\"Article\",\"@id\":\"https:\\\/\\\/reporteroshoy.mx\\\/noticias\\\/sheinbaum-destaca-el-papel-de-las-mujeres-en-la-4t\\\/#article\",\"isPartOf\":{\"@id\":\"https:\\\/\\\/reporteroshoy.mx\\\/noticias\\\/sheinbaum-destaca-el-papel-de-las-mujeres-en-la-4t\\\/\"},\"author\":{\"name\":\"Reporteros Hoy IM\",\"@id\":\"https:\\\/\\\/reporteroshoy.mx\\\/noticias\\\/#\\\/schema\\\/person\\\/948520f0d88b01be2e5266bc4acbbc15\"},\"headline\":\"Sheinbaum destaca el papel de las mujeres en la 4T\",\"datePublished\":\"2023-07-03T02:30:12+00:00\",\"dateModified\":\"2023-07-03T19:20:32+00:00\",\"mainEntityOfPage\":{\"@id\":\"https:\\\/\\\/reporteroshoy.mx\\\/noticias\\\/sheinbaum-destaca-el-papel-de-las-mujeres-en-la-4t\\\/\"},\"wordCount\":385,\"commentCount\":0,\"image\":{\"@id\":\"https:\\\/\\\/reporteroshoy.mx\\\/noticias\\\/sheinbaum-destaca-el-papel-de-las-mujeres-en-la-4t\\\/#primaryimage\"},\"thumbnailUrl\":\"https:\\\/\\\/reporteroshoy.mx\\\/noticias\\\/wp-content\\\/uploads\\\/2023\\\/07\\\/SHEINBAUM_MUJERES-EN-LA-4T-scaled.jpeg\",\"keywords\":[\"Claudia Sheinbaum\",\"Corcholatas\",\"morena\",\"Motul\",\"mujeres\",\"Yucat\u00e1n\"],\"articleSection\":[\"Pol\u00edtica\"],\"inLanguage\":\"es\",\"potentialAction\":[{\"@type\":\"CommentAction\",\"name\":\"Comment\",\"target\":[\"https:\\\/\\\/reporteroshoy.mx\\\/noticias\\\/sheinbaum-destaca-el-papel-de-las-mujeres-en-la-4t\\\/#respond\"]}]},{\"@type\":\"WebPage\",\"@id\":\"https:\\\/\\\/reporteroshoy.mx\\\/noticias\\\/sheinbaum-destaca-el-papel-de-las-mujeres-en-la-4t\\\/\",\"url\":\"https:\\\/\\\/reporteroshoy.mx\\\/noticias\\\/sheinbaum-destaca-el-papel-de-las-mujeres-en-la-4t\\\/\",\"name\":\"Sheinbaum destaca el papel de las mujeres en la 4T\",\"isPartOf\":{\"@id\":\"https:\\\/\\\/reporteroshoy.mx\\\/noticias\\\/#website\"},\"primaryImageOfPage\":{\"@id\":\"https:\\\/\\\/reporteroshoy.mx\\\/noticias\\\/sheinbaum-destaca-el-papel-de-las-mujeres-en-la-4t\\\/#primaryimage\"},\"image\":{\"@id\":\"https:\\\/\\\/reporteroshoy.mx\\\/noticias\\\/sheinbaum-destaca-el-papel-de-las-mujeres-en-la-4t\\\/#primaryimage\"},\"thumbnailUrl\":\"https:\\\/\\\/reporteroshoy.mx\\\/noticias\\\/wp-content\\\/uploads\\\/2023\\\/07\\\/SHEINBAUM_MUJERES-EN-LA-4T-scaled.jpeg\",\"datePublished\":\"2023-07-03T02:30:12+00:00\",\"dateModified\":\"2023-07-03T19:20:32+00:00\",\"author\":{\"@id\":\"https:\\\/\\\/reporteroshoy.mx\\\/noticias\\\/#\\\/schema\\\/person\\\/948520f0d88b01be2e5266bc4acbbc15\"},\"description\":\"En Motul, la aspirante presidencial dijo que las mujeres en la 4T deben luchar para dejar atr\u00e1s al M\u00e9xico con 'M' de machismo.\",\"breadcrumb\":{\"@id\":\"https:\\\/\\\/reporteroshoy.mx\\\/noticias\\\/sheinbaum-destaca-el-papel-de-las-mujeres-en-la-4t\\\/#breadcrumb\"},\"inLanguage\":\"es\",\"potentialAction\":[{\"@type\":\"ReadAction\",\"target\":[\"https:\\\/\\\/reporteroshoy.mx\\\/noticias\\\/sheinbaum-destaca-el-papel-de-las-mujeres-en-la-4t\\\/\"]}]},{\"@type\":\"ImageObject\",\"inLanguage\":\"es\",\"@id\":\"https:\\\/\\\/reporteroshoy.mx\\\/noticias\\\/sheinbaum-destaca-el-papel-de-las-mujeres-en-la-4t\\\/#primaryimage\",\"url\":\"https:\\\/\\\/reporteroshoy.mx\\\/noticias\\\/wp-content\\\/uploads\\\/2023\\\/07\\\/SHEINBAUM_MUJERES-EN-LA-4T-scaled.jpeg\",\"contentUrl\":\"https:\\\/\\\/reporteroshoy.mx\\\/noticias\\\/wp-content\\\/uploads\\\/2023\\\/07\\\/SHEINBAUM_MUJERES-EN-LA-4T-scaled.jpeg\",\"width\":768,\"height\":512,\"caption\":\"Las aspirante presidencial de Morena encabez\u00f3 un acto en Motul\"},{\"@type\":\"BreadcrumbList\",\"@id\":\"https:\\\/\\\/reporteroshoy.mx\\\/noticias\\\/sheinbaum-destaca-el-papel-de-las-mujeres-en-la-4t\\\/#breadcrumb\",\"itemListElement\":[{\"@type\":\"ListItem\",\"position\":1,\"name\":\"Portada\",\"item\":\"https:\\\/\\\/reporteroshoy.mx\\\/noticias\\\/\"},{\"@type\":\"ListItem\",\"position\":2,\"name\":\"Sheinbaum destaca el papel de las mujeres en la 4T\"}]},{\"@type\":\"WebSite\",\"@id\":\"https:\\\/\\\/reporteroshoy.mx\\\/noticias\\\/#website\",\"url\":\"https:\\\/\\\/reporteroshoy.mx\\\/noticias\\\/\",\"name\":\"Reporteros Hoy | Noticias de Yucat\u00e1n\",\"description\":\"Peri\u00f3dico digital con noticias diarias desde M\u00e9rida, Yucat\u00e1n para el mundo.\",\"potentialAction\":[{\"@type\":\"SearchAction\",\"target\":{\"@type\":\"EntryPoint\",\"urlTemplate\":\"https:\\\/\\\/reporteroshoy.mx\\\/noticias\\\/?s={search_term_string}\"},\"query-input\":{\"@type\":\"PropertyValueSpecification\",\"valueRequired\":true,\"valueName\":\"search_term_string\"}}],\"inLanguage\":\"es\"},{\"@type\":\"Person\",\"@id\":\"https:\\\/\\\/reporteroshoy.mx\\\/noticias\\\/#\\\/schema\\\/person\\\/948520f0d88b01be2e5266bc4acbbc15\",\"name\":\"Reporteros Hoy IM\",\"image\":{\"@type\":\"ImageObject\",\"inLanguage\":\"es\",\"@id\":\"https:\\\/\\\/secure.gravatar.com\\\/avatar\\\/d843030b96552826ac048bdfe26f2895604b800ed0c880ee55765a74d95dfc65?s=96&d=mm&r=g\",\"url\":\"https:\\\/\\\/secure.gravatar.com\\\/avatar\\\/d843030b96552826ac048bdfe26f2895604b800ed0c880ee55765a74d95dfc65?s=96&d=mm&r=g\",\"contentUrl\":\"https:\\\/\\\/secure.gravatar.com\\\/avatar\\\/d843030b96552826ac048bdfe26f2895604b800ed0c880ee55765a74d95dfc65?s=96&d=mm&r=g\",\"caption\":\"Reporteros Hoy IM\"},\"url\":\"https:\\\/\\\/reporteroshoy.mx\\\/noticias\\\/author\\\/israel\\\/\"}]}<\/script>\n<!-- \/ Yoast SEO plugin. -->","yoast_head_json":{"title":"Sheinbaum destaca el papel de las mujeres en la 4T","description":"En Motul, la aspirante presidencial dijo que las mujeres en la 4T deben luchar para dejar atr\u00e1s al M\u00e9xico con 'M' de machismo.","robots":{"index":"index","follow":"follow","max-snippet":"max-snippet:-1","max-image-preview":"max-image-preview:large","max-video-preview":"max-video-preview:-1"},"canonical":"https:\/\/reporteroshoy.mx\/noticias\/sheinbaum-destaca-el-papel-de-las-mujeres-en-la-4t\/","og_locale":"es_ES","og_type":"article","og_title":"Sheinbaum destaca el papel de las mujeres en la 4T","og_description":"En Motul, la aspirante presidencial dijo que las mujeres en la 4T deben luchar para dejar atr\u00e1s al M\u00e9xico con 'M' de machismo.","og_url":"https:\/\/reporteroshoy.mx\/noticias\/sheinbaum-destaca-el-papel-de-las-mujeres-en-la-4t\/","og_site_name":"Reporteros Hoy | Noticias de Yucat\u00e1n","article_publisher":"http:\/\/www.facebook.com\/reporteroshoymx","article_published_time":"2023-07-03T02:30:12+00:00","article_modified_time":"2023-07-03T19:20:32+00:00","og_image":[{"width":768,"height":512,"url":"https:\/\/reporteroshoy.mx\/noticias\/wp-content\/uploads\/2023\/07\/SHEINBAUM_MUJERES-EN-LA-4T-scaled.jpeg","type":"image\/jpeg"}],"author":"Reporteros Hoy IM","twitter_card":"summary_large_image","twitter_creator":"@reporteroshoy","twitter_site":"@reporteroshoy","twitter_misc":{"Escrito por":"Reporteros Hoy IM","Tiempo de lectura":"2 minutos"},"schema":{"@context":"https:\/\/schema.org","@graph":[{"@type":"Article","@id":"https:\/\/reporteroshoy.mx\/noticias\/sheinbaum-destaca-el-papel-de-las-mujeres-en-la-4t\/#article","isPartOf":{"@id":"https:\/\/reporteroshoy.mx\/noticias\/sheinbaum-destaca-el-papel-de-las-mujeres-en-la-4t\/"},"author":{"name":"Reporteros Hoy IM","@id":"https:\/\/reporteroshoy.mx\/noticias\/#\/schema\/person\/948520f0d88b01be2e5266bc4acbbc15"},"headline":"Sheinbaum destaca el papel de las mujeres en la 4T","datePublished":"2023-07-03T02:30:12+00:00","dateModified":"2023-07-03T19:20:32+00:00","mainEntityOfPage":{"@id":"https:\/\/reporteroshoy.mx\/noticias\/sheinbaum-destaca-el-papel-de-las-mujeres-en-la-4t\/"},"wordCount":385,"commentCount":0,"image":{"@id":"https:\/\/reporteroshoy.mx\/noticias\/sheinbaum-destaca-el-papel-de-las-mujeres-en-la-4t\/#primaryimage"},"thumbnailUrl":"https:\/\/reporteroshoy.mx\/noticias\/wp-content\/uploads\/2023\/07\/SHEINBAUM_MUJERES-EN-LA-4T-scaled.jpeg","keywords":["Claudia Sheinbaum","Corcholatas","morena","Motul","mujeres","Yucat\u00e1n"],"articleSection":["Pol\u00edtica"],"inLanguage":"es","potentialAction":[{"@type":"CommentAction","name":"Comment","target":["https:\/\/reporteroshoy.mx\/noticias\/sheinbaum-destaca-el-papel-de-las-mujeres-en-la-4t\/#respond"]}]},{"@type":"WebPage","@id":"https:\/\/reporteroshoy.mx\/noticias\/sheinbaum-destaca-el-papel-de-las-mujeres-en-la-4t\/","url":"https:\/\/reporteroshoy.mx\/noticias\/sheinbaum-destaca-el-papel-de-las-mujeres-en-la-4t\/","name":"Sheinbaum destaca el papel de las mujeres en la 4T","isPartOf":{"@id":"https:\/\/reporteroshoy.mx\/noticias\/#website"},"primaryImageOfPage":{"@id":"https:\/\/reporteroshoy.mx\/noticias\/sheinbaum-destaca-el-papel-de-las-mujeres-en-la-4t\/#primaryimage"},"image":{"@id":"https:\/\/reporteroshoy.mx\/noticias\/sheinbaum-destaca-el-papel-de-las-mujeres-en-la-4t\/#primaryimage"},"thumbnailUrl":"https:\/\/reporteroshoy.mx\/noticias\/wp-content\/uploads\/2023\/07\/SHEINBAUM_MUJERES-EN-LA-4T-scaled.jpeg","datePublished":"2023-07-03T02:30:12+00:00","dateModified":"2023-07-03T19:20:32+00:00","author":{"@id":"https:\/\/reporteroshoy.mx\/noticias\/#\/schema\/person\/948520f0d88b01be2e5266bc4acbbc15"},"description":"En Motul, la aspirante presidencial dijo que las mujeres en la 4T deben luchar para dejar atr\u00e1s al M\u00e9xico con 'M' de machismo.","breadcrumb":{"@id":"https:\/\/reporteroshoy.mx\/noticias\/sheinbaum-destaca-el-papel-de-las-mujeres-en-la-4t\/#breadcrumb"},"inLanguage":"es","potentialAction":[{"@type":"ReadAction","target":["https:\/\/reporteroshoy.mx\/noticias\/sheinbaum-destaca-el-papel-de-las-mujeres-en-la-4t\/"]}]},{"@type":"ImageObject","inLanguage":"es","@id":"https:\/\/reporteroshoy.mx\/noticias\/sheinbaum-destaca-el-papel-de-las-mujeres-en-la-4t\/#primaryimage","url":"https:\/\/reporteroshoy.mx\/noticias\/wp-content\/uploads\/2023\/07\/SHEINBAUM_MUJERES-EN-LA-4T-scaled.jpeg","contentUrl":"https:\/\/reporteroshoy.mx\/noticias\/wp-content\/uploads\/2023\/07\/SHEINBAUM_MUJERES-EN-LA-4T-scaled.jpeg","width":768,"height":512,"caption":"Las aspirante presidencial de Morena encabez\u00f3 un acto en Motul"},{"@type":"BreadcrumbList","@id":"https:\/\/reporteroshoy.mx\/noticias\/sheinbaum-destaca-el-papel-de-las-mujeres-en-la-4t\/#breadcrumb","itemListElement":[{"@type":"ListItem","position":1,"name":"Portada","item":"https:\/\/reporteroshoy.mx\/noticias\/"},{"@type":"ListItem","position":2,"name":"Sheinbaum destaca el papel de las mujeres en la 4T"}]},{"@type":"WebSite","@id":"https:\/\/reporteroshoy.mx\/noticias\/#website","url":"https:\/\/reporteroshoy.mx\/noticias\/","name":"Reporteros Hoy | Noticias de Yucat\u00e1n","description":"Peri\u00f3dico digital con noticias diarias desde M\u00e9rida, Yucat\u00e1n para el mundo.","potentialAction":[{"@type":"SearchAction","target":{"@type":"EntryPoint","urlTemplate":"https:\/\/reporteroshoy.mx\/noticias\/?s={search_term_string}"},"query-input":{"@type":"PropertyValueSpecification","valueRequired":true,"valueName":"search_term_string"}}],"inLanguage":"es"},{"@type":"Person","@id":"https:\/\/reporteroshoy.mx\/noticias\/#\/schema\/person\/948520f0d88b01be2e5266bc4acbbc15","name":"Reporteros Hoy IM","image":{"@type":"ImageObject","inLanguage":"es","@id":"https:\/\/secure.gravatar.com\/avatar\/d843030b96552826ac048bdfe26f2895604b800ed0c880ee55765a74d95dfc65?s=96&d=mm&r=g","url":"https:\/\/secure.gravatar.com\/avatar\/d843030b96552826ac048bdfe26f2895604b800ed0c880ee55765a74d95dfc65?s=96&d=mm&r=g","contentUrl":"https:\/\/secure.gravatar.com\/avatar\/d843030b96552826ac048bdfe26f2895604b800ed0c880ee55765a74d95dfc65?s=96&d=mm&r=g","caption":"Reporteros Hoy IM"},"url":"https:\/\/reporteroshoy.mx\/noticias\/author\/israel\/"}]}},"_links":{"self":[{"href":"https:\/\/reporteroshoy.mx\/noticias\/wp-json\/wp\/v2\/posts\/103619","targetHints":{"allow":["GET"]}}],"collection":[{"href":"https:\/\/reporteroshoy.mx\/noticias\/wp-json\/wp\/v2\/posts"}],"about":[{"href":"https:\/\/reporteroshoy.mx\/noticias\/wp-json\/wp\/v2\/types\/post"}],"author":[{"embeddable":true,"href":"https:\/\/reporteroshoy.mx\/noticias\/wp-json\/wp\/v2\/users\/5"}],"replies":[{"embeddable":true,"href":"https:\/\/reporteroshoy.mx\/noticias\/wp-json\/wp\/v2\/comments?post=103619"}],"version-history":[{"count":0,"href":"https:\/\/reporteroshoy.mx\/noticias\/wp-json\/wp\/v2\/posts\/103619\/revisions"}],"wp:featuredmedia":[{"embeddable":true,"href":"https:\/\/reporteroshoy.mx\/noticias\/wp-json\/wp\/v2\/media\/103620"}],"wp:attachment":[{"href":"https:\/\/reporteroshoy.mx\/noticias\/wp-json\/wp\/v2\/media?parent=103619"}],"wp:term":[{"taxonomy":"category","embeddable":true,"href":"https:\/\/reporteroshoy.mx\/noticias\/wp-json\/wp\/v2\/categories?post=103619"},{"taxonomy":"post_tag","embeddable":true,"href":"https:\/\/reporteroshoy.mx\/noticias\/wp-json\/wp\/v2\/tags?post=103619"}],"curies":[{"name":"wp","href":"https:\/\/api.w.org\/{rel}","templated":true}]}}