{"id":103625,"date":"2023-07-03T16:37:04","date_gmt":"2023-07-03T22:37:04","guid":{"rendered":"https:\/\/reporteroshoy.mx\/noticias\/?p=103625"},"modified":"2023-07-03T16:37:04","modified_gmt":"2023-07-03T22:37:04","slug":"la-eleccion-internar-del-frente-amplio-por-mexico-es-confiable","status":"publish","type":"post","link":"https:\/\/reporteroshoy.mx\/noticias\/la-eleccion-internar-del-frente-amplio-por-mexico-es-confiable\/","title":{"rendered":"La elecci\u00f3n internar del Frente Amplio por M\u00e9xico \u00abes confiable\u00bb"},"content":{"rendered":"<p style=\"text-align: justify;\">En v\u00edsperas de abrirse el registro de aspirantes a la candidatura presidencial del Frente Amplio por M\u00e9xico, la secretaria general del PAN, Cecilia Patr\u00f3n Laviada, se\u00f1al\u00f3 que el m\u00e9todo es confiable. La ciudadan\u00eda participar\u00e1 en el proceso interno de tres partidos pol\u00edticos, algo que calific\u00f3 como in\u00e9dito.<\/p>\n<p style=\"text-align: justify;\">Ante los cuestionamientos de parte de actores pol\u00edticos que declinaron participar por falta de certeza en el proceso, la legisladora federal yucateca dijo que las dudas son razonables y entendibles.<\/p>\n<p style=\"text-align: justify;\">\u201cEn todos los procesos, los m\u00e9todos son mejorables. Siempre se establecen requisitos que se deben cumplir\u201d expuso.<\/p>\n<h3>\u00bfPor qu\u00e9 es confiable la elecci\u00f3n?<\/h3>\n<p style=\"text-align: justify;\">Dijo que en el dise\u00f1o del esquema de selecci\u00f3n del abanderado presidencial se invirtieron muchas horas de trabajo y se escuch\u00f3 a la sociedad civil, as\u00ed como a los partidos pol\u00edticos involucrados.<\/p>\n<p style=\"text-align: justify;\">\u201cSiempre habr\u00e1 diferencias, pero existe un bien mayor que se llama M\u00e9xico. Estamos en un momento hist\u00f3rico.La elecci\u00f3n es confiable\u201d hizo notar.<\/p>\n<figure id=\"attachment_103626\" aria-describedby=\"caption-attachment-103626\" style=\"width: 768px\" class=\"wp-caption alignnone\"><img loading=\"lazy\" decoding=\"async\" class=\"size-full wp-image-103626\" src=\"https:\/\/reporteroshoy.mx\/noticias\/wp-content\/uploads\/2023\/07\/CECILIA-PATRON_ES-CONFIABLE-scaled.jpeg\" alt=\"\" width=\"768\" height=\"512\" \/><figcaption id=\"caption-attachment-103626\" class=\"wp-caption-text\">La secretaria general del PAN, Cecilia Patr\u00f3n Laviada, asegur\u00f3 que la elecci\u00f3n del Frente Amplio por M\u00e9xico es confiable.<\/figcaption><\/figure>\n<p style=\"text-align: justify;\">Rechaz\u00f3 lo dicho por el presidente Andr\u00e9s Manuel L\u00f3pez Obrador quien afirm\u00f3 que ya est\u00e1 definido quien ser\u00e1 postulado por la coalici\u00f3n integrada por el PAN, PRI y PRD.<\/p>\n<p style=\"text-align: justify;\">\u201cLe incomoda que estamos marcado la agenda p\u00fablica, antes solo se hablaba de sus \u2018corcholatas\u2019, pero ahora la conversaci\u00f3n es sobre el Frente Amplio por M\u00e9xico\u201d revir\u00f3.<\/p>\n<p style=\"text-align: justify;\">Patr\u00f3n Laviada reconoci\u00f3 que siempre habr\u00e1 riesgos, como todo en la vida, pero manifest\u00f3 su confianza de que el proceso ser\u00e1 exitoso y, lo m\u00e1s importante, se escuchar\u00e1 a la sociedad mexicana.<\/p>\n<h3>La ruta que seguir\u00e1 el proceso interno<\/h3>\n<p style=\"text-align: justify;\">El registro de las mujeres y hombres que quieran participar, comenzar\u00e1 a partir del martes 4 y concluir\u00e1 el domingo 9 de julio.<\/p>\n<p style=\"text-align: justify;\">Una vez que concluya la etapa de registro, el 10 de julio el Comit\u00e9 Organizador rendir\u00e1 un informe se\u00f1alando qu\u00e9 aspirantes presentaron la documentaci\u00f3n requerida en tiempo y forma.<\/p>\n<p style=\"text-align: justify;\">A partir del 12 de julio al 5 de agosto, se iniciar\u00e1 una Consulta Ciudadana a trav\u00e9s de una plataforma, que ser\u00e1 el medio para que cada aspirante recolecte y registre simpat\u00edas y de manera paralela, la ciudadan\u00eda podr\u00e1 inscribirse en esta plataforma para que forme parte de un padr\u00f3n.<\/p>\n<p><em><strong>Te puede interesar: <\/strong><\/em><a href=\"https:\/\/reporteroshoy.mx\/noticias\/carolina-viggiano-vamos-a-jalar-con-el-que-salga\/\"><em><strong>Carolina Viggiano: \u00abVamos a jalar con el que salga\u00bb<\/strong><\/em><\/a><\/p>\n<p style=\"text-align: justify;\">En este periodo las y los aspirantes deber\u00e1n recopilar 150 mil firmas de al menos 17 entidades de la Rep\u00fablica.<\/p>\n<p style=\"text-align: justify;\">Para la ciudadan\u00eda el periodo de inscripci\u00f3n es m\u00e1s amplio y para que puedan registrarse en la plataforma tendr\u00e1n hasta el 20 de agosto.<\/p>\n<p style=\"text-align: justify;\">El 10 de agosto se realizar\u00e1 el primer Gran Foro en el que se presentar\u00e1n las visiones de M\u00e9xico de las y los aspirantes que hayan cumplido con el requisito de las firmas y del 11 al 16 de agosto se levantar\u00e1 un primer sondeo de opini\u00f3n.<\/p>\n<h3>M\u00e9rida ser\u00e1 sede del \u00faltimo foro de aspirantes<\/h3>\n<p style=\"text-align: justify;\">A partir de ah\u00ed, quedar\u00e1n en esta etapa 3 aspirantes, quienes hayan tenido el mejor resultado en el primer sondeo de opini\u00f3n y participar\u00e1n en 5 foros en las cinco circunscripciones del pa\u00eds:<\/p>\n<ul style=\"text-align: justify;\">\n<li>1 Foro &#8211; 17 agosto, Tijuana, Baja California<\/li>\n<li>2 Foro -19 agosto, Monterrey, Nuevo Le\u00f3n<\/li>\n<li>3 Foro &#8211; 22 de agosto, Le\u00f3n, Guanajuato<\/li>\n<li>4 Foro- 24 agosto, Guadalajara, Jalisco<\/li>\n<li>5 Foro-26 agosto, M\u00e9rida, Yucat\u00e1n<\/li>\n<\/ul>\n<p style=\"text-align: justify;\">Una vez concluidos los foros tem\u00e1ticos, se levantar\u00e1 el segundo estudio de opini\u00f3n p\u00fablica del 27 al 30 de agosto y ser\u00e1 el 3 de septiembre cuando el Comit\u00e9 Organizador anuncie resultados.<\/p>\n<p style=\"text-align: justify;\">La consulta ciudadana tendr\u00e1 un valor de 50% y el segundo estudio de opini\u00f3n el otro 50%, la persona ganadora ser\u00e1 quien tenga el mejor desempe\u00f1o en estos dos ejercicios.<\/p>\n<p><em><strong>Israel Medina<\/strong><\/em><\/p>\n","protected":false},"excerpt":{"rendered":"<p>La secretaria general del PAN, Cecilia Patr\u00f3n Laviada, se\u00f1al\u00f3 que el m\u00e9todo es confiable por que participar\u00e1 la ciudadan\u00eda en \u00e9l <\/p>\n","protected":false},"author":5,"featured_media":103626,"comment_status":"open","ping_status":"closed","sticky":false,"template":"","format":"standard","meta":{"footnotes":""},"categories":[24410],"tags":[9258,24668,1716,1834],"class_list":["post-103625","post","type-post","status-publish","format-standard","has-post-thumbnail","hentry","category-politica","tag-cecilia-patron-laviada","tag-frente-amplio-por-mexico","tag-pan","tag-proceso-interno"],"yoast_head":"<!-- This site is optimized with the Yoast SEO plugin v28.4 - https:\/\/yoast.com\/product\/yoast-seo-wordpress\/ -->\n<title>La elecci\u00f3n internar del Frente Amplio por M\u00e9xico &quot;es confiable&quot;<\/title>\n<meta name=\"description\" content=\"La secretaria general del PAN, Cecilia Patr\u00f3n Laviada, se\u00f1al\u00f3 que el m\u00e9todo es confiable por que participar\u00e1 la ciudadan\u00eda en \u00e9l\" \/>\n<meta name=\"robots\" content=\"index, follow, max-snippet:-1, max-image-preview:large, max-video-preview:-1\" \/>\n<link rel=\"canonical\" href=\"https:\/\/reporteroshoy.mx\/noticias\/la-eleccion-internar-del-frente-amplio-por-mexico-es-confiable\/\" \/>\n<meta property=\"og:locale\" content=\"es_ES\" \/>\n<meta property=\"og:type\" content=\"article\" \/>\n<meta property=\"og:title\" content=\"La elecci\u00f3n internar del Frente Amplio por M\u00e9xico &quot;es confiable&quot;\" \/>\n<meta property=\"og:description\" content=\"La secretaria general del PAN, Cecilia Patr\u00f3n Laviada, se\u00f1al\u00f3 que el m\u00e9todo es confiable por que participar\u00e1 la ciudadan\u00eda en \u00e9l\" \/>\n<meta property=\"og:url\" content=\"https:\/\/reporteroshoy.mx\/noticias\/la-eleccion-internar-del-frente-amplio-por-mexico-es-confiable\/\" \/>\n<meta property=\"og:site_name\" content=\"Reporteros Hoy | Noticias de Yucat\u00e1n\" \/>\n<meta property=\"article:publisher\" content=\"http:\/\/www.facebook.com\/reporteroshoymx\" \/>\n<meta property=\"article:published_time\" content=\"2023-07-03T22:37:04+00:00\" \/>\n<meta property=\"og:image\" content=\"https:\/\/reporteroshoy.mx\/noticias\/wp-content\/uploads\/2023\/07\/CECILIA-PATRON_ES-CONFIABLE-scaled.jpeg\" \/>\n\t<meta property=\"og:image:width\" content=\"768\" \/>\n\t<meta property=\"og:image:height\" content=\"512\" \/>\n\t<meta property=\"og:image:type\" content=\"image\/jpeg\" \/>\n<meta name=\"author\" content=\"Reporteros Hoy IM\" \/>\n<meta name=\"twitter:card\" content=\"summary_large_image\" \/>\n<meta name=\"twitter:creator\" content=\"@reporteroshoy\" \/>\n<meta name=\"twitter:site\" content=\"@reporteroshoy\" \/>\n<meta name=\"twitter:label1\" content=\"Escrito por\" \/>\n\t<meta name=\"twitter:data1\" content=\"Reporteros Hoy IM\" \/>\n\t<meta name=\"twitter:label2\" content=\"Tiempo de lectura\" \/>\n\t<meta name=\"twitter:data2\" content=\"4 minutos\" \/>\n<script type=\"application\/ld+json\" class=\"yoast-schema-graph\">{\"@context\":\"https:\\\/\\\/schema.org\",\"@graph\":[{\"@type\":\"Article\",\"@id\":\"https:\\\/\\\/reporteroshoy.mx\\\/noticias\\\/la-eleccion-internar-del-frente-amplio-por-mexico-es-confiable\\\/#article\",\"isPartOf\":{\"@id\":\"https:\\\/\\\/reporteroshoy.mx\\\/noticias\\\/la-eleccion-internar-del-frente-amplio-por-mexico-es-confiable\\\/\"},\"author\":{\"name\":\"Reporteros Hoy IM\",\"@id\":\"https:\\\/\\\/reporteroshoy.mx\\\/noticias\\\/#\\\/schema\\\/person\\\/948520f0d88b01be2e5266bc4acbbc15\"},\"headline\":\"La elecci\u00f3n internar del Frente Amplio por M\u00e9xico \u00abes confiable\u00bb\",\"datePublished\":\"2023-07-03T22:37:04+00:00\",\"mainEntityOfPage\":{\"@id\":\"https:\\\/\\\/reporteroshoy.mx\\\/noticias\\\/la-eleccion-internar-del-frente-amplio-por-mexico-es-confiable\\\/\"},\"wordCount\":663,\"commentCount\":0,\"image\":{\"@id\":\"https:\\\/\\\/reporteroshoy.mx\\\/noticias\\\/la-eleccion-internar-del-frente-amplio-por-mexico-es-confiable\\\/#primaryimage\"},\"thumbnailUrl\":\"https:\\\/\\\/reporteroshoy.mx\\\/noticias\\\/wp-content\\\/uploads\\\/2023\\\/07\\\/CECILIA-PATRON_ES-CONFIABLE-scaled.jpeg\",\"keywords\":[\"Cecilia Patr\u00f3n Laviada\",\"Frente Amplio por M\u00e9xico\",\"PAN\",\"Proceso Interno\"],\"articleSection\":[\"Pol\u00edtica\"],\"inLanguage\":\"es\",\"potentialAction\":[{\"@type\":\"CommentAction\",\"name\":\"Comment\",\"target\":[\"https:\\\/\\\/reporteroshoy.mx\\\/noticias\\\/la-eleccion-internar-del-frente-amplio-por-mexico-es-confiable\\\/#respond\"]}]},{\"@type\":\"WebPage\",\"@id\":\"https:\\\/\\\/reporteroshoy.mx\\\/noticias\\\/la-eleccion-internar-del-frente-amplio-por-mexico-es-confiable\\\/\",\"url\":\"https:\\\/\\\/reporteroshoy.mx\\\/noticias\\\/la-eleccion-internar-del-frente-amplio-por-mexico-es-confiable\\\/\",\"name\":\"La elecci\u00f3n internar del Frente Amplio por M\u00e9xico \\\"es confiable\\\"\",\"isPartOf\":{\"@id\":\"https:\\\/\\\/reporteroshoy.mx\\\/noticias\\\/#website\"},\"primaryImageOfPage\":{\"@id\":\"https:\\\/\\\/reporteroshoy.mx\\\/noticias\\\/la-eleccion-internar-del-frente-amplio-por-mexico-es-confiable\\\/#primaryimage\"},\"image\":{\"@id\":\"https:\\\/\\\/reporteroshoy.mx\\\/noticias\\\/la-eleccion-internar-del-frente-amplio-por-mexico-es-confiable\\\/#primaryimage\"},\"thumbnailUrl\":\"https:\\\/\\\/reporteroshoy.mx\\\/noticias\\\/wp-content\\\/uploads\\\/2023\\\/07\\\/CECILIA-PATRON_ES-CONFIABLE-scaled.jpeg\",\"datePublished\":\"2023-07-03T22:37:04+00:00\",\"author\":{\"@id\":\"https:\\\/\\\/reporteroshoy.mx\\\/noticias\\\/#\\\/schema\\\/person\\\/948520f0d88b01be2e5266bc4acbbc15\"},\"description\":\"La secretaria general del PAN, Cecilia Patr\u00f3n Laviada, se\u00f1al\u00f3 que el m\u00e9todo es confiable por que participar\u00e1 la ciudadan\u00eda en \u00e9l\",\"breadcrumb\":{\"@id\":\"https:\\\/\\\/reporteroshoy.mx\\\/noticias\\\/la-eleccion-internar-del-frente-amplio-por-mexico-es-confiable\\\/#breadcrumb\"},\"inLanguage\":\"es\",\"potentialAction\":[{\"@type\":\"ReadAction\",\"target\":[\"https:\\\/\\\/reporteroshoy.mx\\\/noticias\\\/la-eleccion-internar-del-frente-amplio-por-mexico-es-confiable\\\/\"]}]},{\"@type\":\"ImageObject\",\"inLanguage\":\"es\",\"@id\":\"https:\\\/\\\/reporteroshoy.mx\\\/noticias\\\/la-eleccion-internar-del-frente-amplio-por-mexico-es-confiable\\\/#primaryimage\",\"url\":\"https:\\\/\\\/reporteroshoy.mx\\\/noticias\\\/wp-content\\\/uploads\\\/2023\\\/07\\\/CECILIA-PATRON_ES-CONFIABLE-scaled.jpeg\",\"contentUrl\":\"https:\\\/\\\/reporteroshoy.mx\\\/noticias\\\/wp-content\\\/uploads\\\/2023\\\/07\\\/CECILIA-PATRON_ES-CONFIABLE-scaled.jpeg\",\"width\":768,\"height\":512,\"caption\":\"La secretaria general del PAN, Cecilia Patr\u00f3n Laviada, asegur\u00f3 que la elecci\u00f3n del Frente Amplio por M\u00e9xico es confiable.\"},{\"@type\":\"BreadcrumbList\",\"@id\":\"https:\\\/\\\/reporteroshoy.mx\\\/noticias\\\/la-eleccion-internar-del-frente-amplio-por-mexico-es-confiable\\\/#breadcrumb\",\"itemListElement\":[{\"@type\":\"ListItem\",\"position\":1,\"name\":\"Portada\",\"item\":\"https:\\\/\\\/reporteroshoy.mx\\\/noticias\\\/\"},{\"@type\":\"ListItem\",\"position\":2,\"name\":\"La elecci\u00f3n internar del Frente Amplio por M\u00e9xico \u00abes confiable\u00bb\"}]},{\"@type\":\"WebSite\",\"@id\":\"https:\\\/\\\/reporteroshoy.mx\\\/noticias\\\/#website\",\"url\":\"https:\\\/\\\/reporteroshoy.mx\\\/noticias\\\/\",\"name\":\"Reporteros Hoy | Noticias de Yucat\u00e1n\",\"description\":\"Peri\u00f3dico digital con noticias diarias desde M\u00e9rida, Yucat\u00e1n para el mundo.\",\"potentialAction\":[{\"@type\":\"SearchAction\",\"target\":{\"@type\":\"EntryPoint\",\"urlTemplate\":\"https:\\\/\\\/reporteroshoy.mx\\\/noticias\\\/?s={search_term_string}\"},\"query-input\":{\"@type\":\"PropertyValueSpecification\",\"valueRequired\":true,\"valueName\":\"search_term_string\"}}],\"inLanguage\":\"es\"},{\"@type\":\"Person\",\"@id\":\"https:\\\/\\\/reporteroshoy.mx\\\/noticias\\\/#\\\/schema\\\/person\\\/948520f0d88b01be2e5266bc4acbbc15\",\"name\":\"Reporteros Hoy IM\",\"image\":{\"@type\":\"ImageObject\",\"inLanguage\":\"es\",\"@id\":\"https:\\\/\\\/secure.gravatar.com\\\/avatar\\\/d843030b96552826ac048bdfe26f2895604b800ed0c880ee55765a74d95dfc65?s=96&d=mm&r=g\",\"url\":\"https:\\\/\\\/secure.gravatar.com\\\/avatar\\\/d843030b96552826ac048bdfe26f2895604b800ed0c880ee55765a74d95dfc65?s=96&d=mm&r=g\",\"contentUrl\":\"https:\\\/\\\/secure.gravatar.com\\\/avatar\\\/d843030b96552826ac048bdfe26f2895604b800ed0c880ee55765a74d95dfc65?s=96&d=mm&r=g\",\"caption\":\"Reporteros Hoy IM\"},\"url\":\"https:\\\/\\\/reporteroshoy.mx\\\/noticias\\\/author\\\/israel\\\/\"}]}<\/script>\n<!-- \/ Yoast SEO plugin. -->","yoast_head_json":{"title":"La elecci\u00f3n internar del Frente Amplio por M\u00e9xico \"es confiable\"","description":"La secretaria general del PAN, Cecilia Patr\u00f3n Laviada, se\u00f1al\u00f3 que el m\u00e9todo es confiable por que participar\u00e1 la ciudadan\u00eda en \u00e9l","robots":{"index":"index","follow":"follow","max-snippet":"max-snippet:-1","max-image-preview":"max-image-preview:large","max-video-preview":"max-video-preview:-1"},"canonical":"https:\/\/reporteroshoy.mx\/noticias\/la-eleccion-internar-del-frente-amplio-por-mexico-es-confiable\/","og_locale":"es_ES","og_type":"article","og_title":"La elecci\u00f3n internar del Frente Amplio por M\u00e9xico \"es confiable\"","og_description":"La secretaria general del PAN, Cecilia Patr\u00f3n Laviada, se\u00f1al\u00f3 que el m\u00e9todo es confiable por que participar\u00e1 la ciudadan\u00eda en \u00e9l","og_url":"https:\/\/reporteroshoy.mx\/noticias\/la-eleccion-internar-del-frente-amplio-por-mexico-es-confiable\/","og_site_name":"Reporteros Hoy | Noticias de Yucat\u00e1n","article_publisher":"http:\/\/www.facebook.com\/reporteroshoymx","article_published_time":"2023-07-03T22:37:04+00:00","og_image":[{"width":768,"height":512,"url":"https:\/\/reporteroshoy.mx\/noticias\/wp-content\/uploads\/2023\/07\/CECILIA-PATRON_ES-CONFIABLE-scaled.jpeg","type":"image\/jpeg"}],"author":"Reporteros Hoy IM","twitter_card":"summary_large_image","twitter_creator":"@reporteroshoy","twitter_site":"@reporteroshoy","twitter_misc":{"Escrito por":"Reporteros Hoy IM","Tiempo de lectura":"4 minutos"},"schema":{"@context":"https:\/\/schema.org","@graph":[{"@type":"Article","@id":"https:\/\/reporteroshoy.mx\/noticias\/la-eleccion-internar-del-frente-amplio-por-mexico-es-confiable\/#article","isPartOf":{"@id":"https:\/\/reporteroshoy.mx\/noticias\/la-eleccion-internar-del-frente-amplio-por-mexico-es-confiable\/"},"author":{"name":"Reporteros Hoy IM","@id":"https:\/\/reporteroshoy.mx\/noticias\/#\/schema\/person\/948520f0d88b01be2e5266bc4acbbc15"},"headline":"La elecci\u00f3n internar del Frente Amplio por M\u00e9xico \u00abes confiable\u00bb","datePublished":"2023-07-03T22:37:04+00:00","mainEntityOfPage":{"@id":"https:\/\/reporteroshoy.mx\/noticias\/la-eleccion-internar-del-frente-amplio-por-mexico-es-confiable\/"},"wordCount":663,"commentCount":0,"image":{"@id":"https:\/\/reporteroshoy.mx\/noticias\/la-eleccion-internar-del-frente-amplio-por-mexico-es-confiable\/#primaryimage"},"thumbnailUrl":"https:\/\/reporteroshoy.mx\/noticias\/wp-content\/uploads\/2023\/07\/CECILIA-PATRON_ES-CONFIABLE-scaled.jpeg","keywords":["Cecilia Patr\u00f3n Laviada","Frente Amplio por M\u00e9xico","PAN","Proceso Interno"],"articleSection":["Pol\u00edtica"],"inLanguage":"es","potentialAction":[{"@type":"CommentAction","name":"Comment","target":["https:\/\/reporteroshoy.mx\/noticias\/la-eleccion-internar-del-frente-amplio-por-mexico-es-confiable\/#respond"]}]},{"@type":"WebPage","@id":"https:\/\/reporteroshoy.mx\/noticias\/la-eleccion-internar-del-frente-amplio-por-mexico-es-confiable\/","url":"https:\/\/reporteroshoy.mx\/noticias\/la-eleccion-internar-del-frente-amplio-por-mexico-es-confiable\/","name":"La elecci\u00f3n internar del Frente Amplio por M\u00e9xico \"es confiable\"","isPartOf":{"@id":"https:\/\/reporteroshoy.mx\/noticias\/#website"},"primaryImageOfPage":{"@id":"https:\/\/reporteroshoy.mx\/noticias\/la-eleccion-internar-del-frente-amplio-por-mexico-es-confiable\/#primaryimage"},"image":{"@id":"https:\/\/reporteroshoy.mx\/noticias\/la-eleccion-internar-del-frente-amplio-por-mexico-es-confiable\/#primaryimage"},"thumbnailUrl":"https:\/\/reporteroshoy.mx\/noticias\/wp-content\/uploads\/2023\/07\/CECILIA-PATRON_ES-CONFIABLE-scaled.jpeg","datePublished":"2023-07-03T22:37:04+00:00","author":{"@id":"https:\/\/reporteroshoy.mx\/noticias\/#\/schema\/person\/948520f0d88b01be2e5266bc4acbbc15"},"description":"La secretaria general del PAN, Cecilia Patr\u00f3n Laviada, se\u00f1al\u00f3 que el m\u00e9todo es confiable por que participar\u00e1 la ciudadan\u00eda en \u00e9l","breadcrumb":{"@id":"https:\/\/reporteroshoy.mx\/noticias\/la-eleccion-internar-del-frente-amplio-por-mexico-es-confiable\/#breadcrumb"},"inLanguage":"es","potentialAction":[{"@type":"ReadAction","target":["https:\/\/reporteroshoy.mx\/noticias\/la-eleccion-internar-del-frente-amplio-por-mexico-es-confiable\/"]}]},{"@type":"ImageObject","inLanguage":"es","@id":"https:\/\/reporteroshoy.mx\/noticias\/la-eleccion-internar-del-frente-amplio-por-mexico-es-confiable\/#primaryimage","url":"https:\/\/reporteroshoy.mx\/noticias\/wp-content\/uploads\/2023\/07\/CECILIA-PATRON_ES-CONFIABLE-scaled.jpeg","contentUrl":"https:\/\/reporteroshoy.mx\/noticias\/wp-content\/uploads\/2023\/07\/CECILIA-PATRON_ES-CONFIABLE-scaled.jpeg","width":768,"height":512,"caption":"La secretaria general del PAN, Cecilia Patr\u00f3n Laviada, asegur\u00f3 que la elecci\u00f3n del Frente Amplio por M\u00e9xico es confiable."},{"@type":"BreadcrumbList","@id":"https:\/\/reporteroshoy.mx\/noticias\/la-eleccion-internar-del-frente-amplio-por-mexico-es-confiable\/#breadcrumb","itemListElement":[{"@type":"ListItem","position":1,"name":"Portada","item":"https:\/\/reporteroshoy.mx\/noticias\/"},{"@type":"ListItem","position":2,"name":"La elecci\u00f3n internar del Frente Amplio por M\u00e9xico \u00abes confiable\u00bb"}]},{"@type":"WebSite","@id":"https:\/\/reporteroshoy.mx\/noticias\/#website","url":"https:\/\/reporteroshoy.mx\/noticias\/","name":"Reporteros Hoy | Noticias de Yucat\u00e1n","description":"Peri\u00f3dico digital con noticias diarias desde M\u00e9rida, Yucat\u00e1n para el mundo.","potentialAction":[{"@type":"SearchAction","target":{"@type":"EntryPoint","urlTemplate":"https:\/\/reporteroshoy.mx\/noticias\/?s={search_term_string}"},"query-input":{"@type":"PropertyValueSpecification","valueRequired":true,"valueName":"search_term_string"}}],"inLanguage":"es"},{"@type":"Person","@id":"https:\/\/reporteroshoy.mx\/noticias\/#\/schema\/person\/948520f0d88b01be2e5266bc4acbbc15","name":"Reporteros Hoy IM","image":{"@type":"ImageObject","inLanguage":"es","@id":"https:\/\/secure.gravatar.com\/avatar\/d843030b96552826ac048bdfe26f2895604b800ed0c880ee55765a74d95dfc65?s=96&d=mm&r=g","url":"https:\/\/secure.gravatar.com\/avatar\/d843030b96552826ac048bdfe26f2895604b800ed0c880ee55765a74d95dfc65?s=96&d=mm&r=g","contentUrl":"https:\/\/secure.gravatar.com\/avatar\/d843030b96552826ac048bdfe26f2895604b800ed0c880ee55765a74d95dfc65?s=96&d=mm&r=g","caption":"Reporteros Hoy IM"},"url":"https:\/\/reporteroshoy.mx\/noticias\/author\/israel\/"}]}},"_links":{"self":[{"href":"https:\/\/reporteroshoy.mx\/noticias\/wp-json\/wp\/v2\/posts\/103625","targetHints":{"allow":["GET"]}}],"collection":[{"href":"https:\/\/reporteroshoy.mx\/noticias\/wp-json\/wp\/v2\/posts"}],"about":[{"href":"https:\/\/reporteroshoy.mx\/noticias\/wp-json\/wp\/v2\/types\/post"}],"author":[{"embeddable":true,"href":"https:\/\/reporteroshoy.mx\/noticias\/wp-json\/wp\/v2\/users\/5"}],"replies":[{"embeddable":true,"href":"https:\/\/reporteroshoy.mx\/noticias\/wp-json\/wp\/v2\/comments?post=103625"}],"version-history":[{"count":0,"href":"https:\/\/reporteroshoy.mx\/noticias\/wp-json\/wp\/v2\/posts\/103625\/revisions"}],"wp:featuredmedia":[{"embeddable":true,"href":"https:\/\/reporteroshoy.mx\/noticias\/wp-json\/wp\/v2\/media\/103626"}],"wp:attachment":[{"href":"https:\/\/reporteroshoy.mx\/noticias\/wp-json\/wp\/v2\/media?parent=103625"}],"wp:term":[{"taxonomy":"category","embeddable":true,"href":"https:\/\/reporteroshoy.mx\/noticias\/wp-json\/wp\/v2\/categories?post=103625"},{"taxonomy":"post_tag","embeddable":true,"href":"https:\/\/reporteroshoy.mx\/noticias\/wp-json\/wp\/v2\/tags?post=103625"}],"curies":[{"name":"wp","href":"https:\/\/api.w.org\/{rel}","templated":true}]}}