{"id":103640,"date":"2023-07-04T10:06:15","date_gmt":"2023-07-04T16:06:15","guid":{"rendered":"https:\/\/reporteroshoy.mx\/noticias\/?p=103640"},"modified":"2023-07-04T10:06:15","modified_gmt":"2023-07-04T16:06:15","slug":"amlo-revela-a-xochitl-galvez-como-candidata-de-la-oposicion","status":"publish","type":"post","link":"https:\/\/reporteroshoy.mx\/noticias\/amlo-revela-a-xochitl-galvez-como-candidata-de-la-oposicion\/","title":{"rendered":"AMLO revela a X\u00f3chitl G\u00e1lvez como candidata de la oposici\u00f3n"},"content":{"rendered":"<p style=\"text-align: justify;\">El presidente Andr\u00e9s Manuel L\u00f3pez Obrador (AMLO) anunci\u00f3 en Palacio Nacional que X\u00f3chitl G\u00e1lvez Ru\u00edz ser\u00e1 la candidata de la oposici\u00f3n en las elecciones presidenciales de M\u00e9xico en 2024. Con este anuncio, el mandatario afirm\u00f3 haber cumplido su promesa de revelar el nombre del contendiente para el pr\u00f3ximo a\u00f1o.<\/p>\n<p style=\"text-align: justify;\">L\u00f3pez Obrador destac\u00f3 que las c\u00fapulas del Frente Amplio por M\u00e9xico acordaron previamente designar a G\u00e1lvez, quien actualmente ocupa el cargo de legisladora por el Partido Acci\u00f3n Nacional (PAN). Seg\u00fan el jefe del Ejecutivo, Claudio X. Gonz\u00e1lez lider\u00f3 las consultas que llevaron a la selecci\u00f3n de G\u00e1lvez, informaci\u00f3n de la cual L\u00f3pez Obrador tuvo conocimiento hace aproximadamente 15 d\u00edas.<\/p>\n<figure id=\"attachment_103641\" aria-describedby=\"caption-attachment-103641\" style=\"width: 599px\" class=\"wp-caption aligncenter\"><img loading=\"lazy\" decoding=\"async\" class=\"wp-image-103641\" src=\"https:\/\/reporteroshoy.mx\/noticias\/wp-content\/uploads\/2023\/07\/Xochitl-y-AMLO-scaled.jpg\" alt=\"\" width=\"599\" height=\"360\" \/><figcaption id=\"caption-attachment-103641\" class=\"wp-caption-text\">Foto: El CEO<\/figcaption><\/figure>\n<p style=\"text-align: justify;\">La elecci\u00f3n de X\u00f3chitl G\u00e1lvez como candidata de la oposici\u00f3n gener\u00f3 cuestionamientos por parte del presidente. AMLO se\u00f1al\u00f3 que la decisi\u00f3n se bas\u00f3 en el hecho de que G\u00e1lvez Ruiz \u00abnaci\u00f3 en un pueblo\u00bb, y que los l\u00edderes del Frente Amplio por M\u00e9xico creen que eso es suficiente para buscar el cargo en 2024. Adem\u00e1s, el presidente afirm\u00f3 que G\u00e1lvez forma parte del agrupamiento conservador, aunque no pertenece a la \u00e9lite, insinuando una conexi\u00f3n con los intereses conservadores.<\/p>\n<p style=\"text-align: justify;\">El presidente mexicano reiter\u00f3 sus acusaciones sobre el proceso interno de la oposici\u00f3n, se\u00f1alando que podr\u00eda encubrir una eventual imposici\u00f3n por parte de Claudio X. Gonz\u00e1lez, magnate empresarial. L\u00f3pez Obrador ha sostenido que esta estrategia busca ocultar un posible \u00abdedazo\u00bb dentro de la oposici\u00f3n.<\/p>\n<p><em><strong>Te interesa:\u00a0<a href=\"https:\/\/reporteroshoy.mx\/noticias\/xochitl-galvez-asegura-que-se-ching-a-las-corcholatas\/\">X\u00f3chitl G\u00e1lvez asegura que se ching\u2026 a las \u2018corcholatas\u2019<\/a><\/strong><\/em><\/p>\n<p style=\"text-align: justify;\">Con el anuncio de X\u00f3chitl G\u00e1lvez como candidata de la oposici\u00f3n, el panorama electoral rumbo a las elecciones presidenciales de 2024 comienza a tomar forma, y se espera un escenario de competencia pol\u00edtica acalorada en el pa\u00eds.<\/p>\n","protected":false},"excerpt":{"rendered":"<p>AMLO se\u00f1al\u00f3 que la decisi\u00f3n se bas\u00f3 en que X\u00f3chitl \u00abnaci\u00f3 en un pueblo\u00bb;  \u00abcreen que eso es suficiente para buscar el cargo en 2024\u00bb, afirm\u00f3.<\/p>\n","protected":false},"author":9,"featured_media":103641,"comment_status":"open","ping_status":"closed","sticky":false,"template":"","format":"standard","meta":{"footnotes":""},"categories":[24410],"tags":[537,18830,18100,21941],"class_list":["post-103640","post","type-post","status-publish","format-standard","has-post-thumbnail","hentry","category-politica","tag-amlo","tag-elecciones-2024","tag-oposicion","tag-xochitl-galvez"],"yoast_head":"<!-- This site is optimized with the Yoast SEO plugin v28.4 - https:\/\/yoast.com\/product\/yoast-seo-wordpress\/ -->\n<title>AMLO revela a X\u00f3chitl G\u00e1lvez como candidata de la oposici\u00f3n<\/title>\n<meta name=\"description\" content=\"AMLO se\u00f1al\u00f3 que la decisi\u00f3n se bas\u00f3 en que X\u00f3chitl &quot;naci\u00f3 en un pueblo&quot;; &quot;creen que eso es suficiente para buscar el cargo en 2024&quot;, afirm\u00f3.\" \/>\n<meta name=\"robots\" content=\"index, follow, max-snippet:-1, max-image-preview:large, max-video-preview:-1\" \/>\n<link rel=\"canonical\" href=\"https:\/\/reporteroshoy.mx\/noticias\/amlo-revela-a-xochitl-galvez-como-candidata-de-la-oposicion\/\" \/>\n<meta property=\"og:locale\" content=\"es_ES\" \/>\n<meta property=\"og:type\" content=\"article\" \/>\n<meta property=\"og:title\" content=\"AMLO revela a X\u00f3chitl G\u00e1lvez como candidata de la oposici\u00f3n\" \/>\n<meta property=\"og:description\" content=\"AMLO se\u00f1al\u00f3 que la decisi\u00f3n se bas\u00f3 en que X\u00f3chitl &quot;naci\u00f3 en un pueblo&quot;; &quot;creen que eso es suficiente para buscar el cargo en 2024&quot;, afirm\u00f3.\" \/>\n<meta property=\"og:url\" content=\"https:\/\/reporteroshoy.mx\/noticias\/amlo-revela-a-xochitl-galvez-como-candidata-de-la-oposicion\/\" \/>\n<meta property=\"og:site_name\" content=\"Reporteros Hoy | Noticias de Yucat\u00e1n\" \/>\n<meta property=\"article:publisher\" content=\"http:\/\/www.facebook.com\/reporteroshoymx\" \/>\n<meta property=\"article:published_time\" content=\"2023-07-04T16:06:15+00:00\" \/>\n<meta property=\"og:image\" content=\"https:\/\/reporteroshoy.mx\/noticias\/wp-content\/uploads\/2023\/07\/Xochitl-y-AMLO-scaled.jpg\" \/>\n\t<meta property=\"og:image:width\" content=\"768\" \/>\n\t<meta property=\"og:image:height\" content=\"461\" \/>\n\t<meta property=\"og:image:type\" content=\"image\/jpeg\" \/>\n<meta name=\"author\" content=\"Reporteros Hoy WP\" \/>\n<meta name=\"twitter:card\" content=\"summary_large_image\" \/>\n<meta name=\"twitter:creator\" content=\"@reporteroshoy\" \/>\n<meta name=\"twitter:site\" content=\"@reporteroshoy\" \/>\n<meta name=\"twitter:label1\" content=\"Escrito por\" \/>\n\t<meta name=\"twitter:data1\" content=\"Reporteros Hoy WP\" \/>\n\t<meta name=\"twitter:label2\" content=\"Tiempo de lectura\" \/>\n\t<meta name=\"twitter:data2\" content=\"2 minutos\" \/>\n<script type=\"application\/ld+json\" class=\"yoast-schema-graph\">{\"@context\":\"https:\\\/\\\/schema.org\",\"@graph\":[{\"@type\":\"Article\",\"@id\":\"https:\\\/\\\/reporteroshoy.mx\\\/noticias\\\/amlo-revela-a-xochitl-galvez-como-candidata-de-la-oposicion\\\/#article\",\"isPartOf\":{\"@id\":\"https:\\\/\\\/reporteroshoy.mx\\\/noticias\\\/amlo-revela-a-xochitl-galvez-como-candidata-de-la-oposicion\\\/\"},\"author\":{\"name\":\"Reporteros Hoy WP\",\"@id\":\"https:\\\/\\\/reporteroshoy.mx\\\/noticias\\\/#\\\/schema\\\/person\\\/c977527e57c958a62c5cefe8fe47876e\"},\"headline\":\"AMLO revela a X\u00f3chitl G\u00e1lvez como candidata de la oposici\u00f3n\",\"datePublished\":\"2023-07-04T16:06:15+00:00\",\"mainEntityOfPage\":{\"@id\":\"https:\\\/\\\/reporteroshoy.mx\\\/noticias\\\/amlo-revela-a-xochitl-galvez-como-candidata-de-la-oposicion\\\/\"},\"wordCount\":344,\"commentCount\":0,\"image\":{\"@id\":\"https:\\\/\\\/reporteroshoy.mx\\\/noticias\\\/amlo-revela-a-xochitl-galvez-como-candidata-de-la-oposicion\\\/#primaryimage\"},\"thumbnailUrl\":\"https:\\\/\\\/reporteroshoy.mx\\\/noticias\\\/wp-content\\\/uploads\\\/2023\\\/07\\\/Xochitl-y-AMLO-scaled.jpg\",\"keywords\":[\"AMLO\",\"elecciones 2024\",\"Oposici\u00f3n\",\"X\u00f3chitl G\u00e1lvez\"],\"articleSection\":[\"Pol\u00edtica\"],\"inLanguage\":\"es\",\"potentialAction\":[{\"@type\":\"CommentAction\",\"name\":\"Comment\",\"target\":[\"https:\\\/\\\/reporteroshoy.mx\\\/noticias\\\/amlo-revela-a-xochitl-galvez-como-candidata-de-la-oposicion\\\/#respond\"]}]},{\"@type\":\"WebPage\",\"@id\":\"https:\\\/\\\/reporteroshoy.mx\\\/noticias\\\/amlo-revela-a-xochitl-galvez-como-candidata-de-la-oposicion\\\/\",\"url\":\"https:\\\/\\\/reporteroshoy.mx\\\/noticias\\\/amlo-revela-a-xochitl-galvez-como-candidata-de-la-oposicion\\\/\",\"name\":\"AMLO revela a X\u00f3chitl G\u00e1lvez como candidata de la oposici\u00f3n\",\"isPartOf\":{\"@id\":\"https:\\\/\\\/reporteroshoy.mx\\\/noticias\\\/#website\"},\"primaryImageOfPage\":{\"@id\":\"https:\\\/\\\/reporteroshoy.mx\\\/noticias\\\/amlo-revela-a-xochitl-galvez-como-candidata-de-la-oposicion\\\/#primaryimage\"},\"image\":{\"@id\":\"https:\\\/\\\/reporteroshoy.mx\\\/noticias\\\/amlo-revela-a-xochitl-galvez-como-candidata-de-la-oposicion\\\/#primaryimage\"},\"thumbnailUrl\":\"https:\\\/\\\/reporteroshoy.mx\\\/noticias\\\/wp-content\\\/uploads\\\/2023\\\/07\\\/Xochitl-y-AMLO-scaled.jpg\",\"datePublished\":\"2023-07-04T16:06:15+00:00\",\"author\":{\"@id\":\"https:\\\/\\\/reporteroshoy.mx\\\/noticias\\\/#\\\/schema\\\/person\\\/c977527e57c958a62c5cefe8fe47876e\"},\"description\":\"AMLO se\u00f1al\u00f3 que la decisi\u00f3n se bas\u00f3 en que X\u00f3chitl \\\"naci\u00f3 en un pueblo\\\"; \\\"creen que eso es suficiente para buscar el cargo en 2024\\\", afirm\u00f3.\",\"breadcrumb\":{\"@id\":\"https:\\\/\\\/reporteroshoy.mx\\\/noticias\\\/amlo-revela-a-xochitl-galvez-como-candidata-de-la-oposicion\\\/#breadcrumb\"},\"inLanguage\":\"es\",\"potentialAction\":[{\"@type\":\"ReadAction\",\"target\":[\"https:\\\/\\\/reporteroshoy.mx\\\/noticias\\\/amlo-revela-a-xochitl-galvez-como-candidata-de-la-oposicion\\\/\"]}]},{\"@type\":\"ImageObject\",\"inLanguage\":\"es\",\"@id\":\"https:\\\/\\\/reporteroshoy.mx\\\/noticias\\\/amlo-revela-a-xochitl-galvez-como-candidata-de-la-oposicion\\\/#primaryimage\",\"url\":\"https:\\\/\\\/reporteroshoy.mx\\\/noticias\\\/wp-content\\\/uploads\\\/2023\\\/07\\\/Xochitl-y-AMLO-scaled.jpg\",\"contentUrl\":\"https:\\\/\\\/reporteroshoy.mx\\\/noticias\\\/wp-content\\\/uploads\\\/2023\\\/07\\\/Xochitl-y-AMLO-scaled.jpg\",\"width\":768,\"height\":461,\"caption\":\"AMLO revela a X\u00f3chitl G\u00e1lvez como candidata de la oposici\u00f3n\"},{\"@type\":\"BreadcrumbList\",\"@id\":\"https:\\\/\\\/reporteroshoy.mx\\\/noticias\\\/amlo-revela-a-xochitl-galvez-como-candidata-de-la-oposicion\\\/#breadcrumb\",\"itemListElement\":[{\"@type\":\"ListItem\",\"position\":1,\"name\":\"Portada\",\"item\":\"https:\\\/\\\/reporteroshoy.mx\\\/noticias\\\/\"},{\"@type\":\"ListItem\",\"position\":2,\"name\":\"AMLO revela a X\u00f3chitl G\u00e1lvez como candidata de la oposici\u00f3n\"}]},{\"@type\":\"WebSite\",\"@id\":\"https:\\\/\\\/reporteroshoy.mx\\\/noticias\\\/#website\",\"url\":\"https:\\\/\\\/reporteroshoy.mx\\\/noticias\\\/\",\"name\":\"Reporteros Hoy | Noticias de Yucat\u00e1n\",\"description\":\"Peri\u00f3dico digital con noticias diarias desde M\u00e9rida, Yucat\u00e1n para el mundo.\",\"potentialAction\":[{\"@type\":\"SearchAction\",\"target\":{\"@type\":\"EntryPoint\",\"urlTemplate\":\"https:\\\/\\\/reporteroshoy.mx\\\/noticias\\\/?s={search_term_string}\"},\"query-input\":{\"@type\":\"PropertyValueSpecification\",\"valueRequired\":true,\"valueName\":\"search_term_string\"}}],\"inLanguage\":\"es\"},{\"@type\":\"Person\",\"@id\":\"https:\\\/\\\/reporteroshoy.mx\\\/noticias\\\/#\\\/schema\\\/person\\\/c977527e57c958a62c5cefe8fe47876e\",\"name\":\"Reporteros Hoy WP\",\"image\":{\"@type\":\"ImageObject\",\"inLanguage\":\"es\",\"@id\":\"https:\\\/\\\/secure.gravatar.com\\\/avatar\\\/fd2917f79a7dae30f8ac9ddc2f35e1756bb59e25e01d1cd09deaa64df7b2f73e?s=96&d=mm&r=g\",\"url\":\"https:\\\/\\\/secure.gravatar.com\\\/avatar\\\/fd2917f79a7dae30f8ac9ddc2f35e1756bb59e25e01d1cd09deaa64df7b2f73e?s=96&d=mm&r=g\",\"contentUrl\":\"https:\\\/\\\/secure.gravatar.com\\\/avatar\\\/fd2917f79a7dae30f8ac9ddc2f35e1756bb59e25e01d1cd09deaa64df7b2f73e?s=96&d=mm&r=g\",\"caption\":\"Reporteros Hoy WP\"},\"url\":\"https:\\\/\\\/reporteroshoy.mx\\\/noticias\\\/author\\\/walfer\\\/\"}]}<\/script>\n<!-- \/ Yoast SEO plugin. -->","yoast_head_json":{"title":"AMLO revela a X\u00f3chitl G\u00e1lvez como candidata de la oposici\u00f3n","description":"AMLO se\u00f1al\u00f3 que la decisi\u00f3n se bas\u00f3 en que X\u00f3chitl \"naci\u00f3 en un pueblo\"; \"creen que eso es suficiente para buscar el cargo en 2024\", afirm\u00f3.","robots":{"index":"index","follow":"follow","max-snippet":"max-snippet:-1","max-image-preview":"max-image-preview:large","max-video-preview":"max-video-preview:-1"},"canonical":"https:\/\/reporteroshoy.mx\/noticias\/amlo-revela-a-xochitl-galvez-como-candidata-de-la-oposicion\/","og_locale":"es_ES","og_type":"article","og_title":"AMLO revela a X\u00f3chitl G\u00e1lvez como candidata de la oposici\u00f3n","og_description":"AMLO se\u00f1al\u00f3 que la decisi\u00f3n se bas\u00f3 en que X\u00f3chitl \"naci\u00f3 en un pueblo\"; \"creen que eso es suficiente para buscar el cargo en 2024\", afirm\u00f3.","og_url":"https:\/\/reporteroshoy.mx\/noticias\/amlo-revela-a-xochitl-galvez-como-candidata-de-la-oposicion\/","og_site_name":"Reporteros Hoy | Noticias de Yucat\u00e1n","article_publisher":"http:\/\/www.facebook.com\/reporteroshoymx","article_published_time":"2023-07-04T16:06:15+00:00","og_image":[{"width":768,"height":461,"url":"https:\/\/reporteroshoy.mx\/noticias\/wp-content\/uploads\/2023\/07\/Xochitl-y-AMLO-scaled.jpg","type":"image\/jpeg"}],"author":"Reporteros Hoy WP","twitter_card":"summary_large_image","twitter_creator":"@reporteroshoy","twitter_site":"@reporteroshoy","twitter_misc":{"Escrito por":"Reporteros Hoy WP","Tiempo de lectura":"2 minutos"},"schema":{"@context":"https:\/\/schema.org","@graph":[{"@type":"Article","@id":"https:\/\/reporteroshoy.mx\/noticias\/amlo-revela-a-xochitl-galvez-como-candidata-de-la-oposicion\/#article","isPartOf":{"@id":"https:\/\/reporteroshoy.mx\/noticias\/amlo-revela-a-xochitl-galvez-como-candidata-de-la-oposicion\/"},"author":{"name":"Reporteros Hoy WP","@id":"https:\/\/reporteroshoy.mx\/noticias\/#\/schema\/person\/c977527e57c958a62c5cefe8fe47876e"},"headline":"AMLO revela a X\u00f3chitl G\u00e1lvez como candidata de la oposici\u00f3n","datePublished":"2023-07-04T16:06:15+00:00","mainEntityOfPage":{"@id":"https:\/\/reporteroshoy.mx\/noticias\/amlo-revela-a-xochitl-galvez-como-candidata-de-la-oposicion\/"},"wordCount":344,"commentCount":0,"image":{"@id":"https:\/\/reporteroshoy.mx\/noticias\/amlo-revela-a-xochitl-galvez-como-candidata-de-la-oposicion\/#primaryimage"},"thumbnailUrl":"https:\/\/reporteroshoy.mx\/noticias\/wp-content\/uploads\/2023\/07\/Xochitl-y-AMLO-scaled.jpg","keywords":["AMLO","elecciones 2024","Oposici\u00f3n","X\u00f3chitl G\u00e1lvez"],"articleSection":["Pol\u00edtica"],"inLanguage":"es","potentialAction":[{"@type":"CommentAction","name":"Comment","target":["https:\/\/reporteroshoy.mx\/noticias\/amlo-revela-a-xochitl-galvez-como-candidata-de-la-oposicion\/#respond"]}]},{"@type":"WebPage","@id":"https:\/\/reporteroshoy.mx\/noticias\/amlo-revela-a-xochitl-galvez-como-candidata-de-la-oposicion\/","url":"https:\/\/reporteroshoy.mx\/noticias\/amlo-revela-a-xochitl-galvez-como-candidata-de-la-oposicion\/","name":"AMLO revela a X\u00f3chitl G\u00e1lvez como candidata de la oposici\u00f3n","isPartOf":{"@id":"https:\/\/reporteroshoy.mx\/noticias\/#website"},"primaryImageOfPage":{"@id":"https:\/\/reporteroshoy.mx\/noticias\/amlo-revela-a-xochitl-galvez-como-candidata-de-la-oposicion\/#primaryimage"},"image":{"@id":"https:\/\/reporteroshoy.mx\/noticias\/amlo-revela-a-xochitl-galvez-como-candidata-de-la-oposicion\/#primaryimage"},"thumbnailUrl":"https:\/\/reporteroshoy.mx\/noticias\/wp-content\/uploads\/2023\/07\/Xochitl-y-AMLO-scaled.jpg","datePublished":"2023-07-04T16:06:15+00:00","author":{"@id":"https:\/\/reporteroshoy.mx\/noticias\/#\/schema\/person\/c977527e57c958a62c5cefe8fe47876e"},"description":"AMLO se\u00f1al\u00f3 que la decisi\u00f3n se bas\u00f3 en que X\u00f3chitl \"naci\u00f3 en un pueblo\"; \"creen que eso es suficiente para buscar el cargo en 2024\", afirm\u00f3.","breadcrumb":{"@id":"https:\/\/reporteroshoy.mx\/noticias\/amlo-revela-a-xochitl-galvez-como-candidata-de-la-oposicion\/#breadcrumb"},"inLanguage":"es","potentialAction":[{"@type":"ReadAction","target":["https:\/\/reporteroshoy.mx\/noticias\/amlo-revela-a-xochitl-galvez-como-candidata-de-la-oposicion\/"]}]},{"@type":"ImageObject","inLanguage":"es","@id":"https:\/\/reporteroshoy.mx\/noticias\/amlo-revela-a-xochitl-galvez-como-candidata-de-la-oposicion\/#primaryimage","url":"https:\/\/reporteroshoy.mx\/noticias\/wp-content\/uploads\/2023\/07\/Xochitl-y-AMLO-scaled.jpg","contentUrl":"https:\/\/reporteroshoy.mx\/noticias\/wp-content\/uploads\/2023\/07\/Xochitl-y-AMLO-scaled.jpg","width":768,"height":461,"caption":"AMLO revela a X\u00f3chitl G\u00e1lvez como candidata de la oposici\u00f3n"},{"@type":"BreadcrumbList","@id":"https:\/\/reporteroshoy.mx\/noticias\/amlo-revela-a-xochitl-galvez-como-candidata-de-la-oposicion\/#breadcrumb","itemListElement":[{"@type":"ListItem","position":1,"name":"Portada","item":"https:\/\/reporteroshoy.mx\/noticias\/"},{"@type":"ListItem","position":2,"name":"AMLO revela a X\u00f3chitl G\u00e1lvez como candidata de la oposici\u00f3n"}]},{"@type":"WebSite","@id":"https:\/\/reporteroshoy.mx\/noticias\/#website","url":"https:\/\/reporteroshoy.mx\/noticias\/","name":"Reporteros Hoy | Noticias de Yucat\u00e1n","description":"Peri\u00f3dico digital con noticias diarias desde M\u00e9rida, Yucat\u00e1n para el mundo.","potentialAction":[{"@type":"SearchAction","target":{"@type":"EntryPoint","urlTemplate":"https:\/\/reporteroshoy.mx\/noticias\/?s={search_term_string}"},"query-input":{"@type":"PropertyValueSpecification","valueRequired":true,"valueName":"search_term_string"}}],"inLanguage":"es"},{"@type":"Person","@id":"https:\/\/reporteroshoy.mx\/noticias\/#\/schema\/person\/c977527e57c958a62c5cefe8fe47876e","name":"Reporteros Hoy WP","image":{"@type":"ImageObject","inLanguage":"es","@id":"https:\/\/secure.gravatar.com\/avatar\/fd2917f79a7dae30f8ac9ddc2f35e1756bb59e25e01d1cd09deaa64df7b2f73e?s=96&d=mm&r=g","url":"https:\/\/secure.gravatar.com\/avatar\/fd2917f79a7dae30f8ac9ddc2f35e1756bb59e25e01d1cd09deaa64df7b2f73e?s=96&d=mm&r=g","contentUrl":"https:\/\/secure.gravatar.com\/avatar\/fd2917f79a7dae30f8ac9ddc2f35e1756bb59e25e01d1cd09deaa64df7b2f73e?s=96&d=mm&r=g","caption":"Reporteros Hoy WP"},"url":"https:\/\/reporteroshoy.mx\/noticias\/author\/walfer\/"}]}},"_links":{"self":[{"href":"https:\/\/reporteroshoy.mx\/noticias\/wp-json\/wp\/v2\/posts\/103640","targetHints":{"allow":["GET"]}}],"collection":[{"href":"https:\/\/reporteroshoy.mx\/noticias\/wp-json\/wp\/v2\/posts"}],"about":[{"href":"https:\/\/reporteroshoy.mx\/noticias\/wp-json\/wp\/v2\/types\/post"}],"author":[{"embeddable":true,"href":"https:\/\/reporteroshoy.mx\/noticias\/wp-json\/wp\/v2\/users\/9"}],"replies":[{"embeddable":true,"href":"https:\/\/reporteroshoy.mx\/noticias\/wp-json\/wp\/v2\/comments?post=103640"}],"version-history":[{"count":0,"href":"https:\/\/reporteroshoy.mx\/noticias\/wp-json\/wp\/v2\/posts\/103640\/revisions"}],"wp:featuredmedia":[{"embeddable":true,"href":"https:\/\/reporteroshoy.mx\/noticias\/wp-json\/wp\/v2\/media\/103641"}],"wp:attachment":[{"href":"https:\/\/reporteroshoy.mx\/noticias\/wp-json\/wp\/v2\/media?parent=103640"}],"wp:term":[{"taxonomy":"category","embeddable":true,"href":"https:\/\/reporteroshoy.mx\/noticias\/wp-json\/wp\/v2\/categories?post=103640"},{"taxonomy":"post_tag","embeddable":true,"href":"https:\/\/reporteroshoy.mx\/noticias\/wp-json\/wp\/v2\/tags?post=103640"}],"curies":[{"name":"wp","href":"https:\/\/api.w.org\/{rel}","templated":true}]}}