{"id":103700,"date":"2023-07-06T21:54:55","date_gmt":"2023-07-07T03:54:55","guid":{"rendered":"https:\/\/reporteroshoy.mx\/noticias\/?p=103700"},"modified":"2023-07-06T22:20:10","modified_gmt":"2023-07-07T04:20:10","slug":"clausuran-planta-de-tratamiento-de-aguas-residuales-de-merida","status":"publish","type":"post","link":"https:\/\/reporteroshoy.mx\/noticias\/clausuran-planta-de-tratamiento-de-aguas-residuales-de-merida\/","title":{"rendered":"Clausuran planta de tratamiento de aguas residuales de M\u00e9rida"},"content":{"rendered":"<div class=\"flex flex-grow flex-col gap-3\">\n<div class=\"min-h-[20px] flex items-start overflow-x-auto whitespace-pre-wrap break-words flex-col gap-4\">\n<div class=\"markdown prose w-full break-words dark:prose-invert dark\">\n<p style=\"text-align: justify;\">Ante la clausura temporal de la planta de tratamiento de aguas residuales por parte de la Profepa, el Ayuntamiento de M\u00e9rida trabaja para presentar pruebas que demuestren el cumplimiento ambiental en las operaciones de este espacio.<\/p>\n<p style=\"text-align: justify;\">En la actualidad, el municipio agota todos los mecanismos de verificaci\u00f3n que respaldan el correcto funcionamiento del sitio, y presentar\u00e1 dichas pruebas ante las instancias correspondientes.<\/p>\n<figure id=\"attachment_103702\" aria-describedby=\"caption-attachment-103702\" style=\"width: 693px\" class=\"wp-caption alignnone\"><img loading=\"lazy\" decoding=\"async\" class=\"wp-image-103702 size-full\" title=\"PLANTA DE TRATAMIENTO\" src=\"https:\/\/reporteroshoy.mx\/noticias\/wp-content\/uploads\/2023\/07\/PLANTA-DE-TRATAMIENTO.jpg\" alt=\"\" width=\"693\" height=\"503\" srcset=\"https:\/\/reporteroshoy.mx\/noticias\/wp-content\/uploads\/2023\/07\/PLANTA-DE-TRATAMIENTO.jpg 693w, https:\/\/reporteroshoy.mx\/noticias\/wp-content\/uploads\/2023\/07\/PLANTA-DE-TRATAMIENTO-324x235.jpg 324w\" sizes=\"auto, (max-width: 693px) 100vw, 693px\" \/><figcaption id=\"caption-attachment-103702\" class=\"wp-caption-text\">Planta de Tratamiento de Aguas Residuales de M\u00e9rida clausurada por Profepa (Foto: Desde el Balc\u00f3n)<\/figcaption><\/figure>\n<p style=\"text-align: justify;\">La autoridad federal y municipal, siguiendo los lineamientos legales en la materia, est\u00e1n coordinando este proceso con el objetivo de restablecer este servicio a la brevedad posible.<\/p>\n<h3>Evitar\u00e1n afectaci\u00f3n por clausura temporal de planta de tratamiento<\/h3>\n<p style=\"text-align: justify;\">En un comunicado, el gobierno de la ciudad inform\u00f3 que tomar\u00e1 las medidas necesarias para continuar brindando este servicio a la ciudadan\u00eda y evitar cualquier afectaci\u00f3n para los habitantes del municipio.<\/p>\n<p><em><strong>Te puede interesar: <\/strong><\/em><a href=\"https:\/\/reporteroshoy.mx\/noticias\/de-nuevo-se-incendia-el-relleno-sanitario-de-merida\/\"><em><strong>De nuevo, se incendia el relleno sanitario de M\u00e9rida<\/strong><\/em><\/a><\/p>\n<p style=\"text-align: justify;\">La comuna meridana reafirm\u00f3 su compromiso de buscar soluciones temporales que garanticen la prestaci\u00f3n del servicio, siempre respetando los lineamientos establecidos para el cuidado del medio ambiente.<\/p>\n<p><em><strong>Saber m\u00e1s sobre <\/strong><\/em><a href=\"https:\/\/www.gob.mx\/profepa\/articulos\/como-realizar-una-denuncia-ante-profepa?idiom=es\"><em><strong>C\u00f3mo realizar una denuncia ambiental<\/strong><\/em><\/a><\/p>\n<\/div>\n<\/div>\n<\/div>\n","protected":false},"excerpt":{"rendered":"<p>La Profepa cerr\u00f3 temporalmente la planta de tratamiento al considerar que hubo una \u00abinconsistencia ambiental\u00bb.<\/p>\n","protected":false},"author":5,"featured_media":103702,"comment_status":"open","ping_status":"closed","sticky":false,"template":"","format":"standard","meta":{"footnotes":""},"categories":[24379],"tags":[3120,24693,51,24692,5352],"class_list":["post-103700","post","type-post","status-publish","format-standard","has-post-thumbnail","hentry","category-merida","tag-aguas-residuales","tag-clausurada","tag-merida","tag-planta-de-tratamiento","tag-profepa"],"yoast_head":"<!-- This site is optimized with the Yoast SEO plugin v28.4 - https:\/\/yoast.com\/product\/yoast-seo-wordpress\/ -->\n<title>Clausuran planta de tratamiento de aguas residuales de M\u00e9rida<\/title>\n<meta name=\"description\" content=\"La Profepa cerr\u00f3 temporalmente la planta de tratamiento al considerar que hubo una &quot;inconsistencia ambiental&quot;.\" \/>\n<meta name=\"robots\" content=\"index, follow, max-snippet:-1, max-image-preview:large, max-video-preview:-1\" \/>\n<link rel=\"canonical\" href=\"https:\/\/reporteroshoy.mx\/noticias\/clausuran-planta-de-tratamiento-de-aguas-residuales-de-merida\/\" \/>\n<meta property=\"og:locale\" content=\"es_ES\" \/>\n<meta property=\"og:type\" content=\"article\" \/>\n<meta property=\"og:title\" content=\"Clausuran planta de tratamiento de aguas residuales de M\u00e9rida\" \/>\n<meta property=\"og:description\" content=\"La Profepa cerr\u00f3 temporalmente la planta de tratamiento al considerar que hubo una &quot;inconsistencia ambiental&quot;.\" \/>\n<meta property=\"og:url\" content=\"https:\/\/reporteroshoy.mx\/noticias\/clausuran-planta-de-tratamiento-de-aguas-residuales-de-merida\/\" \/>\n<meta property=\"og:site_name\" content=\"Reporteros Hoy | Noticias de Yucat\u00e1n\" \/>\n<meta property=\"article:publisher\" content=\"http:\/\/www.facebook.com\/reporteroshoymx\" \/>\n<meta property=\"article:published_time\" content=\"2023-07-07T03:54:55+00:00\" \/>\n<meta property=\"article:modified_time\" content=\"2023-07-07T04:20:10+00:00\" \/>\n<meta property=\"og:image\" content=\"https:\/\/reporteroshoy.mx\/noticias\/wp-content\/uploads\/2023\/07\/PLANTA-DE-TRATAMIENTO.jpg\" \/>\n\t<meta property=\"og:image:width\" content=\"693\" \/>\n\t<meta property=\"og:image:height\" content=\"503\" \/>\n\t<meta property=\"og:image:type\" content=\"image\/jpeg\" \/>\n<meta name=\"author\" content=\"Reporteros Hoy IM\" \/>\n<meta name=\"twitter:card\" content=\"summary_large_image\" \/>\n<meta name=\"twitter:creator\" content=\"@reporteroshoy\" \/>\n<meta name=\"twitter:site\" content=\"@reporteroshoy\" \/>\n<meta name=\"twitter:label1\" content=\"Escrito por\" \/>\n\t<meta name=\"twitter:data1\" content=\"Reporteros Hoy IM\" \/>\n\t<meta name=\"twitter:label2\" content=\"Tiempo de lectura\" \/>\n\t<meta name=\"twitter:data2\" content=\"2 minutos\" \/>\n<script type=\"application\/ld+json\" class=\"yoast-schema-graph\">{\"@context\":\"https:\\\/\\\/schema.org\",\"@graph\":[{\"@type\":\"Article\",\"@id\":\"https:\\\/\\\/reporteroshoy.mx\\\/noticias\\\/clausuran-planta-de-tratamiento-de-aguas-residuales-de-merida\\\/#article\",\"isPartOf\":{\"@id\":\"https:\\\/\\\/reporteroshoy.mx\\\/noticias\\\/clausuran-planta-de-tratamiento-de-aguas-residuales-de-merida\\\/\"},\"author\":{\"name\":\"Reporteros Hoy IM\",\"@id\":\"https:\\\/\\\/reporteroshoy.mx\\\/noticias\\\/#\\\/schema\\\/person\\\/948520f0d88b01be2e5266bc4acbbc15\"},\"headline\":\"Clausuran planta de tratamiento de aguas residuales de M\u00e9rida\",\"datePublished\":\"2023-07-07T03:54:55+00:00\",\"dateModified\":\"2023-07-07T04:20:10+00:00\",\"mainEntityOfPage\":{\"@id\":\"https:\\\/\\\/reporteroshoy.mx\\\/noticias\\\/clausuran-planta-de-tratamiento-de-aguas-residuales-de-merida\\\/\"},\"wordCount\":221,\"commentCount\":0,\"image\":{\"@id\":\"https:\\\/\\\/reporteroshoy.mx\\\/noticias\\\/clausuran-planta-de-tratamiento-de-aguas-residuales-de-merida\\\/#primaryimage\"},\"thumbnailUrl\":\"https:\\\/\\\/reporteroshoy.mx\\\/noticias\\\/wp-content\\\/uploads\\\/2023\\\/07\\\/PLANTA-DE-TRATAMIENTO.jpg\",\"keywords\":[\"Aguas Residuales\",\"Clausurada\",\"M\u00e9rida\",\"Planta de Tratamiento\",\"profepa\"],\"articleSection\":[\"M\u00e9rida\"],\"inLanguage\":\"es\",\"potentialAction\":[{\"@type\":\"CommentAction\",\"name\":\"Comment\",\"target\":[\"https:\\\/\\\/reporteroshoy.mx\\\/noticias\\\/clausuran-planta-de-tratamiento-de-aguas-residuales-de-merida\\\/#respond\"]}]},{\"@type\":\"WebPage\",\"@id\":\"https:\\\/\\\/reporteroshoy.mx\\\/noticias\\\/clausuran-planta-de-tratamiento-de-aguas-residuales-de-merida\\\/\",\"url\":\"https:\\\/\\\/reporteroshoy.mx\\\/noticias\\\/clausuran-planta-de-tratamiento-de-aguas-residuales-de-merida\\\/\",\"name\":\"Clausuran planta de tratamiento de aguas residuales de M\u00e9rida\",\"isPartOf\":{\"@id\":\"https:\\\/\\\/reporteroshoy.mx\\\/noticias\\\/#website\"},\"primaryImageOfPage\":{\"@id\":\"https:\\\/\\\/reporteroshoy.mx\\\/noticias\\\/clausuran-planta-de-tratamiento-de-aguas-residuales-de-merida\\\/#primaryimage\"},\"image\":{\"@id\":\"https:\\\/\\\/reporteroshoy.mx\\\/noticias\\\/clausuran-planta-de-tratamiento-de-aguas-residuales-de-merida\\\/#primaryimage\"},\"thumbnailUrl\":\"https:\\\/\\\/reporteroshoy.mx\\\/noticias\\\/wp-content\\\/uploads\\\/2023\\\/07\\\/PLANTA-DE-TRATAMIENTO.jpg\",\"datePublished\":\"2023-07-07T03:54:55+00:00\",\"dateModified\":\"2023-07-07T04:20:10+00:00\",\"author\":{\"@id\":\"https:\\\/\\\/reporteroshoy.mx\\\/noticias\\\/#\\\/schema\\\/person\\\/948520f0d88b01be2e5266bc4acbbc15\"},\"description\":\"La Profepa cerr\u00f3 temporalmente la planta de tratamiento al considerar que hubo una \\\"inconsistencia ambiental\\\".\",\"breadcrumb\":{\"@id\":\"https:\\\/\\\/reporteroshoy.mx\\\/noticias\\\/clausuran-planta-de-tratamiento-de-aguas-residuales-de-merida\\\/#breadcrumb\"},\"inLanguage\":\"es\",\"potentialAction\":[{\"@type\":\"ReadAction\",\"target\":[\"https:\\\/\\\/reporteroshoy.mx\\\/noticias\\\/clausuran-planta-de-tratamiento-de-aguas-residuales-de-merida\\\/\"]}]},{\"@type\":\"ImageObject\",\"inLanguage\":\"es\",\"@id\":\"https:\\\/\\\/reporteroshoy.mx\\\/noticias\\\/clausuran-planta-de-tratamiento-de-aguas-residuales-de-merida\\\/#primaryimage\",\"url\":\"https:\\\/\\\/reporteroshoy.mx\\\/noticias\\\/wp-content\\\/uploads\\\/2023\\\/07\\\/PLANTA-DE-TRATAMIENTO.jpg\",\"contentUrl\":\"https:\\\/\\\/reporteroshoy.mx\\\/noticias\\\/wp-content\\\/uploads\\\/2023\\\/07\\\/PLANTA-DE-TRATAMIENTO.jpg\",\"width\":693,\"height\":503,\"caption\":\"Planta de Tratamiento de Aguas Residuales de M\u00e9rida clausurada por Profepa\"},{\"@type\":\"BreadcrumbList\",\"@id\":\"https:\\\/\\\/reporteroshoy.mx\\\/noticias\\\/clausuran-planta-de-tratamiento-de-aguas-residuales-de-merida\\\/#breadcrumb\",\"itemListElement\":[{\"@type\":\"ListItem\",\"position\":1,\"name\":\"Portada\",\"item\":\"https:\\\/\\\/reporteroshoy.mx\\\/noticias\\\/\"},{\"@type\":\"ListItem\",\"position\":2,\"name\":\"Clausuran planta de tratamiento de aguas residuales de M\u00e9rida\"}]},{\"@type\":\"WebSite\",\"@id\":\"https:\\\/\\\/reporteroshoy.mx\\\/noticias\\\/#website\",\"url\":\"https:\\\/\\\/reporteroshoy.mx\\\/noticias\\\/\",\"name\":\"Reporteros Hoy | Noticias de Yucat\u00e1n\",\"description\":\"Peri\u00f3dico digital con noticias diarias desde M\u00e9rida, Yucat\u00e1n para el mundo.\",\"potentialAction\":[{\"@type\":\"SearchAction\",\"target\":{\"@type\":\"EntryPoint\",\"urlTemplate\":\"https:\\\/\\\/reporteroshoy.mx\\\/noticias\\\/?s={search_term_string}\"},\"query-input\":{\"@type\":\"PropertyValueSpecification\",\"valueRequired\":true,\"valueName\":\"search_term_string\"}}],\"inLanguage\":\"es\"},{\"@type\":\"Person\",\"@id\":\"https:\\\/\\\/reporteroshoy.mx\\\/noticias\\\/#\\\/schema\\\/person\\\/948520f0d88b01be2e5266bc4acbbc15\",\"name\":\"Reporteros Hoy IM\",\"image\":{\"@type\":\"ImageObject\",\"inLanguage\":\"es\",\"@id\":\"https:\\\/\\\/secure.gravatar.com\\\/avatar\\\/d843030b96552826ac048bdfe26f2895604b800ed0c880ee55765a74d95dfc65?s=96&d=mm&r=g\",\"url\":\"https:\\\/\\\/secure.gravatar.com\\\/avatar\\\/d843030b96552826ac048bdfe26f2895604b800ed0c880ee55765a74d95dfc65?s=96&d=mm&r=g\",\"contentUrl\":\"https:\\\/\\\/secure.gravatar.com\\\/avatar\\\/d843030b96552826ac048bdfe26f2895604b800ed0c880ee55765a74d95dfc65?s=96&d=mm&r=g\",\"caption\":\"Reporteros Hoy IM\"},\"url\":\"https:\\\/\\\/reporteroshoy.mx\\\/noticias\\\/author\\\/israel\\\/\"}]}<\/script>\n<!-- \/ Yoast SEO plugin. -->","yoast_head_json":{"title":"Clausuran planta de tratamiento de aguas residuales de M\u00e9rida","description":"La Profepa cerr\u00f3 temporalmente la planta de tratamiento al considerar que hubo una \"inconsistencia ambiental\".","robots":{"index":"index","follow":"follow","max-snippet":"max-snippet:-1","max-image-preview":"max-image-preview:large","max-video-preview":"max-video-preview:-1"},"canonical":"https:\/\/reporteroshoy.mx\/noticias\/clausuran-planta-de-tratamiento-de-aguas-residuales-de-merida\/","og_locale":"es_ES","og_type":"article","og_title":"Clausuran planta de tratamiento de aguas residuales de M\u00e9rida","og_description":"La Profepa cerr\u00f3 temporalmente la planta de tratamiento al considerar que hubo una \"inconsistencia ambiental\".","og_url":"https:\/\/reporteroshoy.mx\/noticias\/clausuran-planta-de-tratamiento-de-aguas-residuales-de-merida\/","og_site_name":"Reporteros Hoy | Noticias de Yucat\u00e1n","article_publisher":"http:\/\/www.facebook.com\/reporteroshoymx","article_published_time":"2023-07-07T03:54:55+00:00","article_modified_time":"2023-07-07T04:20:10+00:00","og_image":[{"width":693,"height":503,"url":"https:\/\/reporteroshoy.mx\/noticias\/wp-content\/uploads\/2023\/07\/PLANTA-DE-TRATAMIENTO.jpg","type":"image\/jpeg"}],"author":"Reporteros Hoy IM","twitter_card":"summary_large_image","twitter_creator":"@reporteroshoy","twitter_site":"@reporteroshoy","twitter_misc":{"Escrito por":"Reporteros Hoy IM","Tiempo de lectura":"2 minutos"},"schema":{"@context":"https:\/\/schema.org","@graph":[{"@type":"Article","@id":"https:\/\/reporteroshoy.mx\/noticias\/clausuran-planta-de-tratamiento-de-aguas-residuales-de-merida\/#article","isPartOf":{"@id":"https:\/\/reporteroshoy.mx\/noticias\/clausuran-planta-de-tratamiento-de-aguas-residuales-de-merida\/"},"author":{"name":"Reporteros Hoy IM","@id":"https:\/\/reporteroshoy.mx\/noticias\/#\/schema\/person\/948520f0d88b01be2e5266bc4acbbc15"},"headline":"Clausuran planta de tratamiento de aguas residuales de M\u00e9rida","datePublished":"2023-07-07T03:54:55+00:00","dateModified":"2023-07-07T04:20:10+00:00","mainEntityOfPage":{"@id":"https:\/\/reporteroshoy.mx\/noticias\/clausuran-planta-de-tratamiento-de-aguas-residuales-de-merida\/"},"wordCount":221,"commentCount":0,"image":{"@id":"https:\/\/reporteroshoy.mx\/noticias\/clausuran-planta-de-tratamiento-de-aguas-residuales-de-merida\/#primaryimage"},"thumbnailUrl":"https:\/\/reporteroshoy.mx\/noticias\/wp-content\/uploads\/2023\/07\/PLANTA-DE-TRATAMIENTO.jpg","keywords":["Aguas Residuales","Clausurada","M\u00e9rida","Planta de Tratamiento","profepa"],"articleSection":["M\u00e9rida"],"inLanguage":"es","potentialAction":[{"@type":"CommentAction","name":"Comment","target":["https:\/\/reporteroshoy.mx\/noticias\/clausuran-planta-de-tratamiento-de-aguas-residuales-de-merida\/#respond"]}]},{"@type":"WebPage","@id":"https:\/\/reporteroshoy.mx\/noticias\/clausuran-planta-de-tratamiento-de-aguas-residuales-de-merida\/","url":"https:\/\/reporteroshoy.mx\/noticias\/clausuran-planta-de-tratamiento-de-aguas-residuales-de-merida\/","name":"Clausuran planta de tratamiento de aguas residuales de M\u00e9rida","isPartOf":{"@id":"https:\/\/reporteroshoy.mx\/noticias\/#website"},"primaryImageOfPage":{"@id":"https:\/\/reporteroshoy.mx\/noticias\/clausuran-planta-de-tratamiento-de-aguas-residuales-de-merida\/#primaryimage"},"image":{"@id":"https:\/\/reporteroshoy.mx\/noticias\/clausuran-planta-de-tratamiento-de-aguas-residuales-de-merida\/#primaryimage"},"thumbnailUrl":"https:\/\/reporteroshoy.mx\/noticias\/wp-content\/uploads\/2023\/07\/PLANTA-DE-TRATAMIENTO.jpg","datePublished":"2023-07-07T03:54:55+00:00","dateModified":"2023-07-07T04:20:10+00:00","author":{"@id":"https:\/\/reporteroshoy.mx\/noticias\/#\/schema\/person\/948520f0d88b01be2e5266bc4acbbc15"},"description":"La Profepa cerr\u00f3 temporalmente la planta de tratamiento al considerar que hubo una \"inconsistencia ambiental\".","breadcrumb":{"@id":"https:\/\/reporteroshoy.mx\/noticias\/clausuran-planta-de-tratamiento-de-aguas-residuales-de-merida\/#breadcrumb"},"inLanguage":"es","potentialAction":[{"@type":"ReadAction","target":["https:\/\/reporteroshoy.mx\/noticias\/clausuran-planta-de-tratamiento-de-aguas-residuales-de-merida\/"]}]},{"@type":"ImageObject","inLanguage":"es","@id":"https:\/\/reporteroshoy.mx\/noticias\/clausuran-planta-de-tratamiento-de-aguas-residuales-de-merida\/#primaryimage","url":"https:\/\/reporteroshoy.mx\/noticias\/wp-content\/uploads\/2023\/07\/PLANTA-DE-TRATAMIENTO.jpg","contentUrl":"https:\/\/reporteroshoy.mx\/noticias\/wp-content\/uploads\/2023\/07\/PLANTA-DE-TRATAMIENTO.jpg","width":693,"height":503,"caption":"Planta de Tratamiento de Aguas Residuales de M\u00e9rida clausurada por Profepa"},{"@type":"BreadcrumbList","@id":"https:\/\/reporteroshoy.mx\/noticias\/clausuran-planta-de-tratamiento-de-aguas-residuales-de-merida\/#breadcrumb","itemListElement":[{"@type":"ListItem","position":1,"name":"Portada","item":"https:\/\/reporteroshoy.mx\/noticias\/"},{"@type":"ListItem","position":2,"name":"Clausuran planta de tratamiento de aguas residuales de M\u00e9rida"}]},{"@type":"WebSite","@id":"https:\/\/reporteroshoy.mx\/noticias\/#website","url":"https:\/\/reporteroshoy.mx\/noticias\/","name":"Reporteros Hoy | Noticias de Yucat\u00e1n","description":"Peri\u00f3dico digital con noticias diarias desde M\u00e9rida, Yucat\u00e1n para el mundo.","potentialAction":[{"@type":"SearchAction","target":{"@type":"EntryPoint","urlTemplate":"https:\/\/reporteroshoy.mx\/noticias\/?s={search_term_string}"},"query-input":{"@type":"PropertyValueSpecification","valueRequired":true,"valueName":"search_term_string"}}],"inLanguage":"es"},{"@type":"Person","@id":"https:\/\/reporteroshoy.mx\/noticias\/#\/schema\/person\/948520f0d88b01be2e5266bc4acbbc15","name":"Reporteros Hoy IM","image":{"@type":"ImageObject","inLanguage":"es","@id":"https:\/\/secure.gravatar.com\/avatar\/d843030b96552826ac048bdfe26f2895604b800ed0c880ee55765a74d95dfc65?s=96&d=mm&r=g","url":"https:\/\/secure.gravatar.com\/avatar\/d843030b96552826ac048bdfe26f2895604b800ed0c880ee55765a74d95dfc65?s=96&d=mm&r=g","contentUrl":"https:\/\/secure.gravatar.com\/avatar\/d843030b96552826ac048bdfe26f2895604b800ed0c880ee55765a74d95dfc65?s=96&d=mm&r=g","caption":"Reporteros Hoy IM"},"url":"https:\/\/reporteroshoy.mx\/noticias\/author\/israel\/"}]}},"_links":{"self":[{"href":"https:\/\/reporteroshoy.mx\/noticias\/wp-json\/wp\/v2\/posts\/103700","targetHints":{"allow":["GET"]}}],"collection":[{"href":"https:\/\/reporteroshoy.mx\/noticias\/wp-json\/wp\/v2\/posts"}],"about":[{"href":"https:\/\/reporteroshoy.mx\/noticias\/wp-json\/wp\/v2\/types\/post"}],"author":[{"embeddable":true,"href":"https:\/\/reporteroshoy.mx\/noticias\/wp-json\/wp\/v2\/users\/5"}],"replies":[{"embeddable":true,"href":"https:\/\/reporteroshoy.mx\/noticias\/wp-json\/wp\/v2\/comments?post=103700"}],"version-history":[{"count":0,"href":"https:\/\/reporteroshoy.mx\/noticias\/wp-json\/wp\/v2\/posts\/103700\/revisions"}],"wp:featuredmedia":[{"embeddable":true,"href":"https:\/\/reporteroshoy.mx\/noticias\/wp-json\/wp\/v2\/media\/103702"}],"wp:attachment":[{"href":"https:\/\/reporteroshoy.mx\/noticias\/wp-json\/wp\/v2\/media?parent=103700"}],"wp:term":[{"taxonomy":"category","embeddable":true,"href":"https:\/\/reporteroshoy.mx\/noticias\/wp-json\/wp\/v2\/categories?post=103700"},{"taxonomy":"post_tag","embeddable":true,"href":"https:\/\/reporteroshoy.mx\/noticias\/wp-json\/wp\/v2\/tags?post=103700"}],"curies":[{"name":"wp","href":"https:\/\/api.w.org\/{rel}","templated":true}]}}