{"id":103792,"date":"2023-07-10T22:52:00","date_gmt":"2023-07-11T04:52:00","guid":{"rendered":"https:\/\/reporteroshoy.mx\/noticias\/?p=103792"},"modified":"2023-07-10T22:52:00","modified_gmt":"2023-07-11T04:52:00","slug":"cuestionan-origen-del-dinero-para-espectaculares-politicos","status":"publish","type":"post","link":"https:\/\/reporteroshoy.mx\/noticias\/cuestionan-origen-del-dinero-para-espectaculares-politicos\/","title":{"rendered":"Cuestionan origen del dinero para espectaculares pol\u00edticos"},"content":{"rendered":"<p style=\"text-align: justify;\">El alcalde de M\u00e9rida, Ren\u00e1n Barrera Concha, pone en tela de juicio la procedencia del dinero para espectaculares de figuras pol\u00edticas que buscan promover su imagen de cara a las pr\u00f3ximas elecciones.<\/p>\n<p style=\"text-align: justify;\">Seg\u00fan \u00e9l, es necesario regular esta situaci\u00f3n para evitar confusiones, ya que resulta preocupante si se trata de dinero p\u00fablico, haciendo referencia a los recursos federales y estatales asignados para este fin.<\/p>\n<p><img loading=\"lazy\" decoding=\"async\" class=\"alignnone size-full wp-image-103795\" src=\"https:\/\/reporteroshoy.mx\/noticias\/wp-content\/uploads\/2023\/07\/DINERO-PARA-ESPECTACULARES.jpg\" alt=\"\" width=\"720\" height=\"480\" \/><\/p>\n<p style=\"text-align: justify;\">Barrera Concha reitera su postura en contra de adelantar los tiempos pol\u00edticos, ya que esto podr\u00eda distraer a aquellos interesados en participar en el proceso electoral de 2024.<\/p>\n<p style=\"text-align: justify;\">Enfatiza que aquellos que tienen responsabilidades no deben descuidarlas por proyectos personales.<\/p>\n<p style=\"text-align: justify;\">En una entrevista, el alcalde destaca que, aunque aspira a la gubernatura de Yucat\u00e1n, sigue dedicado a atender los asuntos de la capital del estado como su primera responsabilidad.<\/p>\n<p style=\"text-align: justify;\">Afirma que participar\u00e1 en el proceso interno del PAN cuando los tiempos lo permitan, pero sin descuidar su labor como presidente municipal.<\/p>\n<h3>Piden precisar origen del dinero para espectaculares<\/h3>\n<p style=\"text-align: justify;\">El caso del secretario estatal de Educaci\u00f3n, Liborio Vidal Aguilar, es un ejemplo claro de la intensificaci\u00f3n de la promoci\u00f3n a trav\u00e9s de anuncios espectaculares.<\/p>\n<p style=\"text-align: justify;\">Lo mismo sucede con el secretario general del Infonavit, Rogerio Castro V\u00e1zquez, cuyos anuncios en el medio de comunicaci\u00f3n \u00abOilo Yucat\u00e1n\u00bb se han multiplicado por toda la ciudad, a pesar de las quejas del Comit\u00e9 Directivo Estatal del PRI.<\/p>\n<p><em><strong>Te puede interesar: <\/strong><\/em><a href=\"https:\/\/reporteroshoy.mx\/noticias\/no-caer-en-divisiones-renan-barrera\/\"><em><strong>No caer en divisiones: Ren\u00e1n Barrera<\/strong><\/em><\/a><\/p>\n<p style=\"text-align: justify;\">El alcalde de M\u00e9rida enfatiza la importancia de ser cautelosos cuando se trata de manejar recursos p\u00fablicos.<\/p>\n<p style=\"text-align: justify;\">Conf\u00eda en que la situaci\u00f3n se regularice una vez que se definan los t\u00e9rminos relacionados con el periodo de precampa\u00f1as y campa\u00f1as, cuando se inicie oficialmente la organizaci\u00f3n del proceso electoral 2023-2024.<\/p>\n","protected":false},"excerpt":{"rendered":"<p>El alcalde meridano consider\u00f3 oportuno aclarar el origen del dinero para espectaculares de \u00abcorcholatas\u00bb federales y estatales. <\/p>\n","protected":false},"author":5,"featured_media":103795,"comment_status":"open","ping_status":"closed","sticky":false,"template":"","format":"standard","meta":{"footnotes":""},"categories":[24410],"tags":[21032,1716,2441],"class_list":["post-103792","post","type-post","status-publish","format-standard","has-post-thumbnail","hentry","category-politica","tag-espectaculares","tag-pan","tag-renan-barrera-concha"],"yoast_head":"<!-- This site is optimized with the Yoast SEO plugin v28.4 - https:\/\/yoast.com\/product\/yoast-seo-wordpress\/ -->\n<title>Cuestionan origen del dinero para espectaculares pol\u00edticos<\/title>\n<meta name=\"description\" content=\"El alcalde meridano consider\u00f3 oportuno aclarar el origen del dinero para espectaculares de &quot;corcholatas&quot; federales y estatales.\" \/>\n<meta name=\"robots\" content=\"index, follow, max-snippet:-1, max-image-preview:large, max-video-preview:-1\" \/>\n<link rel=\"canonical\" href=\"https:\/\/reporteroshoy.mx\/noticias\/cuestionan-origen-del-dinero-para-espectaculares-politicos\/\" \/>\n<meta property=\"og:locale\" content=\"es_ES\" \/>\n<meta property=\"og:type\" content=\"article\" \/>\n<meta property=\"og:title\" content=\"Cuestionan origen del dinero para espectaculares pol\u00edticos\" \/>\n<meta property=\"og:description\" content=\"El alcalde meridano consider\u00f3 oportuno aclarar el origen del dinero para espectaculares de &quot;corcholatas&quot; federales y estatales.\" \/>\n<meta property=\"og:url\" content=\"https:\/\/reporteroshoy.mx\/noticias\/cuestionan-origen-del-dinero-para-espectaculares-politicos\/\" \/>\n<meta property=\"og:site_name\" content=\"Reporteros Hoy | Noticias de Yucat\u00e1n\" \/>\n<meta property=\"article:publisher\" content=\"http:\/\/www.facebook.com\/reporteroshoymx\" \/>\n<meta property=\"article:published_time\" content=\"2023-07-11T04:52:00+00:00\" \/>\n<meta property=\"og:image\" content=\"https:\/\/reporteroshoy.mx\/noticias\/wp-content\/uploads\/2023\/07\/DINERO-PARA-ESPECTACULARES.jpg\" \/>\n\t<meta property=\"og:image:width\" content=\"720\" \/>\n\t<meta property=\"og:image:height\" content=\"480\" \/>\n\t<meta property=\"og:image:type\" content=\"image\/jpeg\" \/>\n<meta name=\"author\" content=\"Reporteros Hoy IM\" \/>\n<meta name=\"twitter:card\" content=\"summary_large_image\" \/>\n<meta name=\"twitter:creator\" content=\"@reporteroshoy\" \/>\n<meta name=\"twitter:site\" content=\"@reporteroshoy\" \/>\n<meta name=\"twitter:label1\" content=\"Escrito por\" \/>\n\t<meta name=\"twitter:data1\" content=\"Reporteros Hoy IM\" \/>\n\t<meta name=\"twitter:label2\" content=\"Tiempo de lectura\" \/>\n\t<meta name=\"twitter:data2\" content=\"2 minutos\" \/>\n<script type=\"application\/ld+json\" class=\"yoast-schema-graph\">{\"@context\":\"https:\\\/\\\/schema.org\",\"@graph\":[{\"@type\":\"Article\",\"@id\":\"https:\\\/\\\/reporteroshoy.mx\\\/noticias\\\/cuestionan-origen-del-dinero-para-espectaculares-politicos\\\/#article\",\"isPartOf\":{\"@id\":\"https:\\\/\\\/reporteroshoy.mx\\\/noticias\\\/cuestionan-origen-del-dinero-para-espectaculares-politicos\\\/\"},\"author\":{\"name\":\"Reporteros Hoy IM\",\"@id\":\"https:\\\/\\\/reporteroshoy.mx\\\/noticias\\\/#\\\/schema\\\/person\\\/948520f0d88b01be2e5266bc4acbbc15\"},\"headline\":\"Cuestionan origen del dinero para espectaculares pol\u00edticos\",\"datePublished\":\"2023-07-11T04:52:00+00:00\",\"mainEntityOfPage\":{\"@id\":\"https:\\\/\\\/reporteroshoy.mx\\\/noticias\\\/cuestionan-origen-del-dinero-para-espectaculares-politicos\\\/\"},\"wordCount\":317,\"commentCount\":0,\"image\":{\"@id\":\"https:\\\/\\\/reporteroshoy.mx\\\/noticias\\\/cuestionan-origen-del-dinero-para-espectaculares-politicos\\\/#primaryimage\"},\"thumbnailUrl\":\"https:\\\/\\\/reporteroshoy.mx\\\/noticias\\\/wp-content\\\/uploads\\\/2023\\\/07\\\/DINERO-PARA-ESPECTACULARES.jpg\",\"keywords\":[\"Espectaculares\",\"PAN\",\"Ren\u00e1n Barrera Concha\"],\"articleSection\":[\"Pol\u00edtica\"],\"inLanguage\":\"es\",\"potentialAction\":[{\"@type\":\"CommentAction\",\"name\":\"Comment\",\"target\":[\"https:\\\/\\\/reporteroshoy.mx\\\/noticias\\\/cuestionan-origen-del-dinero-para-espectaculares-politicos\\\/#respond\"]}]},{\"@type\":\"WebPage\",\"@id\":\"https:\\\/\\\/reporteroshoy.mx\\\/noticias\\\/cuestionan-origen-del-dinero-para-espectaculares-politicos\\\/\",\"url\":\"https:\\\/\\\/reporteroshoy.mx\\\/noticias\\\/cuestionan-origen-del-dinero-para-espectaculares-politicos\\\/\",\"name\":\"Cuestionan origen del dinero para espectaculares pol\u00edticos\",\"isPartOf\":{\"@id\":\"https:\\\/\\\/reporteroshoy.mx\\\/noticias\\\/#website\"},\"primaryImageOfPage\":{\"@id\":\"https:\\\/\\\/reporteroshoy.mx\\\/noticias\\\/cuestionan-origen-del-dinero-para-espectaculares-politicos\\\/#primaryimage\"},\"image\":{\"@id\":\"https:\\\/\\\/reporteroshoy.mx\\\/noticias\\\/cuestionan-origen-del-dinero-para-espectaculares-politicos\\\/#primaryimage\"},\"thumbnailUrl\":\"https:\\\/\\\/reporteroshoy.mx\\\/noticias\\\/wp-content\\\/uploads\\\/2023\\\/07\\\/DINERO-PARA-ESPECTACULARES.jpg\",\"datePublished\":\"2023-07-11T04:52:00+00:00\",\"author\":{\"@id\":\"https:\\\/\\\/reporteroshoy.mx\\\/noticias\\\/#\\\/schema\\\/person\\\/948520f0d88b01be2e5266bc4acbbc15\"},\"description\":\"El alcalde meridano consider\u00f3 oportuno aclarar el origen del dinero para espectaculares de \\\"corcholatas\\\" federales y estatales.\",\"breadcrumb\":{\"@id\":\"https:\\\/\\\/reporteroshoy.mx\\\/noticias\\\/cuestionan-origen-del-dinero-para-espectaculares-politicos\\\/#breadcrumb\"},\"inLanguage\":\"es\",\"potentialAction\":[{\"@type\":\"ReadAction\",\"target\":[\"https:\\\/\\\/reporteroshoy.mx\\\/noticias\\\/cuestionan-origen-del-dinero-para-espectaculares-politicos\\\/\"]}]},{\"@type\":\"ImageObject\",\"inLanguage\":\"es\",\"@id\":\"https:\\\/\\\/reporteroshoy.mx\\\/noticias\\\/cuestionan-origen-del-dinero-para-espectaculares-politicos\\\/#primaryimage\",\"url\":\"https:\\\/\\\/reporteroshoy.mx\\\/noticias\\\/wp-content\\\/uploads\\\/2023\\\/07\\\/DINERO-PARA-ESPECTACULARES.jpg\",\"contentUrl\":\"https:\\\/\\\/reporteroshoy.mx\\\/noticias\\\/wp-content\\\/uploads\\\/2023\\\/07\\\/DINERO-PARA-ESPECTACULARES.jpg\",\"width\":720,\"height\":480},{\"@type\":\"BreadcrumbList\",\"@id\":\"https:\\\/\\\/reporteroshoy.mx\\\/noticias\\\/cuestionan-origen-del-dinero-para-espectaculares-politicos\\\/#breadcrumb\",\"itemListElement\":[{\"@type\":\"ListItem\",\"position\":1,\"name\":\"Portada\",\"item\":\"https:\\\/\\\/reporteroshoy.mx\\\/noticias\\\/\"},{\"@type\":\"ListItem\",\"position\":2,\"name\":\"Cuestionan origen del dinero para espectaculares pol\u00edticos\"}]},{\"@type\":\"WebSite\",\"@id\":\"https:\\\/\\\/reporteroshoy.mx\\\/noticias\\\/#website\",\"url\":\"https:\\\/\\\/reporteroshoy.mx\\\/noticias\\\/\",\"name\":\"Reporteros Hoy | Noticias de Yucat\u00e1n\",\"description\":\"Peri\u00f3dico digital con noticias diarias desde M\u00e9rida, Yucat\u00e1n para el mundo.\",\"potentialAction\":[{\"@type\":\"SearchAction\",\"target\":{\"@type\":\"EntryPoint\",\"urlTemplate\":\"https:\\\/\\\/reporteroshoy.mx\\\/noticias\\\/?s={search_term_string}\"},\"query-input\":{\"@type\":\"PropertyValueSpecification\",\"valueRequired\":true,\"valueName\":\"search_term_string\"}}],\"inLanguage\":\"es\"},{\"@type\":\"Person\",\"@id\":\"https:\\\/\\\/reporteroshoy.mx\\\/noticias\\\/#\\\/schema\\\/person\\\/948520f0d88b01be2e5266bc4acbbc15\",\"name\":\"Reporteros Hoy IM\",\"image\":{\"@type\":\"ImageObject\",\"inLanguage\":\"es\",\"@id\":\"https:\\\/\\\/secure.gravatar.com\\\/avatar\\\/d843030b96552826ac048bdfe26f2895604b800ed0c880ee55765a74d95dfc65?s=96&d=mm&r=g\",\"url\":\"https:\\\/\\\/secure.gravatar.com\\\/avatar\\\/d843030b96552826ac048bdfe26f2895604b800ed0c880ee55765a74d95dfc65?s=96&d=mm&r=g\",\"contentUrl\":\"https:\\\/\\\/secure.gravatar.com\\\/avatar\\\/d843030b96552826ac048bdfe26f2895604b800ed0c880ee55765a74d95dfc65?s=96&d=mm&r=g\",\"caption\":\"Reporteros Hoy IM\"},\"url\":\"https:\\\/\\\/reporteroshoy.mx\\\/noticias\\\/author\\\/israel\\\/\"}]}<\/script>\n<!-- \/ Yoast SEO plugin. -->","yoast_head_json":{"title":"Cuestionan origen del dinero para espectaculares pol\u00edticos","description":"El alcalde meridano consider\u00f3 oportuno aclarar el origen del dinero para espectaculares de \"corcholatas\" federales y estatales.","robots":{"index":"index","follow":"follow","max-snippet":"max-snippet:-1","max-image-preview":"max-image-preview:large","max-video-preview":"max-video-preview:-1"},"canonical":"https:\/\/reporteroshoy.mx\/noticias\/cuestionan-origen-del-dinero-para-espectaculares-politicos\/","og_locale":"es_ES","og_type":"article","og_title":"Cuestionan origen del dinero para espectaculares pol\u00edticos","og_description":"El alcalde meridano consider\u00f3 oportuno aclarar el origen del dinero para espectaculares de \"corcholatas\" federales y estatales.","og_url":"https:\/\/reporteroshoy.mx\/noticias\/cuestionan-origen-del-dinero-para-espectaculares-politicos\/","og_site_name":"Reporteros Hoy | Noticias de Yucat\u00e1n","article_publisher":"http:\/\/www.facebook.com\/reporteroshoymx","article_published_time":"2023-07-11T04:52:00+00:00","og_image":[{"width":720,"height":480,"url":"https:\/\/reporteroshoy.mx\/noticias\/wp-content\/uploads\/2023\/07\/DINERO-PARA-ESPECTACULARES.jpg","type":"image\/jpeg"}],"author":"Reporteros Hoy IM","twitter_card":"summary_large_image","twitter_creator":"@reporteroshoy","twitter_site":"@reporteroshoy","twitter_misc":{"Escrito por":"Reporteros Hoy IM","Tiempo de lectura":"2 minutos"},"schema":{"@context":"https:\/\/schema.org","@graph":[{"@type":"Article","@id":"https:\/\/reporteroshoy.mx\/noticias\/cuestionan-origen-del-dinero-para-espectaculares-politicos\/#article","isPartOf":{"@id":"https:\/\/reporteroshoy.mx\/noticias\/cuestionan-origen-del-dinero-para-espectaculares-politicos\/"},"author":{"name":"Reporteros Hoy IM","@id":"https:\/\/reporteroshoy.mx\/noticias\/#\/schema\/person\/948520f0d88b01be2e5266bc4acbbc15"},"headline":"Cuestionan origen del dinero para espectaculares pol\u00edticos","datePublished":"2023-07-11T04:52:00+00:00","mainEntityOfPage":{"@id":"https:\/\/reporteroshoy.mx\/noticias\/cuestionan-origen-del-dinero-para-espectaculares-politicos\/"},"wordCount":317,"commentCount":0,"image":{"@id":"https:\/\/reporteroshoy.mx\/noticias\/cuestionan-origen-del-dinero-para-espectaculares-politicos\/#primaryimage"},"thumbnailUrl":"https:\/\/reporteroshoy.mx\/noticias\/wp-content\/uploads\/2023\/07\/DINERO-PARA-ESPECTACULARES.jpg","keywords":["Espectaculares","PAN","Ren\u00e1n Barrera Concha"],"articleSection":["Pol\u00edtica"],"inLanguage":"es","potentialAction":[{"@type":"CommentAction","name":"Comment","target":["https:\/\/reporteroshoy.mx\/noticias\/cuestionan-origen-del-dinero-para-espectaculares-politicos\/#respond"]}]},{"@type":"WebPage","@id":"https:\/\/reporteroshoy.mx\/noticias\/cuestionan-origen-del-dinero-para-espectaculares-politicos\/","url":"https:\/\/reporteroshoy.mx\/noticias\/cuestionan-origen-del-dinero-para-espectaculares-politicos\/","name":"Cuestionan origen del dinero para espectaculares pol\u00edticos","isPartOf":{"@id":"https:\/\/reporteroshoy.mx\/noticias\/#website"},"primaryImageOfPage":{"@id":"https:\/\/reporteroshoy.mx\/noticias\/cuestionan-origen-del-dinero-para-espectaculares-politicos\/#primaryimage"},"image":{"@id":"https:\/\/reporteroshoy.mx\/noticias\/cuestionan-origen-del-dinero-para-espectaculares-politicos\/#primaryimage"},"thumbnailUrl":"https:\/\/reporteroshoy.mx\/noticias\/wp-content\/uploads\/2023\/07\/DINERO-PARA-ESPECTACULARES.jpg","datePublished":"2023-07-11T04:52:00+00:00","author":{"@id":"https:\/\/reporteroshoy.mx\/noticias\/#\/schema\/person\/948520f0d88b01be2e5266bc4acbbc15"},"description":"El alcalde meridano consider\u00f3 oportuno aclarar el origen del dinero para espectaculares de \"corcholatas\" federales y estatales.","breadcrumb":{"@id":"https:\/\/reporteroshoy.mx\/noticias\/cuestionan-origen-del-dinero-para-espectaculares-politicos\/#breadcrumb"},"inLanguage":"es","potentialAction":[{"@type":"ReadAction","target":["https:\/\/reporteroshoy.mx\/noticias\/cuestionan-origen-del-dinero-para-espectaculares-politicos\/"]}]},{"@type":"ImageObject","inLanguage":"es","@id":"https:\/\/reporteroshoy.mx\/noticias\/cuestionan-origen-del-dinero-para-espectaculares-politicos\/#primaryimage","url":"https:\/\/reporteroshoy.mx\/noticias\/wp-content\/uploads\/2023\/07\/DINERO-PARA-ESPECTACULARES.jpg","contentUrl":"https:\/\/reporteroshoy.mx\/noticias\/wp-content\/uploads\/2023\/07\/DINERO-PARA-ESPECTACULARES.jpg","width":720,"height":480},{"@type":"BreadcrumbList","@id":"https:\/\/reporteroshoy.mx\/noticias\/cuestionan-origen-del-dinero-para-espectaculares-politicos\/#breadcrumb","itemListElement":[{"@type":"ListItem","position":1,"name":"Portada","item":"https:\/\/reporteroshoy.mx\/noticias\/"},{"@type":"ListItem","position":2,"name":"Cuestionan origen del dinero para espectaculares pol\u00edticos"}]},{"@type":"WebSite","@id":"https:\/\/reporteroshoy.mx\/noticias\/#website","url":"https:\/\/reporteroshoy.mx\/noticias\/","name":"Reporteros Hoy | Noticias de Yucat\u00e1n","description":"Peri\u00f3dico digital con noticias diarias desde M\u00e9rida, Yucat\u00e1n para el mundo.","potentialAction":[{"@type":"SearchAction","target":{"@type":"EntryPoint","urlTemplate":"https:\/\/reporteroshoy.mx\/noticias\/?s={search_term_string}"},"query-input":{"@type":"PropertyValueSpecification","valueRequired":true,"valueName":"search_term_string"}}],"inLanguage":"es"},{"@type":"Person","@id":"https:\/\/reporteroshoy.mx\/noticias\/#\/schema\/person\/948520f0d88b01be2e5266bc4acbbc15","name":"Reporteros Hoy IM","image":{"@type":"ImageObject","inLanguage":"es","@id":"https:\/\/secure.gravatar.com\/avatar\/d843030b96552826ac048bdfe26f2895604b800ed0c880ee55765a74d95dfc65?s=96&d=mm&r=g","url":"https:\/\/secure.gravatar.com\/avatar\/d843030b96552826ac048bdfe26f2895604b800ed0c880ee55765a74d95dfc65?s=96&d=mm&r=g","contentUrl":"https:\/\/secure.gravatar.com\/avatar\/d843030b96552826ac048bdfe26f2895604b800ed0c880ee55765a74d95dfc65?s=96&d=mm&r=g","caption":"Reporteros Hoy IM"},"url":"https:\/\/reporteroshoy.mx\/noticias\/author\/israel\/"}]}},"_links":{"self":[{"href":"https:\/\/reporteroshoy.mx\/noticias\/wp-json\/wp\/v2\/posts\/103792","targetHints":{"allow":["GET"]}}],"collection":[{"href":"https:\/\/reporteroshoy.mx\/noticias\/wp-json\/wp\/v2\/posts"}],"about":[{"href":"https:\/\/reporteroshoy.mx\/noticias\/wp-json\/wp\/v2\/types\/post"}],"author":[{"embeddable":true,"href":"https:\/\/reporteroshoy.mx\/noticias\/wp-json\/wp\/v2\/users\/5"}],"replies":[{"embeddable":true,"href":"https:\/\/reporteroshoy.mx\/noticias\/wp-json\/wp\/v2\/comments?post=103792"}],"version-history":[{"count":0,"href":"https:\/\/reporteroshoy.mx\/noticias\/wp-json\/wp\/v2\/posts\/103792\/revisions"}],"wp:featuredmedia":[{"embeddable":true,"href":"https:\/\/reporteroshoy.mx\/noticias\/wp-json\/wp\/v2\/media\/103795"}],"wp:attachment":[{"href":"https:\/\/reporteroshoy.mx\/noticias\/wp-json\/wp\/v2\/media?parent=103792"}],"wp:term":[{"taxonomy":"category","embeddable":true,"href":"https:\/\/reporteroshoy.mx\/noticias\/wp-json\/wp\/v2\/categories?post=103792"},{"taxonomy":"post_tag","embeddable":true,"href":"https:\/\/reporteroshoy.mx\/noticias\/wp-json\/wp\/v2\/tags?post=103792"}],"curies":[{"name":"wp","href":"https:\/\/api.w.org\/{rel}","templated":true}]}}