{"id":103953,"date":"2023-07-18T23:17:24","date_gmt":"2023-07-19T05:17:24","guid":{"rendered":"https:\/\/reporteroshoy.mx\/noticias\/?p=103953"},"modified":"2023-07-18T23:17:24","modified_gmt":"2023-07-19T05:17:24","slug":"adan-augusto-muestra-el-musculo-politico-en-yucatan","status":"publish","type":"post","link":"https:\/\/reporteroshoy.mx\/noticias\/adan-augusto-muestra-el-musculo-politico-en-yucatan\/","title":{"rendered":"Ad\u00e1n Augusto muestra el \u00abm\u00fasculo pol\u00edtico\u00bb en Yucat\u00e1n"},"content":{"rendered":"<p style=\"text-align: justify;\">Con actos en cuatro municipios yucatecos, el ex secretario de Gobernaci\u00f3n, Ad\u00e1n Augusto L\u00f3pez Hern\u00e1ndez, mostr\u00f3 \u00abmusculo pol\u00edtico\u00bb y se comprometi\u00f3 a seguir respaldando al estado, siguiendo el ejemplo del presidente Andr\u00e9s Manuel L\u00f3pez Obrador.<\/p>\n<p style=\"text-align: justify;\">En una asamblea celebrada en el Parque de las Am\u00e9ricas en la capital yucateca, L\u00f3pez Hern\u00e1ndez reafirm\u00f3 su determinaci\u00f3n de denunciar la corrupci\u00f3n que prevaleci\u00f3 en el pasado.<\/p>\n<p style=\"text-align: justify;\">Adem\u00e1s, asegur\u00f3 que Yucat\u00e1n merece un gobierno de calidad y se esforzar\u00e1 para que se convierta en el emporio del sureste y de M\u00e9xico en general.<\/p>\n<h3>\u00abM\u00fasculo pol\u00edtico\u00bb y promesas<\/h3>\n<p style=\"text-align: justify;\">En las asambleas informativas en Valladolid, Ticul y Um\u00e1n, se modific\u00f3 el formato para cumplir con las recomendaciones del INE y se ley\u00f3 el posicionamiento en respuesta a la autoridad electoral.<\/p>\n<p><img loading=\"lazy\" decoding=\"async\" class=\"alignnone size-full wp-image-103954\" src=\"https:\/\/reporteroshoy.mx\/noticias\/wp-content\/uploads\/2023\/07\/MUSCULO-POLITICO-scaled.jpg\" alt=\"\" width=\"768\" height=\"307\" srcset=\"https:\/\/reporteroshoy.mx\/noticias\/wp-content\/uploads\/2023\/07\/MUSCULO-POLITICO-scaled.jpg 768w, https:\/\/reporteroshoy.mx\/noticias\/wp-content\/uploads\/2023\/07\/MUSCULO-POLITICO-1536x614.jpg 1536w\" sizes=\"auto, (max-width: 768px) 100vw, 768px\" \/><\/p>\n<p style=\"text-align: justify;\">Ante mujeres y hombres mayas que asistieron a escuchar su discurso, L\u00f3pez Hern\u00e1ndez pregunt\u00f3 si cre\u00edan que el presidente Andr\u00e9s Manuel L\u00f3pez Obrador hab\u00eda fallado a los mexicanos, y la respuesta un\u00e1nime fue un rotundo \u00abno\u00bb.<\/p>\n<p style=\"text-align: justify;\">Confiado en el apoyo del pueblo, el aspirante a la Coordinaci\u00f3n Nacional para la Defensa de la Cuarta Transformaci\u00f3n asegur\u00f3 que no defraudar\u00e1 a la poblaci\u00f3n y estar\u00e1 a la altura del presidente de la Rep\u00fablica.<\/p>\n<p style=\"text-align: justify;\">El pol\u00edtico destac\u00f3 los logros del presidente L\u00f3pez Obrador en cuanto a una econom\u00eda estable, un peso fuerte, grandes obras de infraestructura y un gobierno para el pueblo.<\/p>\n<p style=\"text-align: justify;\">Afirm\u00f3 que, al igual que el presidente, \u00e9l cumplir\u00e1 sus promesas y trabajar\u00e1 por el bienestar de todos los mexicanos.<\/p>\n<p><em><strong>Te puede interesar: <\/strong><\/em><a href=\"https:\/\/reporteroshoy.mx\/noticias\/sheinbaum-destaca-el-papel-de-las-mujeres-en-la-4t\/\"><em><strong>Sheinbaum destaca el papel de las mujeres en la 4T<\/strong><\/em><\/a><\/p>\n<p style=\"text-align: justify;\">Tras una intensa jornada de trabajo en la que divulg\u00f3 los logros de la Cuarta Transformaci\u00f3n, Ad\u00e1n Augusto L\u00f3pez pidi\u00f3 a los mexicanos que acompa\u00f1en al presidente L\u00f3pez Obrador en esta recta final de su gobierno.<\/p>\n<p style=\"text-align: justify;\">Destac\u00f3 que este gobierno ha sido el primero en atender a los m\u00e1s necesitados y dise\u00f1\u00f3 programas sociales que son fundamentales para la transformaci\u00f3n del pa\u00eds.<\/p>\n<p style=\"text-align: justify;\">Desde una de las ciudades con mayor calidad de vida en M\u00e9xico, el aspirante garantiz\u00f3 que Yucat\u00e1n recibir\u00e1 un fuerte apoyo para rehabilitar y mantener las plantas termoel\u00e9ctricas, con el objetivo de eliminar los apagones y reducir las tarifas de luz, al igual que se logr\u00f3 en Tabasco durante su mandato como gobernador.<\/p>\n<h3>Exhorto a Vila<\/h3>\n<p style=\"text-align: justify;\">Adem\u00e1s, hizo un llamado al gobernador de Yucat\u00e1n, Mauricio Vila, para que act\u00fae con altura de miras y firme el convenio con la Federaci\u00f3n para poner en marcha el Programa IMSS-Bienestar.<\/p>\n<p style=\"text-align: justify;\">De esta forma, todos los yucatecos podr\u00e1n tener acceso gratuito a medicamentos y atenci\u00f3n m\u00e9dica, eliminando las cuotas de recuperaci\u00f3n exorbitantes que actualmente se cobran en los hospitales p\u00fablicos.<\/p>\n<p style=\"text-align: justify;\">Al concluir su trig\u00e9simo d\u00eda de recorrido nacional, Ad\u00e1n Augusto L\u00f3pez Hern\u00e1ndez anunci\u00f3 que continuar\u00e1 entrevist\u00e1ndose con el pueblo, de casa en casa y de plaza en plaza, para trabajar juntos en la consolidaci\u00f3n de la Cuarta Transformaci\u00f3n en la vida p\u00fablica del pa\u00eds<\/p>\n","protected":false},"excerpt":{"rendered":"<p>En Valladolid, Ticul, Um\u00e1n y M\u00e9rida, el aspirante presidencial mostr\u00f3 el \u00abm\u00fasculo pol\u00edtico\u00bb con la numerosa participaci\u00f3n de seguidores.<\/p>\n","protected":false},"author":5,"featured_media":103954,"comment_status":"open","ping_status":"closed","sticky":false,"template":"","format":"standard","meta":{"footnotes":""},"categories":[24410],"tags":[20385,1521,23],"class_list":["post-103953","post","type-post","status-publish","format-standard","has-post-thumbnail","hentry","category-politica","tag-adan-augusto-lopez-hernandez","tag-morena","tag-yucatan"],"yoast_head":"<!-- This site is optimized with the Yoast SEO plugin v28.4 - https:\/\/yoast.com\/product\/yoast-seo-wordpress\/ -->\n<title>Ad\u00e1n Augusto muestra el &quot;m\u00fasculo pol\u00edtico&quot; en Yucat\u00e1n<\/title>\n<meta name=\"description\" content=\"En Valladolid, Ticul, Um\u00e1n y M\u00e9rida, el aspirante presidencial mostr\u00f3 el &quot;m\u00fasculo pol\u00edtico&quot; con la numerosa participaci\u00f3n de seguidores.\" \/>\n<meta name=\"robots\" content=\"index, follow, max-snippet:-1, max-image-preview:large, max-video-preview:-1\" \/>\n<link rel=\"canonical\" href=\"https:\/\/reporteroshoy.mx\/noticias\/adan-augusto-muestra-el-musculo-politico-en-yucatan\/\" \/>\n<meta property=\"og:locale\" content=\"es_ES\" \/>\n<meta property=\"og:type\" content=\"article\" \/>\n<meta property=\"og:title\" content=\"Ad\u00e1n Augusto muestra el &quot;m\u00fasculo pol\u00edtico&quot; en Yucat\u00e1n\" \/>\n<meta property=\"og:description\" content=\"En Valladolid, Ticul, Um\u00e1n y M\u00e9rida, el aspirante presidencial mostr\u00f3 el &quot;m\u00fasculo pol\u00edtico&quot; con la numerosa participaci\u00f3n de seguidores.\" \/>\n<meta property=\"og:url\" content=\"https:\/\/reporteroshoy.mx\/noticias\/adan-augusto-muestra-el-musculo-politico-en-yucatan\/\" \/>\n<meta property=\"og:site_name\" content=\"Reporteros Hoy | Noticias de Yucat\u00e1n\" \/>\n<meta property=\"article:publisher\" content=\"http:\/\/www.facebook.com\/reporteroshoymx\" \/>\n<meta property=\"article:published_time\" content=\"2023-07-19T05:17:24+00:00\" \/>\n<meta property=\"og:image\" content=\"https:\/\/reporteroshoy.mx\/noticias\/wp-content\/uploads\/2023\/07\/MUSCULO-POLITICO-scaled.jpg\" \/>\n\t<meta property=\"og:image:width\" content=\"768\" \/>\n\t<meta property=\"og:image:height\" content=\"307\" \/>\n\t<meta property=\"og:image:type\" content=\"image\/jpeg\" \/>\n<meta name=\"author\" content=\"Reporteros Hoy IM\" \/>\n<meta name=\"twitter:card\" content=\"summary_large_image\" \/>\n<meta name=\"twitter:creator\" content=\"@reporteroshoy\" \/>\n<meta name=\"twitter:site\" content=\"@reporteroshoy\" \/>\n<meta name=\"twitter:label1\" content=\"Escrito por\" \/>\n\t<meta name=\"twitter:data1\" content=\"Reporteros Hoy IM\" \/>\n\t<meta name=\"twitter:label2\" content=\"Tiempo de lectura\" \/>\n\t<meta name=\"twitter:data2\" content=\"3 minutos\" \/>\n<script type=\"application\/ld+json\" class=\"yoast-schema-graph\">{\"@context\":\"https:\\\/\\\/schema.org\",\"@graph\":[{\"@type\":\"Article\",\"@id\":\"https:\\\/\\\/reporteroshoy.mx\\\/noticias\\\/adan-augusto-muestra-el-musculo-politico-en-yucatan\\\/#article\",\"isPartOf\":{\"@id\":\"https:\\\/\\\/reporteroshoy.mx\\\/noticias\\\/adan-augusto-muestra-el-musculo-politico-en-yucatan\\\/\"},\"author\":{\"name\":\"Reporteros Hoy IM\",\"@id\":\"https:\\\/\\\/reporteroshoy.mx\\\/noticias\\\/#\\\/schema\\\/person\\\/948520f0d88b01be2e5266bc4acbbc15\"},\"headline\":\"Ad\u00e1n Augusto muestra el \u00abm\u00fasculo pol\u00edtico\u00bb en Yucat\u00e1n\",\"datePublished\":\"2023-07-19T05:17:24+00:00\",\"mainEntityOfPage\":{\"@id\":\"https:\\\/\\\/reporteroshoy.mx\\\/noticias\\\/adan-augusto-muestra-el-musculo-politico-en-yucatan\\\/\"},\"wordCount\":553,\"commentCount\":0,\"image\":{\"@id\":\"https:\\\/\\\/reporteroshoy.mx\\\/noticias\\\/adan-augusto-muestra-el-musculo-politico-en-yucatan\\\/#primaryimage\"},\"thumbnailUrl\":\"https:\\\/\\\/reporteroshoy.mx\\\/noticias\\\/wp-content\\\/uploads\\\/2023\\\/07\\\/MUSCULO-POLITICO-scaled.jpg\",\"keywords\":[\"Ad\u00e1n Augusto L\u00f3pez Hern\u00e1ndez\",\"morena\",\"Yucat\u00e1n\"],\"articleSection\":[\"Pol\u00edtica\"],\"inLanguage\":\"es\",\"potentialAction\":[{\"@type\":\"CommentAction\",\"name\":\"Comment\",\"target\":[\"https:\\\/\\\/reporteroshoy.mx\\\/noticias\\\/adan-augusto-muestra-el-musculo-politico-en-yucatan\\\/#respond\"]}]},{\"@type\":\"WebPage\",\"@id\":\"https:\\\/\\\/reporteroshoy.mx\\\/noticias\\\/adan-augusto-muestra-el-musculo-politico-en-yucatan\\\/\",\"url\":\"https:\\\/\\\/reporteroshoy.mx\\\/noticias\\\/adan-augusto-muestra-el-musculo-politico-en-yucatan\\\/\",\"name\":\"Ad\u00e1n Augusto muestra el \\\"m\u00fasculo pol\u00edtico\\\" en Yucat\u00e1n\",\"isPartOf\":{\"@id\":\"https:\\\/\\\/reporteroshoy.mx\\\/noticias\\\/#website\"},\"primaryImageOfPage\":{\"@id\":\"https:\\\/\\\/reporteroshoy.mx\\\/noticias\\\/adan-augusto-muestra-el-musculo-politico-en-yucatan\\\/#primaryimage\"},\"image\":{\"@id\":\"https:\\\/\\\/reporteroshoy.mx\\\/noticias\\\/adan-augusto-muestra-el-musculo-politico-en-yucatan\\\/#primaryimage\"},\"thumbnailUrl\":\"https:\\\/\\\/reporteroshoy.mx\\\/noticias\\\/wp-content\\\/uploads\\\/2023\\\/07\\\/MUSCULO-POLITICO-scaled.jpg\",\"datePublished\":\"2023-07-19T05:17:24+00:00\",\"author\":{\"@id\":\"https:\\\/\\\/reporteroshoy.mx\\\/noticias\\\/#\\\/schema\\\/person\\\/948520f0d88b01be2e5266bc4acbbc15\"},\"description\":\"En Valladolid, Ticul, Um\u00e1n y M\u00e9rida, el aspirante presidencial mostr\u00f3 el \\\"m\u00fasculo pol\u00edtico\\\" con la numerosa participaci\u00f3n de seguidores.\",\"breadcrumb\":{\"@id\":\"https:\\\/\\\/reporteroshoy.mx\\\/noticias\\\/adan-augusto-muestra-el-musculo-politico-en-yucatan\\\/#breadcrumb\"},\"inLanguage\":\"es\",\"potentialAction\":[{\"@type\":\"ReadAction\",\"target\":[\"https:\\\/\\\/reporteroshoy.mx\\\/noticias\\\/adan-augusto-muestra-el-musculo-politico-en-yucatan\\\/\"]}]},{\"@type\":\"ImageObject\",\"inLanguage\":\"es\",\"@id\":\"https:\\\/\\\/reporteroshoy.mx\\\/noticias\\\/adan-augusto-muestra-el-musculo-politico-en-yucatan\\\/#primaryimage\",\"url\":\"https:\\\/\\\/reporteroshoy.mx\\\/noticias\\\/wp-content\\\/uploads\\\/2023\\\/07\\\/MUSCULO-POLITICO-scaled.jpg\",\"contentUrl\":\"https:\\\/\\\/reporteroshoy.mx\\\/noticias\\\/wp-content\\\/uploads\\\/2023\\\/07\\\/MUSCULO-POLITICO-scaled.jpg\",\"width\":768,\"height\":307},{\"@type\":\"BreadcrumbList\",\"@id\":\"https:\\\/\\\/reporteroshoy.mx\\\/noticias\\\/adan-augusto-muestra-el-musculo-politico-en-yucatan\\\/#breadcrumb\",\"itemListElement\":[{\"@type\":\"ListItem\",\"position\":1,\"name\":\"Portada\",\"item\":\"https:\\\/\\\/reporteroshoy.mx\\\/noticias\\\/\"},{\"@type\":\"ListItem\",\"position\":2,\"name\":\"Ad\u00e1n Augusto muestra el \u00abm\u00fasculo pol\u00edtico\u00bb en Yucat\u00e1n\"}]},{\"@type\":\"WebSite\",\"@id\":\"https:\\\/\\\/reporteroshoy.mx\\\/noticias\\\/#website\",\"url\":\"https:\\\/\\\/reporteroshoy.mx\\\/noticias\\\/\",\"name\":\"Reporteros Hoy | Noticias de Yucat\u00e1n\",\"description\":\"Peri\u00f3dico digital con noticias diarias desde M\u00e9rida, Yucat\u00e1n para el mundo.\",\"potentialAction\":[{\"@type\":\"SearchAction\",\"target\":{\"@type\":\"EntryPoint\",\"urlTemplate\":\"https:\\\/\\\/reporteroshoy.mx\\\/noticias\\\/?s={search_term_string}\"},\"query-input\":{\"@type\":\"PropertyValueSpecification\",\"valueRequired\":true,\"valueName\":\"search_term_string\"}}],\"inLanguage\":\"es\"},{\"@type\":\"Person\",\"@id\":\"https:\\\/\\\/reporteroshoy.mx\\\/noticias\\\/#\\\/schema\\\/person\\\/948520f0d88b01be2e5266bc4acbbc15\",\"name\":\"Reporteros Hoy IM\",\"image\":{\"@type\":\"ImageObject\",\"inLanguage\":\"es\",\"@id\":\"https:\\\/\\\/secure.gravatar.com\\\/avatar\\\/d843030b96552826ac048bdfe26f2895604b800ed0c880ee55765a74d95dfc65?s=96&d=mm&r=g\",\"url\":\"https:\\\/\\\/secure.gravatar.com\\\/avatar\\\/d843030b96552826ac048bdfe26f2895604b800ed0c880ee55765a74d95dfc65?s=96&d=mm&r=g\",\"contentUrl\":\"https:\\\/\\\/secure.gravatar.com\\\/avatar\\\/d843030b96552826ac048bdfe26f2895604b800ed0c880ee55765a74d95dfc65?s=96&d=mm&r=g\",\"caption\":\"Reporteros Hoy IM\"},\"url\":\"https:\\\/\\\/reporteroshoy.mx\\\/noticias\\\/author\\\/israel\\\/\"}]}<\/script>\n<!-- \/ Yoast SEO plugin. -->","yoast_head_json":{"title":"Ad\u00e1n Augusto muestra el \"m\u00fasculo pol\u00edtico\" en Yucat\u00e1n","description":"En Valladolid, Ticul, Um\u00e1n y M\u00e9rida, el aspirante presidencial mostr\u00f3 el \"m\u00fasculo pol\u00edtico\" con la numerosa participaci\u00f3n de seguidores.","robots":{"index":"index","follow":"follow","max-snippet":"max-snippet:-1","max-image-preview":"max-image-preview:large","max-video-preview":"max-video-preview:-1"},"canonical":"https:\/\/reporteroshoy.mx\/noticias\/adan-augusto-muestra-el-musculo-politico-en-yucatan\/","og_locale":"es_ES","og_type":"article","og_title":"Ad\u00e1n Augusto muestra el \"m\u00fasculo pol\u00edtico\" en Yucat\u00e1n","og_description":"En Valladolid, Ticul, Um\u00e1n y M\u00e9rida, el aspirante presidencial mostr\u00f3 el \"m\u00fasculo pol\u00edtico\" con la numerosa participaci\u00f3n de seguidores.","og_url":"https:\/\/reporteroshoy.mx\/noticias\/adan-augusto-muestra-el-musculo-politico-en-yucatan\/","og_site_name":"Reporteros Hoy | Noticias de Yucat\u00e1n","article_publisher":"http:\/\/www.facebook.com\/reporteroshoymx","article_published_time":"2023-07-19T05:17:24+00:00","og_image":[{"width":768,"height":307,"url":"https:\/\/reporteroshoy.mx\/noticias\/wp-content\/uploads\/2023\/07\/MUSCULO-POLITICO-scaled.jpg","type":"image\/jpeg"}],"author":"Reporteros Hoy IM","twitter_card":"summary_large_image","twitter_creator":"@reporteroshoy","twitter_site":"@reporteroshoy","twitter_misc":{"Escrito por":"Reporteros Hoy IM","Tiempo de lectura":"3 minutos"},"schema":{"@context":"https:\/\/schema.org","@graph":[{"@type":"Article","@id":"https:\/\/reporteroshoy.mx\/noticias\/adan-augusto-muestra-el-musculo-politico-en-yucatan\/#article","isPartOf":{"@id":"https:\/\/reporteroshoy.mx\/noticias\/adan-augusto-muestra-el-musculo-politico-en-yucatan\/"},"author":{"name":"Reporteros Hoy IM","@id":"https:\/\/reporteroshoy.mx\/noticias\/#\/schema\/person\/948520f0d88b01be2e5266bc4acbbc15"},"headline":"Ad\u00e1n Augusto muestra el \u00abm\u00fasculo pol\u00edtico\u00bb en Yucat\u00e1n","datePublished":"2023-07-19T05:17:24+00:00","mainEntityOfPage":{"@id":"https:\/\/reporteroshoy.mx\/noticias\/adan-augusto-muestra-el-musculo-politico-en-yucatan\/"},"wordCount":553,"commentCount":0,"image":{"@id":"https:\/\/reporteroshoy.mx\/noticias\/adan-augusto-muestra-el-musculo-politico-en-yucatan\/#primaryimage"},"thumbnailUrl":"https:\/\/reporteroshoy.mx\/noticias\/wp-content\/uploads\/2023\/07\/MUSCULO-POLITICO-scaled.jpg","keywords":["Ad\u00e1n Augusto L\u00f3pez Hern\u00e1ndez","morena","Yucat\u00e1n"],"articleSection":["Pol\u00edtica"],"inLanguage":"es","potentialAction":[{"@type":"CommentAction","name":"Comment","target":["https:\/\/reporteroshoy.mx\/noticias\/adan-augusto-muestra-el-musculo-politico-en-yucatan\/#respond"]}]},{"@type":"WebPage","@id":"https:\/\/reporteroshoy.mx\/noticias\/adan-augusto-muestra-el-musculo-politico-en-yucatan\/","url":"https:\/\/reporteroshoy.mx\/noticias\/adan-augusto-muestra-el-musculo-politico-en-yucatan\/","name":"Ad\u00e1n Augusto muestra el \"m\u00fasculo pol\u00edtico\" en Yucat\u00e1n","isPartOf":{"@id":"https:\/\/reporteroshoy.mx\/noticias\/#website"},"primaryImageOfPage":{"@id":"https:\/\/reporteroshoy.mx\/noticias\/adan-augusto-muestra-el-musculo-politico-en-yucatan\/#primaryimage"},"image":{"@id":"https:\/\/reporteroshoy.mx\/noticias\/adan-augusto-muestra-el-musculo-politico-en-yucatan\/#primaryimage"},"thumbnailUrl":"https:\/\/reporteroshoy.mx\/noticias\/wp-content\/uploads\/2023\/07\/MUSCULO-POLITICO-scaled.jpg","datePublished":"2023-07-19T05:17:24+00:00","author":{"@id":"https:\/\/reporteroshoy.mx\/noticias\/#\/schema\/person\/948520f0d88b01be2e5266bc4acbbc15"},"description":"En Valladolid, Ticul, Um\u00e1n y M\u00e9rida, el aspirante presidencial mostr\u00f3 el \"m\u00fasculo pol\u00edtico\" con la numerosa participaci\u00f3n de seguidores.","breadcrumb":{"@id":"https:\/\/reporteroshoy.mx\/noticias\/adan-augusto-muestra-el-musculo-politico-en-yucatan\/#breadcrumb"},"inLanguage":"es","potentialAction":[{"@type":"ReadAction","target":["https:\/\/reporteroshoy.mx\/noticias\/adan-augusto-muestra-el-musculo-politico-en-yucatan\/"]}]},{"@type":"ImageObject","inLanguage":"es","@id":"https:\/\/reporteroshoy.mx\/noticias\/adan-augusto-muestra-el-musculo-politico-en-yucatan\/#primaryimage","url":"https:\/\/reporteroshoy.mx\/noticias\/wp-content\/uploads\/2023\/07\/MUSCULO-POLITICO-scaled.jpg","contentUrl":"https:\/\/reporteroshoy.mx\/noticias\/wp-content\/uploads\/2023\/07\/MUSCULO-POLITICO-scaled.jpg","width":768,"height":307},{"@type":"BreadcrumbList","@id":"https:\/\/reporteroshoy.mx\/noticias\/adan-augusto-muestra-el-musculo-politico-en-yucatan\/#breadcrumb","itemListElement":[{"@type":"ListItem","position":1,"name":"Portada","item":"https:\/\/reporteroshoy.mx\/noticias\/"},{"@type":"ListItem","position":2,"name":"Ad\u00e1n Augusto muestra el \u00abm\u00fasculo pol\u00edtico\u00bb en Yucat\u00e1n"}]},{"@type":"WebSite","@id":"https:\/\/reporteroshoy.mx\/noticias\/#website","url":"https:\/\/reporteroshoy.mx\/noticias\/","name":"Reporteros Hoy | Noticias de Yucat\u00e1n","description":"Peri\u00f3dico digital con noticias diarias desde M\u00e9rida, Yucat\u00e1n para el mundo.","potentialAction":[{"@type":"SearchAction","target":{"@type":"EntryPoint","urlTemplate":"https:\/\/reporteroshoy.mx\/noticias\/?s={search_term_string}"},"query-input":{"@type":"PropertyValueSpecification","valueRequired":true,"valueName":"search_term_string"}}],"inLanguage":"es"},{"@type":"Person","@id":"https:\/\/reporteroshoy.mx\/noticias\/#\/schema\/person\/948520f0d88b01be2e5266bc4acbbc15","name":"Reporteros Hoy IM","image":{"@type":"ImageObject","inLanguage":"es","@id":"https:\/\/secure.gravatar.com\/avatar\/d843030b96552826ac048bdfe26f2895604b800ed0c880ee55765a74d95dfc65?s=96&d=mm&r=g","url":"https:\/\/secure.gravatar.com\/avatar\/d843030b96552826ac048bdfe26f2895604b800ed0c880ee55765a74d95dfc65?s=96&d=mm&r=g","contentUrl":"https:\/\/secure.gravatar.com\/avatar\/d843030b96552826ac048bdfe26f2895604b800ed0c880ee55765a74d95dfc65?s=96&d=mm&r=g","caption":"Reporteros Hoy IM"},"url":"https:\/\/reporteroshoy.mx\/noticias\/author\/israel\/"}]}},"_links":{"self":[{"href":"https:\/\/reporteroshoy.mx\/noticias\/wp-json\/wp\/v2\/posts\/103953","targetHints":{"allow":["GET"]}}],"collection":[{"href":"https:\/\/reporteroshoy.mx\/noticias\/wp-json\/wp\/v2\/posts"}],"about":[{"href":"https:\/\/reporteroshoy.mx\/noticias\/wp-json\/wp\/v2\/types\/post"}],"author":[{"embeddable":true,"href":"https:\/\/reporteroshoy.mx\/noticias\/wp-json\/wp\/v2\/users\/5"}],"replies":[{"embeddable":true,"href":"https:\/\/reporteroshoy.mx\/noticias\/wp-json\/wp\/v2\/comments?post=103953"}],"version-history":[{"count":0,"href":"https:\/\/reporteroshoy.mx\/noticias\/wp-json\/wp\/v2\/posts\/103953\/revisions"}],"wp:featuredmedia":[{"embeddable":true,"href":"https:\/\/reporteroshoy.mx\/noticias\/wp-json\/wp\/v2\/media\/103954"}],"wp:attachment":[{"href":"https:\/\/reporteroshoy.mx\/noticias\/wp-json\/wp\/v2\/media?parent=103953"}],"wp:term":[{"taxonomy":"category","embeddable":true,"href":"https:\/\/reporteroshoy.mx\/noticias\/wp-json\/wp\/v2\/categories?post=103953"},{"taxonomy":"post_tag","embeddable":true,"href":"https:\/\/reporteroshoy.mx\/noticias\/wp-json\/wp\/v2\/tags?post=103953"}],"curies":[{"name":"wp","href":"https:\/\/api.w.org\/{rel}","templated":true}]}}