{"id":104039,"date":"2023-07-22T07:08:59","date_gmt":"2023-07-22T13:08:59","guid":{"rendered":"https:\/\/reporteroshoy.mx\/noticias\/?p=104039"},"modified":"2023-07-22T10:24:34","modified_gmt":"2023-07-22T16:24:34","slug":"colectivos-llaman-a-participar-en-el-proceso-del-frente-amplio-por-mexico","status":"publish","type":"post","link":"https:\/\/reporteroshoy.mx\/noticias\/colectivos-llaman-a-participar-en-el-proceso-del-frente-amplio-por-mexico\/","title":{"rendered":"Llaman a participar en el proceso del Frente Amplio por M\u00e9xico"},"content":{"rendered":"<p style=\"text-align: justify;\">Diversos colectivos c\u00edvicos convocaron a la ciudadan\u00eda yucateca a registrarse y participar en la elecci\u00f3n de quien coordinar\u00e1 el Frente Amplio por M\u00e9xico cuya jornada electiva ser\u00e1 el pr\u00f3ximo 3 de setiembre.<\/p>\n<p style=\"text-align: justify;\">La representante del Frente C\u00edvico Nacional, Ana Rosa Pay\u00e1n Cervera, observ\u00f3 que, a diferencia del proceso de las llamadas \u201ccorcholatas\u201d de Morena, en este caso existe una amplia participaci\u00f3n de organizaciones ciudadanas que vigilan y promueven la selecci\u00f3n.<\/p>\n<p><img loading=\"lazy\" decoding=\"async\" class=\"alignnone size-full wp-image-104040\" src=\"https:\/\/reporteroshoy.mx\/noticias\/wp-content\/uploads\/2023\/07\/Imagen-de-WhatsApp-2023-07-21-a-las-15.42.46-scaled.jpg\" alt=\"\" width=\"768\" height=\"576\" \/><\/p>\n<h3>Fechas claves en el Frente Amplio por M\u00e9xico<\/h3>\n<p style=\"text-align: justify;\">Los plazos fatales que corren son los siguientes: adherirse a una de las 150 mil firmas que requiere cada aspirante, el cual vence el pr\u00f3ximo 8 de agosto.<\/p>\n<p style=\"text-align: justify;\">En caso de no tener un favorito, se pueden registrar como fecha l\u00edmite el 20 de agosto y elegir la opci\u00f3n \u201cFrente Amplio por M\u00e9xico\u201d para obtener el derecho de participar en la elecci\u00f3n del 3 de septiembre y aparecer en el listado que tendr\u00e1n las mesas de votaci\u00f3n.<\/p>\n<p style=\"text-align: justify;\">A pesar de que la senadora X\u00f3chitl G\u00e1lvez Ruiz ha ganado los reflectores de la opini\u00f3n p\u00fablica, la ex alcaldesa de M\u00e9rida precis\u00f3 que en este proceso no existen \u201ccargadas pol\u00edticas\u201d porque no hay un despliegue de anuncios espectaculares.<\/p>\n<h3>M\u00e1s ciudadan\u00eda<\/h3>\n<p style=\"text-align: justify;\">Por su parte, Silvia L\u00f3pez Escoffi\u00e9 del Frente C\u00edvico Familiar destac\u00f3 que de lo que se trata es que la propuesta presidencial surja de la ciudadan\u00eda, ya que los problemas del pa\u00eds van m\u00e1s all\u00e1 de un asunto de partidos pol\u00edticos.<\/p>\n<p style=\"text-align: justify;\">A su vez, la tambi\u00e9n activista y ex diputada local, Milagros Romero Bastarrachea, ponder\u00f3 que es importante que en la votaci\u00f3n haya m\u00e1s ciudadan\u00eda y menos militantes de partidos pol\u00edticos.<\/p>\n<p><em><strong>Te puede interesar: <\/strong><\/em><a href=\"https:\/\/reporteroshoy.mx\/noticias\/amlo-revela-a-xochitl-galvez-como-candidata-de-la-oposicion\/\"><em><strong>AMLO revela a X\u00f3chitl G\u00e1lvez como candidata de la oposici\u00f3n<\/strong><\/em><\/a><\/p>\n<p style=\"text-align: justify;\">En conferencia de prensa, las organizaciones anunciaron que intensificar\u00e1n la promoci\u00f3n del registro de ciudadanas y ciudadanas en una acci\u00f3n que se desdoblar\u00e1 por distritos.<\/p>\n<p style=\"text-align: justify;\">Invitaron a participar como voluntarios a quienes as\u00ed lo deseen para multiplicar el ej\u00e9rcito de manos para las tareas.<\/p>\n<p style=\"text-align: justify;\">\n<p style=\"text-align: justify;\">\n","protected":false},"excerpt":{"rendered":"<p>El 20 de agosto vence el plazo para registrarse en la plataforma del Frente Amplio por M\u00e9xico. La elecci\u00f3n es el 3 de septiembre. <\/p>\n","protected":false},"author":5,"featured_media":104040,"comment_status":"open","ping_status":"closed","sticky":false,"template":"","format":"standard","meta":{"footnotes":""},"categories":[24410],"tags":[24778,24668,23],"class_list":["post-104039","post","type-post","status-publish","format-standard","has-post-thumbnail","hentry","category-politica","tag-ana-rosa-payan","tag-frente-amplio-por-mexico","tag-yucatan"],"yoast_head":"<!-- This site is optimized with the Yoast SEO plugin v28.4 - https:\/\/yoast.com\/product\/yoast-seo-wordpress\/ -->\n<title>Llaman a participar en el proceso del Frente Amplio por M\u00e9xico<\/title>\n<meta name=\"description\" content=\"El 20 de agosto vence el plazo para registrarse en la plataforma del Frente Amplio por M\u00e9xico. La elecci\u00f3n es el 3 de septiembre.\" \/>\n<meta name=\"robots\" content=\"index, follow, max-snippet:-1, max-image-preview:large, max-video-preview:-1\" \/>\n<link rel=\"canonical\" href=\"https:\/\/reporteroshoy.mx\/noticias\/colectivos-llaman-a-participar-en-el-proceso-del-frente-amplio-por-mexico\/\" \/>\n<meta property=\"og:locale\" content=\"es_ES\" \/>\n<meta property=\"og:type\" content=\"article\" \/>\n<meta property=\"og:title\" content=\"Llaman a participar en el proceso del Frente Amplio por M\u00e9xico\" \/>\n<meta property=\"og:description\" content=\"El 20 de agosto vence el plazo para registrarse en la plataforma del Frente Amplio por M\u00e9xico. La elecci\u00f3n es el 3 de septiembre.\" \/>\n<meta property=\"og:url\" content=\"https:\/\/reporteroshoy.mx\/noticias\/colectivos-llaman-a-participar-en-el-proceso-del-frente-amplio-por-mexico\/\" \/>\n<meta property=\"og:site_name\" content=\"Reporteros Hoy | Noticias de Yucat\u00e1n\" \/>\n<meta property=\"article:publisher\" content=\"http:\/\/www.facebook.com\/reporteroshoymx\" \/>\n<meta property=\"article:published_time\" content=\"2023-07-22T13:08:59+00:00\" \/>\n<meta property=\"article:modified_time\" content=\"2023-07-22T16:24:34+00:00\" \/>\n<meta property=\"og:image\" content=\"https:\/\/reporteroshoy.mx\/noticias\/wp-content\/uploads\/2023\/07\/Imagen-de-WhatsApp-2023-07-21-a-las-15.42.46-scaled.jpg\" \/>\n\t<meta property=\"og:image:width\" content=\"768\" \/>\n\t<meta property=\"og:image:height\" content=\"576\" \/>\n\t<meta property=\"og:image:type\" content=\"image\/jpeg\" \/>\n<meta name=\"author\" content=\"Reporteros Hoy IM\" \/>\n<meta name=\"twitter:card\" content=\"summary_large_image\" \/>\n<meta name=\"twitter:creator\" content=\"@reporteroshoy\" \/>\n<meta name=\"twitter:site\" content=\"@reporteroshoy\" \/>\n<meta name=\"twitter:label1\" content=\"Escrito por\" \/>\n\t<meta name=\"twitter:data1\" content=\"Reporteros Hoy IM\" \/>\n\t<meta name=\"twitter:label2\" content=\"Tiempo de lectura\" \/>\n\t<meta name=\"twitter:data2\" content=\"2 minutos\" \/>\n<script type=\"application\/ld+json\" class=\"yoast-schema-graph\">{\"@context\":\"https:\\\/\\\/schema.org\",\"@graph\":[{\"@type\":\"Article\",\"@id\":\"https:\\\/\\\/reporteroshoy.mx\\\/noticias\\\/colectivos-llaman-a-participar-en-el-proceso-del-frente-amplio-por-mexico\\\/#article\",\"isPartOf\":{\"@id\":\"https:\\\/\\\/reporteroshoy.mx\\\/noticias\\\/colectivos-llaman-a-participar-en-el-proceso-del-frente-amplio-por-mexico\\\/\"},\"author\":{\"name\":\"Reporteros Hoy IM\",\"@id\":\"https:\\\/\\\/reporteroshoy.mx\\\/noticias\\\/#\\\/schema\\\/person\\\/948520f0d88b01be2e5266bc4acbbc15\"},\"headline\":\"Llaman a participar en el proceso del Frente Amplio por M\u00e9xico\",\"datePublished\":\"2023-07-22T13:08:59+00:00\",\"dateModified\":\"2023-07-22T16:24:34+00:00\",\"mainEntityOfPage\":{\"@id\":\"https:\\\/\\\/reporteroshoy.mx\\\/noticias\\\/colectivos-llaman-a-participar-en-el-proceso-del-frente-amplio-por-mexico\\\/\"},\"wordCount\":374,\"commentCount\":0,\"image\":{\"@id\":\"https:\\\/\\\/reporteroshoy.mx\\\/noticias\\\/colectivos-llaman-a-participar-en-el-proceso-del-frente-amplio-por-mexico\\\/#primaryimage\"},\"thumbnailUrl\":\"https:\\\/\\\/reporteroshoy.mx\\\/noticias\\\/wp-content\\\/uploads\\\/2023\\\/07\\\/Imagen-de-WhatsApp-2023-07-21-a-las-15.42.46-scaled.jpg\",\"keywords\":[\"Ana Rosa Pay\u00e1n\",\"Frente Amplio por M\u00e9xico\",\"Yucat\u00e1n\"],\"articleSection\":[\"Pol\u00edtica\"],\"inLanguage\":\"es\",\"potentialAction\":[{\"@type\":\"CommentAction\",\"name\":\"Comment\",\"target\":[\"https:\\\/\\\/reporteroshoy.mx\\\/noticias\\\/colectivos-llaman-a-participar-en-el-proceso-del-frente-amplio-por-mexico\\\/#respond\"]}]},{\"@type\":\"WebPage\",\"@id\":\"https:\\\/\\\/reporteroshoy.mx\\\/noticias\\\/colectivos-llaman-a-participar-en-el-proceso-del-frente-amplio-por-mexico\\\/\",\"url\":\"https:\\\/\\\/reporteroshoy.mx\\\/noticias\\\/colectivos-llaman-a-participar-en-el-proceso-del-frente-amplio-por-mexico\\\/\",\"name\":\"Llaman a participar en el proceso del Frente Amplio por M\u00e9xico\",\"isPartOf\":{\"@id\":\"https:\\\/\\\/reporteroshoy.mx\\\/noticias\\\/#website\"},\"primaryImageOfPage\":{\"@id\":\"https:\\\/\\\/reporteroshoy.mx\\\/noticias\\\/colectivos-llaman-a-participar-en-el-proceso-del-frente-amplio-por-mexico\\\/#primaryimage\"},\"image\":{\"@id\":\"https:\\\/\\\/reporteroshoy.mx\\\/noticias\\\/colectivos-llaman-a-participar-en-el-proceso-del-frente-amplio-por-mexico\\\/#primaryimage\"},\"thumbnailUrl\":\"https:\\\/\\\/reporteroshoy.mx\\\/noticias\\\/wp-content\\\/uploads\\\/2023\\\/07\\\/Imagen-de-WhatsApp-2023-07-21-a-las-15.42.46-scaled.jpg\",\"datePublished\":\"2023-07-22T13:08:59+00:00\",\"dateModified\":\"2023-07-22T16:24:34+00:00\",\"author\":{\"@id\":\"https:\\\/\\\/reporteroshoy.mx\\\/noticias\\\/#\\\/schema\\\/person\\\/948520f0d88b01be2e5266bc4acbbc15\"},\"description\":\"El 20 de agosto vence el plazo para registrarse en la plataforma del Frente Amplio por M\u00e9xico. La elecci\u00f3n es el 3 de septiembre.\",\"breadcrumb\":{\"@id\":\"https:\\\/\\\/reporteroshoy.mx\\\/noticias\\\/colectivos-llaman-a-participar-en-el-proceso-del-frente-amplio-por-mexico\\\/#breadcrumb\"},\"inLanguage\":\"es\",\"potentialAction\":[{\"@type\":\"ReadAction\",\"target\":[\"https:\\\/\\\/reporteroshoy.mx\\\/noticias\\\/colectivos-llaman-a-participar-en-el-proceso-del-frente-amplio-por-mexico\\\/\"]}]},{\"@type\":\"ImageObject\",\"inLanguage\":\"es\",\"@id\":\"https:\\\/\\\/reporteroshoy.mx\\\/noticias\\\/colectivos-llaman-a-participar-en-el-proceso-del-frente-amplio-por-mexico\\\/#primaryimage\",\"url\":\"https:\\\/\\\/reporteroshoy.mx\\\/noticias\\\/wp-content\\\/uploads\\\/2023\\\/07\\\/Imagen-de-WhatsApp-2023-07-21-a-las-15.42.46-scaled.jpg\",\"contentUrl\":\"https:\\\/\\\/reporteroshoy.mx\\\/noticias\\\/wp-content\\\/uploads\\\/2023\\\/07\\\/Imagen-de-WhatsApp-2023-07-21-a-las-15.42.46-scaled.jpg\",\"width\":768,\"height\":576},{\"@type\":\"BreadcrumbList\",\"@id\":\"https:\\\/\\\/reporteroshoy.mx\\\/noticias\\\/colectivos-llaman-a-participar-en-el-proceso-del-frente-amplio-por-mexico\\\/#breadcrumb\",\"itemListElement\":[{\"@type\":\"ListItem\",\"position\":1,\"name\":\"Portada\",\"item\":\"https:\\\/\\\/reporteroshoy.mx\\\/noticias\\\/\"},{\"@type\":\"ListItem\",\"position\":2,\"name\":\"Llaman a participar en el proceso del Frente Amplio por M\u00e9xico\"}]},{\"@type\":\"WebSite\",\"@id\":\"https:\\\/\\\/reporteroshoy.mx\\\/noticias\\\/#website\",\"url\":\"https:\\\/\\\/reporteroshoy.mx\\\/noticias\\\/\",\"name\":\"Reporteros Hoy | Noticias de Yucat\u00e1n\",\"description\":\"Peri\u00f3dico digital con noticias diarias desde M\u00e9rida, Yucat\u00e1n para el mundo.\",\"potentialAction\":[{\"@type\":\"SearchAction\",\"target\":{\"@type\":\"EntryPoint\",\"urlTemplate\":\"https:\\\/\\\/reporteroshoy.mx\\\/noticias\\\/?s={search_term_string}\"},\"query-input\":{\"@type\":\"PropertyValueSpecification\",\"valueRequired\":true,\"valueName\":\"search_term_string\"}}],\"inLanguage\":\"es\"},{\"@type\":\"Person\",\"@id\":\"https:\\\/\\\/reporteroshoy.mx\\\/noticias\\\/#\\\/schema\\\/person\\\/948520f0d88b01be2e5266bc4acbbc15\",\"name\":\"Reporteros Hoy IM\",\"image\":{\"@type\":\"ImageObject\",\"inLanguage\":\"es\",\"@id\":\"https:\\\/\\\/secure.gravatar.com\\\/avatar\\\/d843030b96552826ac048bdfe26f2895604b800ed0c880ee55765a74d95dfc65?s=96&d=mm&r=g\",\"url\":\"https:\\\/\\\/secure.gravatar.com\\\/avatar\\\/d843030b96552826ac048bdfe26f2895604b800ed0c880ee55765a74d95dfc65?s=96&d=mm&r=g\",\"contentUrl\":\"https:\\\/\\\/secure.gravatar.com\\\/avatar\\\/d843030b96552826ac048bdfe26f2895604b800ed0c880ee55765a74d95dfc65?s=96&d=mm&r=g\",\"caption\":\"Reporteros Hoy IM\"},\"url\":\"https:\\\/\\\/reporteroshoy.mx\\\/noticias\\\/author\\\/israel\\\/\"}]}<\/script>\n<!-- \/ Yoast SEO plugin. -->","yoast_head_json":{"title":"Llaman a participar en el proceso del Frente Amplio por M\u00e9xico","description":"El 20 de agosto vence el plazo para registrarse en la plataforma del Frente Amplio por M\u00e9xico. La elecci\u00f3n es el 3 de septiembre.","robots":{"index":"index","follow":"follow","max-snippet":"max-snippet:-1","max-image-preview":"max-image-preview:large","max-video-preview":"max-video-preview:-1"},"canonical":"https:\/\/reporteroshoy.mx\/noticias\/colectivos-llaman-a-participar-en-el-proceso-del-frente-amplio-por-mexico\/","og_locale":"es_ES","og_type":"article","og_title":"Llaman a participar en el proceso del Frente Amplio por M\u00e9xico","og_description":"El 20 de agosto vence el plazo para registrarse en la plataforma del Frente Amplio por M\u00e9xico. La elecci\u00f3n es el 3 de septiembre.","og_url":"https:\/\/reporteroshoy.mx\/noticias\/colectivos-llaman-a-participar-en-el-proceso-del-frente-amplio-por-mexico\/","og_site_name":"Reporteros Hoy | Noticias de Yucat\u00e1n","article_publisher":"http:\/\/www.facebook.com\/reporteroshoymx","article_published_time":"2023-07-22T13:08:59+00:00","article_modified_time":"2023-07-22T16:24:34+00:00","og_image":[{"width":768,"height":576,"url":"https:\/\/reporteroshoy.mx\/noticias\/wp-content\/uploads\/2023\/07\/Imagen-de-WhatsApp-2023-07-21-a-las-15.42.46-scaled.jpg","type":"image\/jpeg"}],"author":"Reporteros Hoy IM","twitter_card":"summary_large_image","twitter_creator":"@reporteroshoy","twitter_site":"@reporteroshoy","twitter_misc":{"Escrito por":"Reporteros Hoy IM","Tiempo de lectura":"2 minutos"},"schema":{"@context":"https:\/\/schema.org","@graph":[{"@type":"Article","@id":"https:\/\/reporteroshoy.mx\/noticias\/colectivos-llaman-a-participar-en-el-proceso-del-frente-amplio-por-mexico\/#article","isPartOf":{"@id":"https:\/\/reporteroshoy.mx\/noticias\/colectivos-llaman-a-participar-en-el-proceso-del-frente-amplio-por-mexico\/"},"author":{"name":"Reporteros Hoy IM","@id":"https:\/\/reporteroshoy.mx\/noticias\/#\/schema\/person\/948520f0d88b01be2e5266bc4acbbc15"},"headline":"Llaman a participar en el proceso del Frente Amplio por M\u00e9xico","datePublished":"2023-07-22T13:08:59+00:00","dateModified":"2023-07-22T16:24:34+00:00","mainEntityOfPage":{"@id":"https:\/\/reporteroshoy.mx\/noticias\/colectivos-llaman-a-participar-en-el-proceso-del-frente-amplio-por-mexico\/"},"wordCount":374,"commentCount":0,"image":{"@id":"https:\/\/reporteroshoy.mx\/noticias\/colectivos-llaman-a-participar-en-el-proceso-del-frente-amplio-por-mexico\/#primaryimage"},"thumbnailUrl":"https:\/\/reporteroshoy.mx\/noticias\/wp-content\/uploads\/2023\/07\/Imagen-de-WhatsApp-2023-07-21-a-las-15.42.46-scaled.jpg","keywords":["Ana Rosa Pay\u00e1n","Frente Amplio por M\u00e9xico","Yucat\u00e1n"],"articleSection":["Pol\u00edtica"],"inLanguage":"es","potentialAction":[{"@type":"CommentAction","name":"Comment","target":["https:\/\/reporteroshoy.mx\/noticias\/colectivos-llaman-a-participar-en-el-proceso-del-frente-amplio-por-mexico\/#respond"]}]},{"@type":"WebPage","@id":"https:\/\/reporteroshoy.mx\/noticias\/colectivos-llaman-a-participar-en-el-proceso-del-frente-amplio-por-mexico\/","url":"https:\/\/reporteroshoy.mx\/noticias\/colectivos-llaman-a-participar-en-el-proceso-del-frente-amplio-por-mexico\/","name":"Llaman a participar en el proceso del Frente Amplio por M\u00e9xico","isPartOf":{"@id":"https:\/\/reporteroshoy.mx\/noticias\/#website"},"primaryImageOfPage":{"@id":"https:\/\/reporteroshoy.mx\/noticias\/colectivos-llaman-a-participar-en-el-proceso-del-frente-amplio-por-mexico\/#primaryimage"},"image":{"@id":"https:\/\/reporteroshoy.mx\/noticias\/colectivos-llaman-a-participar-en-el-proceso-del-frente-amplio-por-mexico\/#primaryimage"},"thumbnailUrl":"https:\/\/reporteroshoy.mx\/noticias\/wp-content\/uploads\/2023\/07\/Imagen-de-WhatsApp-2023-07-21-a-las-15.42.46-scaled.jpg","datePublished":"2023-07-22T13:08:59+00:00","dateModified":"2023-07-22T16:24:34+00:00","author":{"@id":"https:\/\/reporteroshoy.mx\/noticias\/#\/schema\/person\/948520f0d88b01be2e5266bc4acbbc15"},"description":"El 20 de agosto vence el plazo para registrarse en la plataforma del Frente Amplio por M\u00e9xico. La elecci\u00f3n es el 3 de septiembre.","breadcrumb":{"@id":"https:\/\/reporteroshoy.mx\/noticias\/colectivos-llaman-a-participar-en-el-proceso-del-frente-amplio-por-mexico\/#breadcrumb"},"inLanguage":"es","potentialAction":[{"@type":"ReadAction","target":["https:\/\/reporteroshoy.mx\/noticias\/colectivos-llaman-a-participar-en-el-proceso-del-frente-amplio-por-mexico\/"]}]},{"@type":"ImageObject","inLanguage":"es","@id":"https:\/\/reporteroshoy.mx\/noticias\/colectivos-llaman-a-participar-en-el-proceso-del-frente-amplio-por-mexico\/#primaryimage","url":"https:\/\/reporteroshoy.mx\/noticias\/wp-content\/uploads\/2023\/07\/Imagen-de-WhatsApp-2023-07-21-a-las-15.42.46-scaled.jpg","contentUrl":"https:\/\/reporteroshoy.mx\/noticias\/wp-content\/uploads\/2023\/07\/Imagen-de-WhatsApp-2023-07-21-a-las-15.42.46-scaled.jpg","width":768,"height":576},{"@type":"BreadcrumbList","@id":"https:\/\/reporteroshoy.mx\/noticias\/colectivos-llaman-a-participar-en-el-proceso-del-frente-amplio-por-mexico\/#breadcrumb","itemListElement":[{"@type":"ListItem","position":1,"name":"Portada","item":"https:\/\/reporteroshoy.mx\/noticias\/"},{"@type":"ListItem","position":2,"name":"Llaman a participar en el proceso del Frente Amplio por M\u00e9xico"}]},{"@type":"WebSite","@id":"https:\/\/reporteroshoy.mx\/noticias\/#website","url":"https:\/\/reporteroshoy.mx\/noticias\/","name":"Reporteros Hoy | Noticias de Yucat\u00e1n","description":"Peri\u00f3dico digital con noticias diarias desde M\u00e9rida, Yucat\u00e1n para el mundo.","potentialAction":[{"@type":"SearchAction","target":{"@type":"EntryPoint","urlTemplate":"https:\/\/reporteroshoy.mx\/noticias\/?s={search_term_string}"},"query-input":{"@type":"PropertyValueSpecification","valueRequired":true,"valueName":"search_term_string"}}],"inLanguage":"es"},{"@type":"Person","@id":"https:\/\/reporteroshoy.mx\/noticias\/#\/schema\/person\/948520f0d88b01be2e5266bc4acbbc15","name":"Reporteros Hoy IM","image":{"@type":"ImageObject","inLanguage":"es","@id":"https:\/\/secure.gravatar.com\/avatar\/d843030b96552826ac048bdfe26f2895604b800ed0c880ee55765a74d95dfc65?s=96&d=mm&r=g","url":"https:\/\/secure.gravatar.com\/avatar\/d843030b96552826ac048bdfe26f2895604b800ed0c880ee55765a74d95dfc65?s=96&d=mm&r=g","contentUrl":"https:\/\/secure.gravatar.com\/avatar\/d843030b96552826ac048bdfe26f2895604b800ed0c880ee55765a74d95dfc65?s=96&d=mm&r=g","caption":"Reporteros Hoy IM"},"url":"https:\/\/reporteroshoy.mx\/noticias\/author\/israel\/"}]}},"_links":{"self":[{"href":"https:\/\/reporteroshoy.mx\/noticias\/wp-json\/wp\/v2\/posts\/104039","targetHints":{"allow":["GET"]}}],"collection":[{"href":"https:\/\/reporteroshoy.mx\/noticias\/wp-json\/wp\/v2\/posts"}],"about":[{"href":"https:\/\/reporteroshoy.mx\/noticias\/wp-json\/wp\/v2\/types\/post"}],"author":[{"embeddable":true,"href":"https:\/\/reporteroshoy.mx\/noticias\/wp-json\/wp\/v2\/users\/5"}],"replies":[{"embeddable":true,"href":"https:\/\/reporteroshoy.mx\/noticias\/wp-json\/wp\/v2\/comments?post=104039"}],"version-history":[{"count":0,"href":"https:\/\/reporteroshoy.mx\/noticias\/wp-json\/wp\/v2\/posts\/104039\/revisions"}],"wp:featuredmedia":[{"embeddable":true,"href":"https:\/\/reporteroshoy.mx\/noticias\/wp-json\/wp\/v2\/media\/104040"}],"wp:attachment":[{"href":"https:\/\/reporteroshoy.mx\/noticias\/wp-json\/wp\/v2\/media?parent=104039"}],"wp:term":[{"taxonomy":"category","embeddable":true,"href":"https:\/\/reporteroshoy.mx\/noticias\/wp-json\/wp\/v2\/categories?post=104039"},{"taxonomy":"post_tag","embeddable":true,"href":"https:\/\/reporteroshoy.mx\/noticias\/wp-json\/wp\/v2\/tags?post=104039"}],"curies":[{"name":"wp","href":"https:\/\/api.w.org\/{rel}","templated":true}]}}