{"id":104178,"date":"2023-07-26T21:43:15","date_gmt":"2023-07-27T03:43:15","guid":{"rendered":"https:\/\/reporteroshoy.mx\/noticias\/?p=104178"},"modified":"2023-07-26T22:36:04","modified_gmt":"2023-07-27T04:36:04","slug":"verano-reventado-de-super-aki-con-facundo-el-embajador-oficial","status":"publish","type":"post","link":"https:\/\/reporteroshoy.mx\/noticias\/verano-reventado-de-super-aki-con-facundo-el-embajador-oficial\/","title":{"rendered":"Verano Reventado de S\u00faper Aki con Facundo, el embajador oficial"},"content":{"rendered":"<p style=\"text-align: justify;\">En Progreso, inici\u00f3 la edici\u00f3n del \u201cVerano Reventado de S\u00faper Aki, 2023\u201d, y esta vez el conductor de programas de televisi\u00f3n, Facundo, fue nombrado el embajador oficial del evento.<\/p>\n<p style=\"text-align: justify;\">La Pen\u00ednsula de Yucat\u00e1n, se declar\u00f3 lista para disfrutar de un verano lleno de ofertas imperdibles, din\u00e1micas \u00fanicas y entretenimiento sin igual con Facundo.<\/p>\n<h3 style=\"text-align: justify;\">Din\u00e1mica \u00abHaz el s\u00faper\u00bb con Facundo<\/h3>\n<p style=\"text-align: justify;\">Como parte del 25 aniversario de S\u00faper Aki, los asistentes tendr\u00e1n la oportunidad de participar en la emocionante din\u00e1mica \u00abHaz el s\u00faper\u00bb con Facundo.<\/p>\n<p><img loading=\"lazy\" decoding=\"async\" class=\"aligncenter wp-image-104179\" src=\"https:\/\/reporteroshoy.mx\/noticias\/wp-content\/uploads\/2023\/07\/WhatsApp-Image-2023-07-26-at-5.45.50-PM.jpeg\" alt=\"Verano Reventado\" width=\"624\" height=\"516\" \/><\/p>\n<p style=\"text-align: justify;\">Durante todo el evento, los clientes podr\u00e1n aprovechar ofertas reventadas como 4&#215;3, 3&#215;2 y 2&#215;1 en una variedad de productos. Adem\u00e1s, los participantes tendr\u00e1n la oportunidad de poner a prueba su agilidad, capacidad y talento en divertidos juegos organizados por el carism\u00e1tico conductor.<\/p>\n<h3 style=\"text-align: justify;\">Fechas y lugares de encuentro con Facundo<\/h3>\n<p style=\"text-align: justify;\">Facundo estar\u00e1 presente en varias tiendas de Yucat\u00e1n, brindando la oportunidad a sus fans de conocerlo en persona y participar en las din\u00e1micas.<\/p>\n<p style=\"text-align: justify;\">Las fechas y ubicaciones son las siguientes: jueves: S\u00faper Aki de Oriente en Santa Rosa, de 12:30 a 15:00 y de 17:00 a 20:30; viernes: S\u00faper Aki de San \u00c1ngelo, Xcanat\u00fan, de 9:30 a 12:00 y de 16:30 a 20:00; y s\u00e1bado: S\u00faper Aki de Santa Fe, de 11:30 a 14:00, y S\u00faper Aki de Progreso, de 17:00 a 21:00.<\/p>\n<h3 style=\"text-align: justify;\">Gira de Verano<\/h3>\n<p style=\"text-align: justify;\">La diversi\u00f3n no se limitar\u00e1 \u00fanicamente a M\u00e9rida; de hecho, la gira de verano incluir\u00e1 emocionantes visitas a sucursales en Cozumel, Tizim\u00edn, Playa del Carmen, Canc\u00fan y Campeche. Asimismo, los asistentes tendr\u00e1n la oportunidad de disfrutar de las entretenidas actividades que el carism\u00e1tico conductor, Facundo, ha preparado para cada una de estas paradas.<\/p>\n<h3 style=\"text-align: justify;\">El inicio reventado<\/h3>\n<p style=\"text-align: justify;\">El Verano Reventado de S\u00faper Aki edici\u00f3n 2023 tuvo un emocionante \u00abdisparo de arranque\u00bb en un conocido restaurante de Progreso.<\/p>\n<p style=\"text-align: justify;\">Facundo, rodeado de sus seguidores, explic\u00f3 las din\u00e1micas, concedi\u00f3 entrevistas a influyentes de la regi\u00f3n y comparti\u00f3 momentos especiales con los participantes.<\/p>\n<h3 style=\"text-align: justify;\">Sorpresas para Facundo<\/h3>\n<p style=\"text-align: justify;\">Para agregar un toque especial al verano de Facundo, S\u00faper Aki le obsequi\u00f3 un dise\u00f1o exclusivo de \u00abmu\u00f1equitos\u00bb estilo ken, con su imagen y su ic\u00f3nico carrito de compras. Adem\u00e1s, se llev\u00f3 una fotograf\u00eda de recuerdo que fue empaquetada cuidadosamente en una bolsa de yute.<\/p>\n<p><img loading=\"lazy\" decoding=\"async\" class=\" wp-image-104182 aligncenter\" src=\"https:\/\/reporteroshoy.mx\/noticias\/wp-content\/uploads\/2023\/07\/WhatsApp-Image-2023-07-26-at-10.33.19-PM-scaled.jpeg\" alt=\"\" width=\"250\" height=\"334\" \/><\/p>\n<h3 style=\"text-align: justify;\">Facundo: Un embajador con influencia y trayectoria<\/h3>\n<p style=\"text-align: justify;\">Si bien el a\u00f1o pasado la campa\u00f1a del Verano Reventado cont\u00f3 con la participaci\u00f3n del actor Gabriel Soto, Facundo ha demostrado ser el embajador perfecto para esta ocasi\u00f3n. Con a\u00f1os de trayectoria en la televisi\u00f3n y su carism\u00e1tica personalidad, ha logrado conquistar los corazones del p\u00fablico.<\/p>\n<p style=\"text-align: justify;\">El Verano Reventado de S\u00faper Aki edici\u00f3n 2023 con Facundo promete ser un evento lleno de diversi\u00f3n, ofertas incre\u00edbles y experiencias \u00fanicas para todos los asistentes.<\/p>\n<p style=\"text-align: justify;\">ACOM.<\/p>\n<p style=\"text-align: justify;\">\n","protected":false},"excerpt":{"rendered":"<p>Verano Reventado de S\u00faper Aki edici\u00f3n 2023, junto a Facundo, el embajador oficial dio inicio en Progreso con promociones.<\/p>\n","protected":false},"author":6,"featured_media":104179,"comment_status":"open","ping_status":"closed","sticky":false,"template":"","format":"standard","meta":{"footnotes":""},"categories":[5],"tags":[24824,11618,24823],"class_list":["post-104178","post","type-post","status-publish","format-standard","has-post-thumbnail","hentry","category-empresas","tag-facundo","tag-super-aki","tag-verano-reventado"],"yoast_head":"<!-- This site is optimized with the Yoast SEO plugin v28.3 - https:\/\/yoast.com\/product\/yoast-seo-wordpress\/ -->\n<title>Verano Reventado de S\u00faper Aki con Facundo, el embajador oficial<\/title>\n<meta name=\"description\" content=\"Verano Reventado de S\u00faper Aki edici\u00f3n 2023, junto a Facundo, el embajador oficial dio inicio en Progreso con promociones.\" \/>\n<meta name=\"robots\" content=\"index, follow, max-snippet:-1, max-image-preview:large, max-video-preview:-1\" \/>\n<link rel=\"canonical\" href=\"https:\/\/reporteroshoy.mx\/noticias\/verano-reventado-de-super-aki-con-facundo-el-embajador-oficial\/\" \/>\n<meta property=\"og:locale\" content=\"es_ES\" \/>\n<meta property=\"og:type\" content=\"article\" \/>\n<meta property=\"og:title\" content=\"Verano Reventado de S\u00faper Aki con Facundo, el embajador oficial\" \/>\n<meta property=\"og:description\" content=\"Verano Reventado de S\u00faper Aki edici\u00f3n 2023, junto a Facundo, el embajador oficial dio inicio en Progreso con promociones.\" \/>\n<meta property=\"og:url\" content=\"https:\/\/reporteroshoy.mx\/noticias\/verano-reventado-de-super-aki-con-facundo-el-embajador-oficial\/\" \/>\n<meta property=\"og:site_name\" content=\"Reporteros Hoy | Noticias de Yucat\u00e1n\" \/>\n<meta property=\"article:publisher\" content=\"http:\/\/www.facebook.com\/reporteroshoymx\" \/>\n<meta property=\"article:published_time\" content=\"2023-07-27T03:43:15+00:00\" \/>\n<meta property=\"article:modified_time\" content=\"2023-07-27T04:36:04+00:00\" \/>\n<meta property=\"og:image\" content=\"https:\/\/reporteroshoy.mx\/noticias\/wp-content\/uploads\/2023\/07\/WhatsApp-Image-2023-07-26-at-5.45.50-PM.jpeg\" \/>\n\t<meta property=\"og:image:width\" content=\"768\" \/>\n\t<meta property=\"og:image:height\" content=\"636\" \/>\n\t<meta property=\"og:image:type\" content=\"image\/jpeg\" \/>\n<meta name=\"author\" content=\"Reporteros Hoy GS\" \/>\n<meta name=\"twitter:card\" content=\"summary_large_image\" \/>\n<meta name=\"twitter:creator\" content=\"@reporteroshoy\" \/>\n<meta name=\"twitter:site\" content=\"@reporteroshoy\" \/>\n<meta name=\"twitter:label1\" content=\"Escrito por\" \/>\n\t<meta name=\"twitter:data1\" content=\"Reporteros Hoy GS\" \/>\n\t<meta name=\"twitter:label2\" content=\"Tiempo de lectura\" \/>\n\t<meta name=\"twitter:data2\" content=\"3 minutos\" \/>\n<script type=\"application\/ld+json\" class=\"yoast-schema-graph\">{\"@context\":\"https:\\\/\\\/schema.org\",\"@graph\":[{\"@type\":\"Article\",\"@id\":\"https:\\\/\\\/reporteroshoy.mx\\\/noticias\\\/verano-reventado-de-super-aki-con-facundo-el-embajador-oficial\\\/#article\",\"isPartOf\":{\"@id\":\"https:\\\/\\\/reporteroshoy.mx\\\/noticias\\\/verano-reventado-de-super-aki-con-facundo-el-embajador-oficial\\\/\"},\"author\":{\"name\":\"Reporteros Hoy GS\",\"@id\":\"https:\\\/\\\/reporteroshoy.mx\\\/noticias\\\/#\\\/schema\\\/person\\\/49ae631fc906b44554e4ba3866c505d7\"},\"headline\":\"Verano Reventado de S\u00faper Aki con Facundo, el embajador oficial\",\"datePublished\":\"2023-07-27T03:43:15+00:00\",\"dateModified\":\"2023-07-27T04:36:04+00:00\",\"mainEntityOfPage\":{\"@id\":\"https:\\\/\\\/reporteroshoy.mx\\\/noticias\\\/verano-reventado-de-super-aki-con-facundo-el-embajador-oficial\\\/\"},\"wordCount\":492,\"commentCount\":0,\"image\":{\"@id\":\"https:\\\/\\\/reporteroshoy.mx\\\/noticias\\\/verano-reventado-de-super-aki-con-facundo-el-embajador-oficial\\\/#primaryimage\"},\"thumbnailUrl\":\"https:\\\/\\\/reporteroshoy.mx\\\/noticias\\\/wp-content\\\/uploads\\\/2023\\\/07\\\/WhatsApp-Image-2023-07-26-at-5.45.50-PM.jpeg\",\"keywords\":[\"Facundo\",\"S\u00faper Aki\",\"Verano Reventado\"],\"articleSection\":[\"Empresas\"],\"inLanguage\":\"es\",\"potentialAction\":[{\"@type\":\"CommentAction\",\"name\":\"Comment\",\"target\":[\"https:\\\/\\\/reporteroshoy.mx\\\/noticias\\\/verano-reventado-de-super-aki-con-facundo-el-embajador-oficial\\\/#respond\"]}]},{\"@type\":\"WebPage\",\"@id\":\"https:\\\/\\\/reporteroshoy.mx\\\/noticias\\\/verano-reventado-de-super-aki-con-facundo-el-embajador-oficial\\\/\",\"url\":\"https:\\\/\\\/reporteroshoy.mx\\\/noticias\\\/verano-reventado-de-super-aki-con-facundo-el-embajador-oficial\\\/\",\"name\":\"Verano Reventado de S\u00faper Aki con Facundo, el embajador oficial\",\"isPartOf\":{\"@id\":\"https:\\\/\\\/reporteroshoy.mx\\\/noticias\\\/#website\"},\"primaryImageOfPage\":{\"@id\":\"https:\\\/\\\/reporteroshoy.mx\\\/noticias\\\/verano-reventado-de-super-aki-con-facundo-el-embajador-oficial\\\/#primaryimage\"},\"image\":{\"@id\":\"https:\\\/\\\/reporteroshoy.mx\\\/noticias\\\/verano-reventado-de-super-aki-con-facundo-el-embajador-oficial\\\/#primaryimage\"},\"thumbnailUrl\":\"https:\\\/\\\/reporteroshoy.mx\\\/noticias\\\/wp-content\\\/uploads\\\/2023\\\/07\\\/WhatsApp-Image-2023-07-26-at-5.45.50-PM.jpeg\",\"datePublished\":\"2023-07-27T03:43:15+00:00\",\"dateModified\":\"2023-07-27T04:36:04+00:00\",\"author\":{\"@id\":\"https:\\\/\\\/reporteroshoy.mx\\\/noticias\\\/#\\\/schema\\\/person\\\/49ae631fc906b44554e4ba3866c505d7\"},\"description\":\"Verano Reventado de S\u00faper Aki edici\u00f3n 2023, junto a Facundo, el embajador oficial dio inicio en Progreso con promociones.\",\"breadcrumb\":{\"@id\":\"https:\\\/\\\/reporteroshoy.mx\\\/noticias\\\/verano-reventado-de-super-aki-con-facundo-el-embajador-oficial\\\/#breadcrumb\"},\"inLanguage\":\"es\",\"potentialAction\":[{\"@type\":\"ReadAction\",\"target\":[\"https:\\\/\\\/reporteroshoy.mx\\\/noticias\\\/verano-reventado-de-super-aki-con-facundo-el-embajador-oficial\\\/\"]}]},{\"@type\":\"ImageObject\",\"inLanguage\":\"es\",\"@id\":\"https:\\\/\\\/reporteroshoy.mx\\\/noticias\\\/verano-reventado-de-super-aki-con-facundo-el-embajador-oficial\\\/#primaryimage\",\"url\":\"https:\\\/\\\/reporteroshoy.mx\\\/noticias\\\/wp-content\\\/uploads\\\/2023\\\/07\\\/WhatsApp-Image-2023-07-26-at-5.45.50-PM.jpeg\",\"contentUrl\":\"https:\\\/\\\/reporteroshoy.mx\\\/noticias\\\/wp-content\\\/uploads\\\/2023\\\/07\\\/WhatsApp-Image-2023-07-26-at-5.45.50-PM.jpeg\",\"width\":768,\"height\":636},{\"@type\":\"BreadcrumbList\",\"@id\":\"https:\\\/\\\/reporteroshoy.mx\\\/noticias\\\/verano-reventado-de-super-aki-con-facundo-el-embajador-oficial\\\/#breadcrumb\",\"itemListElement\":[{\"@type\":\"ListItem\",\"position\":1,\"name\":\"Portada\",\"item\":\"https:\\\/\\\/reporteroshoy.mx\\\/noticias\\\/\"},{\"@type\":\"ListItem\",\"position\":2,\"name\":\"Verano Reventado de S\u00faper Aki con Facundo, el embajador oficial\"}]},{\"@type\":\"WebSite\",\"@id\":\"https:\\\/\\\/reporteroshoy.mx\\\/noticias\\\/#website\",\"url\":\"https:\\\/\\\/reporteroshoy.mx\\\/noticias\\\/\",\"name\":\"Reporteros Hoy | Noticias de Yucat\u00e1n\",\"description\":\"Peri\u00f3dico digital con noticias diarias desde M\u00e9rida, Yucat\u00e1n para el mundo.\",\"potentialAction\":[{\"@type\":\"SearchAction\",\"target\":{\"@type\":\"EntryPoint\",\"urlTemplate\":\"https:\\\/\\\/reporteroshoy.mx\\\/noticias\\\/?s={search_term_string}\"},\"query-input\":{\"@type\":\"PropertyValueSpecification\",\"valueRequired\":true,\"valueName\":\"search_term_string\"}}],\"inLanguage\":\"es\"},{\"@type\":\"Person\",\"@id\":\"https:\\\/\\\/reporteroshoy.mx\\\/noticias\\\/#\\\/schema\\\/person\\\/49ae631fc906b44554e4ba3866c505d7\",\"name\":\"Reporteros Hoy GS\",\"image\":{\"@type\":\"ImageObject\",\"inLanguage\":\"es\",\"@id\":\"https:\\\/\\\/secure.gravatar.com\\\/avatar\\\/00d32adb620345c3db2cfc175917f65c584e1e338fdc49ad126aa1f9830eb6a9?s=96&d=mm&r=g\",\"url\":\"https:\\\/\\\/secure.gravatar.com\\\/avatar\\\/00d32adb620345c3db2cfc175917f65c584e1e338fdc49ad126aa1f9830eb6a9?s=96&d=mm&r=g\",\"contentUrl\":\"https:\\\/\\\/secure.gravatar.com\\\/avatar\\\/00d32adb620345c3db2cfc175917f65c584e1e338fdc49ad126aa1f9830eb6a9?s=96&d=mm&r=g\",\"caption\":\"Reporteros Hoy GS\"},\"url\":\"https:\\\/\\\/reporteroshoy.mx\\\/noticias\\\/author\\\/lupis\\\/\"}]}<\/script>\n<!-- \/ Yoast SEO plugin. -->","yoast_head_json":{"title":"Verano Reventado de S\u00faper Aki con Facundo, el embajador oficial","description":"Verano Reventado de S\u00faper Aki edici\u00f3n 2023, junto a Facundo, el embajador oficial dio inicio en Progreso con promociones.","robots":{"index":"index","follow":"follow","max-snippet":"max-snippet:-1","max-image-preview":"max-image-preview:large","max-video-preview":"max-video-preview:-1"},"canonical":"https:\/\/reporteroshoy.mx\/noticias\/verano-reventado-de-super-aki-con-facundo-el-embajador-oficial\/","og_locale":"es_ES","og_type":"article","og_title":"Verano Reventado de S\u00faper Aki con Facundo, el embajador oficial","og_description":"Verano Reventado de S\u00faper Aki edici\u00f3n 2023, junto a Facundo, el embajador oficial dio inicio en Progreso con promociones.","og_url":"https:\/\/reporteroshoy.mx\/noticias\/verano-reventado-de-super-aki-con-facundo-el-embajador-oficial\/","og_site_name":"Reporteros Hoy | Noticias de Yucat\u00e1n","article_publisher":"http:\/\/www.facebook.com\/reporteroshoymx","article_published_time":"2023-07-27T03:43:15+00:00","article_modified_time":"2023-07-27T04:36:04+00:00","og_image":[{"width":768,"height":636,"url":"https:\/\/reporteroshoy.mx\/noticias\/wp-content\/uploads\/2023\/07\/WhatsApp-Image-2023-07-26-at-5.45.50-PM.jpeg","type":"image\/jpeg"}],"author":"Reporteros Hoy GS","twitter_card":"summary_large_image","twitter_creator":"@reporteroshoy","twitter_site":"@reporteroshoy","twitter_misc":{"Escrito por":"Reporteros Hoy GS","Tiempo de lectura":"3 minutos"},"schema":{"@context":"https:\/\/schema.org","@graph":[{"@type":"Article","@id":"https:\/\/reporteroshoy.mx\/noticias\/verano-reventado-de-super-aki-con-facundo-el-embajador-oficial\/#article","isPartOf":{"@id":"https:\/\/reporteroshoy.mx\/noticias\/verano-reventado-de-super-aki-con-facundo-el-embajador-oficial\/"},"author":{"name":"Reporteros Hoy GS","@id":"https:\/\/reporteroshoy.mx\/noticias\/#\/schema\/person\/49ae631fc906b44554e4ba3866c505d7"},"headline":"Verano Reventado de S\u00faper Aki con Facundo, el embajador oficial","datePublished":"2023-07-27T03:43:15+00:00","dateModified":"2023-07-27T04:36:04+00:00","mainEntityOfPage":{"@id":"https:\/\/reporteroshoy.mx\/noticias\/verano-reventado-de-super-aki-con-facundo-el-embajador-oficial\/"},"wordCount":492,"commentCount":0,"image":{"@id":"https:\/\/reporteroshoy.mx\/noticias\/verano-reventado-de-super-aki-con-facundo-el-embajador-oficial\/#primaryimage"},"thumbnailUrl":"https:\/\/reporteroshoy.mx\/noticias\/wp-content\/uploads\/2023\/07\/WhatsApp-Image-2023-07-26-at-5.45.50-PM.jpeg","keywords":["Facundo","S\u00faper Aki","Verano Reventado"],"articleSection":["Empresas"],"inLanguage":"es","potentialAction":[{"@type":"CommentAction","name":"Comment","target":["https:\/\/reporteroshoy.mx\/noticias\/verano-reventado-de-super-aki-con-facundo-el-embajador-oficial\/#respond"]}]},{"@type":"WebPage","@id":"https:\/\/reporteroshoy.mx\/noticias\/verano-reventado-de-super-aki-con-facundo-el-embajador-oficial\/","url":"https:\/\/reporteroshoy.mx\/noticias\/verano-reventado-de-super-aki-con-facundo-el-embajador-oficial\/","name":"Verano Reventado de S\u00faper Aki con Facundo, el embajador oficial","isPartOf":{"@id":"https:\/\/reporteroshoy.mx\/noticias\/#website"},"primaryImageOfPage":{"@id":"https:\/\/reporteroshoy.mx\/noticias\/verano-reventado-de-super-aki-con-facundo-el-embajador-oficial\/#primaryimage"},"image":{"@id":"https:\/\/reporteroshoy.mx\/noticias\/verano-reventado-de-super-aki-con-facundo-el-embajador-oficial\/#primaryimage"},"thumbnailUrl":"https:\/\/reporteroshoy.mx\/noticias\/wp-content\/uploads\/2023\/07\/WhatsApp-Image-2023-07-26-at-5.45.50-PM.jpeg","datePublished":"2023-07-27T03:43:15+00:00","dateModified":"2023-07-27T04:36:04+00:00","author":{"@id":"https:\/\/reporteroshoy.mx\/noticias\/#\/schema\/person\/49ae631fc906b44554e4ba3866c505d7"},"description":"Verano Reventado de S\u00faper Aki edici\u00f3n 2023, junto a Facundo, el embajador oficial dio inicio en Progreso con promociones.","breadcrumb":{"@id":"https:\/\/reporteroshoy.mx\/noticias\/verano-reventado-de-super-aki-con-facundo-el-embajador-oficial\/#breadcrumb"},"inLanguage":"es","potentialAction":[{"@type":"ReadAction","target":["https:\/\/reporteroshoy.mx\/noticias\/verano-reventado-de-super-aki-con-facundo-el-embajador-oficial\/"]}]},{"@type":"ImageObject","inLanguage":"es","@id":"https:\/\/reporteroshoy.mx\/noticias\/verano-reventado-de-super-aki-con-facundo-el-embajador-oficial\/#primaryimage","url":"https:\/\/reporteroshoy.mx\/noticias\/wp-content\/uploads\/2023\/07\/WhatsApp-Image-2023-07-26-at-5.45.50-PM.jpeg","contentUrl":"https:\/\/reporteroshoy.mx\/noticias\/wp-content\/uploads\/2023\/07\/WhatsApp-Image-2023-07-26-at-5.45.50-PM.jpeg","width":768,"height":636},{"@type":"BreadcrumbList","@id":"https:\/\/reporteroshoy.mx\/noticias\/verano-reventado-de-super-aki-con-facundo-el-embajador-oficial\/#breadcrumb","itemListElement":[{"@type":"ListItem","position":1,"name":"Portada","item":"https:\/\/reporteroshoy.mx\/noticias\/"},{"@type":"ListItem","position":2,"name":"Verano Reventado de S\u00faper Aki con Facundo, el embajador oficial"}]},{"@type":"WebSite","@id":"https:\/\/reporteroshoy.mx\/noticias\/#website","url":"https:\/\/reporteroshoy.mx\/noticias\/","name":"Reporteros Hoy | Noticias de Yucat\u00e1n","description":"Peri\u00f3dico digital con noticias diarias desde M\u00e9rida, Yucat\u00e1n para el mundo.","potentialAction":[{"@type":"SearchAction","target":{"@type":"EntryPoint","urlTemplate":"https:\/\/reporteroshoy.mx\/noticias\/?s={search_term_string}"},"query-input":{"@type":"PropertyValueSpecification","valueRequired":true,"valueName":"search_term_string"}}],"inLanguage":"es"},{"@type":"Person","@id":"https:\/\/reporteroshoy.mx\/noticias\/#\/schema\/person\/49ae631fc906b44554e4ba3866c505d7","name":"Reporteros Hoy GS","image":{"@type":"ImageObject","inLanguage":"es","@id":"https:\/\/secure.gravatar.com\/avatar\/00d32adb620345c3db2cfc175917f65c584e1e338fdc49ad126aa1f9830eb6a9?s=96&d=mm&r=g","url":"https:\/\/secure.gravatar.com\/avatar\/00d32adb620345c3db2cfc175917f65c584e1e338fdc49ad126aa1f9830eb6a9?s=96&d=mm&r=g","contentUrl":"https:\/\/secure.gravatar.com\/avatar\/00d32adb620345c3db2cfc175917f65c584e1e338fdc49ad126aa1f9830eb6a9?s=96&d=mm&r=g","caption":"Reporteros Hoy GS"},"url":"https:\/\/reporteroshoy.mx\/noticias\/author\/lupis\/"}]}},"_links":{"self":[{"href":"https:\/\/reporteroshoy.mx\/noticias\/wp-json\/wp\/v2\/posts\/104178","targetHints":{"allow":["GET"]}}],"collection":[{"href":"https:\/\/reporteroshoy.mx\/noticias\/wp-json\/wp\/v2\/posts"}],"about":[{"href":"https:\/\/reporteroshoy.mx\/noticias\/wp-json\/wp\/v2\/types\/post"}],"author":[{"embeddable":true,"href":"https:\/\/reporteroshoy.mx\/noticias\/wp-json\/wp\/v2\/users\/6"}],"replies":[{"embeddable":true,"href":"https:\/\/reporteroshoy.mx\/noticias\/wp-json\/wp\/v2\/comments?post=104178"}],"version-history":[{"count":0,"href":"https:\/\/reporteroshoy.mx\/noticias\/wp-json\/wp\/v2\/posts\/104178\/revisions"}],"wp:featuredmedia":[{"embeddable":true,"href":"https:\/\/reporteroshoy.mx\/noticias\/wp-json\/wp\/v2\/media\/104179"}],"wp:attachment":[{"href":"https:\/\/reporteroshoy.mx\/noticias\/wp-json\/wp\/v2\/media?parent=104178"}],"wp:term":[{"taxonomy":"category","embeddable":true,"href":"https:\/\/reporteroshoy.mx\/noticias\/wp-json\/wp\/v2\/categories?post=104178"},{"taxonomy":"post_tag","embeddable":true,"href":"https:\/\/reporteroshoy.mx\/noticias\/wp-json\/wp\/v2\/tags?post=104178"}],"curies":[{"name":"wp","href":"https:\/\/api.w.org\/{rel}","templated":true}]}}