{"id":104272,"date":"2023-07-29T15:46:43","date_gmt":"2023-07-29T21:46:43","guid":{"rendered":"https:\/\/reporteroshoy.mx\/noticias\/?p=104272"},"modified":"2023-07-29T15:46:43","modified_gmt":"2023-07-29T21:46:43","slug":"super-aki-santa-fe-empate-historico-en-el-verano-reventado","status":"publish","type":"post","link":"https:\/\/reporteroshoy.mx\/noticias\/super-aki-santa-fe-empate-historico-en-el-verano-reventado\/","title":{"rendered":"S\u00faper Aki Santa Fe: Empate hist\u00f3rico en el &#8216;Verano Reventado&#8217;"},"content":{"rendered":"<p style=\"text-align: justify;\">El ambiente en la sucursal Santa Fe de S\u00faper Aki estuvo cargado de emoci\u00f3n y expectativa, pues se llev\u00f3 a cabo el tan esperado evento del Verano Reventado de S\u00faper Aki, organizado por el carism\u00e1tico embajador Facundo. Los \u00e1nimos estaban a flor de piel, y con la presencia de cuatro personas de la tercera edad, el concurso fue inolvidable.<\/p>\n<p style=\"text-align: justify;\">Las parejas participantes fueron Juan Ruiz y su esposa Mar\u00eda Celada, quienes representaron al equipo Turquesa, y Manuel Leal e Irma Dorantes, del equipo Verano Reventado. Cada uno de ellos estaba decidido a dar lo mejor de s\u00ed para llevarse la victoria a casa.<\/p>\n<p style=\"text-align: justify;\">La din\u00e1mica ideada por Facundo requer\u00eda habilidad, astucia y la ayuda de las redes sociales. Cada equipo obtuvo puntos por la cantidad de \u00ablikes\u00bb en Facebook que lograron acumular durante la jornada. Una mezcla de tradici\u00f3n y tecnolog\u00eda que gener\u00f3 un ambiente de competitividad en l\u00ednea.<\/p>\n<p><img loading=\"lazy\" decoding=\"async\" class=\"aligncenter wp-image-104273\" src=\"https:\/\/reporteroshoy.mx\/noticias\/wp-content\/uploads\/2023\/07\/Verano-reventado1-scaled.jpg\" alt=\"S\u00faper Aki Santa Fe: Empate hist\u00f3rico en el 'Verano Reventado'\" width=\"600\" height=\"338\" \/><\/p>\n<p style=\"text-align: justify;\">El segundo reto no fue para nada sencillo: los participantes tuvieron que enfrentar un pedido en l\u00ednea, pero antes debieron encontrar una llave para abrir una puerta y dar inicio al concurso. La tensi\u00f3n se apoder\u00f3 del lugar, y entre risas nerviosas y sudor en la frente, lograron superar el obst\u00e1culo y seguir adelante.<\/p>\n<p style=\"text-align: justify;\">El pesaje de los productos solicitados, desde manzanas hasta derivados l\u00e1cteos, fue una prueba de destreza para los equipos. La emoci\u00f3n se mezcl\u00f3 con la concentraci\u00f3n mientras cada producto fue colocado en la balanza, sumando puntos valiosos en su camino hacia la victoria.<\/p>\n<p style=\"text-align: justify;\">El punto culminante fue \u00abPescando la oferta\u00bb, un reto valorado con 30 puntos. Juan, Mar\u00eda, Manuel e Irma se lanzaron a la \u201cIsla del Verano Reventado\u201d, donde \u201cpescaron\u201d descuentos imperdibles. Con astucia y rapidez, capturaron y los pegaron las figuras en una mampara, sumando as\u00ed m\u00e1s puntos para su causa.<\/p>\n<p><img loading=\"lazy\" decoding=\"async\" class=\"aligncenter wp-image-104274\" src=\"https:\/\/reporteroshoy.mx\/noticias\/wp-content\/uploads\/2023\/07\/Verano-reventado-scaled.jpg\" alt=\"S\u00faper Aki Santa Fe: Empate hist\u00f3rico en el 'Verano Reventado'\" width=\"600\" height=\"338\" \/><\/p>\n<p style=\"text-align: justify;\">El momento decisivo lleg\u00f3 al ordenar los productos siguiendo la estrategia de S\u00faper Aki. La competencia estaba re\u00f1ida, y cada equipo se esforz\u00f3 por colocar los productos en su lugar correcto. Los nervios a flor de piel y el esfuerzo tit\u00e1nico fueron evidentes en los rostros de los concursantes.<\/p>\n<p style=\"text-align: justify;\">Britany Yajaira y Chayita, dos influencers locales, estuvieron presentes como padrinos de cada equipo y dieron su apoyo a ambos equipos en el \u00faltimo reto. Su presencia agreg\u00f3 a\u00fan m\u00e1s emoci\u00f3n y entusiasmo al evento. \u201cEstamos felices de haber participado y de compartir este tiempo con Facundo\u201d, dijeron luego.<\/p>\n<h4 style=\"text-align: justify;\"><strong>Corazones blandos: empate hist\u00f3rico<\/strong><\/h4>\n<p style=\"text-align: justify;\">Concluidas las pruebas, los likes que recibieron las parejas marcaron un triunfo evidente para el equipo Verano Reventado. No obstante, el coraz\u00f3n de Facundo y la juez de hierro, Tatiana Gonz\u00e1lez, se ablandaron al ver el esfuerzo y la pasi\u00f3n de todos los concursantes, y decidieron declarar un empate hist\u00f3rico.<\/p>\n<p><img loading=\"lazy\" decoding=\"async\" class=\"aligncenter wp-image-104275\" src=\"https:\/\/reporteroshoy.mx\/noticias\/wp-content\/uploads\/2023\/07\/Verano-reventado3-scaled.jpg\" alt=\"S\u00faper Aki Santa Fe: Empate hist\u00f3rico en el 'Verano Reventado'\" width=\"600\" height=\"338\" \/><\/p>\n<p style=\"text-align: justify;\">\u201cNos gan\u00f3 el coraz\u00f3n\u201d, expres\u00f3 la Juez. Y as\u00ed, entre sonrisas y aplausos, se entregaron los merecidos premios a los ganadores, quienes expresaron su agradecimiento a S\u00faper Aki por la experiencia \u00fanica y prometieron aprovechar las ofertas y comprar en la tienda con frecuencia.<\/p>\n<p style=\"text-align: justify;\">El Verano Reventado de S\u00faper Aki qued\u00f3 marcado en la memoria de Juan, Mar\u00eda, Manuel e Irma como un d\u00eda lleno de emociones, alegr\u00eda y compa\u00f1erismo.<\/p>\n<p><em><strong>Te interesa:\u00a0<a href=\"https:\/\/reporteroshoy.mx\/noticias\/verano-reventado-de-super-aki-con-facundo-el-embajador-oficial\/\">Verano Reventado de S\u00faper Aki con Facundo, el embajador oficial<\/a><\/strong><\/em><\/p>\n<p style=\"text-align: justify;\">Con seguridad cenar\u00e1n a gusto con los productos del carrito repleto de amor y vivieron para siempre el recuerdo de una jornada inolvidable. Un d\u00eda en el que la competencia qued\u00f3 en segundo plano y prevaleci\u00f3 el esp\u00edritu de camarader\u00eda entre todos los participantes.<\/p>\n<p style=\"text-align: justify;\"><strong>ACOM<\/strong><\/p>\n","protected":false},"excerpt":{"rendered":"<p>Emoci\u00f3n y expectativa en el Verano Reventado de S\u00faper Aki Santa Fe, con el carism\u00e1tico embajador Facundo y participantes especiales.<\/p>\n","protected":false},"author":9,"featured_media":104276,"comment_status":"open","ping_status":"closed","sticky":false,"template":"","format":"standard","meta":{"footnotes":""},"categories":[24379],"tags":[24824,11618,24823],"class_list":["post-104272","post","type-post","status-publish","format-standard","has-post-thumbnail","hentry","category-merida","tag-facundo","tag-super-aki","tag-verano-reventado"],"yoast_head":"<!-- This site is optimized with the Yoast SEO plugin v28.3 - https:\/\/yoast.com\/product\/yoast-seo-wordpress\/ -->\n<title>S\u00faper Aki Santa Fe: Empate hist\u00f3rico en el &#039;Verano Reventado&#039;<\/title>\n<meta name=\"description\" content=\"Emoci\u00f3n y expectativa en el Verano Reventado de S\u00faper Aki Santa Fe, con el carism\u00e1tico embajador Facundo y participantes especiales.\" \/>\n<meta name=\"robots\" content=\"index, follow, max-snippet:-1, max-image-preview:large, max-video-preview:-1\" \/>\n<link rel=\"canonical\" href=\"https:\/\/reporteroshoy.mx\/noticias\/super-aki-santa-fe-empate-historico-en-el-verano-reventado\/\" \/>\n<meta property=\"og:locale\" content=\"es_ES\" \/>\n<meta property=\"og:type\" content=\"article\" \/>\n<meta property=\"og:title\" content=\"S\u00faper Aki Santa Fe: Empate hist\u00f3rico en el &#039;Verano Reventado&#039;\" \/>\n<meta property=\"og:description\" content=\"Emoci\u00f3n y expectativa en el Verano Reventado de S\u00faper Aki Santa Fe, con el carism\u00e1tico embajador Facundo y participantes especiales.\" \/>\n<meta property=\"og:url\" content=\"https:\/\/reporteroshoy.mx\/noticias\/super-aki-santa-fe-empate-historico-en-el-verano-reventado\/\" \/>\n<meta property=\"og:site_name\" content=\"Reporteros Hoy | Noticias de Yucat\u00e1n\" \/>\n<meta property=\"article:publisher\" content=\"http:\/\/www.facebook.com\/reporteroshoymx\" \/>\n<meta property=\"article:published_time\" content=\"2023-07-29T21:46:43+00:00\" \/>\n<meta property=\"og:image\" content=\"https:\/\/reporteroshoy.mx\/noticias\/wp-content\/uploads\/2023\/07\/Verano-reventado2-scaled.jpg\" \/>\n\t<meta property=\"og:image:width\" content=\"768\" \/>\n\t<meta property=\"og:image:height\" content=\"432\" \/>\n\t<meta property=\"og:image:type\" content=\"image\/jpeg\" \/>\n<meta name=\"author\" content=\"Reporteros Hoy WP\" \/>\n<meta name=\"twitter:card\" content=\"summary_large_image\" \/>\n<meta name=\"twitter:creator\" content=\"@reporteroshoy\" \/>\n<meta name=\"twitter:site\" content=\"@reporteroshoy\" \/>\n<meta name=\"twitter:label1\" content=\"Escrito por\" \/>\n\t<meta name=\"twitter:data1\" content=\"Reporteros Hoy WP\" \/>\n\t<meta name=\"twitter:label2\" content=\"Tiempo de lectura\" \/>\n\t<meta name=\"twitter:data2\" content=\"4 minutos\" \/>\n<script type=\"application\/ld+json\" class=\"yoast-schema-graph\">{\"@context\":\"https:\\\/\\\/schema.org\",\"@graph\":[{\"@type\":\"Article\",\"@id\":\"https:\\\/\\\/reporteroshoy.mx\\\/noticias\\\/super-aki-santa-fe-empate-historico-en-el-verano-reventado\\\/#article\",\"isPartOf\":{\"@id\":\"https:\\\/\\\/reporteroshoy.mx\\\/noticias\\\/super-aki-santa-fe-empate-historico-en-el-verano-reventado\\\/\"},\"author\":{\"name\":\"Reporteros Hoy WP\",\"@id\":\"https:\\\/\\\/reporteroshoy.mx\\\/noticias\\\/#\\\/schema\\\/person\\\/c977527e57c958a62c5cefe8fe47876e\"},\"headline\":\"S\u00faper Aki Santa Fe: Empate hist\u00f3rico en el &#8216;Verano Reventado&#8217;\",\"datePublished\":\"2023-07-29T21:46:43+00:00\",\"mainEntityOfPage\":{\"@id\":\"https:\\\/\\\/reporteroshoy.mx\\\/noticias\\\/super-aki-santa-fe-empate-historico-en-el-verano-reventado\\\/\"},\"wordCount\":627,\"commentCount\":0,\"image\":{\"@id\":\"https:\\\/\\\/reporteroshoy.mx\\\/noticias\\\/super-aki-santa-fe-empate-historico-en-el-verano-reventado\\\/#primaryimage\"},\"thumbnailUrl\":\"https:\\\/\\\/reporteroshoy.mx\\\/noticias\\\/wp-content\\\/uploads\\\/2023\\\/07\\\/Verano-reventado2-scaled.jpg\",\"keywords\":[\"Facundo\",\"S\u00faper Aki\",\"Verano Reventado\"],\"articleSection\":[\"M\u00e9rida\"],\"inLanguage\":\"es\",\"potentialAction\":[{\"@type\":\"CommentAction\",\"name\":\"Comment\",\"target\":[\"https:\\\/\\\/reporteroshoy.mx\\\/noticias\\\/super-aki-santa-fe-empate-historico-en-el-verano-reventado\\\/#respond\"]}]},{\"@type\":\"WebPage\",\"@id\":\"https:\\\/\\\/reporteroshoy.mx\\\/noticias\\\/super-aki-santa-fe-empate-historico-en-el-verano-reventado\\\/\",\"url\":\"https:\\\/\\\/reporteroshoy.mx\\\/noticias\\\/super-aki-santa-fe-empate-historico-en-el-verano-reventado\\\/\",\"name\":\"S\u00faper Aki Santa Fe: Empate hist\u00f3rico en el 'Verano Reventado'\",\"isPartOf\":{\"@id\":\"https:\\\/\\\/reporteroshoy.mx\\\/noticias\\\/#website\"},\"primaryImageOfPage\":{\"@id\":\"https:\\\/\\\/reporteroshoy.mx\\\/noticias\\\/super-aki-santa-fe-empate-historico-en-el-verano-reventado\\\/#primaryimage\"},\"image\":{\"@id\":\"https:\\\/\\\/reporteroshoy.mx\\\/noticias\\\/super-aki-santa-fe-empate-historico-en-el-verano-reventado\\\/#primaryimage\"},\"thumbnailUrl\":\"https:\\\/\\\/reporteroshoy.mx\\\/noticias\\\/wp-content\\\/uploads\\\/2023\\\/07\\\/Verano-reventado2-scaled.jpg\",\"datePublished\":\"2023-07-29T21:46:43+00:00\",\"author\":{\"@id\":\"https:\\\/\\\/reporteroshoy.mx\\\/noticias\\\/#\\\/schema\\\/person\\\/c977527e57c958a62c5cefe8fe47876e\"},\"description\":\"Emoci\u00f3n y expectativa en el Verano Reventado de S\u00faper Aki Santa Fe, con el carism\u00e1tico embajador Facundo y participantes especiales.\",\"breadcrumb\":{\"@id\":\"https:\\\/\\\/reporteroshoy.mx\\\/noticias\\\/super-aki-santa-fe-empate-historico-en-el-verano-reventado\\\/#breadcrumb\"},\"inLanguage\":\"es\",\"potentialAction\":[{\"@type\":\"ReadAction\",\"target\":[\"https:\\\/\\\/reporteroshoy.mx\\\/noticias\\\/super-aki-santa-fe-empate-historico-en-el-verano-reventado\\\/\"]}]},{\"@type\":\"ImageObject\",\"inLanguage\":\"es\",\"@id\":\"https:\\\/\\\/reporteroshoy.mx\\\/noticias\\\/super-aki-santa-fe-empate-historico-en-el-verano-reventado\\\/#primaryimage\",\"url\":\"https:\\\/\\\/reporteroshoy.mx\\\/noticias\\\/wp-content\\\/uploads\\\/2023\\\/07\\\/Verano-reventado2-scaled.jpg\",\"contentUrl\":\"https:\\\/\\\/reporteroshoy.mx\\\/noticias\\\/wp-content\\\/uploads\\\/2023\\\/07\\\/Verano-reventado2-scaled.jpg\",\"width\":768,\"height\":432},{\"@type\":\"BreadcrumbList\",\"@id\":\"https:\\\/\\\/reporteroshoy.mx\\\/noticias\\\/super-aki-santa-fe-empate-historico-en-el-verano-reventado\\\/#breadcrumb\",\"itemListElement\":[{\"@type\":\"ListItem\",\"position\":1,\"name\":\"Portada\",\"item\":\"https:\\\/\\\/reporteroshoy.mx\\\/noticias\\\/\"},{\"@type\":\"ListItem\",\"position\":2,\"name\":\"S\u00faper Aki Santa Fe: Empate hist\u00f3rico en el &#8216;Verano Reventado&#8217;\"}]},{\"@type\":\"WebSite\",\"@id\":\"https:\\\/\\\/reporteroshoy.mx\\\/noticias\\\/#website\",\"url\":\"https:\\\/\\\/reporteroshoy.mx\\\/noticias\\\/\",\"name\":\"Reporteros Hoy | Noticias de Yucat\u00e1n\",\"description\":\"Peri\u00f3dico digital con noticias diarias desde M\u00e9rida, Yucat\u00e1n para el mundo.\",\"potentialAction\":[{\"@type\":\"SearchAction\",\"target\":{\"@type\":\"EntryPoint\",\"urlTemplate\":\"https:\\\/\\\/reporteroshoy.mx\\\/noticias\\\/?s={search_term_string}\"},\"query-input\":{\"@type\":\"PropertyValueSpecification\",\"valueRequired\":true,\"valueName\":\"search_term_string\"}}],\"inLanguage\":\"es\"},{\"@type\":\"Person\",\"@id\":\"https:\\\/\\\/reporteroshoy.mx\\\/noticias\\\/#\\\/schema\\\/person\\\/c977527e57c958a62c5cefe8fe47876e\",\"name\":\"Reporteros Hoy WP\",\"image\":{\"@type\":\"ImageObject\",\"inLanguage\":\"es\",\"@id\":\"https:\\\/\\\/secure.gravatar.com\\\/avatar\\\/fd2917f79a7dae30f8ac9ddc2f35e1756bb59e25e01d1cd09deaa64df7b2f73e?s=96&d=mm&r=g\",\"url\":\"https:\\\/\\\/secure.gravatar.com\\\/avatar\\\/fd2917f79a7dae30f8ac9ddc2f35e1756bb59e25e01d1cd09deaa64df7b2f73e?s=96&d=mm&r=g\",\"contentUrl\":\"https:\\\/\\\/secure.gravatar.com\\\/avatar\\\/fd2917f79a7dae30f8ac9ddc2f35e1756bb59e25e01d1cd09deaa64df7b2f73e?s=96&d=mm&r=g\",\"caption\":\"Reporteros Hoy WP\"},\"url\":\"https:\\\/\\\/reporteroshoy.mx\\\/noticias\\\/author\\\/walfer\\\/\"}]}<\/script>\n<!-- \/ Yoast SEO plugin. -->","yoast_head_json":{"title":"S\u00faper Aki Santa Fe: Empate hist\u00f3rico en el 'Verano Reventado'","description":"Emoci\u00f3n y expectativa en el Verano Reventado de S\u00faper Aki Santa Fe, con el carism\u00e1tico embajador Facundo y participantes especiales.","robots":{"index":"index","follow":"follow","max-snippet":"max-snippet:-1","max-image-preview":"max-image-preview:large","max-video-preview":"max-video-preview:-1"},"canonical":"https:\/\/reporteroshoy.mx\/noticias\/super-aki-santa-fe-empate-historico-en-el-verano-reventado\/","og_locale":"es_ES","og_type":"article","og_title":"S\u00faper Aki Santa Fe: Empate hist\u00f3rico en el 'Verano Reventado'","og_description":"Emoci\u00f3n y expectativa en el Verano Reventado de S\u00faper Aki Santa Fe, con el carism\u00e1tico embajador Facundo y participantes especiales.","og_url":"https:\/\/reporteroshoy.mx\/noticias\/super-aki-santa-fe-empate-historico-en-el-verano-reventado\/","og_site_name":"Reporteros Hoy | Noticias de Yucat\u00e1n","article_publisher":"http:\/\/www.facebook.com\/reporteroshoymx","article_published_time":"2023-07-29T21:46:43+00:00","og_image":[{"width":768,"height":432,"url":"https:\/\/reporteroshoy.mx\/noticias\/wp-content\/uploads\/2023\/07\/Verano-reventado2-scaled.jpg","type":"image\/jpeg"}],"author":"Reporteros Hoy WP","twitter_card":"summary_large_image","twitter_creator":"@reporteroshoy","twitter_site":"@reporteroshoy","twitter_misc":{"Escrito por":"Reporteros Hoy WP","Tiempo de lectura":"4 minutos"},"schema":{"@context":"https:\/\/schema.org","@graph":[{"@type":"Article","@id":"https:\/\/reporteroshoy.mx\/noticias\/super-aki-santa-fe-empate-historico-en-el-verano-reventado\/#article","isPartOf":{"@id":"https:\/\/reporteroshoy.mx\/noticias\/super-aki-santa-fe-empate-historico-en-el-verano-reventado\/"},"author":{"name":"Reporteros Hoy WP","@id":"https:\/\/reporteroshoy.mx\/noticias\/#\/schema\/person\/c977527e57c958a62c5cefe8fe47876e"},"headline":"S\u00faper Aki Santa Fe: Empate hist\u00f3rico en el &#8216;Verano Reventado&#8217;","datePublished":"2023-07-29T21:46:43+00:00","mainEntityOfPage":{"@id":"https:\/\/reporteroshoy.mx\/noticias\/super-aki-santa-fe-empate-historico-en-el-verano-reventado\/"},"wordCount":627,"commentCount":0,"image":{"@id":"https:\/\/reporteroshoy.mx\/noticias\/super-aki-santa-fe-empate-historico-en-el-verano-reventado\/#primaryimage"},"thumbnailUrl":"https:\/\/reporteroshoy.mx\/noticias\/wp-content\/uploads\/2023\/07\/Verano-reventado2-scaled.jpg","keywords":["Facundo","S\u00faper Aki","Verano Reventado"],"articleSection":["M\u00e9rida"],"inLanguage":"es","potentialAction":[{"@type":"CommentAction","name":"Comment","target":["https:\/\/reporteroshoy.mx\/noticias\/super-aki-santa-fe-empate-historico-en-el-verano-reventado\/#respond"]}]},{"@type":"WebPage","@id":"https:\/\/reporteroshoy.mx\/noticias\/super-aki-santa-fe-empate-historico-en-el-verano-reventado\/","url":"https:\/\/reporteroshoy.mx\/noticias\/super-aki-santa-fe-empate-historico-en-el-verano-reventado\/","name":"S\u00faper Aki Santa Fe: Empate hist\u00f3rico en el 'Verano Reventado'","isPartOf":{"@id":"https:\/\/reporteroshoy.mx\/noticias\/#website"},"primaryImageOfPage":{"@id":"https:\/\/reporteroshoy.mx\/noticias\/super-aki-santa-fe-empate-historico-en-el-verano-reventado\/#primaryimage"},"image":{"@id":"https:\/\/reporteroshoy.mx\/noticias\/super-aki-santa-fe-empate-historico-en-el-verano-reventado\/#primaryimage"},"thumbnailUrl":"https:\/\/reporteroshoy.mx\/noticias\/wp-content\/uploads\/2023\/07\/Verano-reventado2-scaled.jpg","datePublished":"2023-07-29T21:46:43+00:00","author":{"@id":"https:\/\/reporteroshoy.mx\/noticias\/#\/schema\/person\/c977527e57c958a62c5cefe8fe47876e"},"description":"Emoci\u00f3n y expectativa en el Verano Reventado de S\u00faper Aki Santa Fe, con el carism\u00e1tico embajador Facundo y participantes especiales.","breadcrumb":{"@id":"https:\/\/reporteroshoy.mx\/noticias\/super-aki-santa-fe-empate-historico-en-el-verano-reventado\/#breadcrumb"},"inLanguage":"es","potentialAction":[{"@type":"ReadAction","target":["https:\/\/reporteroshoy.mx\/noticias\/super-aki-santa-fe-empate-historico-en-el-verano-reventado\/"]}]},{"@type":"ImageObject","inLanguage":"es","@id":"https:\/\/reporteroshoy.mx\/noticias\/super-aki-santa-fe-empate-historico-en-el-verano-reventado\/#primaryimage","url":"https:\/\/reporteroshoy.mx\/noticias\/wp-content\/uploads\/2023\/07\/Verano-reventado2-scaled.jpg","contentUrl":"https:\/\/reporteroshoy.mx\/noticias\/wp-content\/uploads\/2023\/07\/Verano-reventado2-scaled.jpg","width":768,"height":432},{"@type":"BreadcrumbList","@id":"https:\/\/reporteroshoy.mx\/noticias\/super-aki-santa-fe-empate-historico-en-el-verano-reventado\/#breadcrumb","itemListElement":[{"@type":"ListItem","position":1,"name":"Portada","item":"https:\/\/reporteroshoy.mx\/noticias\/"},{"@type":"ListItem","position":2,"name":"S\u00faper Aki Santa Fe: Empate hist\u00f3rico en el &#8216;Verano Reventado&#8217;"}]},{"@type":"WebSite","@id":"https:\/\/reporteroshoy.mx\/noticias\/#website","url":"https:\/\/reporteroshoy.mx\/noticias\/","name":"Reporteros Hoy | Noticias de Yucat\u00e1n","description":"Peri\u00f3dico digital con noticias diarias desde M\u00e9rida, Yucat\u00e1n para el mundo.","potentialAction":[{"@type":"SearchAction","target":{"@type":"EntryPoint","urlTemplate":"https:\/\/reporteroshoy.mx\/noticias\/?s={search_term_string}"},"query-input":{"@type":"PropertyValueSpecification","valueRequired":true,"valueName":"search_term_string"}}],"inLanguage":"es"},{"@type":"Person","@id":"https:\/\/reporteroshoy.mx\/noticias\/#\/schema\/person\/c977527e57c958a62c5cefe8fe47876e","name":"Reporteros Hoy WP","image":{"@type":"ImageObject","inLanguage":"es","@id":"https:\/\/secure.gravatar.com\/avatar\/fd2917f79a7dae30f8ac9ddc2f35e1756bb59e25e01d1cd09deaa64df7b2f73e?s=96&d=mm&r=g","url":"https:\/\/secure.gravatar.com\/avatar\/fd2917f79a7dae30f8ac9ddc2f35e1756bb59e25e01d1cd09deaa64df7b2f73e?s=96&d=mm&r=g","contentUrl":"https:\/\/secure.gravatar.com\/avatar\/fd2917f79a7dae30f8ac9ddc2f35e1756bb59e25e01d1cd09deaa64df7b2f73e?s=96&d=mm&r=g","caption":"Reporteros Hoy WP"},"url":"https:\/\/reporteroshoy.mx\/noticias\/author\/walfer\/"}]}},"_links":{"self":[{"href":"https:\/\/reporteroshoy.mx\/noticias\/wp-json\/wp\/v2\/posts\/104272","targetHints":{"allow":["GET"]}}],"collection":[{"href":"https:\/\/reporteroshoy.mx\/noticias\/wp-json\/wp\/v2\/posts"}],"about":[{"href":"https:\/\/reporteroshoy.mx\/noticias\/wp-json\/wp\/v2\/types\/post"}],"author":[{"embeddable":true,"href":"https:\/\/reporteroshoy.mx\/noticias\/wp-json\/wp\/v2\/users\/9"}],"replies":[{"embeddable":true,"href":"https:\/\/reporteroshoy.mx\/noticias\/wp-json\/wp\/v2\/comments?post=104272"}],"version-history":[{"count":0,"href":"https:\/\/reporteroshoy.mx\/noticias\/wp-json\/wp\/v2\/posts\/104272\/revisions"}],"wp:featuredmedia":[{"embeddable":true,"href":"https:\/\/reporteroshoy.mx\/noticias\/wp-json\/wp\/v2\/media\/104276"}],"wp:attachment":[{"href":"https:\/\/reporteroshoy.mx\/noticias\/wp-json\/wp\/v2\/media?parent=104272"}],"wp:term":[{"taxonomy":"category","embeddable":true,"href":"https:\/\/reporteroshoy.mx\/noticias\/wp-json\/wp\/v2\/categories?post=104272"},{"taxonomy":"post_tag","embeddable":true,"href":"https:\/\/reporteroshoy.mx\/noticias\/wp-json\/wp\/v2\/tags?post=104272"}],"curies":[{"name":"wp","href":"https:\/\/api.w.org\/{rel}","templated":true}]}}