{"id":104442,"date":"2023-08-04T20:13:24","date_gmt":"2023-08-05T02:13:24","guid":{"rendered":"https:\/\/reporteroshoy.mx\/noticias\/?p=104442"},"modified":"2023-08-04T20:16:10","modified_gmt":"2023-08-05T02:16:10","slug":"pan-pri-y-prd-la-vacuna-contra-el-virus-de-la-4t-de-la-madrid","status":"publish","type":"post","link":"https:\/\/reporteroshoy.mx\/noticias\/pan-pri-y-prd-la-vacuna-contra-el-virus-de-la-4t-de-la-madrid\/","title":{"rendered":"PAN, PRI y PRD la vacuna contra el virus de la 4T: De la Madrid"},"content":{"rendered":"<p style=\"text-align: justify;\">En su gira por Yucat\u00e1n, el exsecretario de Turismo, Enrique de la Madrid Cordero, declar\u00f3 que el Frente Amplio por M\u00e9xico es la vacuna para acabar con el virus de la 4T que tanto da\u00f1o le ha hecho a nuestra sociedad.<\/p>\n<p><img loading=\"lazy\" decoding=\"async\" class=\"alignnone size-full wp-image-104443\" src=\"https:\/\/reporteroshoy.mx\/noticias\/wp-content\/uploads\/2023\/08\/VIRUS_ENRIQUE-DE-LA-MADRID-scaled.jpg\" alt=\"\" width=\"768\" height=\"512\" \/><\/p>\n<p style=\"text-align: justify;\">Acompa\u00f1ado del presidente estatal del PRI, Gaspar Quintal Parra, tambi\u00e9n hizo un llamado a poner un alto al &#8216;presidencialismo&#8217; y apostar al federalismo, para fortalecer a los estados y a los municipios.<\/p>\n<h3>De la Madrid dice que hay asintom\u00e1ticos<\/h3>\n<p style=\"text-align: justify;\">\u201cAlgunos mexicanos son asintom\u00e1ticos al virus de la 4T y muchos se est\u00e1n muriendo, entonces estamos hablando de una infecci\u00f3n y necesitamos la vacuna del Frente Amplio por M\u00e9xico\u00bb, sostuvo.<\/p>\n<p style=\"text-align: justify;\">Explic\u00f3 que, en estos momentos, diferentes liderazgos que forman parte del Frente est\u00e1n compitiendo para ver qui\u00e9n encabezar\u00e1 este movimiento, pero independientemente de quien resulte favorecido, todos van a ir juntos en las elecciones del 2024.<\/p>\n<p style=\"text-align: justify;\">De la Madrid tambi\u00e9n indic\u00f3 que est\u00e1 avanzando positivamente en recabar las 150 mil firmas de voluntades que respalden su aspiraci\u00f3n pol\u00edtica, por lo que conf\u00eda que pasar\u00e1 a la siguiente etapa de este proceso democr\u00e1tico.<\/p>\n<p style=\"text-align: justify;\">Por su parte, Gaspar Quintal se\u00f1al\u00f3 que el PRI est\u00e1 proponiendo a muy buenos liderazgos al Frente Amplio para poder recuperar, con su experiencia y cuadros, espacios pol\u00edticos importantes en beneficio de la ciudadan\u00eda.<\/p>\n<p><em><strong>Te puede interesar: <\/strong><\/em><a href=\"https:\/\/reporteroshoy.mx\/noticias\/pri-inicia-consulta-para-construir-su-plataforma-electoral\/\"><em><strong>PRI inicia consulta para construir su plataforma electoral<\/strong><\/em><\/a><\/p>\n<p style=\"text-align: justify;\">Como parte de la agenda de trabajo de Enrique de la Madrid destaca un encuentro con la sociedad civil denominado \u201cConversemos juntos sobre el futuro de M\u00e9xico\u201d, as\u00ed como una reuni\u00f3n en la Casa del Pueblo con l\u00edderes del PRI en Yucat\u00e1n.<\/p>\n","protected":false},"excerpt":{"rendered":"<p>\u201cAlgunos mexicanos son asintom\u00e1ticos al virus de la 4T\u00bb se\u00f1al\u00f3 en M\u00e9rida el aspirante presidencial Enrique de la Madrid Cordero. <\/p>\n","protected":false},"author":5,"featured_media":104443,"comment_status":"open","ping_status":"closed","sticky":false,"template":"","format":"standard","meta":{"footnotes":""},"categories":[24410],"tags":[24883,24668,370,23],"class_list":["post-104442","post","type-post","status-publish","format-standard","has-post-thumbnail","hentry","category-politica","tag-enrique-de-la-madrid","tag-frente-amplio-por-mexico","tag-pri","tag-yucatan"],"yoast_head":"<!-- This site is optimized with the Yoast SEO plugin v28.4 - https:\/\/yoast.com\/product\/yoast-seo-wordpress\/ -->\n<title>PAN, PRI y PRD la vacuna contra el virus de la 4T: De la Madrid<\/title>\n<meta name=\"description\" content=\"\u201cAlgunos mexicanos son asintom\u00e1ticos al virus de la 4T&quot; se\u00f1al\u00f3 en M\u00e9rida el aspirante presidencial Enrique de la Madrid Cordero.\" \/>\n<meta name=\"robots\" content=\"index, follow, max-snippet:-1, max-image-preview:large, max-video-preview:-1\" \/>\n<link rel=\"canonical\" href=\"https:\/\/reporteroshoy.mx\/noticias\/pan-pri-y-prd-la-vacuna-contra-el-virus-de-la-4t-de-la-madrid\/\" \/>\n<meta property=\"og:locale\" content=\"es_ES\" \/>\n<meta property=\"og:type\" content=\"article\" \/>\n<meta property=\"og:title\" content=\"PAN, PRI y PRD la vacuna contra el virus de la 4T: De la Madrid\" \/>\n<meta property=\"og:description\" content=\"\u201cAlgunos mexicanos son asintom\u00e1ticos al virus de la 4T&quot; se\u00f1al\u00f3 en M\u00e9rida el aspirante presidencial Enrique de la Madrid Cordero.\" \/>\n<meta property=\"og:url\" content=\"https:\/\/reporteroshoy.mx\/noticias\/pan-pri-y-prd-la-vacuna-contra-el-virus-de-la-4t-de-la-madrid\/\" \/>\n<meta property=\"og:site_name\" content=\"Reporteros Hoy | Noticias de Yucat\u00e1n\" \/>\n<meta property=\"article:publisher\" content=\"http:\/\/www.facebook.com\/reporteroshoymx\" \/>\n<meta property=\"article:published_time\" content=\"2023-08-05T02:13:24+00:00\" \/>\n<meta property=\"article:modified_time\" content=\"2023-08-05T02:16:10+00:00\" \/>\n<meta property=\"og:image\" content=\"https:\/\/reporteroshoy.mx\/noticias\/wp-content\/uploads\/2023\/08\/VIRUS_ENRIQUE-DE-LA-MADRID-scaled.jpg\" \/>\n\t<meta property=\"og:image:width\" content=\"768\" \/>\n\t<meta property=\"og:image:height\" content=\"512\" \/>\n\t<meta property=\"og:image:type\" content=\"image\/jpeg\" \/>\n<meta name=\"author\" content=\"Reporteros Hoy IM\" \/>\n<meta name=\"twitter:card\" content=\"summary_large_image\" \/>\n<meta name=\"twitter:creator\" content=\"@reporteroshoy\" \/>\n<meta name=\"twitter:site\" content=\"@reporteroshoy\" \/>\n<meta name=\"twitter:label1\" content=\"Escrito por\" \/>\n\t<meta name=\"twitter:data1\" content=\"Reporteros Hoy IM\" \/>\n\t<meta name=\"twitter:label2\" content=\"Tiempo de lectura\" \/>\n\t<meta name=\"twitter:data2\" content=\"2 minutos\" \/>\n<script type=\"application\/ld+json\" class=\"yoast-schema-graph\">{\"@context\":\"https:\\\/\\\/schema.org\",\"@graph\":[{\"@type\":\"Article\",\"@id\":\"https:\\\/\\\/reporteroshoy.mx\\\/noticias\\\/pan-pri-y-prd-la-vacuna-contra-el-virus-de-la-4t-de-la-madrid\\\/#article\",\"isPartOf\":{\"@id\":\"https:\\\/\\\/reporteroshoy.mx\\\/noticias\\\/pan-pri-y-prd-la-vacuna-contra-el-virus-de-la-4t-de-la-madrid\\\/\"},\"author\":{\"name\":\"Reporteros Hoy IM\",\"@id\":\"https:\\\/\\\/reporteroshoy.mx\\\/noticias\\\/#\\\/schema\\\/person\\\/948520f0d88b01be2e5266bc4acbbc15\"},\"headline\":\"PAN, PRI y PRD la vacuna contra el virus de la 4T: De la Madrid\",\"datePublished\":\"2023-08-05T02:13:24+00:00\",\"dateModified\":\"2023-08-05T02:16:10+00:00\",\"mainEntityOfPage\":{\"@id\":\"https:\\\/\\\/reporteroshoy.mx\\\/noticias\\\/pan-pri-y-prd-la-vacuna-contra-el-virus-de-la-4t-de-la-madrid\\\/\"},\"wordCount\":306,\"commentCount\":0,\"image\":{\"@id\":\"https:\\\/\\\/reporteroshoy.mx\\\/noticias\\\/pan-pri-y-prd-la-vacuna-contra-el-virus-de-la-4t-de-la-madrid\\\/#primaryimage\"},\"thumbnailUrl\":\"https:\\\/\\\/reporteroshoy.mx\\\/noticias\\\/wp-content\\\/uploads\\\/2023\\\/08\\\/VIRUS_ENRIQUE-DE-LA-MADRID-scaled.jpg\",\"keywords\":[\"Enrique de la Madrid\",\"Frente Amplio por M\u00e9xico\",\"PRI\",\"Yucat\u00e1n\"],\"articleSection\":[\"Pol\u00edtica\"],\"inLanguage\":\"es\",\"potentialAction\":[{\"@type\":\"CommentAction\",\"name\":\"Comment\",\"target\":[\"https:\\\/\\\/reporteroshoy.mx\\\/noticias\\\/pan-pri-y-prd-la-vacuna-contra-el-virus-de-la-4t-de-la-madrid\\\/#respond\"]}]},{\"@type\":\"WebPage\",\"@id\":\"https:\\\/\\\/reporteroshoy.mx\\\/noticias\\\/pan-pri-y-prd-la-vacuna-contra-el-virus-de-la-4t-de-la-madrid\\\/\",\"url\":\"https:\\\/\\\/reporteroshoy.mx\\\/noticias\\\/pan-pri-y-prd-la-vacuna-contra-el-virus-de-la-4t-de-la-madrid\\\/\",\"name\":\"PAN, PRI y PRD la vacuna contra el virus de la 4T: De la Madrid\",\"isPartOf\":{\"@id\":\"https:\\\/\\\/reporteroshoy.mx\\\/noticias\\\/#website\"},\"primaryImageOfPage\":{\"@id\":\"https:\\\/\\\/reporteroshoy.mx\\\/noticias\\\/pan-pri-y-prd-la-vacuna-contra-el-virus-de-la-4t-de-la-madrid\\\/#primaryimage\"},\"image\":{\"@id\":\"https:\\\/\\\/reporteroshoy.mx\\\/noticias\\\/pan-pri-y-prd-la-vacuna-contra-el-virus-de-la-4t-de-la-madrid\\\/#primaryimage\"},\"thumbnailUrl\":\"https:\\\/\\\/reporteroshoy.mx\\\/noticias\\\/wp-content\\\/uploads\\\/2023\\\/08\\\/VIRUS_ENRIQUE-DE-LA-MADRID-scaled.jpg\",\"datePublished\":\"2023-08-05T02:13:24+00:00\",\"dateModified\":\"2023-08-05T02:16:10+00:00\",\"author\":{\"@id\":\"https:\\\/\\\/reporteroshoy.mx\\\/noticias\\\/#\\\/schema\\\/person\\\/948520f0d88b01be2e5266bc4acbbc15\"},\"description\":\"\u201cAlgunos mexicanos son asintom\u00e1ticos al virus de la 4T\\\" se\u00f1al\u00f3 en M\u00e9rida el aspirante presidencial Enrique de la Madrid Cordero.\",\"breadcrumb\":{\"@id\":\"https:\\\/\\\/reporteroshoy.mx\\\/noticias\\\/pan-pri-y-prd-la-vacuna-contra-el-virus-de-la-4t-de-la-madrid\\\/#breadcrumb\"},\"inLanguage\":\"es\",\"potentialAction\":[{\"@type\":\"ReadAction\",\"target\":[\"https:\\\/\\\/reporteroshoy.mx\\\/noticias\\\/pan-pri-y-prd-la-vacuna-contra-el-virus-de-la-4t-de-la-madrid\\\/\"]}]},{\"@type\":\"ImageObject\",\"inLanguage\":\"es\",\"@id\":\"https:\\\/\\\/reporteroshoy.mx\\\/noticias\\\/pan-pri-y-prd-la-vacuna-contra-el-virus-de-la-4t-de-la-madrid\\\/#primaryimage\",\"url\":\"https:\\\/\\\/reporteroshoy.mx\\\/noticias\\\/wp-content\\\/uploads\\\/2023\\\/08\\\/VIRUS_ENRIQUE-DE-LA-MADRID-scaled.jpg\",\"contentUrl\":\"https:\\\/\\\/reporteroshoy.mx\\\/noticias\\\/wp-content\\\/uploads\\\/2023\\\/08\\\/VIRUS_ENRIQUE-DE-LA-MADRID-scaled.jpg\",\"width\":768,\"height\":512},{\"@type\":\"BreadcrumbList\",\"@id\":\"https:\\\/\\\/reporteroshoy.mx\\\/noticias\\\/pan-pri-y-prd-la-vacuna-contra-el-virus-de-la-4t-de-la-madrid\\\/#breadcrumb\",\"itemListElement\":[{\"@type\":\"ListItem\",\"position\":1,\"name\":\"Portada\",\"item\":\"https:\\\/\\\/reporteroshoy.mx\\\/noticias\\\/\"},{\"@type\":\"ListItem\",\"position\":2,\"name\":\"PAN, PRI y PRD la vacuna contra el virus de la 4T: De la Madrid\"}]},{\"@type\":\"WebSite\",\"@id\":\"https:\\\/\\\/reporteroshoy.mx\\\/noticias\\\/#website\",\"url\":\"https:\\\/\\\/reporteroshoy.mx\\\/noticias\\\/\",\"name\":\"Reporteros Hoy | Noticias de Yucat\u00e1n\",\"description\":\"Peri\u00f3dico digital con noticias diarias desde M\u00e9rida, Yucat\u00e1n para el mundo.\",\"potentialAction\":[{\"@type\":\"SearchAction\",\"target\":{\"@type\":\"EntryPoint\",\"urlTemplate\":\"https:\\\/\\\/reporteroshoy.mx\\\/noticias\\\/?s={search_term_string}\"},\"query-input\":{\"@type\":\"PropertyValueSpecification\",\"valueRequired\":true,\"valueName\":\"search_term_string\"}}],\"inLanguage\":\"es\"},{\"@type\":\"Person\",\"@id\":\"https:\\\/\\\/reporteroshoy.mx\\\/noticias\\\/#\\\/schema\\\/person\\\/948520f0d88b01be2e5266bc4acbbc15\",\"name\":\"Reporteros Hoy IM\",\"image\":{\"@type\":\"ImageObject\",\"inLanguage\":\"es\",\"@id\":\"https:\\\/\\\/secure.gravatar.com\\\/avatar\\\/d843030b96552826ac048bdfe26f2895604b800ed0c880ee55765a74d95dfc65?s=96&d=mm&r=g\",\"url\":\"https:\\\/\\\/secure.gravatar.com\\\/avatar\\\/d843030b96552826ac048bdfe26f2895604b800ed0c880ee55765a74d95dfc65?s=96&d=mm&r=g\",\"contentUrl\":\"https:\\\/\\\/secure.gravatar.com\\\/avatar\\\/d843030b96552826ac048bdfe26f2895604b800ed0c880ee55765a74d95dfc65?s=96&d=mm&r=g\",\"caption\":\"Reporteros Hoy IM\"},\"url\":\"https:\\\/\\\/reporteroshoy.mx\\\/noticias\\\/author\\\/israel\\\/\"}]}<\/script>\n<!-- \/ Yoast SEO plugin. -->","yoast_head_json":{"title":"PAN, PRI y PRD la vacuna contra el virus de la 4T: De la Madrid","description":"\u201cAlgunos mexicanos son asintom\u00e1ticos al virus de la 4T\" se\u00f1al\u00f3 en M\u00e9rida el aspirante presidencial Enrique de la Madrid Cordero.","robots":{"index":"index","follow":"follow","max-snippet":"max-snippet:-1","max-image-preview":"max-image-preview:large","max-video-preview":"max-video-preview:-1"},"canonical":"https:\/\/reporteroshoy.mx\/noticias\/pan-pri-y-prd-la-vacuna-contra-el-virus-de-la-4t-de-la-madrid\/","og_locale":"es_ES","og_type":"article","og_title":"PAN, PRI y PRD la vacuna contra el virus de la 4T: De la Madrid","og_description":"\u201cAlgunos mexicanos son asintom\u00e1ticos al virus de la 4T\" se\u00f1al\u00f3 en M\u00e9rida el aspirante presidencial Enrique de la Madrid Cordero.","og_url":"https:\/\/reporteroshoy.mx\/noticias\/pan-pri-y-prd-la-vacuna-contra-el-virus-de-la-4t-de-la-madrid\/","og_site_name":"Reporteros Hoy | Noticias de Yucat\u00e1n","article_publisher":"http:\/\/www.facebook.com\/reporteroshoymx","article_published_time":"2023-08-05T02:13:24+00:00","article_modified_time":"2023-08-05T02:16:10+00:00","og_image":[{"width":768,"height":512,"url":"https:\/\/reporteroshoy.mx\/noticias\/wp-content\/uploads\/2023\/08\/VIRUS_ENRIQUE-DE-LA-MADRID-scaled.jpg","type":"image\/jpeg"}],"author":"Reporteros Hoy IM","twitter_card":"summary_large_image","twitter_creator":"@reporteroshoy","twitter_site":"@reporteroshoy","twitter_misc":{"Escrito por":"Reporteros Hoy IM","Tiempo de lectura":"2 minutos"},"schema":{"@context":"https:\/\/schema.org","@graph":[{"@type":"Article","@id":"https:\/\/reporteroshoy.mx\/noticias\/pan-pri-y-prd-la-vacuna-contra-el-virus-de-la-4t-de-la-madrid\/#article","isPartOf":{"@id":"https:\/\/reporteroshoy.mx\/noticias\/pan-pri-y-prd-la-vacuna-contra-el-virus-de-la-4t-de-la-madrid\/"},"author":{"name":"Reporteros Hoy IM","@id":"https:\/\/reporteroshoy.mx\/noticias\/#\/schema\/person\/948520f0d88b01be2e5266bc4acbbc15"},"headline":"PAN, PRI y PRD la vacuna contra el virus de la 4T: De la Madrid","datePublished":"2023-08-05T02:13:24+00:00","dateModified":"2023-08-05T02:16:10+00:00","mainEntityOfPage":{"@id":"https:\/\/reporteroshoy.mx\/noticias\/pan-pri-y-prd-la-vacuna-contra-el-virus-de-la-4t-de-la-madrid\/"},"wordCount":306,"commentCount":0,"image":{"@id":"https:\/\/reporteroshoy.mx\/noticias\/pan-pri-y-prd-la-vacuna-contra-el-virus-de-la-4t-de-la-madrid\/#primaryimage"},"thumbnailUrl":"https:\/\/reporteroshoy.mx\/noticias\/wp-content\/uploads\/2023\/08\/VIRUS_ENRIQUE-DE-LA-MADRID-scaled.jpg","keywords":["Enrique de la Madrid","Frente Amplio por M\u00e9xico","PRI","Yucat\u00e1n"],"articleSection":["Pol\u00edtica"],"inLanguage":"es","potentialAction":[{"@type":"CommentAction","name":"Comment","target":["https:\/\/reporteroshoy.mx\/noticias\/pan-pri-y-prd-la-vacuna-contra-el-virus-de-la-4t-de-la-madrid\/#respond"]}]},{"@type":"WebPage","@id":"https:\/\/reporteroshoy.mx\/noticias\/pan-pri-y-prd-la-vacuna-contra-el-virus-de-la-4t-de-la-madrid\/","url":"https:\/\/reporteroshoy.mx\/noticias\/pan-pri-y-prd-la-vacuna-contra-el-virus-de-la-4t-de-la-madrid\/","name":"PAN, PRI y PRD la vacuna contra el virus de la 4T: De la Madrid","isPartOf":{"@id":"https:\/\/reporteroshoy.mx\/noticias\/#website"},"primaryImageOfPage":{"@id":"https:\/\/reporteroshoy.mx\/noticias\/pan-pri-y-prd-la-vacuna-contra-el-virus-de-la-4t-de-la-madrid\/#primaryimage"},"image":{"@id":"https:\/\/reporteroshoy.mx\/noticias\/pan-pri-y-prd-la-vacuna-contra-el-virus-de-la-4t-de-la-madrid\/#primaryimage"},"thumbnailUrl":"https:\/\/reporteroshoy.mx\/noticias\/wp-content\/uploads\/2023\/08\/VIRUS_ENRIQUE-DE-LA-MADRID-scaled.jpg","datePublished":"2023-08-05T02:13:24+00:00","dateModified":"2023-08-05T02:16:10+00:00","author":{"@id":"https:\/\/reporteroshoy.mx\/noticias\/#\/schema\/person\/948520f0d88b01be2e5266bc4acbbc15"},"description":"\u201cAlgunos mexicanos son asintom\u00e1ticos al virus de la 4T\" se\u00f1al\u00f3 en M\u00e9rida el aspirante presidencial Enrique de la Madrid Cordero.","breadcrumb":{"@id":"https:\/\/reporteroshoy.mx\/noticias\/pan-pri-y-prd-la-vacuna-contra-el-virus-de-la-4t-de-la-madrid\/#breadcrumb"},"inLanguage":"es","potentialAction":[{"@type":"ReadAction","target":["https:\/\/reporteroshoy.mx\/noticias\/pan-pri-y-prd-la-vacuna-contra-el-virus-de-la-4t-de-la-madrid\/"]}]},{"@type":"ImageObject","inLanguage":"es","@id":"https:\/\/reporteroshoy.mx\/noticias\/pan-pri-y-prd-la-vacuna-contra-el-virus-de-la-4t-de-la-madrid\/#primaryimage","url":"https:\/\/reporteroshoy.mx\/noticias\/wp-content\/uploads\/2023\/08\/VIRUS_ENRIQUE-DE-LA-MADRID-scaled.jpg","contentUrl":"https:\/\/reporteroshoy.mx\/noticias\/wp-content\/uploads\/2023\/08\/VIRUS_ENRIQUE-DE-LA-MADRID-scaled.jpg","width":768,"height":512},{"@type":"BreadcrumbList","@id":"https:\/\/reporteroshoy.mx\/noticias\/pan-pri-y-prd-la-vacuna-contra-el-virus-de-la-4t-de-la-madrid\/#breadcrumb","itemListElement":[{"@type":"ListItem","position":1,"name":"Portada","item":"https:\/\/reporteroshoy.mx\/noticias\/"},{"@type":"ListItem","position":2,"name":"PAN, PRI y PRD la vacuna contra el virus de la 4T: De la Madrid"}]},{"@type":"WebSite","@id":"https:\/\/reporteroshoy.mx\/noticias\/#website","url":"https:\/\/reporteroshoy.mx\/noticias\/","name":"Reporteros Hoy | Noticias de Yucat\u00e1n","description":"Peri\u00f3dico digital con noticias diarias desde M\u00e9rida, Yucat\u00e1n para el mundo.","potentialAction":[{"@type":"SearchAction","target":{"@type":"EntryPoint","urlTemplate":"https:\/\/reporteroshoy.mx\/noticias\/?s={search_term_string}"},"query-input":{"@type":"PropertyValueSpecification","valueRequired":true,"valueName":"search_term_string"}}],"inLanguage":"es"},{"@type":"Person","@id":"https:\/\/reporteroshoy.mx\/noticias\/#\/schema\/person\/948520f0d88b01be2e5266bc4acbbc15","name":"Reporteros Hoy IM","image":{"@type":"ImageObject","inLanguage":"es","@id":"https:\/\/secure.gravatar.com\/avatar\/d843030b96552826ac048bdfe26f2895604b800ed0c880ee55765a74d95dfc65?s=96&d=mm&r=g","url":"https:\/\/secure.gravatar.com\/avatar\/d843030b96552826ac048bdfe26f2895604b800ed0c880ee55765a74d95dfc65?s=96&d=mm&r=g","contentUrl":"https:\/\/secure.gravatar.com\/avatar\/d843030b96552826ac048bdfe26f2895604b800ed0c880ee55765a74d95dfc65?s=96&d=mm&r=g","caption":"Reporteros Hoy IM"},"url":"https:\/\/reporteroshoy.mx\/noticias\/author\/israel\/"}]}},"_links":{"self":[{"href":"https:\/\/reporteroshoy.mx\/noticias\/wp-json\/wp\/v2\/posts\/104442","targetHints":{"allow":["GET"]}}],"collection":[{"href":"https:\/\/reporteroshoy.mx\/noticias\/wp-json\/wp\/v2\/posts"}],"about":[{"href":"https:\/\/reporteroshoy.mx\/noticias\/wp-json\/wp\/v2\/types\/post"}],"author":[{"embeddable":true,"href":"https:\/\/reporteroshoy.mx\/noticias\/wp-json\/wp\/v2\/users\/5"}],"replies":[{"embeddable":true,"href":"https:\/\/reporteroshoy.mx\/noticias\/wp-json\/wp\/v2\/comments?post=104442"}],"version-history":[{"count":0,"href":"https:\/\/reporteroshoy.mx\/noticias\/wp-json\/wp\/v2\/posts\/104442\/revisions"}],"wp:featuredmedia":[{"embeddable":true,"href":"https:\/\/reporteroshoy.mx\/noticias\/wp-json\/wp\/v2\/media\/104443"}],"wp:attachment":[{"href":"https:\/\/reporteroshoy.mx\/noticias\/wp-json\/wp\/v2\/media?parent=104442"}],"wp:term":[{"taxonomy":"category","embeddable":true,"href":"https:\/\/reporteroshoy.mx\/noticias\/wp-json\/wp\/v2\/categories?post=104442"},{"taxonomy":"post_tag","embeddable":true,"href":"https:\/\/reporteroshoy.mx\/noticias\/wp-json\/wp\/v2\/tags?post=104442"}],"curies":[{"name":"wp","href":"https:\/\/api.w.org\/{rel}","templated":true}]}}