{"id":104804,"date":"2023-08-18T23:19:09","date_gmt":"2023-08-19T05:19:09","guid":{"rendered":"https:\/\/reporteroshoy.mx\/noticias\/?p=104804"},"modified":"2023-08-18T23:23:18","modified_gmt":"2023-08-19T05:23:18","slug":"honran-tenacidad-vision-y-grandeza-de-gobierno-de-victor-cervera","status":"publish","type":"post","link":"https:\/\/reporteroshoy.mx\/noticias\/honran-tenacidad-vision-y-grandeza-de-gobierno-de-victor-cervera\/","title":{"rendered":"Honran tenacidad, visi\u00f3n y grandeza de gobierno de V\u00edctor Cervera"},"content":{"rendered":"<p style=\"text-align: justify;\">\u201cA 19 a\u00f1os del fallecimiento de V\u00edctor Cervera Pacheco, estamos viendo con mucha claridad la grandeza de gobierno y comprendiendo su visi\u00f3n de desarrollo que han permitido que Yucat\u00e1n salga adelante\u201d, asegur\u00f3 el <span style=\"text-decoration: underline; color: #0000ff;\"><strong><a style=\"color: #0000ff; text-decoration: underline;\" href=\"https:\/\/reporteroshoy.mx\/noticias\/podran-cocinarse-gobiernos-de-coalicion-en-yucatan\/\">presidente estatal del PRI, Gaspar Quintal Parra<\/a><\/strong><\/span>, durante el homenaje luctuoso en su honor celebrado este viernes en la Casa del Pueblo.<\/p>\n<p>En el emotivo acto, en el que se coloc\u00f3 una ofrenda floral al busto del extinto mandatario, acudieron amigos, colaboradores y diferentes liderazgos del partido que reconocieron su legado.<\/p>\n<p style=\"text-align: justify;\"><img loading=\"lazy\" decoding=\"async\" class=\"wp-image-104807 aligncenter\" src=\"https:\/\/reporteroshoy.mx\/noticias\/wp-content\/uploads\/2023\/08\/Victor-Cervera-Pacheco-2-scaled.jpeg\" alt=\"V\u00edctor Cervera Pacheco\" width=\"628\" height=\"442\" \/><\/p>\n<p>Durante su mensaje, Gaspar Quintal record\u00f3 la \u00faltima conversaci\u00f3n que tuvo con V\u00edctor Cervera <span style=\"text-decoration: underline; color: #0000ff;\"><strong><a style=\"color: #0000ff; text-decoration: underline;\" href=\"https:\/\/vlex.com.mx\/vid\/muere-victor-cervera-victima-infarto-79500775\">antes de su deceso<\/a><\/strong><\/span>, en el que le dio un mensaje sobre la importancia de asumir responsabilidades a favor de la gente y del partido, sobre todo en los tiempos m\u00e1s complicados.<\/p>\n<p>\u201cY ahora que que estamos en un momento hist\u00f3rico en el que las aguas se van asentando, vemos con mucha m\u00e1s claridad que ten\u00eda raz\u00f3n, que su visi\u00f3n de Estado dio resultados, por eso ahora vemos a otros gobiernos que intentan adue\u00f1arse de sus obras. Hoy honramos su sacrificio, su tenacidad y fortaleza\u201d, declar\u00f3.<\/p>\n<p style=\"text-align: justify;\"><img loading=\"lazy\" decoding=\"async\" class=\"wp-image-104805 aligncenter\" src=\"https:\/\/reporteroshoy.mx\/noticias\/wp-content\/uploads\/2023\/08\/Victor-Cervera-Pacheco-4-scaled.jpeg\" alt=\"V\u00edctor Cervera Pacheco\" width=\"629\" height=\"419\" \/> Por su parte, Felipe Cervera Hern\u00e1ndez, hijo del homenajeado y secretario adjunto de la Presidencia del PRI estatal, record\u00f3 que siempre dec\u00eda que un buen pol\u00edtico tiene que tener el coraz\u00f3n caliente para comprender y ser emp\u00e1tico con las angustias y los sentimientos de las personas que requieren ayuda, pero tambi\u00e9n tener la cabeza fr\u00eda para poder encontrar las soluciones a sus problemas.<\/p>\n<p>En ese sentido, invit\u00f3 a los presentes a seguir haciendo pol\u00edtica y llegar unidos a las elecciones del 2024, para poder incidir a favor de Yucat\u00e1n y de su gente.<\/p>\n<h3 style=\"text-align: justify;\"><strong>\u00abSi V\u00edctor Cervera viviera, estuviera en la casa del PRI\u00bb<\/strong><\/h3>\n<p style=\"text-align: justify;\">\u201cY si V\u00edctor Cervera viviera, estuviera en la casa del PRI, no se ir\u00eda a otro lado como otros que se dicen pol\u00edticos\u201d, recalc\u00f3 Felipe Cervera, lo que desat\u00f3 el aplauso de los asistentes.<\/p>\n<p style=\"text-align: justify;\">Cabe mencionar que al homenaje tambi\u00e9n acudi\u00f3 el presidente municipal de Tetiz, Melesio Canch\u00e9 Ruiz, quien fue uno de los oradores del acto y que relat\u00f3 varias remembranzas del extinto pol\u00edtico. Asimismo acudieron la exgobernadora Dulce Mar\u00eda Sauri Riancho; el senador Jorge Carlos Ram\u00edrez Mar\u00edn, y los exdiputados Nerio Torres Ortiz e Ignacio Mendicuti Pav\u00f3n, entre otras personalidades.<\/p>\n<p><img loading=\"lazy\" decoding=\"async\" class=\"wp-image-104806 aligncenter\" src=\"https:\/\/reporteroshoy.mx\/noticias\/wp-content\/uploads\/2023\/08\/Victor-Cervera-Pacheco-3-scaled.jpeg\" alt=\"V\u00edctor Cervera Pacheco\" width=\"615\" height=\"410\" \/><\/p>\n<p style=\"text-align: justify;\">Como parte de las actividades que se llevaron a cabo este viernes para recordar a V\u00edctor Cervera Pacheco, se depositaron ofrendas florales y guardia de honor en el busto que se encuentra en su natal Dzemul, en donde participaron su sobrino V\u00edctor Pacheco Canto; el alcalde Roque Jacinto Ku Ku; el secretario de Acci\u00f3n Pol\u00edtica del PRI, William P\u00e9rez Cabrera; y Juan Manuel Sierra Medina, integrante del Comit\u00e9 Directivo Estatal del partido.<\/p>\n<p><img loading=\"lazy\" decoding=\"async\" class=\"wp-image-104808 aligncenter\" src=\"https:\/\/reporteroshoy.mx\/noticias\/wp-content\/uploads\/2023\/08\/Victor-Cervera-Pacheco-1-scaled.jpeg\" alt=\"V\u00edctor Cervera Pacheco\" width=\"654\" height=\"436\" \/><\/p>\n<p style=\"text-align: justify;\">Tambi\u00e9n se realiz\u00f3 una ceremonia en la placa que lleva su nombre en una de las principales avenidas de puerto Progreso, evento encabezado por el secretario de Organizaci\u00f3n del PRI, Luis Borjas Romero; el dirigente del partido en ese municipio, Porfirio Trejo Zozaya; as\u00ed como el exfuncionario municipal, Freddy Castillo Ju\u00e1rez, quien durante su discurso destac\u00f3 las obras emblem\u00e1ticas del pol\u00edtico yucateco, como el Puerto de Altura.<\/p>\n","protected":false},"excerpt":{"rendered":"<p>Durante el 19\u00ba aniversario luctuoso del exgobernador, Gaspar Quintal record\u00f3 sus ense\u00f1anzas sobre asumir responsabilidades a favor de la gente y del partido, sobre todo en los tiempos m\u00e1s complicados.<\/p>\n","protected":false},"author":6,"featured_media":104805,"comment_status":"open","ping_status":"closed","sticky":false,"template":"","format":"standard","meta":{"footnotes":""},"categories":[17],"tags":[13583],"class_list":["post-104804","post","type-post","status-publish","format-standard","has-post-thumbnail","hentry","category-yucatan","tag-victor-cervera-pacheco"],"yoast_head":"<!-- This site is optimized with the Yoast SEO plugin v28.4 - https:\/\/yoast.com\/product\/yoast-seo-wordpress\/ -->\n<title>Honran tenacidad, visi\u00f3n y grandeza de gobierno de V\u00edctor Cervera<\/title>\n<meta name=\"description\" content=\"En el 19\u00ba aniversario luctuoso del exgobernador, recuerdan sus ense\u00f1anzas sobre asumir responsabilidades a favor de la gente y del partido.\" \/>\n<meta name=\"robots\" content=\"index, follow, max-snippet:-1, max-image-preview:large, max-video-preview:-1\" \/>\n<link rel=\"canonical\" href=\"https:\/\/reporteroshoy.mx\/noticias\/honran-tenacidad-vision-y-grandeza-de-gobierno-de-victor-cervera\/\" \/>\n<meta property=\"og:locale\" content=\"es_ES\" \/>\n<meta property=\"og:type\" content=\"article\" \/>\n<meta property=\"og:title\" content=\"Honran tenacidad, visi\u00f3n y grandeza de gobierno de V\u00edctor Cervera\" \/>\n<meta property=\"og:description\" content=\"En el 19\u00ba aniversario luctuoso del exgobernador, recuerdan sus ense\u00f1anzas sobre asumir responsabilidades a favor de la gente y del partido.\" \/>\n<meta property=\"og:url\" content=\"https:\/\/reporteroshoy.mx\/noticias\/honran-tenacidad-vision-y-grandeza-de-gobierno-de-victor-cervera\/\" \/>\n<meta property=\"og:site_name\" content=\"Reporteros Hoy | Noticias de Yucat\u00e1n\" \/>\n<meta property=\"article:publisher\" content=\"http:\/\/www.facebook.com\/reporteroshoymx\" \/>\n<meta property=\"article:published_time\" content=\"2023-08-19T05:19:09+00:00\" \/>\n<meta property=\"article:modified_time\" content=\"2023-08-19T05:23:18+00:00\" \/>\n<meta property=\"og:image\" content=\"https:\/\/reporteroshoy.mx\/noticias\/wp-content\/uploads\/2023\/08\/Victor-Cervera-Pacheco-4-scaled.jpeg\" \/>\n\t<meta property=\"og:image:width\" content=\"768\" \/>\n\t<meta property=\"og:image:height\" content=\"512\" \/>\n\t<meta property=\"og:image:type\" content=\"image\/jpeg\" \/>\n<meta name=\"author\" content=\"Reporteros Hoy GS\" \/>\n<meta name=\"twitter:card\" content=\"summary_large_image\" \/>\n<meta name=\"twitter:creator\" content=\"@reporteroshoy\" \/>\n<meta name=\"twitter:site\" content=\"@reporteroshoy\" \/>\n<meta name=\"twitter:label1\" content=\"Escrito por\" \/>\n\t<meta name=\"twitter:data1\" content=\"Reporteros Hoy GS\" \/>\n\t<meta name=\"twitter:label2\" content=\"Tiempo de lectura\" \/>\n\t<meta name=\"twitter:data2\" content=\"4 minutos\" \/>\n<script type=\"application\/ld+json\" class=\"yoast-schema-graph\">{\"@context\":\"https:\\\/\\\/schema.org\",\"@graph\":[{\"@type\":\"Article\",\"@id\":\"https:\\\/\\\/reporteroshoy.mx\\\/noticias\\\/honran-tenacidad-vision-y-grandeza-de-gobierno-de-victor-cervera\\\/#article\",\"isPartOf\":{\"@id\":\"https:\\\/\\\/reporteroshoy.mx\\\/noticias\\\/honran-tenacidad-vision-y-grandeza-de-gobierno-de-victor-cervera\\\/\"},\"author\":{\"name\":\"Reporteros Hoy GS\",\"@id\":\"https:\\\/\\\/reporteroshoy.mx\\\/noticias\\\/#\\\/schema\\\/person\\\/49ae631fc906b44554e4ba3866c505d7\"},\"headline\":\"Honran tenacidad, visi\u00f3n y grandeza de gobierno de V\u00edctor Cervera\",\"datePublished\":\"2023-08-19T05:19:09+00:00\",\"dateModified\":\"2023-08-19T05:23:18+00:00\",\"mainEntityOfPage\":{\"@id\":\"https:\\\/\\\/reporteroshoy.mx\\\/noticias\\\/honran-tenacidad-vision-y-grandeza-de-gobierno-de-victor-cervera\\\/\"},\"wordCount\":570,\"commentCount\":0,\"image\":{\"@id\":\"https:\\\/\\\/reporteroshoy.mx\\\/noticias\\\/honran-tenacidad-vision-y-grandeza-de-gobierno-de-victor-cervera\\\/#primaryimage\"},\"thumbnailUrl\":\"https:\\\/\\\/reporteroshoy.mx\\\/noticias\\\/wp-content\\\/uploads\\\/2023\\\/08\\\/Victor-Cervera-Pacheco-4-scaled.jpeg\",\"keywords\":[\"V\u00edctor Cervera Pacheco\"],\"articleSection\":[\"Yucat\u00e1n\"],\"inLanguage\":\"es\",\"potentialAction\":[{\"@type\":\"CommentAction\",\"name\":\"Comment\",\"target\":[\"https:\\\/\\\/reporteroshoy.mx\\\/noticias\\\/honran-tenacidad-vision-y-grandeza-de-gobierno-de-victor-cervera\\\/#respond\"]}]},{\"@type\":\"WebPage\",\"@id\":\"https:\\\/\\\/reporteroshoy.mx\\\/noticias\\\/honran-tenacidad-vision-y-grandeza-de-gobierno-de-victor-cervera\\\/\",\"url\":\"https:\\\/\\\/reporteroshoy.mx\\\/noticias\\\/honran-tenacidad-vision-y-grandeza-de-gobierno-de-victor-cervera\\\/\",\"name\":\"Honran tenacidad, visi\u00f3n y grandeza de gobierno de V\u00edctor Cervera\",\"isPartOf\":{\"@id\":\"https:\\\/\\\/reporteroshoy.mx\\\/noticias\\\/#website\"},\"primaryImageOfPage\":{\"@id\":\"https:\\\/\\\/reporteroshoy.mx\\\/noticias\\\/honran-tenacidad-vision-y-grandeza-de-gobierno-de-victor-cervera\\\/#primaryimage\"},\"image\":{\"@id\":\"https:\\\/\\\/reporteroshoy.mx\\\/noticias\\\/honran-tenacidad-vision-y-grandeza-de-gobierno-de-victor-cervera\\\/#primaryimage\"},\"thumbnailUrl\":\"https:\\\/\\\/reporteroshoy.mx\\\/noticias\\\/wp-content\\\/uploads\\\/2023\\\/08\\\/Victor-Cervera-Pacheco-4-scaled.jpeg\",\"datePublished\":\"2023-08-19T05:19:09+00:00\",\"dateModified\":\"2023-08-19T05:23:18+00:00\",\"author\":{\"@id\":\"https:\\\/\\\/reporteroshoy.mx\\\/noticias\\\/#\\\/schema\\\/person\\\/49ae631fc906b44554e4ba3866c505d7\"},\"description\":\"En el 19\u00ba aniversario luctuoso del exgobernador, recuerdan sus ense\u00f1anzas sobre asumir responsabilidades a favor de la gente y del partido.\",\"breadcrumb\":{\"@id\":\"https:\\\/\\\/reporteroshoy.mx\\\/noticias\\\/honran-tenacidad-vision-y-grandeza-de-gobierno-de-victor-cervera\\\/#breadcrumb\"},\"inLanguage\":\"es\",\"potentialAction\":[{\"@type\":\"ReadAction\",\"target\":[\"https:\\\/\\\/reporteroshoy.mx\\\/noticias\\\/honran-tenacidad-vision-y-grandeza-de-gobierno-de-victor-cervera\\\/\"]}]},{\"@type\":\"ImageObject\",\"inLanguage\":\"es\",\"@id\":\"https:\\\/\\\/reporteroshoy.mx\\\/noticias\\\/honran-tenacidad-vision-y-grandeza-de-gobierno-de-victor-cervera\\\/#primaryimage\",\"url\":\"https:\\\/\\\/reporteroshoy.mx\\\/noticias\\\/wp-content\\\/uploads\\\/2023\\\/08\\\/Victor-Cervera-Pacheco-4-scaled.jpeg\",\"contentUrl\":\"https:\\\/\\\/reporteroshoy.mx\\\/noticias\\\/wp-content\\\/uploads\\\/2023\\\/08\\\/Victor-Cervera-Pacheco-4-scaled.jpeg\",\"width\":768,\"height\":512,\"caption\":\"V\u00edctor Cervera Pacheco\"},{\"@type\":\"BreadcrumbList\",\"@id\":\"https:\\\/\\\/reporteroshoy.mx\\\/noticias\\\/honran-tenacidad-vision-y-grandeza-de-gobierno-de-victor-cervera\\\/#breadcrumb\",\"itemListElement\":[{\"@type\":\"ListItem\",\"position\":1,\"name\":\"Portada\",\"item\":\"https:\\\/\\\/reporteroshoy.mx\\\/noticias\\\/\"},{\"@type\":\"ListItem\",\"position\":2,\"name\":\"Honran tenacidad, visi\u00f3n y grandeza de gobierno de V\u00edctor Cervera\"}]},{\"@type\":\"WebSite\",\"@id\":\"https:\\\/\\\/reporteroshoy.mx\\\/noticias\\\/#website\",\"url\":\"https:\\\/\\\/reporteroshoy.mx\\\/noticias\\\/\",\"name\":\"Reporteros Hoy | Noticias de Yucat\u00e1n\",\"description\":\"Peri\u00f3dico digital con noticias diarias desde M\u00e9rida, Yucat\u00e1n para el mundo.\",\"potentialAction\":[{\"@type\":\"SearchAction\",\"target\":{\"@type\":\"EntryPoint\",\"urlTemplate\":\"https:\\\/\\\/reporteroshoy.mx\\\/noticias\\\/?s={search_term_string}\"},\"query-input\":{\"@type\":\"PropertyValueSpecification\",\"valueRequired\":true,\"valueName\":\"search_term_string\"}}],\"inLanguage\":\"es\"},{\"@type\":\"Person\",\"@id\":\"https:\\\/\\\/reporteroshoy.mx\\\/noticias\\\/#\\\/schema\\\/person\\\/49ae631fc906b44554e4ba3866c505d7\",\"name\":\"Reporteros Hoy GS\",\"image\":{\"@type\":\"ImageObject\",\"inLanguage\":\"es\",\"@id\":\"https:\\\/\\\/secure.gravatar.com\\\/avatar\\\/00d32adb620345c3db2cfc175917f65c584e1e338fdc49ad126aa1f9830eb6a9?s=96&d=mm&r=g\",\"url\":\"https:\\\/\\\/secure.gravatar.com\\\/avatar\\\/00d32adb620345c3db2cfc175917f65c584e1e338fdc49ad126aa1f9830eb6a9?s=96&d=mm&r=g\",\"contentUrl\":\"https:\\\/\\\/secure.gravatar.com\\\/avatar\\\/00d32adb620345c3db2cfc175917f65c584e1e338fdc49ad126aa1f9830eb6a9?s=96&d=mm&r=g\",\"caption\":\"Reporteros Hoy GS\"},\"url\":\"https:\\\/\\\/reporteroshoy.mx\\\/noticias\\\/author\\\/lupis\\\/\"}]}<\/script>\n<!-- \/ Yoast SEO plugin. -->","yoast_head_json":{"title":"Honran tenacidad, visi\u00f3n y grandeza de gobierno de V\u00edctor Cervera","description":"En el 19\u00ba aniversario luctuoso del exgobernador, recuerdan sus ense\u00f1anzas sobre asumir responsabilidades a favor de la gente y del partido.","robots":{"index":"index","follow":"follow","max-snippet":"max-snippet:-1","max-image-preview":"max-image-preview:large","max-video-preview":"max-video-preview:-1"},"canonical":"https:\/\/reporteroshoy.mx\/noticias\/honran-tenacidad-vision-y-grandeza-de-gobierno-de-victor-cervera\/","og_locale":"es_ES","og_type":"article","og_title":"Honran tenacidad, visi\u00f3n y grandeza de gobierno de V\u00edctor Cervera","og_description":"En el 19\u00ba aniversario luctuoso del exgobernador, recuerdan sus ense\u00f1anzas sobre asumir responsabilidades a favor de la gente y del partido.","og_url":"https:\/\/reporteroshoy.mx\/noticias\/honran-tenacidad-vision-y-grandeza-de-gobierno-de-victor-cervera\/","og_site_name":"Reporteros Hoy | Noticias de Yucat\u00e1n","article_publisher":"http:\/\/www.facebook.com\/reporteroshoymx","article_published_time":"2023-08-19T05:19:09+00:00","article_modified_time":"2023-08-19T05:23:18+00:00","og_image":[{"width":768,"height":512,"url":"https:\/\/reporteroshoy.mx\/noticias\/wp-content\/uploads\/2023\/08\/Victor-Cervera-Pacheco-4-scaled.jpeg","type":"image\/jpeg"}],"author":"Reporteros Hoy GS","twitter_card":"summary_large_image","twitter_creator":"@reporteroshoy","twitter_site":"@reporteroshoy","twitter_misc":{"Escrito por":"Reporteros Hoy GS","Tiempo de lectura":"4 minutos"},"schema":{"@context":"https:\/\/schema.org","@graph":[{"@type":"Article","@id":"https:\/\/reporteroshoy.mx\/noticias\/honran-tenacidad-vision-y-grandeza-de-gobierno-de-victor-cervera\/#article","isPartOf":{"@id":"https:\/\/reporteroshoy.mx\/noticias\/honran-tenacidad-vision-y-grandeza-de-gobierno-de-victor-cervera\/"},"author":{"name":"Reporteros Hoy GS","@id":"https:\/\/reporteroshoy.mx\/noticias\/#\/schema\/person\/49ae631fc906b44554e4ba3866c505d7"},"headline":"Honran tenacidad, visi\u00f3n y grandeza de gobierno de V\u00edctor Cervera","datePublished":"2023-08-19T05:19:09+00:00","dateModified":"2023-08-19T05:23:18+00:00","mainEntityOfPage":{"@id":"https:\/\/reporteroshoy.mx\/noticias\/honran-tenacidad-vision-y-grandeza-de-gobierno-de-victor-cervera\/"},"wordCount":570,"commentCount":0,"image":{"@id":"https:\/\/reporteroshoy.mx\/noticias\/honran-tenacidad-vision-y-grandeza-de-gobierno-de-victor-cervera\/#primaryimage"},"thumbnailUrl":"https:\/\/reporteroshoy.mx\/noticias\/wp-content\/uploads\/2023\/08\/Victor-Cervera-Pacheco-4-scaled.jpeg","keywords":["V\u00edctor Cervera Pacheco"],"articleSection":["Yucat\u00e1n"],"inLanguage":"es","potentialAction":[{"@type":"CommentAction","name":"Comment","target":["https:\/\/reporteroshoy.mx\/noticias\/honran-tenacidad-vision-y-grandeza-de-gobierno-de-victor-cervera\/#respond"]}]},{"@type":"WebPage","@id":"https:\/\/reporteroshoy.mx\/noticias\/honran-tenacidad-vision-y-grandeza-de-gobierno-de-victor-cervera\/","url":"https:\/\/reporteroshoy.mx\/noticias\/honran-tenacidad-vision-y-grandeza-de-gobierno-de-victor-cervera\/","name":"Honran tenacidad, visi\u00f3n y grandeza de gobierno de V\u00edctor Cervera","isPartOf":{"@id":"https:\/\/reporteroshoy.mx\/noticias\/#website"},"primaryImageOfPage":{"@id":"https:\/\/reporteroshoy.mx\/noticias\/honran-tenacidad-vision-y-grandeza-de-gobierno-de-victor-cervera\/#primaryimage"},"image":{"@id":"https:\/\/reporteroshoy.mx\/noticias\/honran-tenacidad-vision-y-grandeza-de-gobierno-de-victor-cervera\/#primaryimage"},"thumbnailUrl":"https:\/\/reporteroshoy.mx\/noticias\/wp-content\/uploads\/2023\/08\/Victor-Cervera-Pacheco-4-scaled.jpeg","datePublished":"2023-08-19T05:19:09+00:00","dateModified":"2023-08-19T05:23:18+00:00","author":{"@id":"https:\/\/reporteroshoy.mx\/noticias\/#\/schema\/person\/49ae631fc906b44554e4ba3866c505d7"},"description":"En el 19\u00ba aniversario luctuoso del exgobernador, recuerdan sus ense\u00f1anzas sobre asumir responsabilidades a favor de la gente y del partido.","breadcrumb":{"@id":"https:\/\/reporteroshoy.mx\/noticias\/honran-tenacidad-vision-y-grandeza-de-gobierno-de-victor-cervera\/#breadcrumb"},"inLanguage":"es","potentialAction":[{"@type":"ReadAction","target":["https:\/\/reporteroshoy.mx\/noticias\/honran-tenacidad-vision-y-grandeza-de-gobierno-de-victor-cervera\/"]}]},{"@type":"ImageObject","inLanguage":"es","@id":"https:\/\/reporteroshoy.mx\/noticias\/honran-tenacidad-vision-y-grandeza-de-gobierno-de-victor-cervera\/#primaryimage","url":"https:\/\/reporteroshoy.mx\/noticias\/wp-content\/uploads\/2023\/08\/Victor-Cervera-Pacheco-4-scaled.jpeg","contentUrl":"https:\/\/reporteroshoy.mx\/noticias\/wp-content\/uploads\/2023\/08\/Victor-Cervera-Pacheco-4-scaled.jpeg","width":768,"height":512,"caption":"V\u00edctor Cervera Pacheco"},{"@type":"BreadcrumbList","@id":"https:\/\/reporteroshoy.mx\/noticias\/honran-tenacidad-vision-y-grandeza-de-gobierno-de-victor-cervera\/#breadcrumb","itemListElement":[{"@type":"ListItem","position":1,"name":"Portada","item":"https:\/\/reporteroshoy.mx\/noticias\/"},{"@type":"ListItem","position":2,"name":"Honran tenacidad, visi\u00f3n y grandeza de gobierno de V\u00edctor Cervera"}]},{"@type":"WebSite","@id":"https:\/\/reporteroshoy.mx\/noticias\/#website","url":"https:\/\/reporteroshoy.mx\/noticias\/","name":"Reporteros Hoy | Noticias de Yucat\u00e1n","description":"Peri\u00f3dico digital con noticias diarias desde M\u00e9rida, Yucat\u00e1n para el mundo.","potentialAction":[{"@type":"SearchAction","target":{"@type":"EntryPoint","urlTemplate":"https:\/\/reporteroshoy.mx\/noticias\/?s={search_term_string}"},"query-input":{"@type":"PropertyValueSpecification","valueRequired":true,"valueName":"search_term_string"}}],"inLanguage":"es"},{"@type":"Person","@id":"https:\/\/reporteroshoy.mx\/noticias\/#\/schema\/person\/49ae631fc906b44554e4ba3866c505d7","name":"Reporteros Hoy GS","image":{"@type":"ImageObject","inLanguage":"es","@id":"https:\/\/secure.gravatar.com\/avatar\/00d32adb620345c3db2cfc175917f65c584e1e338fdc49ad126aa1f9830eb6a9?s=96&d=mm&r=g","url":"https:\/\/secure.gravatar.com\/avatar\/00d32adb620345c3db2cfc175917f65c584e1e338fdc49ad126aa1f9830eb6a9?s=96&d=mm&r=g","contentUrl":"https:\/\/secure.gravatar.com\/avatar\/00d32adb620345c3db2cfc175917f65c584e1e338fdc49ad126aa1f9830eb6a9?s=96&d=mm&r=g","caption":"Reporteros Hoy GS"},"url":"https:\/\/reporteroshoy.mx\/noticias\/author\/lupis\/"}]}},"_links":{"self":[{"href":"https:\/\/reporteroshoy.mx\/noticias\/wp-json\/wp\/v2\/posts\/104804","targetHints":{"allow":["GET"]}}],"collection":[{"href":"https:\/\/reporteroshoy.mx\/noticias\/wp-json\/wp\/v2\/posts"}],"about":[{"href":"https:\/\/reporteroshoy.mx\/noticias\/wp-json\/wp\/v2\/types\/post"}],"author":[{"embeddable":true,"href":"https:\/\/reporteroshoy.mx\/noticias\/wp-json\/wp\/v2\/users\/6"}],"replies":[{"embeddable":true,"href":"https:\/\/reporteroshoy.mx\/noticias\/wp-json\/wp\/v2\/comments?post=104804"}],"version-history":[{"count":0,"href":"https:\/\/reporteroshoy.mx\/noticias\/wp-json\/wp\/v2\/posts\/104804\/revisions"}],"wp:featuredmedia":[{"embeddable":true,"href":"https:\/\/reporteroshoy.mx\/noticias\/wp-json\/wp\/v2\/media\/104805"}],"wp:attachment":[{"href":"https:\/\/reporteroshoy.mx\/noticias\/wp-json\/wp\/v2\/media?parent=104804"}],"wp:term":[{"taxonomy":"category","embeddable":true,"href":"https:\/\/reporteroshoy.mx\/noticias\/wp-json\/wp\/v2\/categories?post=104804"},{"taxonomy":"post_tag","embeddable":true,"href":"https:\/\/reporteroshoy.mx\/noticias\/wp-json\/wp\/v2\/tags?post=104804"}],"curies":[{"name":"wp","href":"https:\/\/api.w.org\/{rel}","templated":true}]}}