{"id":105000,"date":"2023-08-26T14:36:20","date_gmt":"2023-08-26T20:36:20","guid":{"rendered":"https:\/\/reporteroshoy.mx\/noticias\/?p=105000"},"modified":"2023-08-26T14:36:20","modified_gmt":"2023-08-26T20:36:20","slug":"ultimo-foro-tematico-del-frente-amplio-por-mexico","status":"publish","type":"post","link":"https:\/\/reporteroshoy.mx\/noticias\/ultimo-foro-tematico-del-frente-amplio-por-mexico\/","title":{"rendered":"\u00daltimo foro tem\u00e1tico del Frente Amplio por M\u00e9xico"},"content":{"rendered":"<div id=\":sa\" class=\"Ar Au Ao\">\n<div id=\":s6\" class=\"Am Al editable LW-avf tS-tW tS-tY\" tabindex=\"1\" role=\"textbox\" contenteditable=\"true\" spellcheck=\"false\" aria-label=\"Cuerpo del mensaje\" aria-multiline=\"true\" aria-owns=\":us\" aria-controls=\":us\">\n<div class=\"gmail_default\">\n<p style=\"text-align: justify;\">X\u00f3chitl G\u00e1lvez y Beatriz Paredes, aspirantes por el Frente Amplio por M\u00e9xico, se encontraron de nuevo en el sexto y \u00faltimo foro tem\u00e1tico. Fue una hora con 20 minutos de contrastes. De porras y gritos que sin duda favorecieron a X\u00f3chitl, cuya popularidad ha crecido inusitadamente.<\/p>\n<p style=\"text-align: justify;\">La se\u00f1ora, acusada por el Presidente de dar un salto de \u201cvendedora de gelatinas a empresaria\u201d, lleg\u00f3 al Siglo XXI, a las 10:15 de la ma\u00f1ana, en medio de tumultos, de fot\u00f3grafos y camar\u00f3grafos que se atropellaban ellos mismos. Mientras ella, la protagonista, sencilla, con traje regional, sonre\u00eda, saludaba. Una batucada la esper\u00f3 a la entrada y camin\u00f3 \u00e1gilmente en medio de una valla de mujeres que enarbolaban banderas panistas.<\/p>\n<p style=\"text-align: justify;\">Poco antes, a las 10:05, Beatriz Paredes Rangel, entr\u00f3 por otra puerta del siglo XXI, pero no corriendo, sino caminando lentamente, con un bast\u00f3n como apoyo, hasta que se sent\u00f3 en una silla de ruedas. Un asistente la ayud\u00f3 a entrar al Sal\u00f3n Chich\u00e9n Itz\u00e1, en esa condici\u00f3n. Tra\u00eda tambi\u00e9n batucada, pero las porras, un tanto desangeladas.<\/p>\n<p style=\"text-align: justify;\">Panistas y priistas entraban por igual. Patricio Patr\u00f3n Laviada, Ana Rosa Payan, Ren\u00e1n Barrera Concha, C\u00e9sar Boj\u00f3rquez\u2026 Felipe Cervera, Gaspar Quintal, Jorge Carlos Ram\u00edrez Mar\u00edn y hasta los presidentes nacionales del PRD, PRI y PAN: Jes\u00fas Zambrano, Alejandro Moreno C\u00e1rdenas y Marko Cort\u00e9s.<\/p>\n<p><img loading=\"lazy\" decoding=\"async\" class=\"wp-image-105001 aligncenter\" src=\"https:\/\/reporteroshoy.mx\/noticias\/wp-content\/uploads\/2023\/08\/Frente-Amplio-por-Mexico-scaled.jpg\" alt=\"\" width=\"598\" height=\"337\" \/><\/p>\n<p style=\"text-align: justify;\">X\u00f3chitl G\u00e1lvez se llev\u00f3 los gritos de \u201c!Presidenta! \u00a1Presidenta\u201d y un ramo de flores, mientras Beatriz Paredes, s\u00f3lo el bast\u00f3n que ten\u00eda en la mano.<\/p>\n<h4><strong>Foro con tem\u00e1tica sobre la mujer<\/strong><\/h4>\n<p style=\"text-align: justify;\">Se habl\u00f3 de todo en el foro, pero gir\u00f3 en torno a la mujer: seguridad, equidad y g\u00e9nero, transversalidad, programas para el campo, tecnolog\u00eda. Y elogios para Elvia Carrillo Puerto, precursora yucateca de la lucha a favor de la mujer y el voto, hasta de tamales y papadzules.<\/p>\n<p style=\"text-align: justify;\">Parec\u00eda todo volcado a favor de X\u00f3chitl. Habl\u00f3 de su experiencia como delegada de la Miguel Hidalgo, en Ciudad de M\u00e9xico, de su paso por el gobierno de Fox, resalt\u00f3 las carencias del actual gobierno federal en materia de igualdad y reducci\u00f3n de recursos, de miles de millones para los ind\u00edgenas y para las mujeres.<\/p>\n<p style=\"text-align: justify;\">Paredes Rangel se refiri\u00f3 a un gabinete con mayor\u00eda de mujeres, a pol\u00edticas p\u00fablicas de transversalidad, a la creaci\u00f3n de un ministerio de la mujer para frenar el feminicidio y una transformaci\u00f3n de gobierno.<\/p>\n<h4><strong>Cierre del foro, la mejor parte<\/strong><\/h4>\n<p style=\"text-align: justify;\">Contestaron preguntas previamente elaboradas que la moderadora Hannia Nobel, sac\u00f3 de un frasco de cristal. El cierre del foro fue la mejor parte para ambas ponentes.<\/p>\n<p style=\"text-align: justify;\">X\u00f3chitl dijo que lleg\u00f3 el momento de romper el viejo pacto patriarcal y propuso un nuevo pacto nacional donde gobierne una mujer.<\/p>\n<p style=\"text-align: justify;\">\u201cLleg\u00f3 el momento de romper el techo de cristal\u2026el momento que una mujer gobierne con el coraz\u00f3n y valent\u00eda y no (el gobierno) de un hombre insensible y autoritario. Lleg\u00f3 la hora de abrir la puerta de Palacio Nacional para todas y todos\u201d.<\/p>\n<p style=\"text-align: justify;\">\u00a1X\u00f3chitl, X\u00f3chitl!, respondi\u00f3 la multitud.<\/p>\n<p><em><strong>Te interesa:\u00a0<a href=\"https:\/\/reporteroshoy.mx\/noticias\/cecilia-patron-gano-la-encuesta-por-la-alcaldia-de-merida\/\">Cecilia Patr\u00f3n gan\u00f3 la encuesta por la alcald\u00eda de M\u00e9rida<\/a><\/strong><\/em><\/p>\n<p style=\"text-align: justify;\">Paredes Rangel aclar\u00f3, sin que alguien se lo preguntara, qu\u00e9 ha decidido no declinar porque su participaci\u00f3n en el Frente es un compromiso para reformar el poder y establecer un nuevo sistema pol\u00edtico encabezado por mujeres.<\/p>\n<p style=\"text-align: justify;\">Todo termin\u00f3 a las 12:25. X\u00f3chitl recibi\u00f3 un ramo de flores y aplausos, y cuando se estaba retirando los gritos de \u00a1Presidenta, Presidenta!, mientras Beatriz era saludada por sus viejos amigos priistas, entre ellos, Rolando Zapata Bello, Ram\u00edrez Mar\u00edn. Ella se qued\u00f3 m\u00e1s tiempo en el estrado, con el bast\u00f3n en la mano.<\/p>\n<p style=\"text-align: justify;\"><strong>ACOM<\/strong><\/p>\n<\/div>\n<\/div>\n<\/div>\n","protected":false},"excerpt":{"rendered":"<p>Aunque el foro abord\u00f3 diversos temas, gravit\u00f3 en torno a la mujer: seguridad, equidad de g\u00e9nero, transversalidad, campo y tecnolog\u00eda.<\/p>\n","protected":false},"author":9,"featured_media":105001,"comment_status":"open","ping_status":"closed","sticky":false,"template":"","format":"standard","meta":{"footnotes":""},"categories":[24410],"tags":[9842,24976,24668,1716,370,21941],"class_list":["post-105000","post","type-post","status-publish","format-standard","has-post-thumbnail","hentry","category-politica","tag-beatriz-paredes","tag-foro-tematico","tag-frente-amplio-por-mexico","tag-pan","tag-pri","tag-xochitl-galvez"],"yoast_head":"<!-- This site is optimized with the Yoast SEO plugin v28.4 - https:\/\/yoast.com\/product\/yoast-seo-wordpress\/ -->\n<title>\u00daltimo foro tem\u00e1tico del Frente Amplio por M\u00e9xico<\/title>\n<meta name=\"description\" content=\"Aunque el foro abord\u00f3 diversos temas, gravit\u00f3 en torno a la mujer: seguridad, equidad de g\u00e9nero, transversalidad, campo y tecnolog\u00eda.\" \/>\n<meta name=\"robots\" content=\"index, follow, max-snippet:-1, max-image-preview:large, max-video-preview:-1\" \/>\n<link rel=\"canonical\" href=\"https:\/\/reporteroshoy.mx\/noticias\/ultimo-foro-tematico-del-frente-amplio-por-mexico\/\" \/>\n<meta property=\"og:locale\" content=\"es_ES\" \/>\n<meta property=\"og:type\" content=\"article\" \/>\n<meta property=\"og:title\" content=\"\u00daltimo foro tem\u00e1tico del Frente Amplio por M\u00e9xico\" \/>\n<meta property=\"og:description\" content=\"Aunque el foro abord\u00f3 diversos temas, gravit\u00f3 en torno a la mujer: seguridad, equidad de g\u00e9nero, transversalidad, campo y tecnolog\u00eda.\" \/>\n<meta property=\"og:url\" content=\"https:\/\/reporteroshoy.mx\/noticias\/ultimo-foro-tematico-del-frente-amplio-por-mexico\/\" \/>\n<meta property=\"og:site_name\" content=\"Reporteros Hoy | Noticias de Yucat\u00e1n\" \/>\n<meta property=\"article:publisher\" content=\"http:\/\/www.facebook.com\/reporteroshoymx\" \/>\n<meta property=\"article:published_time\" content=\"2023-08-26T20:36:20+00:00\" \/>\n<meta property=\"og:image\" content=\"https:\/\/reporteroshoy.mx\/noticias\/wp-content\/uploads\/2023\/08\/Frente-Amplio-por-Mexico-scaled.jpg\" \/>\n\t<meta property=\"og:image:width\" content=\"768\" \/>\n\t<meta property=\"og:image:height\" content=\"432\" \/>\n\t<meta property=\"og:image:type\" content=\"image\/jpeg\" \/>\n<meta name=\"author\" content=\"Reporteros Hoy WP\" \/>\n<meta name=\"twitter:card\" content=\"summary_large_image\" \/>\n<meta name=\"twitter:creator\" content=\"@reporteroshoy\" \/>\n<meta name=\"twitter:site\" content=\"@reporteroshoy\" \/>\n<meta name=\"twitter:label1\" content=\"Escrito por\" \/>\n\t<meta name=\"twitter:data1\" content=\"Reporteros Hoy WP\" \/>\n\t<meta name=\"twitter:label2\" content=\"Tiempo de lectura\" \/>\n\t<meta name=\"twitter:data2\" content=\"3 minutos\" \/>\n<script type=\"application\/ld+json\" class=\"yoast-schema-graph\">{\"@context\":\"https:\\\/\\\/schema.org\",\"@graph\":[{\"@type\":\"Article\",\"@id\":\"https:\\\/\\\/reporteroshoy.mx\\\/noticias\\\/ultimo-foro-tematico-del-frente-amplio-por-mexico\\\/#article\",\"isPartOf\":{\"@id\":\"https:\\\/\\\/reporteroshoy.mx\\\/noticias\\\/ultimo-foro-tematico-del-frente-amplio-por-mexico\\\/\"},\"author\":{\"name\":\"Reporteros Hoy WP\",\"@id\":\"https:\\\/\\\/reporteroshoy.mx\\\/noticias\\\/#\\\/schema\\\/person\\\/c977527e57c958a62c5cefe8fe47876e\"},\"headline\":\"\u00daltimo foro tem\u00e1tico del Frente Amplio por M\u00e9xico\",\"datePublished\":\"2023-08-26T20:36:20+00:00\",\"mainEntityOfPage\":{\"@id\":\"https:\\\/\\\/reporteroshoy.mx\\\/noticias\\\/ultimo-foro-tematico-del-frente-amplio-por-mexico\\\/\"},\"wordCount\":653,\"commentCount\":0,\"image\":{\"@id\":\"https:\\\/\\\/reporteroshoy.mx\\\/noticias\\\/ultimo-foro-tematico-del-frente-amplio-por-mexico\\\/#primaryimage\"},\"thumbnailUrl\":\"https:\\\/\\\/reporteroshoy.mx\\\/noticias\\\/wp-content\\\/uploads\\\/2023\\\/08\\\/Frente-Amplio-por-Mexico-scaled.jpg\",\"keywords\":[\"Beatriz Paredes\",\"Foro tem\u00e1tico\",\"Frente Amplio por M\u00e9xico\",\"PAN\",\"PRI\",\"X\u00f3chitl G\u00e1lvez\"],\"articleSection\":[\"Pol\u00edtica\"],\"inLanguage\":\"es\",\"potentialAction\":[{\"@type\":\"CommentAction\",\"name\":\"Comment\",\"target\":[\"https:\\\/\\\/reporteroshoy.mx\\\/noticias\\\/ultimo-foro-tematico-del-frente-amplio-por-mexico\\\/#respond\"]}]},{\"@type\":\"WebPage\",\"@id\":\"https:\\\/\\\/reporteroshoy.mx\\\/noticias\\\/ultimo-foro-tematico-del-frente-amplio-por-mexico\\\/\",\"url\":\"https:\\\/\\\/reporteroshoy.mx\\\/noticias\\\/ultimo-foro-tematico-del-frente-amplio-por-mexico\\\/\",\"name\":\"\u00daltimo foro tem\u00e1tico del Frente Amplio por M\u00e9xico\",\"isPartOf\":{\"@id\":\"https:\\\/\\\/reporteroshoy.mx\\\/noticias\\\/#website\"},\"primaryImageOfPage\":{\"@id\":\"https:\\\/\\\/reporteroshoy.mx\\\/noticias\\\/ultimo-foro-tematico-del-frente-amplio-por-mexico\\\/#primaryimage\"},\"image\":{\"@id\":\"https:\\\/\\\/reporteroshoy.mx\\\/noticias\\\/ultimo-foro-tematico-del-frente-amplio-por-mexico\\\/#primaryimage\"},\"thumbnailUrl\":\"https:\\\/\\\/reporteroshoy.mx\\\/noticias\\\/wp-content\\\/uploads\\\/2023\\\/08\\\/Frente-Amplio-por-Mexico-scaled.jpg\",\"datePublished\":\"2023-08-26T20:36:20+00:00\",\"author\":{\"@id\":\"https:\\\/\\\/reporteroshoy.mx\\\/noticias\\\/#\\\/schema\\\/person\\\/c977527e57c958a62c5cefe8fe47876e\"},\"description\":\"Aunque el foro abord\u00f3 diversos temas, gravit\u00f3 en torno a la mujer: seguridad, equidad de g\u00e9nero, transversalidad, campo y tecnolog\u00eda.\",\"breadcrumb\":{\"@id\":\"https:\\\/\\\/reporteroshoy.mx\\\/noticias\\\/ultimo-foro-tematico-del-frente-amplio-por-mexico\\\/#breadcrumb\"},\"inLanguage\":\"es\",\"potentialAction\":[{\"@type\":\"ReadAction\",\"target\":[\"https:\\\/\\\/reporteroshoy.mx\\\/noticias\\\/ultimo-foro-tematico-del-frente-amplio-por-mexico\\\/\"]}]},{\"@type\":\"ImageObject\",\"inLanguage\":\"es\",\"@id\":\"https:\\\/\\\/reporteroshoy.mx\\\/noticias\\\/ultimo-foro-tematico-del-frente-amplio-por-mexico\\\/#primaryimage\",\"url\":\"https:\\\/\\\/reporteroshoy.mx\\\/noticias\\\/wp-content\\\/uploads\\\/2023\\\/08\\\/Frente-Amplio-por-Mexico-scaled.jpg\",\"contentUrl\":\"https:\\\/\\\/reporteroshoy.mx\\\/noticias\\\/wp-content\\\/uploads\\\/2023\\\/08\\\/Frente-Amplio-por-Mexico-scaled.jpg\",\"width\":768,\"height\":432,\"caption\":\"\u00daltimo foro tem\u00e1tico del Frente Amplio por M\u00e9xico\"},{\"@type\":\"BreadcrumbList\",\"@id\":\"https:\\\/\\\/reporteroshoy.mx\\\/noticias\\\/ultimo-foro-tematico-del-frente-amplio-por-mexico\\\/#breadcrumb\",\"itemListElement\":[{\"@type\":\"ListItem\",\"position\":1,\"name\":\"Portada\",\"item\":\"https:\\\/\\\/reporteroshoy.mx\\\/noticias\\\/\"},{\"@type\":\"ListItem\",\"position\":2,\"name\":\"\u00daltimo foro tem\u00e1tico del Frente Amplio por M\u00e9xico\"}]},{\"@type\":\"WebSite\",\"@id\":\"https:\\\/\\\/reporteroshoy.mx\\\/noticias\\\/#website\",\"url\":\"https:\\\/\\\/reporteroshoy.mx\\\/noticias\\\/\",\"name\":\"Reporteros Hoy | Noticias de Yucat\u00e1n\",\"description\":\"Peri\u00f3dico digital con noticias diarias desde M\u00e9rida, Yucat\u00e1n para el mundo.\",\"potentialAction\":[{\"@type\":\"SearchAction\",\"target\":{\"@type\":\"EntryPoint\",\"urlTemplate\":\"https:\\\/\\\/reporteroshoy.mx\\\/noticias\\\/?s={search_term_string}\"},\"query-input\":{\"@type\":\"PropertyValueSpecification\",\"valueRequired\":true,\"valueName\":\"search_term_string\"}}],\"inLanguage\":\"es\"},{\"@type\":\"Person\",\"@id\":\"https:\\\/\\\/reporteroshoy.mx\\\/noticias\\\/#\\\/schema\\\/person\\\/c977527e57c958a62c5cefe8fe47876e\",\"name\":\"Reporteros Hoy WP\",\"image\":{\"@type\":\"ImageObject\",\"inLanguage\":\"es\",\"@id\":\"https:\\\/\\\/secure.gravatar.com\\\/avatar\\\/fd2917f79a7dae30f8ac9ddc2f35e1756bb59e25e01d1cd09deaa64df7b2f73e?s=96&d=mm&r=g\",\"url\":\"https:\\\/\\\/secure.gravatar.com\\\/avatar\\\/fd2917f79a7dae30f8ac9ddc2f35e1756bb59e25e01d1cd09deaa64df7b2f73e?s=96&d=mm&r=g\",\"contentUrl\":\"https:\\\/\\\/secure.gravatar.com\\\/avatar\\\/fd2917f79a7dae30f8ac9ddc2f35e1756bb59e25e01d1cd09deaa64df7b2f73e?s=96&d=mm&r=g\",\"caption\":\"Reporteros Hoy WP\"},\"url\":\"https:\\\/\\\/reporteroshoy.mx\\\/noticias\\\/author\\\/walfer\\\/\"}]}<\/script>\n<!-- \/ Yoast SEO plugin. -->","yoast_head_json":{"title":"\u00daltimo foro tem\u00e1tico del Frente Amplio por M\u00e9xico","description":"Aunque el foro abord\u00f3 diversos temas, gravit\u00f3 en torno a la mujer: seguridad, equidad de g\u00e9nero, transversalidad, campo y tecnolog\u00eda.","robots":{"index":"index","follow":"follow","max-snippet":"max-snippet:-1","max-image-preview":"max-image-preview:large","max-video-preview":"max-video-preview:-1"},"canonical":"https:\/\/reporteroshoy.mx\/noticias\/ultimo-foro-tematico-del-frente-amplio-por-mexico\/","og_locale":"es_ES","og_type":"article","og_title":"\u00daltimo foro tem\u00e1tico del Frente Amplio por M\u00e9xico","og_description":"Aunque el foro abord\u00f3 diversos temas, gravit\u00f3 en torno a la mujer: seguridad, equidad de g\u00e9nero, transversalidad, campo y tecnolog\u00eda.","og_url":"https:\/\/reporteroshoy.mx\/noticias\/ultimo-foro-tematico-del-frente-amplio-por-mexico\/","og_site_name":"Reporteros Hoy | Noticias de Yucat\u00e1n","article_publisher":"http:\/\/www.facebook.com\/reporteroshoymx","article_published_time":"2023-08-26T20:36:20+00:00","og_image":[{"width":768,"height":432,"url":"https:\/\/reporteroshoy.mx\/noticias\/wp-content\/uploads\/2023\/08\/Frente-Amplio-por-Mexico-scaled.jpg","type":"image\/jpeg"}],"author":"Reporteros Hoy WP","twitter_card":"summary_large_image","twitter_creator":"@reporteroshoy","twitter_site":"@reporteroshoy","twitter_misc":{"Escrito por":"Reporteros Hoy WP","Tiempo de lectura":"3 minutos"},"schema":{"@context":"https:\/\/schema.org","@graph":[{"@type":"Article","@id":"https:\/\/reporteroshoy.mx\/noticias\/ultimo-foro-tematico-del-frente-amplio-por-mexico\/#article","isPartOf":{"@id":"https:\/\/reporteroshoy.mx\/noticias\/ultimo-foro-tematico-del-frente-amplio-por-mexico\/"},"author":{"name":"Reporteros Hoy WP","@id":"https:\/\/reporteroshoy.mx\/noticias\/#\/schema\/person\/c977527e57c958a62c5cefe8fe47876e"},"headline":"\u00daltimo foro tem\u00e1tico del Frente Amplio por M\u00e9xico","datePublished":"2023-08-26T20:36:20+00:00","mainEntityOfPage":{"@id":"https:\/\/reporteroshoy.mx\/noticias\/ultimo-foro-tematico-del-frente-amplio-por-mexico\/"},"wordCount":653,"commentCount":0,"image":{"@id":"https:\/\/reporteroshoy.mx\/noticias\/ultimo-foro-tematico-del-frente-amplio-por-mexico\/#primaryimage"},"thumbnailUrl":"https:\/\/reporteroshoy.mx\/noticias\/wp-content\/uploads\/2023\/08\/Frente-Amplio-por-Mexico-scaled.jpg","keywords":["Beatriz Paredes","Foro tem\u00e1tico","Frente Amplio por M\u00e9xico","PAN","PRI","X\u00f3chitl G\u00e1lvez"],"articleSection":["Pol\u00edtica"],"inLanguage":"es","potentialAction":[{"@type":"CommentAction","name":"Comment","target":["https:\/\/reporteroshoy.mx\/noticias\/ultimo-foro-tematico-del-frente-amplio-por-mexico\/#respond"]}]},{"@type":"WebPage","@id":"https:\/\/reporteroshoy.mx\/noticias\/ultimo-foro-tematico-del-frente-amplio-por-mexico\/","url":"https:\/\/reporteroshoy.mx\/noticias\/ultimo-foro-tematico-del-frente-amplio-por-mexico\/","name":"\u00daltimo foro tem\u00e1tico del Frente Amplio por M\u00e9xico","isPartOf":{"@id":"https:\/\/reporteroshoy.mx\/noticias\/#website"},"primaryImageOfPage":{"@id":"https:\/\/reporteroshoy.mx\/noticias\/ultimo-foro-tematico-del-frente-amplio-por-mexico\/#primaryimage"},"image":{"@id":"https:\/\/reporteroshoy.mx\/noticias\/ultimo-foro-tematico-del-frente-amplio-por-mexico\/#primaryimage"},"thumbnailUrl":"https:\/\/reporteroshoy.mx\/noticias\/wp-content\/uploads\/2023\/08\/Frente-Amplio-por-Mexico-scaled.jpg","datePublished":"2023-08-26T20:36:20+00:00","author":{"@id":"https:\/\/reporteroshoy.mx\/noticias\/#\/schema\/person\/c977527e57c958a62c5cefe8fe47876e"},"description":"Aunque el foro abord\u00f3 diversos temas, gravit\u00f3 en torno a la mujer: seguridad, equidad de g\u00e9nero, transversalidad, campo y tecnolog\u00eda.","breadcrumb":{"@id":"https:\/\/reporteroshoy.mx\/noticias\/ultimo-foro-tematico-del-frente-amplio-por-mexico\/#breadcrumb"},"inLanguage":"es","potentialAction":[{"@type":"ReadAction","target":["https:\/\/reporteroshoy.mx\/noticias\/ultimo-foro-tematico-del-frente-amplio-por-mexico\/"]}]},{"@type":"ImageObject","inLanguage":"es","@id":"https:\/\/reporteroshoy.mx\/noticias\/ultimo-foro-tematico-del-frente-amplio-por-mexico\/#primaryimage","url":"https:\/\/reporteroshoy.mx\/noticias\/wp-content\/uploads\/2023\/08\/Frente-Amplio-por-Mexico-scaled.jpg","contentUrl":"https:\/\/reporteroshoy.mx\/noticias\/wp-content\/uploads\/2023\/08\/Frente-Amplio-por-Mexico-scaled.jpg","width":768,"height":432,"caption":"\u00daltimo foro tem\u00e1tico del Frente Amplio por M\u00e9xico"},{"@type":"BreadcrumbList","@id":"https:\/\/reporteroshoy.mx\/noticias\/ultimo-foro-tematico-del-frente-amplio-por-mexico\/#breadcrumb","itemListElement":[{"@type":"ListItem","position":1,"name":"Portada","item":"https:\/\/reporteroshoy.mx\/noticias\/"},{"@type":"ListItem","position":2,"name":"\u00daltimo foro tem\u00e1tico del Frente Amplio por M\u00e9xico"}]},{"@type":"WebSite","@id":"https:\/\/reporteroshoy.mx\/noticias\/#website","url":"https:\/\/reporteroshoy.mx\/noticias\/","name":"Reporteros Hoy | Noticias de Yucat\u00e1n","description":"Peri\u00f3dico digital con noticias diarias desde M\u00e9rida, Yucat\u00e1n para el mundo.","potentialAction":[{"@type":"SearchAction","target":{"@type":"EntryPoint","urlTemplate":"https:\/\/reporteroshoy.mx\/noticias\/?s={search_term_string}"},"query-input":{"@type":"PropertyValueSpecification","valueRequired":true,"valueName":"search_term_string"}}],"inLanguage":"es"},{"@type":"Person","@id":"https:\/\/reporteroshoy.mx\/noticias\/#\/schema\/person\/c977527e57c958a62c5cefe8fe47876e","name":"Reporteros Hoy WP","image":{"@type":"ImageObject","inLanguage":"es","@id":"https:\/\/secure.gravatar.com\/avatar\/fd2917f79a7dae30f8ac9ddc2f35e1756bb59e25e01d1cd09deaa64df7b2f73e?s=96&d=mm&r=g","url":"https:\/\/secure.gravatar.com\/avatar\/fd2917f79a7dae30f8ac9ddc2f35e1756bb59e25e01d1cd09deaa64df7b2f73e?s=96&d=mm&r=g","contentUrl":"https:\/\/secure.gravatar.com\/avatar\/fd2917f79a7dae30f8ac9ddc2f35e1756bb59e25e01d1cd09deaa64df7b2f73e?s=96&d=mm&r=g","caption":"Reporteros Hoy WP"},"url":"https:\/\/reporteroshoy.mx\/noticias\/author\/walfer\/"}]}},"_links":{"self":[{"href":"https:\/\/reporteroshoy.mx\/noticias\/wp-json\/wp\/v2\/posts\/105000","targetHints":{"allow":["GET"]}}],"collection":[{"href":"https:\/\/reporteroshoy.mx\/noticias\/wp-json\/wp\/v2\/posts"}],"about":[{"href":"https:\/\/reporteroshoy.mx\/noticias\/wp-json\/wp\/v2\/types\/post"}],"author":[{"embeddable":true,"href":"https:\/\/reporteroshoy.mx\/noticias\/wp-json\/wp\/v2\/users\/9"}],"replies":[{"embeddable":true,"href":"https:\/\/reporteroshoy.mx\/noticias\/wp-json\/wp\/v2\/comments?post=105000"}],"version-history":[{"count":0,"href":"https:\/\/reporteroshoy.mx\/noticias\/wp-json\/wp\/v2\/posts\/105000\/revisions"}],"wp:featuredmedia":[{"embeddable":true,"href":"https:\/\/reporteroshoy.mx\/noticias\/wp-json\/wp\/v2\/media\/105001"}],"wp:attachment":[{"href":"https:\/\/reporteroshoy.mx\/noticias\/wp-json\/wp\/v2\/media?parent=105000"}],"wp:term":[{"taxonomy":"category","embeddable":true,"href":"https:\/\/reporteroshoy.mx\/noticias\/wp-json\/wp\/v2\/categories?post=105000"},{"taxonomy":"post_tag","embeddable":true,"href":"https:\/\/reporteroshoy.mx\/noticias\/wp-json\/wp\/v2\/tags?post=105000"}],"curies":[{"name":"wp","href":"https:\/\/api.w.org\/{rel}","templated":true}]}}