{"id":105062,"date":"2023-08-29T16:03:37","date_gmt":"2023-08-29T22:03:37","guid":{"rendered":"https:\/\/reporteroshoy.mx\/noticias\/?p=105062"},"modified":"2023-08-29T16:03:37","modified_gmt":"2023-08-29T22:03:37","slug":"mas-72-mil-personas-podran-votar-por-xochitl-o-beatriz","status":"publish","type":"post","link":"https:\/\/reporteroshoy.mx\/noticias\/mas-72-mil-personas-podran-votar-por-xochitl-o-beatriz\/","title":{"rendered":"M\u00e1s 72 mil personas podr\u00e1n votar por X\u00f3chitl o Beatriz"},"content":{"rendered":"<p style=\"text-align: justify;\">M\u00e1s de 72 mil personas podr\u00e1n participar en 21 centros de consulta para elegir entre X\u00f3chitl G\u00e1lvez Ruiz y Beatriz Paredes Rangel.<\/p>\n<p style=\"text-align: justify;\">En preparaci\u00f3n para la jornada de este domingo, el comit\u00e9 local del Frente Amplio por M\u00e9xico (FAM) se encuentra listo para recibir a los votantes en 21 centros de consulta.<\/p>\n<p><img loading=\"lazy\" decoding=\"async\" class=\"alignnone size-full wp-image-105063\" src=\"https:\/\/reporteroshoy.mx\/noticias\/wp-content\/uploads\/2023\/08\/FAM_YUCATAN--scaled.jpg\" alt=\"\" width=\"768\" height=\"576\" \/><\/p>\n<p style=\"text-align: justify;\">Alberto Arjona Ordaz, del equipo organizador y representante del Frente C\u00edvico Familiar, aclara que solo los registrados en la plataforma del FAM podr\u00e1n participar.<\/p>\n<p style=\"text-align: justify;\">Los ciudadanos deben llevar su credencial del Instituto Nacional Electoral (INE) para recibir la papeleta con los nombres de las aspirantes.<\/p>\n<p style=\"text-align: justify;\">Un equipo de 200 voluntarios supervisar\u00e1 las 57 mesas de recepci\u00f3n en los seis distritos electorales federales, de 9 de la ma\u00f1ana a 5 de la tarde.<\/p>\n<p style=\"text-align: justify;\">La p\u00e1gina web del Frente Amplio por M\u00e9xico proporcionar\u00e1 informaci\u00f3n sobre los lugares de votaci\u00f3n seg\u00fan la secci\u00f3n electoral.<\/p>\n<p style=\"text-align: justify;\">A pesar de confiar en la responsabilidad ciudadana, se utilizar\u00e1 tinta indeleble, siguiendo la pr\u00e1ctica electoral.<\/p>\n<p style=\"text-align: justify;\">Arjona Ordaz destaca que la jornada de consulta representa el 50 por ciento de la calificaci\u00f3n total.<\/p>\n<h3>Adem\u00e1s de las 72 mil personas de la consulta hay encuesta<\/h3>\n<p style=\"text-align: justify;\">Del 27 al 30 de agosto se realizar\u00e1n encuestas, abarcando un 30 por ciento telef\u00f3nicas y un 70 por ciento domiciliarias. Los resultados se dar\u00e1n a conocer el domingo por la noche.<\/p>\n<p style=\"text-align: justify;\">El Comit\u00e9 Local est\u00e1 conformado por el Frente C\u00edvico Nacional, Poder Ciudadano, la Agenda de las Mujeres por la Igualdad Sustantiva en Yucat\u00e1n (AMISY) y el Frente C\u00edvico Familiar.<\/p>\n<p><em><strong>Leer m\u00e1s: <\/strong><\/em><a href=\"https:\/\/reporteroshoy.mx\/noticias\/ultimo-foro-tematico-del-frente-amplio-por-mexico\/\"><em><strong>\u00daltimo foro tem\u00e1tico del Frente Amplio por M\u00e9xico<\/strong><\/em><\/a><\/p>\n<p style=\"text-align: justify;\">Aunque existe la posibilidad de que Paredes Rangel decline en favor de G\u00e1lvez Ruiz, los representantes locales respaldan la jornada de consulta.<\/p>\n<p><em><strong>Israel Medina<\/strong><\/em><\/p>\n","protected":false},"excerpt":{"rendered":"<p>Un total de 72,036 yucatecos podr\u00e1n acudir en 21 centros de consulta que instalar\u00e1 el Frente Amplio por M\u00e9xico en Yucat\u00e1n. <\/p>\n","protected":false},"author":5,"featured_media":105063,"comment_status":"open","ping_status":"closed","sticky":false,"template":"","format":"standard","meta":{"footnotes":""},"categories":[24410],"tags":[24982,24668,23],"class_list":["post-105062","post","type-post","status-publish","format-standard","has-post-thumbnail","hentry","category-politica","tag-centros-de-consulta","tag-frente-amplio-por-mexico","tag-yucatan"],"yoast_head":"<!-- This site is optimized with the Yoast SEO plugin v28.4 - https:\/\/yoast.com\/product\/yoast-seo-wordpress\/ -->\n<title>M\u00e1s 72 mil personas podr\u00e1n votar por X\u00f3chitl o Beatriz<\/title>\n<meta name=\"description\" content=\"Un total de 72,036 yucatecos podr\u00e1n acudir en 21 centros de consulta que instalar\u00e1 el Frente Amplio por M\u00e9xico en Yucat\u00e1n.\" \/>\n<meta name=\"robots\" content=\"index, follow, max-snippet:-1, max-image-preview:large, max-video-preview:-1\" \/>\n<link rel=\"canonical\" href=\"https:\/\/reporteroshoy.mx\/noticias\/mas-72-mil-personas-podran-votar-por-xochitl-o-beatriz\/\" \/>\n<meta property=\"og:locale\" content=\"es_ES\" \/>\n<meta property=\"og:type\" content=\"article\" \/>\n<meta property=\"og:title\" content=\"M\u00e1s 72 mil personas podr\u00e1n votar por X\u00f3chitl o Beatriz\" \/>\n<meta property=\"og:description\" content=\"Un total de 72,036 yucatecos podr\u00e1n acudir en 21 centros de consulta que instalar\u00e1 el Frente Amplio por M\u00e9xico en Yucat\u00e1n.\" \/>\n<meta property=\"og:url\" content=\"https:\/\/reporteroshoy.mx\/noticias\/mas-72-mil-personas-podran-votar-por-xochitl-o-beatriz\/\" \/>\n<meta property=\"og:site_name\" content=\"Reporteros Hoy | Noticias de Yucat\u00e1n\" \/>\n<meta property=\"article:publisher\" content=\"http:\/\/www.facebook.com\/reporteroshoymx\" \/>\n<meta property=\"article:published_time\" content=\"2023-08-29T22:03:37+00:00\" \/>\n<meta property=\"og:image\" content=\"https:\/\/reporteroshoy.mx\/noticias\/wp-content\/uploads\/2023\/08\/FAM_YUCATAN--scaled.jpg\" \/>\n\t<meta property=\"og:image:width\" content=\"768\" \/>\n\t<meta property=\"og:image:height\" content=\"576\" \/>\n\t<meta property=\"og:image:type\" content=\"image\/jpeg\" \/>\n<meta name=\"author\" content=\"Reporteros Hoy IM\" \/>\n<meta name=\"twitter:card\" content=\"summary_large_image\" \/>\n<meta name=\"twitter:creator\" content=\"@reporteroshoy\" \/>\n<meta name=\"twitter:site\" content=\"@reporteroshoy\" \/>\n<meta name=\"twitter:label1\" content=\"Escrito por\" \/>\n\t<meta name=\"twitter:data1\" content=\"Reporteros Hoy IM\" \/>\n\t<meta name=\"twitter:label2\" content=\"Tiempo de lectura\" \/>\n\t<meta name=\"twitter:data2\" content=\"2 minutos\" \/>\n<script type=\"application\/ld+json\" class=\"yoast-schema-graph\">{\"@context\":\"https:\\\/\\\/schema.org\",\"@graph\":[{\"@type\":\"Article\",\"@id\":\"https:\\\/\\\/reporteroshoy.mx\\\/noticias\\\/mas-72-mil-personas-podran-votar-por-xochitl-o-beatriz\\\/#article\",\"isPartOf\":{\"@id\":\"https:\\\/\\\/reporteroshoy.mx\\\/noticias\\\/mas-72-mil-personas-podran-votar-por-xochitl-o-beatriz\\\/\"},\"author\":{\"name\":\"Reporteros Hoy IM\",\"@id\":\"https:\\\/\\\/reporteroshoy.mx\\\/noticias\\\/#\\\/schema\\\/person\\\/948520f0d88b01be2e5266bc4acbbc15\"},\"headline\":\"M\u00e1s 72 mil personas podr\u00e1n votar por X\u00f3chitl o Beatriz\",\"datePublished\":\"2023-08-29T22:03:37+00:00\",\"mainEntityOfPage\":{\"@id\":\"https:\\\/\\\/reporteroshoy.mx\\\/noticias\\\/mas-72-mil-personas-podran-votar-por-xochitl-o-beatriz\\\/\"},\"wordCount\":310,\"commentCount\":0,\"image\":{\"@id\":\"https:\\\/\\\/reporteroshoy.mx\\\/noticias\\\/mas-72-mil-personas-podran-votar-por-xochitl-o-beatriz\\\/#primaryimage\"},\"thumbnailUrl\":\"https:\\\/\\\/reporteroshoy.mx\\\/noticias\\\/wp-content\\\/uploads\\\/2023\\\/08\\\/FAM_YUCATAN--scaled.jpg\",\"keywords\":[\"Centros de consulta\",\"Frente Amplio por M\u00e9xico\",\"Yucat\u00e1n\"],\"articleSection\":[\"Pol\u00edtica\"],\"inLanguage\":\"es\",\"potentialAction\":[{\"@type\":\"CommentAction\",\"name\":\"Comment\",\"target\":[\"https:\\\/\\\/reporteroshoy.mx\\\/noticias\\\/mas-72-mil-personas-podran-votar-por-xochitl-o-beatriz\\\/#respond\"]}]},{\"@type\":\"WebPage\",\"@id\":\"https:\\\/\\\/reporteroshoy.mx\\\/noticias\\\/mas-72-mil-personas-podran-votar-por-xochitl-o-beatriz\\\/\",\"url\":\"https:\\\/\\\/reporteroshoy.mx\\\/noticias\\\/mas-72-mil-personas-podran-votar-por-xochitl-o-beatriz\\\/\",\"name\":\"M\u00e1s 72 mil personas podr\u00e1n votar por X\u00f3chitl o Beatriz\",\"isPartOf\":{\"@id\":\"https:\\\/\\\/reporteroshoy.mx\\\/noticias\\\/#website\"},\"primaryImageOfPage\":{\"@id\":\"https:\\\/\\\/reporteroshoy.mx\\\/noticias\\\/mas-72-mil-personas-podran-votar-por-xochitl-o-beatriz\\\/#primaryimage\"},\"image\":{\"@id\":\"https:\\\/\\\/reporteroshoy.mx\\\/noticias\\\/mas-72-mil-personas-podran-votar-por-xochitl-o-beatriz\\\/#primaryimage\"},\"thumbnailUrl\":\"https:\\\/\\\/reporteroshoy.mx\\\/noticias\\\/wp-content\\\/uploads\\\/2023\\\/08\\\/FAM_YUCATAN--scaled.jpg\",\"datePublished\":\"2023-08-29T22:03:37+00:00\",\"author\":{\"@id\":\"https:\\\/\\\/reporteroshoy.mx\\\/noticias\\\/#\\\/schema\\\/person\\\/948520f0d88b01be2e5266bc4acbbc15\"},\"description\":\"Un total de 72,036 yucatecos podr\u00e1n acudir en 21 centros de consulta que instalar\u00e1 el Frente Amplio por M\u00e9xico en Yucat\u00e1n.\",\"breadcrumb\":{\"@id\":\"https:\\\/\\\/reporteroshoy.mx\\\/noticias\\\/mas-72-mil-personas-podran-votar-por-xochitl-o-beatriz\\\/#breadcrumb\"},\"inLanguage\":\"es\",\"potentialAction\":[{\"@type\":\"ReadAction\",\"target\":[\"https:\\\/\\\/reporteroshoy.mx\\\/noticias\\\/mas-72-mil-personas-podran-votar-por-xochitl-o-beatriz\\\/\"]}]},{\"@type\":\"ImageObject\",\"inLanguage\":\"es\",\"@id\":\"https:\\\/\\\/reporteroshoy.mx\\\/noticias\\\/mas-72-mil-personas-podran-votar-por-xochitl-o-beatriz\\\/#primaryimage\",\"url\":\"https:\\\/\\\/reporteroshoy.mx\\\/noticias\\\/wp-content\\\/uploads\\\/2023\\\/08\\\/FAM_YUCATAN--scaled.jpg\",\"contentUrl\":\"https:\\\/\\\/reporteroshoy.mx\\\/noticias\\\/wp-content\\\/uploads\\\/2023\\\/08\\\/FAM_YUCATAN--scaled.jpg\",\"width\":768,\"height\":576},{\"@type\":\"BreadcrumbList\",\"@id\":\"https:\\\/\\\/reporteroshoy.mx\\\/noticias\\\/mas-72-mil-personas-podran-votar-por-xochitl-o-beatriz\\\/#breadcrumb\",\"itemListElement\":[{\"@type\":\"ListItem\",\"position\":1,\"name\":\"Portada\",\"item\":\"https:\\\/\\\/reporteroshoy.mx\\\/noticias\\\/\"},{\"@type\":\"ListItem\",\"position\":2,\"name\":\"M\u00e1s 72 mil personas podr\u00e1n votar por X\u00f3chitl o Beatriz\"}]},{\"@type\":\"WebSite\",\"@id\":\"https:\\\/\\\/reporteroshoy.mx\\\/noticias\\\/#website\",\"url\":\"https:\\\/\\\/reporteroshoy.mx\\\/noticias\\\/\",\"name\":\"Reporteros Hoy | Noticias de Yucat\u00e1n\",\"description\":\"Peri\u00f3dico digital con noticias diarias desde M\u00e9rida, Yucat\u00e1n para el mundo.\",\"potentialAction\":[{\"@type\":\"SearchAction\",\"target\":{\"@type\":\"EntryPoint\",\"urlTemplate\":\"https:\\\/\\\/reporteroshoy.mx\\\/noticias\\\/?s={search_term_string}\"},\"query-input\":{\"@type\":\"PropertyValueSpecification\",\"valueRequired\":true,\"valueName\":\"search_term_string\"}}],\"inLanguage\":\"es\"},{\"@type\":\"Person\",\"@id\":\"https:\\\/\\\/reporteroshoy.mx\\\/noticias\\\/#\\\/schema\\\/person\\\/948520f0d88b01be2e5266bc4acbbc15\",\"name\":\"Reporteros Hoy IM\",\"image\":{\"@type\":\"ImageObject\",\"inLanguage\":\"es\",\"@id\":\"https:\\\/\\\/secure.gravatar.com\\\/avatar\\\/d843030b96552826ac048bdfe26f2895604b800ed0c880ee55765a74d95dfc65?s=96&d=mm&r=g\",\"url\":\"https:\\\/\\\/secure.gravatar.com\\\/avatar\\\/d843030b96552826ac048bdfe26f2895604b800ed0c880ee55765a74d95dfc65?s=96&d=mm&r=g\",\"contentUrl\":\"https:\\\/\\\/secure.gravatar.com\\\/avatar\\\/d843030b96552826ac048bdfe26f2895604b800ed0c880ee55765a74d95dfc65?s=96&d=mm&r=g\",\"caption\":\"Reporteros Hoy IM\"},\"url\":\"https:\\\/\\\/reporteroshoy.mx\\\/noticias\\\/author\\\/israel\\\/\"}]}<\/script>\n<!-- \/ Yoast SEO plugin. -->","yoast_head_json":{"title":"M\u00e1s 72 mil personas podr\u00e1n votar por X\u00f3chitl o Beatriz","description":"Un total de 72,036 yucatecos podr\u00e1n acudir en 21 centros de consulta que instalar\u00e1 el Frente Amplio por M\u00e9xico en Yucat\u00e1n.","robots":{"index":"index","follow":"follow","max-snippet":"max-snippet:-1","max-image-preview":"max-image-preview:large","max-video-preview":"max-video-preview:-1"},"canonical":"https:\/\/reporteroshoy.mx\/noticias\/mas-72-mil-personas-podran-votar-por-xochitl-o-beatriz\/","og_locale":"es_ES","og_type":"article","og_title":"M\u00e1s 72 mil personas podr\u00e1n votar por X\u00f3chitl o Beatriz","og_description":"Un total de 72,036 yucatecos podr\u00e1n acudir en 21 centros de consulta que instalar\u00e1 el Frente Amplio por M\u00e9xico en Yucat\u00e1n.","og_url":"https:\/\/reporteroshoy.mx\/noticias\/mas-72-mil-personas-podran-votar-por-xochitl-o-beatriz\/","og_site_name":"Reporteros Hoy | Noticias de Yucat\u00e1n","article_publisher":"http:\/\/www.facebook.com\/reporteroshoymx","article_published_time":"2023-08-29T22:03:37+00:00","og_image":[{"width":768,"height":576,"url":"https:\/\/reporteroshoy.mx\/noticias\/wp-content\/uploads\/2023\/08\/FAM_YUCATAN--scaled.jpg","type":"image\/jpeg"}],"author":"Reporteros Hoy IM","twitter_card":"summary_large_image","twitter_creator":"@reporteroshoy","twitter_site":"@reporteroshoy","twitter_misc":{"Escrito por":"Reporteros Hoy IM","Tiempo de lectura":"2 minutos"},"schema":{"@context":"https:\/\/schema.org","@graph":[{"@type":"Article","@id":"https:\/\/reporteroshoy.mx\/noticias\/mas-72-mil-personas-podran-votar-por-xochitl-o-beatriz\/#article","isPartOf":{"@id":"https:\/\/reporteroshoy.mx\/noticias\/mas-72-mil-personas-podran-votar-por-xochitl-o-beatriz\/"},"author":{"name":"Reporteros Hoy IM","@id":"https:\/\/reporteroshoy.mx\/noticias\/#\/schema\/person\/948520f0d88b01be2e5266bc4acbbc15"},"headline":"M\u00e1s 72 mil personas podr\u00e1n votar por X\u00f3chitl o Beatriz","datePublished":"2023-08-29T22:03:37+00:00","mainEntityOfPage":{"@id":"https:\/\/reporteroshoy.mx\/noticias\/mas-72-mil-personas-podran-votar-por-xochitl-o-beatriz\/"},"wordCount":310,"commentCount":0,"image":{"@id":"https:\/\/reporteroshoy.mx\/noticias\/mas-72-mil-personas-podran-votar-por-xochitl-o-beatriz\/#primaryimage"},"thumbnailUrl":"https:\/\/reporteroshoy.mx\/noticias\/wp-content\/uploads\/2023\/08\/FAM_YUCATAN--scaled.jpg","keywords":["Centros de consulta","Frente Amplio por M\u00e9xico","Yucat\u00e1n"],"articleSection":["Pol\u00edtica"],"inLanguage":"es","potentialAction":[{"@type":"CommentAction","name":"Comment","target":["https:\/\/reporteroshoy.mx\/noticias\/mas-72-mil-personas-podran-votar-por-xochitl-o-beatriz\/#respond"]}]},{"@type":"WebPage","@id":"https:\/\/reporteroshoy.mx\/noticias\/mas-72-mil-personas-podran-votar-por-xochitl-o-beatriz\/","url":"https:\/\/reporteroshoy.mx\/noticias\/mas-72-mil-personas-podran-votar-por-xochitl-o-beatriz\/","name":"M\u00e1s 72 mil personas podr\u00e1n votar por X\u00f3chitl o Beatriz","isPartOf":{"@id":"https:\/\/reporteroshoy.mx\/noticias\/#website"},"primaryImageOfPage":{"@id":"https:\/\/reporteroshoy.mx\/noticias\/mas-72-mil-personas-podran-votar-por-xochitl-o-beatriz\/#primaryimage"},"image":{"@id":"https:\/\/reporteroshoy.mx\/noticias\/mas-72-mil-personas-podran-votar-por-xochitl-o-beatriz\/#primaryimage"},"thumbnailUrl":"https:\/\/reporteroshoy.mx\/noticias\/wp-content\/uploads\/2023\/08\/FAM_YUCATAN--scaled.jpg","datePublished":"2023-08-29T22:03:37+00:00","author":{"@id":"https:\/\/reporteroshoy.mx\/noticias\/#\/schema\/person\/948520f0d88b01be2e5266bc4acbbc15"},"description":"Un total de 72,036 yucatecos podr\u00e1n acudir en 21 centros de consulta que instalar\u00e1 el Frente Amplio por M\u00e9xico en Yucat\u00e1n.","breadcrumb":{"@id":"https:\/\/reporteroshoy.mx\/noticias\/mas-72-mil-personas-podran-votar-por-xochitl-o-beatriz\/#breadcrumb"},"inLanguage":"es","potentialAction":[{"@type":"ReadAction","target":["https:\/\/reporteroshoy.mx\/noticias\/mas-72-mil-personas-podran-votar-por-xochitl-o-beatriz\/"]}]},{"@type":"ImageObject","inLanguage":"es","@id":"https:\/\/reporteroshoy.mx\/noticias\/mas-72-mil-personas-podran-votar-por-xochitl-o-beatriz\/#primaryimage","url":"https:\/\/reporteroshoy.mx\/noticias\/wp-content\/uploads\/2023\/08\/FAM_YUCATAN--scaled.jpg","contentUrl":"https:\/\/reporteroshoy.mx\/noticias\/wp-content\/uploads\/2023\/08\/FAM_YUCATAN--scaled.jpg","width":768,"height":576},{"@type":"BreadcrumbList","@id":"https:\/\/reporteroshoy.mx\/noticias\/mas-72-mil-personas-podran-votar-por-xochitl-o-beatriz\/#breadcrumb","itemListElement":[{"@type":"ListItem","position":1,"name":"Portada","item":"https:\/\/reporteroshoy.mx\/noticias\/"},{"@type":"ListItem","position":2,"name":"M\u00e1s 72 mil personas podr\u00e1n votar por X\u00f3chitl o Beatriz"}]},{"@type":"WebSite","@id":"https:\/\/reporteroshoy.mx\/noticias\/#website","url":"https:\/\/reporteroshoy.mx\/noticias\/","name":"Reporteros Hoy | Noticias de Yucat\u00e1n","description":"Peri\u00f3dico digital con noticias diarias desde M\u00e9rida, Yucat\u00e1n para el mundo.","potentialAction":[{"@type":"SearchAction","target":{"@type":"EntryPoint","urlTemplate":"https:\/\/reporteroshoy.mx\/noticias\/?s={search_term_string}"},"query-input":{"@type":"PropertyValueSpecification","valueRequired":true,"valueName":"search_term_string"}}],"inLanguage":"es"},{"@type":"Person","@id":"https:\/\/reporteroshoy.mx\/noticias\/#\/schema\/person\/948520f0d88b01be2e5266bc4acbbc15","name":"Reporteros Hoy IM","image":{"@type":"ImageObject","inLanguage":"es","@id":"https:\/\/secure.gravatar.com\/avatar\/d843030b96552826ac048bdfe26f2895604b800ed0c880ee55765a74d95dfc65?s=96&d=mm&r=g","url":"https:\/\/secure.gravatar.com\/avatar\/d843030b96552826ac048bdfe26f2895604b800ed0c880ee55765a74d95dfc65?s=96&d=mm&r=g","contentUrl":"https:\/\/secure.gravatar.com\/avatar\/d843030b96552826ac048bdfe26f2895604b800ed0c880ee55765a74d95dfc65?s=96&d=mm&r=g","caption":"Reporteros Hoy IM"},"url":"https:\/\/reporteroshoy.mx\/noticias\/author\/israel\/"}]}},"_links":{"self":[{"href":"https:\/\/reporteroshoy.mx\/noticias\/wp-json\/wp\/v2\/posts\/105062","targetHints":{"allow":["GET"]}}],"collection":[{"href":"https:\/\/reporteroshoy.mx\/noticias\/wp-json\/wp\/v2\/posts"}],"about":[{"href":"https:\/\/reporteroshoy.mx\/noticias\/wp-json\/wp\/v2\/types\/post"}],"author":[{"embeddable":true,"href":"https:\/\/reporteroshoy.mx\/noticias\/wp-json\/wp\/v2\/users\/5"}],"replies":[{"embeddable":true,"href":"https:\/\/reporteroshoy.mx\/noticias\/wp-json\/wp\/v2\/comments?post=105062"}],"version-history":[{"count":0,"href":"https:\/\/reporteroshoy.mx\/noticias\/wp-json\/wp\/v2\/posts\/105062\/revisions"}],"wp:featuredmedia":[{"embeddable":true,"href":"https:\/\/reporteroshoy.mx\/noticias\/wp-json\/wp\/v2\/media\/105063"}],"wp:attachment":[{"href":"https:\/\/reporteroshoy.mx\/noticias\/wp-json\/wp\/v2\/media?parent=105062"}],"wp:term":[{"taxonomy":"category","embeddable":true,"href":"https:\/\/reporteroshoy.mx\/noticias\/wp-json\/wp\/v2\/categories?post=105062"},{"taxonomy":"post_tag","embeddable":true,"href":"https:\/\/reporteroshoy.mx\/noticias\/wp-json\/wp\/v2\/tags?post=105062"}],"curies":[{"name":"wp","href":"https:\/\/api.w.org\/{rel}","templated":true}]}}