{"id":105140,"date":"2023-09-01T11:40:24","date_gmt":"2023-09-01T17:40:24","guid":{"rendered":"https:\/\/reporteroshoy.mx\/noticias\/?p=105140"},"modified":"2023-09-01T11:42:19","modified_gmt":"2023-09-01T17:42:19","slug":"xochitl-galvez-recibira-constancia-en-eventos-nacionales","status":"publish","type":"post","link":"https:\/\/reporteroshoy.mx\/noticias\/xochitl-galvez-recibira-constancia-en-eventos-nacionales\/","title":{"rendered":"X\u00f3chitl G\u00e1lvez recibir\u00e1 constancia en eventos nacionales"},"content":{"rendered":"<p style=\"text-align: justify;\">En un importante anuncio, el Comit\u00e9 Organizador del Frente Amplio por M\u00e9xico revel\u00f3 que la Senadora X\u00f3chitl G\u00e1lvez ser\u00e1 oficialmente la encargada de liderar la construcci\u00f3n del Frente Amplio por M\u00e9xico. Esta noticia llega despu\u00e9s de que se dieran a conocer los resultados del segundo sondeo de opini\u00f3n p\u00fablica el pasado mi\u00e9rcoles 30 de agosto, en el cual la ciudadan\u00eda expres\u00f3 su clara preferencia por la Senadora G\u00e1lvez.<\/p>\n<p style=\"text-align: justify;\">Los resultados del sondeo llevaron a la dirigencia nacional del PRI a tomar la decisi\u00f3n de apoyar a la Senadora X\u00f3chitl G\u00e1lvez Ruiz en este proyecto. Adem\u00e1s, la Senadora Beatriz Paredes Rangel reconoci\u00f3 p\u00fablicamente la ventaja irreversible de su colega y decidi\u00f3 poner fin a su participaci\u00f3n en el proceso.<\/p>\n<p><img loading=\"lazy\" decoding=\"async\" class=\"wp-image-105142 aligncenter\" src=\"https:\/\/reporteroshoy.mx\/noticias\/wp-content\/uploads\/2023\/09\/Xochitl-y-Beatriz.png\" alt=\"\" width=\"599\" height=\"394\" \/><\/p>\n<p style=\"text-align: justify;\">En consecuencia, y en respuesta a una solicitud expresa de los partidos pol\u00edticos que forman parte del Frente Amplio por M\u00e9xico, se ha decidido no llevar a cabo el ejercicio de consulta programado para el domingo 3 de septiembre. En su lugar, se han organizado una serie de eventos a nivel nacional para formalizar la entrega de la constancia a la Senadora X\u00f3chitl G\u00e1lvez Ruiz.<\/p>\n<h4><strong>\u00bfCu\u00e1ndo y d\u00f3nde?<\/strong><\/h4>\n<p style=\"text-align: justify;\">La invitaci\u00f3n se extiende cordialmente a toda la ciudadan\u00eda para que se sume a este trascendental evento que se llevar\u00e1 a cabo el pr\u00f3ximo domingo 3 de septiembre a las 10:00 horas en el remate de Paseo de Montejo. Adem\u00e1s, este evento se transmitir\u00e1 simult\u00e1neamente en todas las plazas principales del pa\u00eds.<\/p>\n<p><img loading=\"lazy\" decoding=\"async\" class=\"wp-image-105141 aligncenter\" src=\"https:\/\/reporteroshoy.mx\/noticias\/wp-content\/uploads\/2023\/09\/Frente-Amplio-scaled.jpg\" alt=\"\" width=\"600\" height=\"600\" srcset=\"https:\/\/reporteroshoy.mx\/noticias\/wp-content\/uploads\/2023\/09\/Frente-Amplio-scaled.jpg 768w, https:\/\/reporteroshoy.mx\/noticias\/wp-content\/uploads\/2023\/09\/Frente-Amplio-1536x1536.jpg 1536w\" sizes=\"auto, (max-width: 600px) 100vw, 600px\" \/><\/p>\n<p style=\"text-align: justify;\">El Comit\u00e9 Local en Yucat\u00e1n del Frente Amplio por M\u00e9xico aprovecha esta oportunidad para agradecer a los m\u00e1s de 72,000 yucatecos y yucatecas que se registraron y confiaron en su trabajo. Tambi\u00e9n expresan su gratitud hacia todos los voluntarios y voluntarias por su esfuerzo, dedicaci\u00f3n y compromiso en la b\u00fasqueda de un mejor M\u00e9xico.<\/p>\n<p style=\"text-align: justify;\">El objetivo del proceso iniciado el 29 de junio ha sido exitoso, al designar a una aspirante competitiva mediante un proceso ampliamente participativo, in\u00e9dito e hist\u00f3rico llevado a cabo entre la sociedad civil y los partidos pol\u00edticos que integran el Frente Amplio por M\u00e9xico.<\/p>\n<p><em><strong>Te interesa:\u00a0<a href=\"https:\/\/reporteroshoy.mx\/noticias\/xochitl-galvez-asegura-que-se-ching-a-las-corcholatas\/\">X\u00f3chitl G\u00e1lvez asegura que se ching\u2026 a las \u2018corcholatas\u2019<\/a><\/strong><\/em><\/p>\n<p style=\"text-align: justify;\">El Frente Amplio por M\u00e9xico se encuentra listo para iniciar una nueva etapa, unido y con la mirada puesta en la construcci\u00f3n de un M\u00e9xico mejor.<\/p>\n<p><strong>ACOM<\/strong><\/p>\n","protected":false},"excerpt":{"rendered":"<p>Cancelada consulta del Frente Amplio por M\u00e9xico el 3 de septiembre; entregar\u00e1n constancia a X\u00f3chitl G\u00e1lvez en eventos nacionales.<\/p>\n","protected":false},"author":9,"featured_media":105142,"comment_status":"open","ping_status":"closed","sticky":false,"template":"","format":"standard","meta":{"footnotes":""},"categories":[24410],"tags":[24993,24668,21941],"class_list":["post-105140","post","type-post","status-publish","format-standard","has-post-thumbnail","hentry","category-politica","tag-beatriz-paredes-rangel","tag-frente-amplio-por-mexico","tag-xochitl-galvez"],"yoast_head":"<!-- This site is optimized with the Yoast SEO plugin v28.4 - https:\/\/yoast.com\/product\/yoast-seo-wordpress\/ -->\n<title>X\u00f3chitl G\u00e1lvez recibir\u00e1 constancia en eventos nacionales<\/title>\n<meta name=\"description\" content=\"Cancelada consulta del Frente Amplio por M\u00e9xico el 3 de septiembre; entregar\u00e1n constancia a X\u00f3chitl G\u00e1lvez en eventos nacionales.\" \/>\n<meta name=\"robots\" content=\"index, follow, max-snippet:-1, max-image-preview:large, max-video-preview:-1\" \/>\n<link rel=\"canonical\" href=\"https:\/\/reporteroshoy.mx\/noticias\/xochitl-galvez-recibira-constancia-en-eventos-nacionales\/\" \/>\n<meta property=\"og:locale\" content=\"es_ES\" \/>\n<meta property=\"og:type\" content=\"article\" \/>\n<meta property=\"og:title\" content=\"X\u00f3chitl G\u00e1lvez recibir\u00e1 constancia en eventos nacionales\" \/>\n<meta property=\"og:description\" content=\"Cancelada consulta del Frente Amplio por M\u00e9xico el 3 de septiembre; entregar\u00e1n constancia a X\u00f3chitl G\u00e1lvez en eventos nacionales.\" \/>\n<meta property=\"og:url\" content=\"https:\/\/reporteroshoy.mx\/noticias\/xochitl-galvez-recibira-constancia-en-eventos-nacionales\/\" \/>\n<meta property=\"og:site_name\" content=\"Reporteros Hoy | Noticias de Yucat\u00e1n\" \/>\n<meta property=\"article:publisher\" content=\"http:\/\/www.facebook.com\/reporteroshoymx\" \/>\n<meta property=\"article:published_time\" content=\"2023-09-01T17:40:24+00:00\" \/>\n<meta property=\"article:modified_time\" content=\"2023-09-01T17:42:19+00:00\" \/>\n<meta property=\"og:image\" content=\"https:\/\/reporteroshoy.mx\/noticias\/wp-content\/uploads\/2023\/09\/Xochitl-y-Beatriz.png\" \/>\n\t<meta property=\"og:image:width\" content=\"739\" \/>\n\t<meta property=\"og:image:height\" content=\"486\" \/>\n\t<meta property=\"og:image:type\" content=\"image\/png\" \/>\n<meta name=\"author\" content=\"Reporteros Hoy WP\" \/>\n<meta name=\"twitter:card\" content=\"summary_large_image\" \/>\n<meta name=\"twitter:creator\" content=\"@reporteroshoy\" \/>\n<meta name=\"twitter:site\" content=\"@reporteroshoy\" \/>\n<meta name=\"twitter:label1\" content=\"Escrito por\" \/>\n\t<meta name=\"twitter:data1\" content=\"Reporteros Hoy WP\" \/>\n\t<meta name=\"twitter:label2\" content=\"Tiempo de lectura\" \/>\n\t<meta name=\"twitter:data2\" content=\"3 minutos\" \/>\n<script type=\"application\/ld+json\" class=\"yoast-schema-graph\">{\"@context\":\"https:\\\/\\\/schema.org\",\"@graph\":[{\"@type\":\"Article\",\"@id\":\"https:\\\/\\\/reporteroshoy.mx\\\/noticias\\\/xochitl-galvez-recibira-constancia-en-eventos-nacionales\\\/#article\",\"isPartOf\":{\"@id\":\"https:\\\/\\\/reporteroshoy.mx\\\/noticias\\\/xochitl-galvez-recibira-constancia-en-eventos-nacionales\\\/\"},\"author\":{\"name\":\"Reporteros Hoy WP\",\"@id\":\"https:\\\/\\\/reporteroshoy.mx\\\/noticias\\\/#\\\/schema\\\/person\\\/c977527e57c958a62c5cefe8fe47876e\"},\"headline\":\"X\u00f3chitl G\u00e1lvez recibir\u00e1 constancia en eventos nacionales\",\"datePublished\":\"2023-09-01T17:40:24+00:00\",\"dateModified\":\"2023-09-01T17:42:19+00:00\",\"mainEntityOfPage\":{\"@id\":\"https:\\\/\\\/reporteroshoy.mx\\\/noticias\\\/xochitl-galvez-recibira-constancia-en-eventos-nacionales\\\/\"},\"wordCount\":422,\"commentCount\":0,\"image\":{\"@id\":\"https:\\\/\\\/reporteroshoy.mx\\\/noticias\\\/xochitl-galvez-recibira-constancia-en-eventos-nacionales\\\/#primaryimage\"},\"thumbnailUrl\":\"https:\\\/\\\/reporteroshoy.mx\\\/noticias\\\/wp-content\\\/uploads\\\/2023\\\/09\\\/Xochitl-y-Beatriz.png\",\"keywords\":[\"Beatriz Paredes Rangel\",\"Frente Amplio por M\u00e9xico\",\"X\u00f3chitl G\u00e1lvez\"],\"articleSection\":[\"Pol\u00edtica\"],\"inLanguage\":\"es\",\"potentialAction\":[{\"@type\":\"CommentAction\",\"name\":\"Comment\",\"target\":[\"https:\\\/\\\/reporteroshoy.mx\\\/noticias\\\/xochitl-galvez-recibira-constancia-en-eventos-nacionales\\\/#respond\"]}]},{\"@type\":\"WebPage\",\"@id\":\"https:\\\/\\\/reporteroshoy.mx\\\/noticias\\\/xochitl-galvez-recibira-constancia-en-eventos-nacionales\\\/\",\"url\":\"https:\\\/\\\/reporteroshoy.mx\\\/noticias\\\/xochitl-galvez-recibira-constancia-en-eventos-nacionales\\\/\",\"name\":\"X\u00f3chitl G\u00e1lvez recibir\u00e1 constancia en eventos nacionales\",\"isPartOf\":{\"@id\":\"https:\\\/\\\/reporteroshoy.mx\\\/noticias\\\/#website\"},\"primaryImageOfPage\":{\"@id\":\"https:\\\/\\\/reporteroshoy.mx\\\/noticias\\\/xochitl-galvez-recibira-constancia-en-eventos-nacionales\\\/#primaryimage\"},\"image\":{\"@id\":\"https:\\\/\\\/reporteroshoy.mx\\\/noticias\\\/xochitl-galvez-recibira-constancia-en-eventos-nacionales\\\/#primaryimage\"},\"thumbnailUrl\":\"https:\\\/\\\/reporteroshoy.mx\\\/noticias\\\/wp-content\\\/uploads\\\/2023\\\/09\\\/Xochitl-y-Beatriz.png\",\"datePublished\":\"2023-09-01T17:40:24+00:00\",\"dateModified\":\"2023-09-01T17:42:19+00:00\",\"author\":{\"@id\":\"https:\\\/\\\/reporteroshoy.mx\\\/noticias\\\/#\\\/schema\\\/person\\\/c977527e57c958a62c5cefe8fe47876e\"},\"description\":\"Cancelada consulta del Frente Amplio por M\u00e9xico el 3 de septiembre; entregar\u00e1n constancia a X\u00f3chitl G\u00e1lvez en eventos nacionales.\",\"breadcrumb\":{\"@id\":\"https:\\\/\\\/reporteroshoy.mx\\\/noticias\\\/xochitl-galvez-recibira-constancia-en-eventos-nacionales\\\/#breadcrumb\"},\"inLanguage\":\"es\",\"potentialAction\":[{\"@type\":\"ReadAction\",\"target\":[\"https:\\\/\\\/reporteroshoy.mx\\\/noticias\\\/xochitl-galvez-recibira-constancia-en-eventos-nacionales\\\/\"]}]},{\"@type\":\"ImageObject\",\"inLanguage\":\"es\",\"@id\":\"https:\\\/\\\/reporteroshoy.mx\\\/noticias\\\/xochitl-galvez-recibira-constancia-en-eventos-nacionales\\\/#primaryimage\",\"url\":\"https:\\\/\\\/reporteroshoy.mx\\\/noticias\\\/wp-content\\\/uploads\\\/2023\\\/09\\\/Xochitl-y-Beatriz.png\",\"contentUrl\":\"https:\\\/\\\/reporteroshoy.mx\\\/noticias\\\/wp-content\\\/uploads\\\/2023\\\/09\\\/Xochitl-y-Beatriz.png\",\"width\":739,\"height\":486,\"caption\":\"X\u00f3chitl G\u00e1lvez recibir\u00e1 constancia en eventos nacionales\"},{\"@type\":\"BreadcrumbList\",\"@id\":\"https:\\\/\\\/reporteroshoy.mx\\\/noticias\\\/xochitl-galvez-recibira-constancia-en-eventos-nacionales\\\/#breadcrumb\",\"itemListElement\":[{\"@type\":\"ListItem\",\"position\":1,\"name\":\"Portada\",\"item\":\"https:\\\/\\\/reporteroshoy.mx\\\/noticias\\\/\"},{\"@type\":\"ListItem\",\"position\":2,\"name\":\"X\u00f3chitl G\u00e1lvez recibir\u00e1 constancia en eventos nacionales\"}]},{\"@type\":\"WebSite\",\"@id\":\"https:\\\/\\\/reporteroshoy.mx\\\/noticias\\\/#website\",\"url\":\"https:\\\/\\\/reporteroshoy.mx\\\/noticias\\\/\",\"name\":\"Reporteros Hoy | Noticias de Yucat\u00e1n\",\"description\":\"Peri\u00f3dico digital con noticias diarias desde M\u00e9rida, Yucat\u00e1n para el mundo.\",\"potentialAction\":[{\"@type\":\"SearchAction\",\"target\":{\"@type\":\"EntryPoint\",\"urlTemplate\":\"https:\\\/\\\/reporteroshoy.mx\\\/noticias\\\/?s={search_term_string}\"},\"query-input\":{\"@type\":\"PropertyValueSpecification\",\"valueRequired\":true,\"valueName\":\"search_term_string\"}}],\"inLanguage\":\"es\"},{\"@type\":\"Person\",\"@id\":\"https:\\\/\\\/reporteroshoy.mx\\\/noticias\\\/#\\\/schema\\\/person\\\/c977527e57c958a62c5cefe8fe47876e\",\"name\":\"Reporteros Hoy WP\",\"image\":{\"@type\":\"ImageObject\",\"inLanguage\":\"es\",\"@id\":\"https:\\\/\\\/secure.gravatar.com\\\/avatar\\\/fd2917f79a7dae30f8ac9ddc2f35e1756bb59e25e01d1cd09deaa64df7b2f73e?s=96&d=mm&r=g\",\"url\":\"https:\\\/\\\/secure.gravatar.com\\\/avatar\\\/fd2917f79a7dae30f8ac9ddc2f35e1756bb59e25e01d1cd09deaa64df7b2f73e?s=96&d=mm&r=g\",\"contentUrl\":\"https:\\\/\\\/secure.gravatar.com\\\/avatar\\\/fd2917f79a7dae30f8ac9ddc2f35e1756bb59e25e01d1cd09deaa64df7b2f73e?s=96&d=mm&r=g\",\"caption\":\"Reporteros Hoy WP\"},\"url\":\"https:\\\/\\\/reporteroshoy.mx\\\/noticias\\\/author\\\/walfer\\\/\"}]}<\/script>\n<!-- \/ Yoast SEO plugin. -->","yoast_head_json":{"title":"X\u00f3chitl G\u00e1lvez recibir\u00e1 constancia en eventos nacionales","description":"Cancelada consulta del Frente Amplio por M\u00e9xico el 3 de septiembre; entregar\u00e1n constancia a X\u00f3chitl G\u00e1lvez en eventos nacionales.","robots":{"index":"index","follow":"follow","max-snippet":"max-snippet:-1","max-image-preview":"max-image-preview:large","max-video-preview":"max-video-preview:-1"},"canonical":"https:\/\/reporteroshoy.mx\/noticias\/xochitl-galvez-recibira-constancia-en-eventos-nacionales\/","og_locale":"es_ES","og_type":"article","og_title":"X\u00f3chitl G\u00e1lvez recibir\u00e1 constancia en eventos nacionales","og_description":"Cancelada consulta del Frente Amplio por M\u00e9xico el 3 de septiembre; entregar\u00e1n constancia a X\u00f3chitl G\u00e1lvez en eventos nacionales.","og_url":"https:\/\/reporteroshoy.mx\/noticias\/xochitl-galvez-recibira-constancia-en-eventos-nacionales\/","og_site_name":"Reporteros Hoy | Noticias de Yucat\u00e1n","article_publisher":"http:\/\/www.facebook.com\/reporteroshoymx","article_published_time":"2023-09-01T17:40:24+00:00","article_modified_time":"2023-09-01T17:42:19+00:00","og_image":[{"width":739,"height":486,"url":"https:\/\/reporteroshoy.mx\/noticias\/wp-content\/uploads\/2023\/09\/Xochitl-y-Beatriz.png","type":"image\/png"}],"author":"Reporteros Hoy WP","twitter_card":"summary_large_image","twitter_creator":"@reporteroshoy","twitter_site":"@reporteroshoy","twitter_misc":{"Escrito por":"Reporteros Hoy WP","Tiempo de lectura":"3 minutos"},"schema":{"@context":"https:\/\/schema.org","@graph":[{"@type":"Article","@id":"https:\/\/reporteroshoy.mx\/noticias\/xochitl-galvez-recibira-constancia-en-eventos-nacionales\/#article","isPartOf":{"@id":"https:\/\/reporteroshoy.mx\/noticias\/xochitl-galvez-recibira-constancia-en-eventos-nacionales\/"},"author":{"name":"Reporteros Hoy WP","@id":"https:\/\/reporteroshoy.mx\/noticias\/#\/schema\/person\/c977527e57c958a62c5cefe8fe47876e"},"headline":"X\u00f3chitl G\u00e1lvez recibir\u00e1 constancia en eventos nacionales","datePublished":"2023-09-01T17:40:24+00:00","dateModified":"2023-09-01T17:42:19+00:00","mainEntityOfPage":{"@id":"https:\/\/reporteroshoy.mx\/noticias\/xochitl-galvez-recibira-constancia-en-eventos-nacionales\/"},"wordCount":422,"commentCount":0,"image":{"@id":"https:\/\/reporteroshoy.mx\/noticias\/xochitl-galvez-recibira-constancia-en-eventos-nacionales\/#primaryimage"},"thumbnailUrl":"https:\/\/reporteroshoy.mx\/noticias\/wp-content\/uploads\/2023\/09\/Xochitl-y-Beatriz.png","keywords":["Beatriz Paredes Rangel","Frente Amplio por M\u00e9xico","X\u00f3chitl G\u00e1lvez"],"articleSection":["Pol\u00edtica"],"inLanguage":"es","potentialAction":[{"@type":"CommentAction","name":"Comment","target":["https:\/\/reporteroshoy.mx\/noticias\/xochitl-galvez-recibira-constancia-en-eventos-nacionales\/#respond"]}]},{"@type":"WebPage","@id":"https:\/\/reporteroshoy.mx\/noticias\/xochitl-galvez-recibira-constancia-en-eventos-nacionales\/","url":"https:\/\/reporteroshoy.mx\/noticias\/xochitl-galvez-recibira-constancia-en-eventos-nacionales\/","name":"X\u00f3chitl G\u00e1lvez recibir\u00e1 constancia en eventos nacionales","isPartOf":{"@id":"https:\/\/reporteroshoy.mx\/noticias\/#website"},"primaryImageOfPage":{"@id":"https:\/\/reporteroshoy.mx\/noticias\/xochitl-galvez-recibira-constancia-en-eventos-nacionales\/#primaryimage"},"image":{"@id":"https:\/\/reporteroshoy.mx\/noticias\/xochitl-galvez-recibira-constancia-en-eventos-nacionales\/#primaryimage"},"thumbnailUrl":"https:\/\/reporteroshoy.mx\/noticias\/wp-content\/uploads\/2023\/09\/Xochitl-y-Beatriz.png","datePublished":"2023-09-01T17:40:24+00:00","dateModified":"2023-09-01T17:42:19+00:00","author":{"@id":"https:\/\/reporteroshoy.mx\/noticias\/#\/schema\/person\/c977527e57c958a62c5cefe8fe47876e"},"description":"Cancelada consulta del Frente Amplio por M\u00e9xico el 3 de septiembre; entregar\u00e1n constancia a X\u00f3chitl G\u00e1lvez en eventos nacionales.","breadcrumb":{"@id":"https:\/\/reporteroshoy.mx\/noticias\/xochitl-galvez-recibira-constancia-en-eventos-nacionales\/#breadcrumb"},"inLanguage":"es","potentialAction":[{"@type":"ReadAction","target":["https:\/\/reporteroshoy.mx\/noticias\/xochitl-galvez-recibira-constancia-en-eventos-nacionales\/"]}]},{"@type":"ImageObject","inLanguage":"es","@id":"https:\/\/reporteroshoy.mx\/noticias\/xochitl-galvez-recibira-constancia-en-eventos-nacionales\/#primaryimage","url":"https:\/\/reporteroshoy.mx\/noticias\/wp-content\/uploads\/2023\/09\/Xochitl-y-Beatriz.png","contentUrl":"https:\/\/reporteroshoy.mx\/noticias\/wp-content\/uploads\/2023\/09\/Xochitl-y-Beatriz.png","width":739,"height":486,"caption":"X\u00f3chitl G\u00e1lvez recibir\u00e1 constancia en eventos nacionales"},{"@type":"BreadcrumbList","@id":"https:\/\/reporteroshoy.mx\/noticias\/xochitl-galvez-recibira-constancia-en-eventos-nacionales\/#breadcrumb","itemListElement":[{"@type":"ListItem","position":1,"name":"Portada","item":"https:\/\/reporteroshoy.mx\/noticias\/"},{"@type":"ListItem","position":2,"name":"X\u00f3chitl G\u00e1lvez recibir\u00e1 constancia en eventos nacionales"}]},{"@type":"WebSite","@id":"https:\/\/reporteroshoy.mx\/noticias\/#website","url":"https:\/\/reporteroshoy.mx\/noticias\/","name":"Reporteros Hoy | Noticias de Yucat\u00e1n","description":"Peri\u00f3dico digital con noticias diarias desde M\u00e9rida, Yucat\u00e1n para el mundo.","potentialAction":[{"@type":"SearchAction","target":{"@type":"EntryPoint","urlTemplate":"https:\/\/reporteroshoy.mx\/noticias\/?s={search_term_string}"},"query-input":{"@type":"PropertyValueSpecification","valueRequired":true,"valueName":"search_term_string"}}],"inLanguage":"es"},{"@type":"Person","@id":"https:\/\/reporteroshoy.mx\/noticias\/#\/schema\/person\/c977527e57c958a62c5cefe8fe47876e","name":"Reporteros Hoy WP","image":{"@type":"ImageObject","inLanguage":"es","@id":"https:\/\/secure.gravatar.com\/avatar\/fd2917f79a7dae30f8ac9ddc2f35e1756bb59e25e01d1cd09deaa64df7b2f73e?s=96&d=mm&r=g","url":"https:\/\/secure.gravatar.com\/avatar\/fd2917f79a7dae30f8ac9ddc2f35e1756bb59e25e01d1cd09deaa64df7b2f73e?s=96&d=mm&r=g","contentUrl":"https:\/\/secure.gravatar.com\/avatar\/fd2917f79a7dae30f8ac9ddc2f35e1756bb59e25e01d1cd09deaa64df7b2f73e?s=96&d=mm&r=g","caption":"Reporteros Hoy WP"},"url":"https:\/\/reporteroshoy.mx\/noticias\/author\/walfer\/"}]}},"_links":{"self":[{"href":"https:\/\/reporteroshoy.mx\/noticias\/wp-json\/wp\/v2\/posts\/105140","targetHints":{"allow":["GET"]}}],"collection":[{"href":"https:\/\/reporteroshoy.mx\/noticias\/wp-json\/wp\/v2\/posts"}],"about":[{"href":"https:\/\/reporteroshoy.mx\/noticias\/wp-json\/wp\/v2\/types\/post"}],"author":[{"embeddable":true,"href":"https:\/\/reporteroshoy.mx\/noticias\/wp-json\/wp\/v2\/users\/9"}],"replies":[{"embeddable":true,"href":"https:\/\/reporteroshoy.mx\/noticias\/wp-json\/wp\/v2\/comments?post=105140"}],"version-history":[{"count":0,"href":"https:\/\/reporteroshoy.mx\/noticias\/wp-json\/wp\/v2\/posts\/105140\/revisions"}],"wp:featuredmedia":[{"embeddable":true,"href":"https:\/\/reporteroshoy.mx\/noticias\/wp-json\/wp\/v2\/media\/105142"}],"wp:attachment":[{"href":"https:\/\/reporteroshoy.mx\/noticias\/wp-json\/wp\/v2\/media?parent=105140"}],"wp:term":[{"taxonomy":"category","embeddable":true,"href":"https:\/\/reporteroshoy.mx\/noticias\/wp-json\/wp\/v2\/categories?post=105140"},{"taxonomy":"post_tag","embeddable":true,"href":"https:\/\/reporteroshoy.mx\/noticias\/wp-json\/wp\/v2\/tags?post=105140"}],"curies":[{"name":"wp","href":"https:\/\/api.w.org\/{rel}","templated":true}]}}