{"id":105199,"date":"2023-09-03T14:18:50","date_gmt":"2023-09-03T20:18:50","guid":{"rendered":"https:\/\/reporteroshoy.mx\/noticias\/?p=105199"},"modified":"2023-09-03T14:18:50","modified_gmt":"2023-09-03T20:18:50","slug":"xochitl-galvez-recibe-constancia-meridanos-se-reunen","status":"publish","type":"post","link":"https:\/\/reporteroshoy.mx\/noticias\/xochitl-galvez-recibe-constancia-meridanos-se-reunen\/","title":{"rendered":"X\u00f3chitl G\u00e1lvez recibe constancia; meridanos se re\u00fanen"},"content":{"rendered":"<p class=\"ContentPasted0\" style=\"text-align: justify;\">Decenas de ciudadanos y simpatizantes de diversos partidos pol\u00edticos se reunieron en el Remate de Paseo de Montejo, en la ciudad de M\u00e9rida, para atestiguar la entrega de constancia a X\u00f3chitl G\u00e1lvez, como coordinadora del Frente Amplio por M\u00e9xico.<\/p>\n<p class=\"ContentPasted0\" style=\"text-align: justify;\">Los simpatizantes avalaron el rumbo que tom\u00f3 el proceso para designar a quien guiar\u00eda los trabajos pol\u00edticos de la oposici\u00f3n hacia 2024, afirmando que el proceso, que termin\u00f3 antes, fue justo y transparente.<\/p>\n<p class=\"ContentPasted0\" style=\"text-align: justify;\">\u00abEl proceso fue completamente sano y est\u00e1 correcto lo que hicieron porque la se\u00f1ora, Beatriz (Paredes), ella fue la que se baj\u00f3, nadie la oblig\u00f3. Esperamos el tiempo necesario y ella fue quien se dio cuenta de que estaba en ventaja X\u00f3chitl (G\u00e1lvez)\u00bb, se\u00f1al\u00f3 Genny Barcel\u00f3, quien apoya a X\u00f3chitl G\u00e1lvez.<\/p>\n<p><img loading=\"lazy\" decoding=\"async\" class=\"wp-image-105200 aligncenter\" src=\"https:\/\/reporteroshoy.mx\/noticias\/wp-content\/uploads\/2023\/09\/Xochitl-Galvez-scaled.jpg\" alt=\"\" width=\"600\" height=\"338\" srcset=\"https:\/\/reporteroshoy.mx\/noticias\/wp-content\/uploads\/2023\/09\/Xochitl-Galvez-scaled.jpg 768w, https:\/\/reporteroshoy.mx\/noticias\/wp-content\/uploads\/2023\/09\/Xochitl-Galvez-1536x864.jpg 1536w\" sizes=\"auto, (max-width: 600px) 100vw, 600px\" \/><\/p>\n<p id=\"geom_inter_1693771457681_22_10\" class=\"ContentPasted0\" style=\"text-align: justify;\">Bajo los intensos rayos del sol, los asistentes se mostraron positivos con pancartas, porras y muestras de apoyo a la legisladora federal, a quien apreciaron a trav\u00e9s de pantallas gigantes, en las que se transmiti\u00f3 el acto oficial desde la Ciudad de M\u00e9xico.<\/p>\n<h4><strong>Retiros por calor y fallas en se\u00f1al en evento masivo<\/strong><\/h4>\n<p id=\"geom_inter_1693771457681_22_10\" class=\"ContentPasted0\" style=\"text-align: justify;\">De hecho, varias personas empezaron a retirarse debido al intenso calor que se sent\u00eda y porque la se\u00f1al del evento empez\u00f3 a tener fallas. Uno de ellos\u00a0fue el presidente del PRI estatal, Gaspar Quintal, quien se mantuvo a distancia entre los asistentes.<\/p>\n<p class=\"ContentPasted0\" style=\"text-align: justify;\">Por su parte, As\u00eds\u00a0Cano Cetina, presidente del PAN en Yucat\u00e1n, asegur\u00f3 que el proceso fue el adecuado, por lo que reiter\u00f3 que entre los partidos integrantes del frente se mantendr\u00e1 la unidad.<\/p>\n<p><img loading=\"lazy\" decoding=\"async\" class=\"wp-image-105201 aligncenter\" src=\"https:\/\/reporteroshoy.mx\/noticias\/wp-content\/uploads\/2023\/09\/Xochitl-Galvez1-scaled.jpg\" alt=\"\" width=\"598\" height=\"337\" srcset=\"https:\/\/reporteroshoy.mx\/noticias\/wp-content\/uploads\/2023\/09\/Xochitl-Galvez1-scaled.jpg 768w, https:\/\/reporteroshoy.mx\/noticias\/wp-content\/uploads\/2023\/09\/Xochitl-Galvez1-1536x864.jpg 1536w\" sizes=\"auto, (max-width: 598px) 100vw, 598px\" \/><\/p>\n<p id=\"geom_inter_1693771458685_12_15\" class=\"ContentPasted0\" style=\"text-align: justify;\">\u00abCreo que se cumpli\u00f3 el objetivo del frente que era que todos los ciudadanos que quieren un M\u00e9xico mejor salieran a respaldar esta alternativa. Yucat\u00e1n siempre ha sido un estado muy participativo y aqu\u00ed iremos juntos en lo federal los partidos pol\u00edticos y la sociedad, muy contentos con la respuesta en Yucat\u00e1n\u00bb, extern\u00f3.<\/p>\n<p><em><strong>Te interesa:\u00a0<a href=\"https:\/\/reporteroshoy.mx\/noticias\/renan-barrera-recibe-respaldo-de-politicos-nacionales\/\">Ren\u00e1n Barrera recibe respaldo de pol\u00edticos nacionales<\/a><\/strong><\/em><\/p>\n<p class=\"ContentPasted0 elementToProof\" style=\"text-align: justify;\">Los que hicieron su agosto fueron los vendedores de bolis, aguas y bebidas, quienes no se daban abasto ante la demanda de los ciudadanos que buscaban mitigar el calor.<\/p>\n<p><strong>ACOM<\/strong><\/p>\n","protected":false},"excerpt":{"rendered":"<p>Decenas de ciudadanos y simpatizantes se congregaron en el Remate de Paseo de Montejo para respaldar a X\u00f3chitl G\u00e1lvez.<\/p>\n","protected":false},"author":9,"featured_media":105201,"comment_status":"open","ping_status":"closed","sticky":false,"template":"","format":"standard","meta":{"footnotes":""},"categories":[24410],"tags":[22023,24668,21941],"class_list":["post-105199","post","type-post","status-publish","format-standard","has-post-thumbnail","hentry","category-politica","tag-elecciones-2023","tag-frente-amplio-por-mexico","tag-xochitl-galvez"],"yoast_head":"<!-- This site is optimized with the Yoast SEO plugin v28.4 - https:\/\/yoast.com\/product\/yoast-seo-wordpress\/ -->\n<title>X\u00f3chitl G\u00e1lvez recibe constancia; meridanos se re\u00fanen<\/title>\n<meta name=\"description\" content=\"Decenas de ciudadanos y simpatizantes se congregaron en el Remate de Paseo de Montejo para respaldar a X\u00f3chitl G\u00e1lvez.\" \/>\n<meta name=\"robots\" content=\"index, follow, max-snippet:-1, max-image-preview:large, max-video-preview:-1\" \/>\n<link rel=\"canonical\" href=\"https:\/\/reporteroshoy.mx\/noticias\/xochitl-galvez-recibe-constancia-meridanos-se-reunen\/\" \/>\n<meta property=\"og:locale\" content=\"es_ES\" \/>\n<meta property=\"og:type\" content=\"article\" \/>\n<meta property=\"og:title\" content=\"X\u00f3chitl G\u00e1lvez recibe constancia; meridanos se re\u00fanen\" \/>\n<meta property=\"og:description\" content=\"Decenas de ciudadanos y simpatizantes se congregaron en el Remate de Paseo de Montejo para respaldar a X\u00f3chitl G\u00e1lvez.\" \/>\n<meta property=\"og:url\" content=\"https:\/\/reporteroshoy.mx\/noticias\/xochitl-galvez-recibe-constancia-meridanos-se-reunen\/\" \/>\n<meta property=\"og:site_name\" content=\"Reporteros Hoy | Noticias de Yucat\u00e1n\" \/>\n<meta property=\"article:publisher\" content=\"http:\/\/www.facebook.com\/reporteroshoymx\" \/>\n<meta property=\"article:published_time\" content=\"2023-09-03T20:18:50+00:00\" \/>\n<meta property=\"og:image\" content=\"https:\/\/reporteroshoy.mx\/noticias\/wp-content\/uploads\/2023\/09\/Xochitl-Galvez1-scaled.jpg\" \/>\n\t<meta property=\"og:image:width\" content=\"768\" \/>\n\t<meta property=\"og:image:height\" content=\"432\" \/>\n\t<meta property=\"og:image:type\" content=\"image\/jpeg\" \/>\n<meta name=\"author\" content=\"Reporteros Hoy WP\" \/>\n<meta name=\"twitter:card\" content=\"summary_large_image\" \/>\n<meta name=\"twitter:creator\" content=\"@reporteroshoy\" \/>\n<meta name=\"twitter:site\" content=\"@reporteroshoy\" \/>\n<meta name=\"twitter:label1\" content=\"Escrito por\" \/>\n\t<meta name=\"twitter:data1\" content=\"Reporteros Hoy WP\" \/>\n\t<meta name=\"twitter:label2\" content=\"Tiempo de lectura\" \/>\n\t<meta name=\"twitter:data2\" content=\"2 minutos\" \/>\n<script type=\"application\/ld+json\" class=\"yoast-schema-graph\">{\"@context\":\"https:\\\/\\\/schema.org\",\"@graph\":[{\"@type\":\"Article\",\"@id\":\"https:\\\/\\\/reporteroshoy.mx\\\/noticias\\\/xochitl-galvez-recibe-constancia-meridanos-se-reunen\\\/#article\",\"isPartOf\":{\"@id\":\"https:\\\/\\\/reporteroshoy.mx\\\/noticias\\\/xochitl-galvez-recibe-constancia-meridanos-se-reunen\\\/\"},\"author\":{\"name\":\"Reporteros Hoy WP\",\"@id\":\"https:\\\/\\\/reporteroshoy.mx\\\/noticias\\\/#\\\/schema\\\/person\\\/c977527e57c958a62c5cefe8fe47876e\"},\"headline\":\"X\u00f3chitl G\u00e1lvez recibe constancia; meridanos se re\u00fanen\",\"datePublished\":\"2023-09-03T20:18:50+00:00\",\"mainEntityOfPage\":{\"@id\":\"https:\\\/\\\/reporteroshoy.mx\\\/noticias\\\/xochitl-galvez-recibe-constancia-meridanos-se-reunen\\\/\"},\"wordCount\":380,\"commentCount\":0,\"image\":{\"@id\":\"https:\\\/\\\/reporteroshoy.mx\\\/noticias\\\/xochitl-galvez-recibe-constancia-meridanos-se-reunen\\\/#primaryimage\"},\"thumbnailUrl\":\"https:\\\/\\\/reporteroshoy.mx\\\/noticias\\\/wp-content\\\/uploads\\\/2023\\\/09\\\/Xochitl-Galvez1-scaled.jpg\",\"keywords\":[\"Elecciones 2023\",\"Frente Amplio por M\u00e9xico\",\"X\u00f3chitl G\u00e1lvez\"],\"articleSection\":[\"Pol\u00edtica\"],\"inLanguage\":\"es\",\"potentialAction\":[{\"@type\":\"CommentAction\",\"name\":\"Comment\",\"target\":[\"https:\\\/\\\/reporteroshoy.mx\\\/noticias\\\/xochitl-galvez-recibe-constancia-meridanos-se-reunen\\\/#respond\"]}]},{\"@type\":\"WebPage\",\"@id\":\"https:\\\/\\\/reporteroshoy.mx\\\/noticias\\\/xochitl-galvez-recibe-constancia-meridanos-se-reunen\\\/\",\"url\":\"https:\\\/\\\/reporteroshoy.mx\\\/noticias\\\/xochitl-galvez-recibe-constancia-meridanos-se-reunen\\\/\",\"name\":\"X\u00f3chitl G\u00e1lvez recibe constancia; meridanos se re\u00fanen\",\"isPartOf\":{\"@id\":\"https:\\\/\\\/reporteroshoy.mx\\\/noticias\\\/#website\"},\"primaryImageOfPage\":{\"@id\":\"https:\\\/\\\/reporteroshoy.mx\\\/noticias\\\/xochitl-galvez-recibe-constancia-meridanos-se-reunen\\\/#primaryimage\"},\"image\":{\"@id\":\"https:\\\/\\\/reporteroshoy.mx\\\/noticias\\\/xochitl-galvez-recibe-constancia-meridanos-se-reunen\\\/#primaryimage\"},\"thumbnailUrl\":\"https:\\\/\\\/reporteroshoy.mx\\\/noticias\\\/wp-content\\\/uploads\\\/2023\\\/09\\\/Xochitl-Galvez1-scaled.jpg\",\"datePublished\":\"2023-09-03T20:18:50+00:00\",\"author\":{\"@id\":\"https:\\\/\\\/reporteroshoy.mx\\\/noticias\\\/#\\\/schema\\\/person\\\/c977527e57c958a62c5cefe8fe47876e\"},\"description\":\"Decenas de ciudadanos y simpatizantes se congregaron en el Remate de Paseo de Montejo para respaldar a X\u00f3chitl G\u00e1lvez.\",\"breadcrumb\":{\"@id\":\"https:\\\/\\\/reporteroshoy.mx\\\/noticias\\\/xochitl-galvez-recibe-constancia-meridanos-se-reunen\\\/#breadcrumb\"},\"inLanguage\":\"es\",\"potentialAction\":[{\"@type\":\"ReadAction\",\"target\":[\"https:\\\/\\\/reporteroshoy.mx\\\/noticias\\\/xochitl-galvez-recibe-constancia-meridanos-se-reunen\\\/\"]}]},{\"@type\":\"ImageObject\",\"inLanguage\":\"es\",\"@id\":\"https:\\\/\\\/reporteroshoy.mx\\\/noticias\\\/xochitl-galvez-recibe-constancia-meridanos-se-reunen\\\/#primaryimage\",\"url\":\"https:\\\/\\\/reporteroshoy.mx\\\/noticias\\\/wp-content\\\/uploads\\\/2023\\\/09\\\/Xochitl-Galvez1-scaled.jpg\",\"contentUrl\":\"https:\\\/\\\/reporteroshoy.mx\\\/noticias\\\/wp-content\\\/uploads\\\/2023\\\/09\\\/Xochitl-Galvez1-scaled.jpg\",\"width\":768,\"height\":432,\"caption\":\"X\u00f3chitl G\u00e1lvez recibe constancia; meridanos se re\u00fanen\"},{\"@type\":\"BreadcrumbList\",\"@id\":\"https:\\\/\\\/reporteroshoy.mx\\\/noticias\\\/xochitl-galvez-recibe-constancia-meridanos-se-reunen\\\/#breadcrumb\",\"itemListElement\":[{\"@type\":\"ListItem\",\"position\":1,\"name\":\"Portada\",\"item\":\"https:\\\/\\\/reporteroshoy.mx\\\/noticias\\\/\"},{\"@type\":\"ListItem\",\"position\":2,\"name\":\"X\u00f3chitl G\u00e1lvez recibe constancia; meridanos se re\u00fanen\"}]},{\"@type\":\"WebSite\",\"@id\":\"https:\\\/\\\/reporteroshoy.mx\\\/noticias\\\/#website\",\"url\":\"https:\\\/\\\/reporteroshoy.mx\\\/noticias\\\/\",\"name\":\"Reporteros Hoy | Noticias de Yucat\u00e1n\",\"description\":\"Peri\u00f3dico digital con noticias diarias desde M\u00e9rida, Yucat\u00e1n para el mundo.\",\"potentialAction\":[{\"@type\":\"SearchAction\",\"target\":{\"@type\":\"EntryPoint\",\"urlTemplate\":\"https:\\\/\\\/reporteroshoy.mx\\\/noticias\\\/?s={search_term_string}\"},\"query-input\":{\"@type\":\"PropertyValueSpecification\",\"valueRequired\":true,\"valueName\":\"search_term_string\"}}],\"inLanguage\":\"es\"},{\"@type\":\"Person\",\"@id\":\"https:\\\/\\\/reporteroshoy.mx\\\/noticias\\\/#\\\/schema\\\/person\\\/c977527e57c958a62c5cefe8fe47876e\",\"name\":\"Reporteros Hoy WP\",\"image\":{\"@type\":\"ImageObject\",\"inLanguage\":\"es\",\"@id\":\"https:\\\/\\\/secure.gravatar.com\\\/avatar\\\/fd2917f79a7dae30f8ac9ddc2f35e1756bb59e25e01d1cd09deaa64df7b2f73e?s=96&d=mm&r=g\",\"url\":\"https:\\\/\\\/secure.gravatar.com\\\/avatar\\\/fd2917f79a7dae30f8ac9ddc2f35e1756bb59e25e01d1cd09deaa64df7b2f73e?s=96&d=mm&r=g\",\"contentUrl\":\"https:\\\/\\\/secure.gravatar.com\\\/avatar\\\/fd2917f79a7dae30f8ac9ddc2f35e1756bb59e25e01d1cd09deaa64df7b2f73e?s=96&d=mm&r=g\",\"caption\":\"Reporteros Hoy WP\"},\"url\":\"https:\\\/\\\/reporteroshoy.mx\\\/noticias\\\/author\\\/walfer\\\/\"}]}<\/script>\n<!-- \/ Yoast SEO plugin. -->","yoast_head_json":{"title":"X\u00f3chitl G\u00e1lvez recibe constancia; meridanos se re\u00fanen","description":"Decenas de ciudadanos y simpatizantes se congregaron en el Remate de Paseo de Montejo para respaldar a X\u00f3chitl G\u00e1lvez.","robots":{"index":"index","follow":"follow","max-snippet":"max-snippet:-1","max-image-preview":"max-image-preview:large","max-video-preview":"max-video-preview:-1"},"canonical":"https:\/\/reporteroshoy.mx\/noticias\/xochitl-galvez-recibe-constancia-meridanos-se-reunen\/","og_locale":"es_ES","og_type":"article","og_title":"X\u00f3chitl G\u00e1lvez recibe constancia; meridanos se re\u00fanen","og_description":"Decenas de ciudadanos y simpatizantes se congregaron en el Remate de Paseo de Montejo para respaldar a X\u00f3chitl G\u00e1lvez.","og_url":"https:\/\/reporteroshoy.mx\/noticias\/xochitl-galvez-recibe-constancia-meridanos-se-reunen\/","og_site_name":"Reporteros Hoy | Noticias de Yucat\u00e1n","article_publisher":"http:\/\/www.facebook.com\/reporteroshoymx","article_published_time":"2023-09-03T20:18:50+00:00","og_image":[{"width":768,"height":432,"url":"https:\/\/reporteroshoy.mx\/noticias\/wp-content\/uploads\/2023\/09\/Xochitl-Galvez1-scaled.jpg","type":"image\/jpeg"}],"author":"Reporteros Hoy WP","twitter_card":"summary_large_image","twitter_creator":"@reporteroshoy","twitter_site":"@reporteroshoy","twitter_misc":{"Escrito por":"Reporteros Hoy WP","Tiempo de lectura":"2 minutos"},"schema":{"@context":"https:\/\/schema.org","@graph":[{"@type":"Article","@id":"https:\/\/reporteroshoy.mx\/noticias\/xochitl-galvez-recibe-constancia-meridanos-se-reunen\/#article","isPartOf":{"@id":"https:\/\/reporteroshoy.mx\/noticias\/xochitl-galvez-recibe-constancia-meridanos-se-reunen\/"},"author":{"name":"Reporteros Hoy WP","@id":"https:\/\/reporteroshoy.mx\/noticias\/#\/schema\/person\/c977527e57c958a62c5cefe8fe47876e"},"headline":"X\u00f3chitl G\u00e1lvez recibe constancia; meridanos se re\u00fanen","datePublished":"2023-09-03T20:18:50+00:00","mainEntityOfPage":{"@id":"https:\/\/reporteroshoy.mx\/noticias\/xochitl-galvez-recibe-constancia-meridanos-se-reunen\/"},"wordCount":380,"commentCount":0,"image":{"@id":"https:\/\/reporteroshoy.mx\/noticias\/xochitl-galvez-recibe-constancia-meridanos-se-reunen\/#primaryimage"},"thumbnailUrl":"https:\/\/reporteroshoy.mx\/noticias\/wp-content\/uploads\/2023\/09\/Xochitl-Galvez1-scaled.jpg","keywords":["Elecciones 2023","Frente Amplio por M\u00e9xico","X\u00f3chitl G\u00e1lvez"],"articleSection":["Pol\u00edtica"],"inLanguage":"es","potentialAction":[{"@type":"CommentAction","name":"Comment","target":["https:\/\/reporteroshoy.mx\/noticias\/xochitl-galvez-recibe-constancia-meridanos-se-reunen\/#respond"]}]},{"@type":"WebPage","@id":"https:\/\/reporteroshoy.mx\/noticias\/xochitl-galvez-recibe-constancia-meridanos-se-reunen\/","url":"https:\/\/reporteroshoy.mx\/noticias\/xochitl-galvez-recibe-constancia-meridanos-se-reunen\/","name":"X\u00f3chitl G\u00e1lvez recibe constancia; meridanos se re\u00fanen","isPartOf":{"@id":"https:\/\/reporteroshoy.mx\/noticias\/#website"},"primaryImageOfPage":{"@id":"https:\/\/reporteroshoy.mx\/noticias\/xochitl-galvez-recibe-constancia-meridanos-se-reunen\/#primaryimage"},"image":{"@id":"https:\/\/reporteroshoy.mx\/noticias\/xochitl-galvez-recibe-constancia-meridanos-se-reunen\/#primaryimage"},"thumbnailUrl":"https:\/\/reporteroshoy.mx\/noticias\/wp-content\/uploads\/2023\/09\/Xochitl-Galvez1-scaled.jpg","datePublished":"2023-09-03T20:18:50+00:00","author":{"@id":"https:\/\/reporteroshoy.mx\/noticias\/#\/schema\/person\/c977527e57c958a62c5cefe8fe47876e"},"description":"Decenas de ciudadanos y simpatizantes se congregaron en el Remate de Paseo de Montejo para respaldar a X\u00f3chitl G\u00e1lvez.","breadcrumb":{"@id":"https:\/\/reporteroshoy.mx\/noticias\/xochitl-galvez-recibe-constancia-meridanos-se-reunen\/#breadcrumb"},"inLanguage":"es","potentialAction":[{"@type":"ReadAction","target":["https:\/\/reporteroshoy.mx\/noticias\/xochitl-galvez-recibe-constancia-meridanos-se-reunen\/"]}]},{"@type":"ImageObject","inLanguage":"es","@id":"https:\/\/reporteroshoy.mx\/noticias\/xochitl-galvez-recibe-constancia-meridanos-se-reunen\/#primaryimage","url":"https:\/\/reporteroshoy.mx\/noticias\/wp-content\/uploads\/2023\/09\/Xochitl-Galvez1-scaled.jpg","contentUrl":"https:\/\/reporteroshoy.mx\/noticias\/wp-content\/uploads\/2023\/09\/Xochitl-Galvez1-scaled.jpg","width":768,"height":432,"caption":"X\u00f3chitl G\u00e1lvez recibe constancia; meridanos se re\u00fanen"},{"@type":"BreadcrumbList","@id":"https:\/\/reporteroshoy.mx\/noticias\/xochitl-galvez-recibe-constancia-meridanos-se-reunen\/#breadcrumb","itemListElement":[{"@type":"ListItem","position":1,"name":"Portada","item":"https:\/\/reporteroshoy.mx\/noticias\/"},{"@type":"ListItem","position":2,"name":"X\u00f3chitl G\u00e1lvez recibe constancia; meridanos se re\u00fanen"}]},{"@type":"WebSite","@id":"https:\/\/reporteroshoy.mx\/noticias\/#website","url":"https:\/\/reporteroshoy.mx\/noticias\/","name":"Reporteros Hoy | Noticias de Yucat\u00e1n","description":"Peri\u00f3dico digital con noticias diarias desde M\u00e9rida, Yucat\u00e1n para el mundo.","potentialAction":[{"@type":"SearchAction","target":{"@type":"EntryPoint","urlTemplate":"https:\/\/reporteroshoy.mx\/noticias\/?s={search_term_string}"},"query-input":{"@type":"PropertyValueSpecification","valueRequired":true,"valueName":"search_term_string"}}],"inLanguage":"es"},{"@type":"Person","@id":"https:\/\/reporteroshoy.mx\/noticias\/#\/schema\/person\/c977527e57c958a62c5cefe8fe47876e","name":"Reporteros Hoy WP","image":{"@type":"ImageObject","inLanguage":"es","@id":"https:\/\/secure.gravatar.com\/avatar\/fd2917f79a7dae30f8ac9ddc2f35e1756bb59e25e01d1cd09deaa64df7b2f73e?s=96&d=mm&r=g","url":"https:\/\/secure.gravatar.com\/avatar\/fd2917f79a7dae30f8ac9ddc2f35e1756bb59e25e01d1cd09deaa64df7b2f73e?s=96&d=mm&r=g","contentUrl":"https:\/\/secure.gravatar.com\/avatar\/fd2917f79a7dae30f8ac9ddc2f35e1756bb59e25e01d1cd09deaa64df7b2f73e?s=96&d=mm&r=g","caption":"Reporteros Hoy WP"},"url":"https:\/\/reporteroshoy.mx\/noticias\/author\/walfer\/"}]}},"_links":{"self":[{"href":"https:\/\/reporteroshoy.mx\/noticias\/wp-json\/wp\/v2\/posts\/105199","targetHints":{"allow":["GET"]}}],"collection":[{"href":"https:\/\/reporteroshoy.mx\/noticias\/wp-json\/wp\/v2\/posts"}],"about":[{"href":"https:\/\/reporteroshoy.mx\/noticias\/wp-json\/wp\/v2\/types\/post"}],"author":[{"embeddable":true,"href":"https:\/\/reporteroshoy.mx\/noticias\/wp-json\/wp\/v2\/users\/9"}],"replies":[{"embeddable":true,"href":"https:\/\/reporteroshoy.mx\/noticias\/wp-json\/wp\/v2\/comments?post=105199"}],"version-history":[{"count":0,"href":"https:\/\/reporteroshoy.mx\/noticias\/wp-json\/wp\/v2\/posts\/105199\/revisions"}],"wp:featuredmedia":[{"embeddable":true,"href":"https:\/\/reporteroshoy.mx\/noticias\/wp-json\/wp\/v2\/media\/105201"}],"wp:attachment":[{"href":"https:\/\/reporteroshoy.mx\/noticias\/wp-json\/wp\/v2\/media?parent=105199"}],"wp:term":[{"taxonomy":"category","embeddable":true,"href":"https:\/\/reporteroshoy.mx\/noticias\/wp-json\/wp\/v2\/categories?post=105199"},{"taxonomy":"post_tag","embeddable":true,"href":"https:\/\/reporteroshoy.mx\/noticias\/wp-json\/wp\/v2\/tags?post=105199"}],"curies":[{"name":"wp","href":"https:\/\/api.w.org\/{rel}","templated":true}]}}