{"id":105311,"date":"2023-09-07T11:35:27","date_gmt":"2023-09-07T17:35:27","guid":{"rendered":"https:\/\/reporteroshoy.mx\/noticias\/?p=105311"},"modified":"2023-09-07T11:35:27","modified_gmt":"2023-09-07T17:35:27","slug":"mas-de-20-lesionados-al-volcar-un-autobus-con-destino-a-motul","status":"publish","type":"post","link":"https:\/\/reporteroshoy.mx\/noticias\/mas-de-20-lesionados-al-volcar-un-autobus-con-destino-a-motul\/","title":{"rendered":"M\u00e1s de 20 lesionados al volcar un autob\u00fas con destino a Motul"},"content":{"rendered":"<p style=\"text-align: justify;\">Esta madrugada, un tr\u00e1gico accidente dej\u00f3 m\u00e1s de 20 personas lesionadas cuando un autob\u00fas de la empresa Autocentro, que se dirig\u00eda a la ciudad de Motul desde Canc\u00fan, volc\u00f3 en la carretera rumbo a Izamal. El incidente ocurri\u00f3 debido a que el conductor del veh\u00edculo, presuntamente, se qued\u00f3 dormido al volante, lo que result\u00f3 en la p\u00e9rdida del control del veh\u00edculo.<\/p>\n<p style=\"text-align: justify;\">El autob\u00fas, que estaba completamente lleno de pasajeros, se sali\u00f3 de la v\u00eda y recorri\u00f3 varios metros antes de terminar volcado sobre su costado. A pesar de la gravedad del accidente, se informa que 19 personas resultaron con golpes y excoriaciones en diversas partes del cuerpo.<\/p>\n<p><img loading=\"lazy\" decoding=\"async\" class=\"wp-image-105312 aligncenter\" src=\"https:\/\/reporteroshoy.mx\/noticias\/wp-content\/uploads\/2023\/09\/Autobus-volcado-scaled.jpg\" alt=\"\" width=\"600\" height=\"338\" \/><\/p>\n<p style=\"text-align: justify;\">Los pasajeros, en medio de la oscuridad de la madrugada, marcaron r\u00e1pidamente al n\u00famero de emergencia 9-1-1 para solicitar ayuda. Adem\u00e1s, varios automovilistas que transitaban por la zona detuvieron sus veh\u00edculos para brindar apoyo a las personas afectadas.<\/p>\n<p style=\"text-align: justify;\">Minutos despu\u00e9s, unidades de ambulancia de la Secretar\u00eda de Seguridad P\u00fablica (SSP) llegaron al lugar del accidente y comenzaron a atender a los heridos. Las personas con heridas m\u00e1s graves fueron trasladadas de inmediato al hospital de Izamal para recibir atenci\u00f3n m\u00e9dica especializada.<\/p>\n<p><img loading=\"lazy\" decoding=\"async\" class=\"wp-image-105313 aligncenter\" src=\"https:\/\/reporteroshoy.mx\/noticias\/wp-content\/uploads\/2023\/09\/Autobus-volcado1-scaled.jpg\" alt=\"M\u00e1s de 20 lesionados al volcar un autob\u00fas con destino a Motul\" width=\"602\" height=\"339\" \/><\/p>\n<p style=\"text-align: justify;\">El cierre temporal de la carretera para permitir las labores de rescate y atenci\u00f3n a los lesionados caus\u00f3 retrasos en el tr\u00e1fico y dej\u00f3 a decenas de maestros varados que se dirig\u00edan a sus lugares de trabajo.<\/p>\n<p><em><strong>Te interesa:\u00a0<a href=\"https:\/\/reporteroshoy.mx\/noticias\/planta-electrica-portatil-vuelca-en-tizimin\/\">Reguero de gasolina por volcadura de remolque en Tizim\u00edn<\/a><\/strong><\/em><\/p>\n<p style=\"text-align: justify;\">Elementos de la SSP mantienen acordonada la zona mientras se realizan las investigaciones pertinentes para determinar las causas exactas del accidente. Por el momento, se espera que las autoridades locales brinden m\u00e1s detalles sobre el estado de salud de los lesionados y la reapertura de la carretera.<\/p>\n<p><strong>ACOM<\/strong><\/p>\n","protected":false},"excerpt":{"rendered":"<p>Esta madrugada, un tr\u00e1gico accidente dej\u00f3 m\u00e1s de 20 personas lesionadas cuando un autob\u00fas de Autocentro volc\u00f3 en la carretera a Izamal.<\/p>\n","protected":false},"author":9,"featured_media":105313,"comment_status":"open","ping_status":"closed","sticky":false,"template":"","format":"standard","meta":{"footnotes":""},"categories":[17],"tags":[25021,3942,1376,1623],"class_list":["post-105311","post","type-post","status-publish","format-standard","has-post-thumbnail","hentry","category-yucatan","tag-autocentro","tag-lesionados","tag-volcadura","tag-vuelca-autobus"],"yoast_head":"<!-- This site is optimized with the Yoast SEO plugin v28.3 - https:\/\/yoast.com\/product\/yoast-seo-wordpress\/ -->\n<title>M\u00e1s de 20 lesionados al volcar un autob\u00fas con destino a Motul<\/title>\n<meta name=\"description\" content=\"Esta madrugada, un tr\u00e1gico accidente dej\u00f3 m\u00e1s de 20 personas lesionadas cuando un autob\u00fas de Autocentro volc\u00f3 en la carretera a Izamal.\" \/>\n<meta name=\"robots\" content=\"index, follow, max-snippet:-1, max-image-preview:large, max-video-preview:-1\" \/>\n<link rel=\"canonical\" href=\"https:\/\/reporteroshoy.mx\/noticias\/mas-de-20-lesionados-al-volcar-un-autobus-con-destino-a-motul\/\" \/>\n<meta property=\"og:locale\" content=\"es_ES\" \/>\n<meta property=\"og:type\" content=\"article\" \/>\n<meta property=\"og:title\" content=\"M\u00e1s de 20 lesionados al volcar un autob\u00fas con destino a Motul\" \/>\n<meta property=\"og:description\" content=\"Esta madrugada, un tr\u00e1gico accidente dej\u00f3 m\u00e1s de 20 personas lesionadas cuando un autob\u00fas de Autocentro volc\u00f3 en la carretera a Izamal.\" \/>\n<meta property=\"og:url\" content=\"https:\/\/reporteroshoy.mx\/noticias\/mas-de-20-lesionados-al-volcar-un-autobus-con-destino-a-motul\/\" \/>\n<meta property=\"og:site_name\" content=\"Reporteros Hoy | Noticias de Yucat\u00e1n\" \/>\n<meta property=\"article:publisher\" content=\"http:\/\/www.facebook.com\/reporteroshoymx\" \/>\n<meta property=\"article:published_time\" content=\"2023-09-07T17:35:27+00:00\" \/>\n<meta property=\"og:image\" content=\"https:\/\/reporteroshoy.mx\/noticias\/wp-content\/uploads\/2023\/09\/Autobus-volcado1-scaled.jpg\" \/>\n\t<meta property=\"og:image:width\" content=\"768\" \/>\n\t<meta property=\"og:image:height\" content=\"432\" \/>\n\t<meta property=\"og:image:type\" content=\"image\/jpeg\" \/>\n<meta name=\"author\" content=\"Reporteros Hoy WP\" \/>\n<meta name=\"twitter:card\" content=\"summary_large_image\" \/>\n<meta name=\"twitter:creator\" content=\"@reporteroshoy\" \/>\n<meta name=\"twitter:site\" content=\"@reporteroshoy\" \/>\n<meta name=\"twitter:label1\" content=\"Escrito por\" \/>\n\t<meta name=\"twitter:data1\" content=\"Reporteros Hoy WP\" \/>\n\t<meta name=\"twitter:label2\" content=\"Tiempo de lectura\" \/>\n\t<meta name=\"twitter:data2\" content=\"2 minutos\" \/>\n<script type=\"application\/ld+json\" class=\"yoast-schema-graph\">{\"@context\":\"https:\\\/\\\/schema.org\",\"@graph\":[{\"@type\":\"Article\",\"@id\":\"https:\\\/\\\/reporteroshoy.mx\\\/noticias\\\/mas-de-20-lesionados-al-volcar-un-autobus-con-destino-a-motul\\\/#article\",\"isPartOf\":{\"@id\":\"https:\\\/\\\/reporteroshoy.mx\\\/noticias\\\/mas-de-20-lesionados-al-volcar-un-autobus-con-destino-a-motul\\\/\"},\"author\":{\"name\":\"Reporteros Hoy WP\",\"@id\":\"https:\\\/\\\/reporteroshoy.mx\\\/noticias\\\/#\\\/schema\\\/person\\\/c977527e57c958a62c5cefe8fe47876e\"},\"headline\":\"M\u00e1s de 20 lesionados al volcar un autob\u00fas con destino a Motul\",\"datePublished\":\"2023-09-07T17:35:27+00:00\",\"mainEntityOfPage\":{\"@id\":\"https:\\\/\\\/reporteroshoy.mx\\\/noticias\\\/mas-de-20-lesionados-al-volcar-un-autobus-con-destino-a-motul\\\/\"},\"wordCount\":321,\"commentCount\":0,\"image\":{\"@id\":\"https:\\\/\\\/reporteroshoy.mx\\\/noticias\\\/mas-de-20-lesionados-al-volcar-un-autobus-con-destino-a-motul\\\/#primaryimage\"},\"thumbnailUrl\":\"https:\\\/\\\/reporteroshoy.mx\\\/noticias\\\/wp-content\\\/uploads\\\/2023\\\/09\\\/Autobus-volcado1-scaled.jpg\",\"keywords\":[\"Autocentro\",\"lesionados\",\"Volcadura\",\"Vuelca autob\u00fas\"],\"articleSection\":[\"Yucat\u00e1n\"],\"inLanguage\":\"es\",\"potentialAction\":[{\"@type\":\"CommentAction\",\"name\":\"Comment\",\"target\":[\"https:\\\/\\\/reporteroshoy.mx\\\/noticias\\\/mas-de-20-lesionados-al-volcar-un-autobus-con-destino-a-motul\\\/#respond\"]}]},{\"@type\":\"WebPage\",\"@id\":\"https:\\\/\\\/reporteroshoy.mx\\\/noticias\\\/mas-de-20-lesionados-al-volcar-un-autobus-con-destino-a-motul\\\/\",\"url\":\"https:\\\/\\\/reporteroshoy.mx\\\/noticias\\\/mas-de-20-lesionados-al-volcar-un-autobus-con-destino-a-motul\\\/\",\"name\":\"M\u00e1s de 20 lesionados al volcar un autob\u00fas con destino a Motul\",\"isPartOf\":{\"@id\":\"https:\\\/\\\/reporteroshoy.mx\\\/noticias\\\/#website\"},\"primaryImageOfPage\":{\"@id\":\"https:\\\/\\\/reporteroshoy.mx\\\/noticias\\\/mas-de-20-lesionados-al-volcar-un-autobus-con-destino-a-motul\\\/#primaryimage\"},\"image\":{\"@id\":\"https:\\\/\\\/reporteroshoy.mx\\\/noticias\\\/mas-de-20-lesionados-al-volcar-un-autobus-con-destino-a-motul\\\/#primaryimage\"},\"thumbnailUrl\":\"https:\\\/\\\/reporteroshoy.mx\\\/noticias\\\/wp-content\\\/uploads\\\/2023\\\/09\\\/Autobus-volcado1-scaled.jpg\",\"datePublished\":\"2023-09-07T17:35:27+00:00\",\"author\":{\"@id\":\"https:\\\/\\\/reporteroshoy.mx\\\/noticias\\\/#\\\/schema\\\/person\\\/c977527e57c958a62c5cefe8fe47876e\"},\"description\":\"Esta madrugada, un tr\u00e1gico accidente dej\u00f3 m\u00e1s de 20 personas lesionadas cuando un autob\u00fas de Autocentro volc\u00f3 en la carretera a Izamal.\",\"breadcrumb\":{\"@id\":\"https:\\\/\\\/reporteroshoy.mx\\\/noticias\\\/mas-de-20-lesionados-al-volcar-un-autobus-con-destino-a-motul\\\/#breadcrumb\"},\"inLanguage\":\"es\",\"potentialAction\":[{\"@type\":\"ReadAction\",\"target\":[\"https:\\\/\\\/reporteroshoy.mx\\\/noticias\\\/mas-de-20-lesionados-al-volcar-un-autobus-con-destino-a-motul\\\/\"]}]},{\"@type\":\"ImageObject\",\"inLanguage\":\"es\",\"@id\":\"https:\\\/\\\/reporteroshoy.mx\\\/noticias\\\/mas-de-20-lesionados-al-volcar-un-autobus-con-destino-a-motul\\\/#primaryimage\",\"url\":\"https:\\\/\\\/reporteroshoy.mx\\\/noticias\\\/wp-content\\\/uploads\\\/2023\\\/09\\\/Autobus-volcado1-scaled.jpg\",\"contentUrl\":\"https:\\\/\\\/reporteroshoy.mx\\\/noticias\\\/wp-content\\\/uploads\\\/2023\\\/09\\\/Autobus-volcado1-scaled.jpg\",\"width\":768,\"height\":432,\"caption\":\"M\u00e1s de 20 lesionados al volcar un autob\u00fas con destino a Motul\"},{\"@type\":\"BreadcrumbList\",\"@id\":\"https:\\\/\\\/reporteroshoy.mx\\\/noticias\\\/mas-de-20-lesionados-al-volcar-un-autobus-con-destino-a-motul\\\/#breadcrumb\",\"itemListElement\":[{\"@type\":\"ListItem\",\"position\":1,\"name\":\"Portada\",\"item\":\"https:\\\/\\\/reporteroshoy.mx\\\/noticias\\\/\"},{\"@type\":\"ListItem\",\"position\":2,\"name\":\"M\u00e1s de 20 lesionados al volcar un autob\u00fas con destino a Motul\"}]},{\"@type\":\"WebSite\",\"@id\":\"https:\\\/\\\/reporteroshoy.mx\\\/noticias\\\/#website\",\"url\":\"https:\\\/\\\/reporteroshoy.mx\\\/noticias\\\/\",\"name\":\"Reporteros Hoy | Noticias de Yucat\u00e1n\",\"description\":\"Peri\u00f3dico digital con noticias diarias desde M\u00e9rida, Yucat\u00e1n para el mundo.\",\"potentialAction\":[{\"@type\":\"SearchAction\",\"target\":{\"@type\":\"EntryPoint\",\"urlTemplate\":\"https:\\\/\\\/reporteroshoy.mx\\\/noticias\\\/?s={search_term_string}\"},\"query-input\":{\"@type\":\"PropertyValueSpecification\",\"valueRequired\":true,\"valueName\":\"search_term_string\"}}],\"inLanguage\":\"es\"},{\"@type\":\"Person\",\"@id\":\"https:\\\/\\\/reporteroshoy.mx\\\/noticias\\\/#\\\/schema\\\/person\\\/c977527e57c958a62c5cefe8fe47876e\",\"name\":\"Reporteros Hoy WP\",\"image\":{\"@type\":\"ImageObject\",\"inLanguage\":\"es\",\"@id\":\"https:\\\/\\\/secure.gravatar.com\\\/avatar\\\/fd2917f79a7dae30f8ac9ddc2f35e1756bb59e25e01d1cd09deaa64df7b2f73e?s=96&d=mm&r=g\",\"url\":\"https:\\\/\\\/secure.gravatar.com\\\/avatar\\\/fd2917f79a7dae30f8ac9ddc2f35e1756bb59e25e01d1cd09deaa64df7b2f73e?s=96&d=mm&r=g\",\"contentUrl\":\"https:\\\/\\\/secure.gravatar.com\\\/avatar\\\/fd2917f79a7dae30f8ac9ddc2f35e1756bb59e25e01d1cd09deaa64df7b2f73e?s=96&d=mm&r=g\",\"caption\":\"Reporteros Hoy WP\"},\"url\":\"https:\\\/\\\/reporteroshoy.mx\\\/noticias\\\/author\\\/walfer\\\/\"}]}<\/script>\n<!-- \/ Yoast SEO plugin. -->","yoast_head_json":{"title":"M\u00e1s de 20 lesionados al volcar un autob\u00fas con destino a Motul","description":"Esta madrugada, un tr\u00e1gico accidente dej\u00f3 m\u00e1s de 20 personas lesionadas cuando un autob\u00fas de Autocentro volc\u00f3 en la carretera a Izamal.","robots":{"index":"index","follow":"follow","max-snippet":"max-snippet:-1","max-image-preview":"max-image-preview:large","max-video-preview":"max-video-preview:-1"},"canonical":"https:\/\/reporteroshoy.mx\/noticias\/mas-de-20-lesionados-al-volcar-un-autobus-con-destino-a-motul\/","og_locale":"es_ES","og_type":"article","og_title":"M\u00e1s de 20 lesionados al volcar un autob\u00fas con destino a Motul","og_description":"Esta madrugada, un tr\u00e1gico accidente dej\u00f3 m\u00e1s de 20 personas lesionadas cuando un autob\u00fas de Autocentro volc\u00f3 en la carretera a Izamal.","og_url":"https:\/\/reporteroshoy.mx\/noticias\/mas-de-20-lesionados-al-volcar-un-autobus-con-destino-a-motul\/","og_site_name":"Reporteros Hoy | Noticias de Yucat\u00e1n","article_publisher":"http:\/\/www.facebook.com\/reporteroshoymx","article_published_time":"2023-09-07T17:35:27+00:00","og_image":[{"width":768,"height":432,"url":"https:\/\/reporteroshoy.mx\/noticias\/wp-content\/uploads\/2023\/09\/Autobus-volcado1-scaled.jpg","type":"image\/jpeg"}],"author":"Reporteros Hoy WP","twitter_card":"summary_large_image","twitter_creator":"@reporteroshoy","twitter_site":"@reporteroshoy","twitter_misc":{"Escrito por":"Reporteros Hoy WP","Tiempo de lectura":"2 minutos"},"schema":{"@context":"https:\/\/schema.org","@graph":[{"@type":"Article","@id":"https:\/\/reporteroshoy.mx\/noticias\/mas-de-20-lesionados-al-volcar-un-autobus-con-destino-a-motul\/#article","isPartOf":{"@id":"https:\/\/reporteroshoy.mx\/noticias\/mas-de-20-lesionados-al-volcar-un-autobus-con-destino-a-motul\/"},"author":{"name":"Reporteros Hoy WP","@id":"https:\/\/reporteroshoy.mx\/noticias\/#\/schema\/person\/c977527e57c958a62c5cefe8fe47876e"},"headline":"M\u00e1s de 20 lesionados al volcar un autob\u00fas con destino a Motul","datePublished":"2023-09-07T17:35:27+00:00","mainEntityOfPage":{"@id":"https:\/\/reporteroshoy.mx\/noticias\/mas-de-20-lesionados-al-volcar-un-autobus-con-destino-a-motul\/"},"wordCount":321,"commentCount":0,"image":{"@id":"https:\/\/reporteroshoy.mx\/noticias\/mas-de-20-lesionados-al-volcar-un-autobus-con-destino-a-motul\/#primaryimage"},"thumbnailUrl":"https:\/\/reporteroshoy.mx\/noticias\/wp-content\/uploads\/2023\/09\/Autobus-volcado1-scaled.jpg","keywords":["Autocentro","lesionados","Volcadura","Vuelca autob\u00fas"],"articleSection":["Yucat\u00e1n"],"inLanguage":"es","potentialAction":[{"@type":"CommentAction","name":"Comment","target":["https:\/\/reporteroshoy.mx\/noticias\/mas-de-20-lesionados-al-volcar-un-autobus-con-destino-a-motul\/#respond"]}]},{"@type":"WebPage","@id":"https:\/\/reporteroshoy.mx\/noticias\/mas-de-20-lesionados-al-volcar-un-autobus-con-destino-a-motul\/","url":"https:\/\/reporteroshoy.mx\/noticias\/mas-de-20-lesionados-al-volcar-un-autobus-con-destino-a-motul\/","name":"M\u00e1s de 20 lesionados al volcar un autob\u00fas con destino a Motul","isPartOf":{"@id":"https:\/\/reporteroshoy.mx\/noticias\/#website"},"primaryImageOfPage":{"@id":"https:\/\/reporteroshoy.mx\/noticias\/mas-de-20-lesionados-al-volcar-un-autobus-con-destino-a-motul\/#primaryimage"},"image":{"@id":"https:\/\/reporteroshoy.mx\/noticias\/mas-de-20-lesionados-al-volcar-un-autobus-con-destino-a-motul\/#primaryimage"},"thumbnailUrl":"https:\/\/reporteroshoy.mx\/noticias\/wp-content\/uploads\/2023\/09\/Autobus-volcado1-scaled.jpg","datePublished":"2023-09-07T17:35:27+00:00","author":{"@id":"https:\/\/reporteroshoy.mx\/noticias\/#\/schema\/person\/c977527e57c958a62c5cefe8fe47876e"},"description":"Esta madrugada, un tr\u00e1gico accidente dej\u00f3 m\u00e1s de 20 personas lesionadas cuando un autob\u00fas de Autocentro volc\u00f3 en la carretera a Izamal.","breadcrumb":{"@id":"https:\/\/reporteroshoy.mx\/noticias\/mas-de-20-lesionados-al-volcar-un-autobus-con-destino-a-motul\/#breadcrumb"},"inLanguage":"es","potentialAction":[{"@type":"ReadAction","target":["https:\/\/reporteroshoy.mx\/noticias\/mas-de-20-lesionados-al-volcar-un-autobus-con-destino-a-motul\/"]}]},{"@type":"ImageObject","inLanguage":"es","@id":"https:\/\/reporteroshoy.mx\/noticias\/mas-de-20-lesionados-al-volcar-un-autobus-con-destino-a-motul\/#primaryimage","url":"https:\/\/reporteroshoy.mx\/noticias\/wp-content\/uploads\/2023\/09\/Autobus-volcado1-scaled.jpg","contentUrl":"https:\/\/reporteroshoy.mx\/noticias\/wp-content\/uploads\/2023\/09\/Autobus-volcado1-scaled.jpg","width":768,"height":432,"caption":"M\u00e1s de 20 lesionados al volcar un autob\u00fas con destino a Motul"},{"@type":"BreadcrumbList","@id":"https:\/\/reporteroshoy.mx\/noticias\/mas-de-20-lesionados-al-volcar-un-autobus-con-destino-a-motul\/#breadcrumb","itemListElement":[{"@type":"ListItem","position":1,"name":"Portada","item":"https:\/\/reporteroshoy.mx\/noticias\/"},{"@type":"ListItem","position":2,"name":"M\u00e1s de 20 lesionados al volcar un autob\u00fas con destino a Motul"}]},{"@type":"WebSite","@id":"https:\/\/reporteroshoy.mx\/noticias\/#website","url":"https:\/\/reporteroshoy.mx\/noticias\/","name":"Reporteros Hoy | Noticias de Yucat\u00e1n","description":"Peri\u00f3dico digital con noticias diarias desde M\u00e9rida, Yucat\u00e1n para el mundo.","potentialAction":[{"@type":"SearchAction","target":{"@type":"EntryPoint","urlTemplate":"https:\/\/reporteroshoy.mx\/noticias\/?s={search_term_string}"},"query-input":{"@type":"PropertyValueSpecification","valueRequired":true,"valueName":"search_term_string"}}],"inLanguage":"es"},{"@type":"Person","@id":"https:\/\/reporteroshoy.mx\/noticias\/#\/schema\/person\/c977527e57c958a62c5cefe8fe47876e","name":"Reporteros Hoy WP","image":{"@type":"ImageObject","inLanguage":"es","@id":"https:\/\/secure.gravatar.com\/avatar\/fd2917f79a7dae30f8ac9ddc2f35e1756bb59e25e01d1cd09deaa64df7b2f73e?s=96&d=mm&r=g","url":"https:\/\/secure.gravatar.com\/avatar\/fd2917f79a7dae30f8ac9ddc2f35e1756bb59e25e01d1cd09deaa64df7b2f73e?s=96&d=mm&r=g","contentUrl":"https:\/\/secure.gravatar.com\/avatar\/fd2917f79a7dae30f8ac9ddc2f35e1756bb59e25e01d1cd09deaa64df7b2f73e?s=96&d=mm&r=g","caption":"Reporteros Hoy WP"},"url":"https:\/\/reporteroshoy.mx\/noticias\/author\/walfer\/"}]}},"_links":{"self":[{"href":"https:\/\/reporteroshoy.mx\/noticias\/wp-json\/wp\/v2\/posts\/105311","targetHints":{"allow":["GET"]}}],"collection":[{"href":"https:\/\/reporteroshoy.mx\/noticias\/wp-json\/wp\/v2\/posts"}],"about":[{"href":"https:\/\/reporteroshoy.mx\/noticias\/wp-json\/wp\/v2\/types\/post"}],"author":[{"embeddable":true,"href":"https:\/\/reporteroshoy.mx\/noticias\/wp-json\/wp\/v2\/users\/9"}],"replies":[{"embeddable":true,"href":"https:\/\/reporteroshoy.mx\/noticias\/wp-json\/wp\/v2\/comments?post=105311"}],"version-history":[{"count":0,"href":"https:\/\/reporteroshoy.mx\/noticias\/wp-json\/wp\/v2\/posts\/105311\/revisions"}],"wp:featuredmedia":[{"embeddable":true,"href":"https:\/\/reporteroshoy.mx\/noticias\/wp-json\/wp\/v2\/media\/105313"}],"wp:attachment":[{"href":"https:\/\/reporteroshoy.mx\/noticias\/wp-json\/wp\/v2\/media?parent=105311"}],"wp:term":[{"taxonomy":"category","embeddable":true,"href":"https:\/\/reporteroshoy.mx\/noticias\/wp-json\/wp\/v2\/categories?post=105311"},{"taxonomy":"post_tag","embeddable":true,"href":"https:\/\/reporteroshoy.mx\/noticias\/wp-json\/wp\/v2\/tags?post=105311"}],"curies":[{"name":"wp","href":"https:\/\/api.w.org\/{rel}","templated":true}]}}