{"id":105394,"date":"2023-09-10T10:21:19","date_gmt":"2023-09-10T16:21:19","guid":{"rendered":"https:\/\/reporteroshoy.mx\/noticias\/?p=105394"},"modified":"2023-09-10T11:04:28","modified_gmt":"2023-09-10T17:04:28","slug":"violento-asalto-a-tienda-de-celulares-macropay-en-merida","status":"publish","type":"post","link":"https:\/\/reporteroshoy.mx\/noticias\/violento-asalto-a-tienda-de-celulares-macropay-en-merida\/","title":{"rendered":"Violento asalto a tienda de celulares Macropay en M\u00e9rida"},"content":{"rendered":"<p style=\"text-align: justify;\">En el centro de M\u00e9rida, un asalto a mano armada a la tienda de celulares \u00abMacropay\u00bb dej\u00f3 a un joven empleado gravemente herido.<\/p>\n<p style=\"text-align: justify;\">Los hechos ocurrieron en la calle 67 por 58 y 60, cuando el empleado cerraba la tienda, al concluir la jornada sabatina.<\/p>\n<figure id=\"attachment_105395\" aria-describedby=\"caption-attachment-105395\" style=\"width: 768px\" class=\"wp-caption alignnone\"><img loading=\"lazy\" decoding=\"async\" class=\"wp-image-105395 size-full\" src=\"https:\/\/reporteroshoy.mx\/noticias\/wp-content\/uploads\/2023\/09\/MACROPLAY-2-scaled.jpg\" alt=\"\" width=\"768\" height=\"432\" \/><figcaption id=\"caption-attachment-105395\" class=\"wp-caption-text\">La c\u00e9ntrica tienda de Macropay asaltada (FOTO: ACOM)<\/figcaption><\/figure>\n<p style=\"text-align: justify;\">Dos sujetos ingresaron y forzaron al trabajador a bajar la cortina. Al resistirse, lo apu\u00f1alaron cinco veces. Luego, los ladrones se llevaron una docena de celulares y huyeron de \u00abMacropay\u00bb.<\/p>\n<p style=\"text-align: justify;\">Como puso, el herido pidi\u00f3 ayuda y param\u00e9dicos de la <a href=\"http:\/\/www.ssp.yucatan.gob.mx\/\">Secretar\u00eda de Seguridad P\u00fablica<\/a> (SSP) y de la Polic\u00eda Municipal lo trasladaron a la cl\u00ednica T-1.<\/p>\n<p><img loading=\"lazy\" decoding=\"async\" class=\"alignnone size-full wp-image-105396\" src=\"https:\/\/reporteroshoy.mx\/noticias\/wp-content\/uploads\/2023\/09\/MACROPLAY-3-scaled.jpg\" alt=\"\" width=\"768\" height=\"432\" srcset=\"https:\/\/reporteroshoy.mx\/noticias\/wp-content\/uploads\/2023\/09\/MACROPLAY-3-scaled.jpg 768w, https:\/\/reporteroshoy.mx\/noticias\/wp-content\/uploads\/2023\/09\/MACROPLAY-3-1536x864.jpg 1536w\" sizes=\"auto, (max-width: 768px) 100vw, 768px\" \/><\/p>\n<p style=\"text-align: justify;\">Se estableci\u00f3 un operativo coordinado entre la SSP, Polic\u00eda Municipal y Polic\u00eda Estatal de Investigaci\u00f3n.<\/p>\n<p style=\"text-align: justify;\">De acuerdo con versiones extraoficiales, se identific\u00f3 a los asaltantes a trav\u00e9s de las c\u00e1maras de video vigilancia.<\/p>\n<p><em><strong>Te puede interesar: <a href=\"https:\/\/reporteroshoy.mx\/noticias\/mas-de-20-lesionados-al-volcar-un-autobus-con-destino-a-motul\/\">M\u00e1s de 20 lesionados al volcar un autob\u00fas con destino a Motul<\/a><\/strong><\/em><\/p>\n<p>En las pr\u00f3ximas horas podr\u00edan ser detenidos y presentados ante un juez para que respondan por sus actos.<\/p>\n<p style=\"text-align: justify;\">Hasta el momento, se desconoce el estado de salud del empleado que tuvo un inesperado final de d\u00eda laboral, cuando se dispon\u00eda ir a casa.<\/p>\n<p><strong><em>Agencia Comunicaci\u00f3n del Mayab (ACOM)<\/em><\/strong><\/p>\n","protected":false},"excerpt":{"rendered":"<p>En el centro de M\u00e9rida, un asalto a mano armada a la tienda de celulares \u00abMacropay\u00bb dej\u00f3 a un joven empleado gravemente herido. Los hechos ocurrieron en la calle 67 por 58 y 60, cuando el empleado cerraba la tienda, al concluir la jornada sabatina. Dos sujetos ingresaron y forzaron al trabajador a bajar la [&hellip;]<\/p>\n","protected":false},"author":5,"featured_media":105395,"comment_status":"open","ping_status":"closed","sticky":false,"template":"","format":"standard","meta":{"footnotes":""},"categories":[24379],"tags":[1677,25033,25034,51,120],"class_list":["post-105394","post","type-post","status-publish","format-standard","has-post-thumbnail","hentry","category-merida","tag-asalto","tag-empleado-herido","tag-macropay","tag-merida","tag-robo"],"yoast_head":"<!-- This site is optimized with the Yoast SEO plugin v28.3 - https:\/\/yoast.com\/product\/yoast-seo-wordpress\/ -->\n<title>Violento asalto a tienda de celulares Macropay en M\u00e9rida<\/title>\n<meta name=\"description\" content=\"Dos sujetos agredieron a un empleado de &quot;Macroplay&quot; y roban una docena de tel\u00e9fonos celulares. Huyeron, pero se revisan c\u00e1maras.\" \/>\n<meta name=\"robots\" content=\"index, follow, max-snippet:-1, max-image-preview:large, max-video-preview:-1\" \/>\n<link rel=\"canonical\" href=\"https:\/\/reporteroshoy.mx\/noticias\/violento-asalto-a-tienda-de-celulares-macropay-en-merida\/\" \/>\n<meta property=\"og:locale\" content=\"es_ES\" \/>\n<meta property=\"og:type\" content=\"article\" \/>\n<meta property=\"og:title\" content=\"Violento asalto a tienda de celulares Macropay en M\u00e9rida\" \/>\n<meta property=\"og:description\" content=\"Dos sujetos agredieron a un empleado de &quot;Macroplay&quot; y roban una docena de tel\u00e9fonos celulares. Huyeron, pero se revisan c\u00e1maras.\" \/>\n<meta property=\"og:url\" content=\"https:\/\/reporteroshoy.mx\/noticias\/violento-asalto-a-tienda-de-celulares-macropay-en-merida\/\" \/>\n<meta property=\"og:site_name\" content=\"Reporteros Hoy | Noticias de Yucat\u00e1n\" \/>\n<meta property=\"article:publisher\" content=\"http:\/\/www.facebook.com\/reporteroshoymx\" \/>\n<meta property=\"article:published_time\" content=\"2023-09-10T16:21:19+00:00\" \/>\n<meta property=\"article:modified_time\" content=\"2023-09-10T17:04:28+00:00\" \/>\n<meta property=\"og:image\" content=\"https:\/\/reporteroshoy.mx\/noticias\/wp-content\/uploads\/2023\/09\/MACROPLAY-2-scaled.jpg\" \/>\n\t<meta property=\"og:image:width\" content=\"768\" \/>\n\t<meta property=\"og:image:height\" content=\"432\" \/>\n\t<meta property=\"og:image:type\" content=\"image\/jpeg\" \/>\n<meta name=\"author\" content=\"Reporteros Hoy IM\" \/>\n<meta name=\"twitter:card\" content=\"summary_large_image\" \/>\n<meta name=\"twitter:creator\" content=\"@reporteroshoy\" \/>\n<meta name=\"twitter:site\" content=\"@reporteroshoy\" \/>\n<meta name=\"twitter:label1\" content=\"Escrito por\" \/>\n\t<meta name=\"twitter:data1\" content=\"Reporteros Hoy IM\" \/>\n\t<meta name=\"twitter:label2\" content=\"Tiempo de lectura\" \/>\n\t<meta name=\"twitter:data2\" content=\"2 minutos\" \/>\n<script type=\"application\/ld+json\" class=\"yoast-schema-graph\">{\"@context\":\"https:\\\/\\\/schema.org\",\"@graph\":[{\"@type\":\"Article\",\"@id\":\"https:\\\/\\\/reporteroshoy.mx\\\/noticias\\\/violento-asalto-a-tienda-de-celulares-macropay-en-merida\\\/#article\",\"isPartOf\":{\"@id\":\"https:\\\/\\\/reporteroshoy.mx\\\/noticias\\\/violento-asalto-a-tienda-de-celulares-macropay-en-merida\\\/\"},\"author\":{\"name\":\"Reporteros Hoy IM\",\"@id\":\"https:\\\/\\\/reporteroshoy.mx\\\/noticias\\\/#\\\/schema\\\/person\\\/948520f0d88b01be2e5266bc4acbbc15\"},\"headline\":\"Violento asalto a tienda de celulares Macropay en M\u00e9rida\",\"datePublished\":\"2023-09-10T16:21:19+00:00\",\"dateModified\":\"2023-09-10T17:04:28+00:00\",\"mainEntityOfPage\":{\"@id\":\"https:\\\/\\\/reporteroshoy.mx\\\/noticias\\\/violento-asalto-a-tienda-de-celulares-macropay-en-merida\\\/\"},\"wordCount\":238,\"commentCount\":0,\"image\":{\"@id\":\"https:\\\/\\\/reporteroshoy.mx\\\/noticias\\\/violento-asalto-a-tienda-de-celulares-macropay-en-merida\\\/#primaryimage\"},\"thumbnailUrl\":\"https:\\\/\\\/reporteroshoy.mx\\\/noticias\\\/wp-content\\\/uploads\\\/2023\\\/09\\\/MACROPLAY-2-scaled.jpg\",\"keywords\":[\"Asalto\",\"Empleado herido\",\"Macropay\",\"M\u00e9rida\",\"Robo\"],\"articleSection\":[\"M\u00e9rida\"],\"inLanguage\":\"es\",\"potentialAction\":[{\"@type\":\"CommentAction\",\"name\":\"Comment\",\"target\":[\"https:\\\/\\\/reporteroshoy.mx\\\/noticias\\\/violento-asalto-a-tienda-de-celulares-macropay-en-merida\\\/#respond\"]}]},{\"@type\":\"WebPage\",\"@id\":\"https:\\\/\\\/reporteroshoy.mx\\\/noticias\\\/violento-asalto-a-tienda-de-celulares-macropay-en-merida\\\/\",\"url\":\"https:\\\/\\\/reporteroshoy.mx\\\/noticias\\\/violento-asalto-a-tienda-de-celulares-macropay-en-merida\\\/\",\"name\":\"Violento asalto a tienda de celulares Macropay en M\u00e9rida\",\"isPartOf\":{\"@id\":\"https:\\\/\\\/reporteroshoy.mx\\\/noticias\\\/#website\"},\"primaryImageOfPage\":{\"@id\":\"https:\\\/\\\/reporteroshoy.mx\\\/noticias\\\/violento-asalto-a-tienda-de-celulares-macropay-en-merida\\\/#primaryimage\"},\"image\":{\"@id\":\"https:\\\/\\\/reporteroshoy.mx\\\/noticias\\\/violento-asalto-a-tienda-de-celulares-macropay-en-merida\\\/#primaryimage\"},\"thumbnailUrl\":\"https:\\\/\\\/reporteroshoy.mx\\\/noticias\\\/wp-content\\\/uploads\\\/2023\\\/09\\\/MACROPLAY-2-scaled.jpg\",\"datePublished\":\"2023-09-10T16:21:19+00:00\",\"dateModified\":\"2023-09-10T17:04:28+00:00\",\"author\":{\"@id\":\"https:\\\/\\\/reporteroshoy.mx\\\/noticias\\\/#\\\/schema\\\/person\\\/948520f0d88b01be2e5266bc4acbbc15\"},\"description\":\"Dos sujetos agredieron a un empleado de \\\"Macroplay\\\" y roban una docena de tel\u00e9fonos celulares. Huyeron, pero se revisan c\u00e1maras.\",\"breadcrumb\":{\"@id\":\"https:\\\/\\\/reporteroshoy.mx\\\/noticias\\\/violento-asalto-a-tienda-de-celulares-macropay-en-merida\\\/#breadcrumb\"},\"inLanguage\":\"es\",\"potentialAction\":[{\"@type\":\"ReadAction\",\"target\":[\"https:\\\/\\\/reporteroshoy.mx\\\/noticias\\\/violento-asalto-a-tienda-de-celulares-macropay-en-merida\\\/\"]}]},{\"@type\":\"ImageObject\",\"inLanguage\":\"es\",\"@id\":\"https:\\\/\\\/reporteroshoy.mx\\\/noticias\\\/violento-asalto-a-tienda-de-celulares-macropay-en-merida\\\/#primaryimage\",\"url\":\"https:\\\/\\\/reporteroshoy.mx\\\/noticias\\\/wp-content\\\/uploads\\\/2023\\\/09\\\/MACROPLAY-2-scaled.jpg\",\"contentUrl\":\"https:\\\/\\\/reporteroshoy.mx\\\/noticias\\\/wp-content\\\/uploads\\\/2023\\\/09\\\/MACROPLAY-2-scaled.jpg\",\"width\":768,\"height\":432},{\"@type\":\"BreadcrumbList\",\"@id\":\"https:\\\/\\\/reporteroshoy.mx\\\/noticias\\\/violento-asalto-a-tienda-de-celulares-macropay-en-merida\\\/#breadcrumb\",\"itemListElement\":[{\"@type\":\"ListItem\",\"position\":1,\"name\":\"Portada\",\"item\":\"https:\\\/\\\/reporteroshoy.mx\\\/noticias\\\/\"},{\"@type\":\"ListItem\",\"position\":2,\"name\":\"Violento asalto a tienda de celulares Macropay en M\u00e9rida\"}]},{\"@type\":\"WebSite\",\"@id\":\"https:\\\/\\\/reporteroshoy.mx\\\/noticias\\\/#website\",\"url\":\"https:\\\/\\\/reporteroshoy.mx\\\/noticias\\\/\",\"name\":\"Reporteros Hoy | Noticias de Yucat\u00e1n\",\"description\":\"Peri\u00f3dico digital con noticias diarias desde M\u00e9rida, Yucat\u00e1n para el mundo.\",\"potentialAction\":[{\"@type\":\"SearchAction\",\"target\":{\"@type\":\"EntryPoint\",\"urlTemplate\":\"https:\\\/\\\/reporteroshoy.mx\\\/noticias\\\/?s={search_term_string}\"},\"query-input\":{\"@type\":\"PropertyValueSpecification\",\"valueRequired\":true,\"valueName\":\"search_term_string\"}}],\"inLanguage\":\"es\"},{\"@type\":\"Person\",\"@id\":\"https:\\\/\\\/reporteroshoy.mx\\\/noticias\\\/#\\\/schema\\\/person\\\/948520f0d88b01be2e5266bc4acbbc15\",\"name\":\"Reporteros Hoy IM\",\"image\":{\"@type\":\"ImageObject\",\"inLanguage\":\"es\",\"@id\":\"https:\\\/\\\/secure.gravatar.com\\\/avatar\\\/d843030b96552826ac048bdfe26f2895604b800ed0c880ee55765a74d95dfc65?s=96&d=mm&r=g\",\"url\":\"https:\\\/\\\/secure.gravatar.com\\\/avatar\\\/d843030b96552826ac048bdfe26f2895604b800ed0c880ee55765a74d95dfc65?s=96&d=mm&r=g\",\"contentUrl\":\"https:\\\/\\\/secure.gravatar.com\\\/avatar\\\/d843030b96552826ac048bdfe26f2895604b800ed0c880ee55765a74d95dfc65?s=96&d=mm&r=g\",\"caption\":\"Reporteros Hoy IM\"},\"url\":\"https:\\\/\\\/reporteroshoy.mx\\\/noticias\\\/author\\\/israel\\\/\"}]}<\/script>\n<!-- \/ Yoast SEO plugin. -->","yoast_head_json":{"title":"Violento asalto a tienda de celulares Macropay en M\u00e9rida","description":"Dos sujetos agredieron a un empleado de \"Macroplay\" y roban una docena de tel\u00e9fonos celulares. Huyeron, pero se revisan c\u00e1maras.","robots":{"index":"index","follow":"follow","max-snippet":"max-snippet:-1","max-image-preview":"max-image-preview:large","max-video-preview":"max-video-preview:-1"},"canonical":"https:\/\/reporteroshoy.mx\/noticias\/violento-asalto-a-tienda-de-celulares-macropay-en-merida\/","og_locale":"es_ES","og_type":"article","og_title":"Violento asalto a tienda de celulares Macropay en M\u00e9rida","og_description":"Dos sujetos agredieron a un empleado de \"Macroplay\" y roban una docena de tel\u00e9fonos celulares. Huyeron, pero se revisan c\u00e1maras.","og_url":"https:\/\/reporteroshoy.mx\/noticias\/violento-asalto-a-tienda-de-celulares-macropay-en-merida\/","og_site_name":"Reporteros Hoy | Noticias de Yucat\u00e1n","article_publisher":"http:\/\/www.facebook.com\/reporteroshoymx","article_published_time":"2023-09-10T16:21:19+00:00","article_modified_time":"2023-09-10T17:04:28+00:00","og_image":[{"width":768,"height":432,"url":"https:\/\/reporteroshoy.mx\/noticias\/wp-content\/uploads\/2023\/09\/MACROPLAY-2-scaled.jpg","type":"image\/jpeg"}],"author":"Reporteros Hoy IM","twitter_card":"summary_large_image","twitter_creator":"@reporteroshoy","twitter_site":"@reporteroshoy","twitter_misc":{"Escrito por":"Reporteros Hoy IM","Tiempo de lectura":"2 minutos"},"schema":{"@context":"https:\/\/schema.org","@graph":[{"@type":"Article","@id":"https:\/\/reporteroshoy.mx\/noticias\/violento-asalto-a-tienda-de-celulares-macropay-en-merida\/#article","isPartOf":{"@id":"https:\/\/reporteroshoy.mx\/noticias\/violento-asalto-a-tienda-de-celulares-macropay-en-merida\/"},"author":{"name":"Reporteros Hoy IM","@id":"https:\/\/reporteroshoy.mx\/noticias\/#\/schema\/person\/948520f0d88b01be2e5266bc4acbbc15"},"headline":"Violento asalto a tienda de celulares Macropay en M\u00e9rida","datePublished":"2023-09-10T16:21:19+00:00","dateModified":"2023-09-10T17:04:28+00:00","mainEntityOfPage":{"@id":"https:\/\/reporteroshoy.mx\/noticias\/violento-asalto-a-tienda-de-celulares-macropay-en-merida\/"},"wordCount":238,"commentCount":0,"image":{"@id":"https:\/\/reporteroshoy.mx\/noticias\/violento-asalto-a-tienda-de-celulares-macropay-en-merida\/#primaryimage"},"thumbnailUrl":"https:\/\/reporteroshoy.mx\/noticias\/wp-content\/uploads\/2023\/09\/MACROPLAY-2-scaled.jpg","keywords":["Asalto","Empleado herido","Macropay","M\u00e9rida","Robo"],"articleSection":["M\u00e9rida"],"inLanguage":"es","potentialAction":[{"@type":"CommentAction","name":"Comment","target":["https:\/\/reporteroshoy.mx\/noticias\/violento-asalto-a-tienda-de-celulares-macropay-en-merida\/#respond"]}]},{"@type":"WebPage","@id":"https:\/\/reporteroshoy.mx\/noticias\/violento-asalto-a-tienda-de-celulares-macropay-en-merida\/","url":"https:\/\/reporteroshoy.mx\/noticias\/violento-asalto-a-tienda-de-celulares-macropay-en-merida\/","name":"Violento asalto a tienda de celulares Macropay en M\u00e9rida","isPartOf":{"@id":"https:\/\/reporteroshoy.mx\/noticias\/#website"},"primaryImageOfPage":{"@id":"https:\/\/reporteroshoy.mx\/noticias\/violento-asalto-a-tienda-de-celulares-macropay-en-merida\/#primaryimage"},"image":{"@id":"https:\/\/reporteroshoy.mx\/noticias\/violento-asalto-a-tienda-de-celulares-macropay-en-merida\/#primaryimage"},"thumbnailUrl":"https:\/\/reporteroshoy.mx\/noticias\/wp-content\/uploads\/2023\/09\/MACROPLAY-2-scaled.jpg","datePublished":"2023-09-10T16:21:19+00:00","dateModified":"2023-09-10T17:04:28+00:00","author":{"@id":"https:\/\/reporteroshoy.mx\/noticias\/#\/schema\/person\/948520f0d88b01be2e5266bc4acbbc15"},"description":"Dos sujetos agredieron a un empleado de \"Macroplay\" y roban una docena de tel\u00e9fonos celulares. Huyeron, pero se revisan c\u00e1maras.","breadcrumb":{"@id":"https:\/\/reporteroshoy.mx\/noticias\/violento-asalto-a-tienda-de-celulares-macropay-en-merida\/#breadcrumb"},"inLanguage":"es","potentialAction":[{"@type":"ReadAction","target":["https:\/\/reporteroshoy.mx\/noticias\/violento-asalto-a-tienda-de-celulares-macropay-en-merida\/"]}]},{"@type":"ImageObject","inLanguage":"es","@id":"https:\/\/reporteroshoy.mx\/noticias\/violento-asalto-a-tienda-de-celulares-macropay-en-merida\/#primaryimage","url":"https:\/\/reporteroshoy.mx\/noticias\/wp-content\/uploads\/2023\/09\/MACROPLAY-2-scaled.jpg","contentUrl":"https:\/\/reporteroshoy.mx\/noticias\/wp-content\/uploads\/2023\/09\/MACROPLAY-2-scaled.jpg","width":768,"height":432},{"@type":"BreadcrumbList","@id":"https:\/\/reporteroshoy.mx\/noticias\/violento-asalto-a-tienda-de-celulares-macropay-en-merida\/#breadcrumb","itemListElement":[{"@type":"ListItem","position":1,"name":"Portada","item":"https:\/\/reporteroshoy.mx\/noticias\/"},{"@type":"ListItem","position":2,"name":"Violento asalto a tienda de celulares Macropay en M\u00e9rida"}]},{"@type":"WebSite","@id":"https:\/\/reporteroshoy.mx\/noticias\/#website","url":"https:\/\/reporteroshoy.mx\/noticias\/","name":"Reporteros Hoy | Noticias de Yucat\u00e1n","description":"Peri\u00f3dico digital con noticias diarias desde M\u00e9rida, Yucat\u00e1n para el mundo.","potentialAction":[{"@type":"SearchAction","target":{"@type":"EntryPoint","urlTemplate":"https:\/\/reporteroshoy.mx\/noticias\/?s={search_term_string}"},"query-input":{"@type":"PropertyValueSpecification","valueRequired":true,"valueName":"search_term_string"}}],"inLanguage":"es"},{"@type":"Person","@id":"https:\/\/reporteroshoy.mx\/noticias\/#\/schema\/person\/948520f0d88b01be2e5266bc4acbbc15","name":"Reporteros Hoy IM","image":{"@type":"ImageObject","inLanguage":"es","@id":"https:\/\/secure.gravatar.com\/avatar\/d843030b96552826ac048bdfe26f2895604b800ed0c880ee55765a74d95dfc65?s=96&d=mm&r=g","url":"https:\/\/secure.gravatar.com\/avatar\/d843030b96552826ac048bdfe26f2895604b800ed0c880ee55765a74d95dfc65?s=96&d=mm&r=g","contentUrl":"https:\/\/secure.gravatar.com\/avatar\/d843030b96552826ac048bdfe26f2895604b800ed0c880ee55765a74d95dfc65?s=96&d=mm&r=g","caption":"Reporteros Hoy IM"},"url":"https:\/\/reporteroshoy.mx\/noticias\/author\/israel\/"}]}},"_links":{"self":[{"href":"https:\/\/reporteroshoy.mx\/noticias\/wp-json\/wp\/v2\/posts\/105394","targetHints":{"allow":["GET"]}}],"collection":[{"href":"https:\/\/reporteroshoy.mx\/noticias\/wp-json\/wp\/v2\/posts"}],"about":[{"href":"https:\/\/reporteroshoy.mx\/noticias\/wp-json\/wp\/v2\/types\/post"}],"author":[{"embeddable":true,"href":"https:\/\/reporteroshoy.mx\/noticias\/wp-json\/wp\/v2\/users\/5"}],"replies":[{"embeddable":true,"href":"https:\/\/reporteroshoy.mx\/noticias\/wp-json\/wp\/v2\/comments?post=105394"}],"version-history":[{"count":0,"href":"https:\/\/reporteroshoy.mx\/noticias\/wp-json\/wp\/v2\/posts\/105394\/revisions"}],"wp:featuredmedia":[{"embeddable":true,"href":"https:\/\/reporteroshoy.mx\/noticias\/wp-json\/wp\/v2\/media\/105395"}],"wp:attachment":[{"href":"https:\/\/reporteroshoy.mx\/noticias\/wp-json\/wp\/v2\/media?parent=105394"}],"wp:term":[{"taxonomy":"category","embeddable":true,"href":"https:\/\/reporteroshoy.mx\/noticias\/wp-json\/wp\/v2\/categories?post=105394"},{"taxonomy":"post_tag","embeddable":true,"href":"https:\/\/reporteroshoy.mx\/noticias\/wp-json\/wp\/v2\/tags?post=105394"}],"curies":[{"name":"wp","href":"https:\/\/api.w.org\/{rel}","templated":true}]}}