{"id":105424,"date":"2023-09-11T18:44:23","date_gmt":"2023-09-12T00:44:23","guid":{"rendered":"https:\/\/reporteroshoy.mx\/noticias\/?p=105424"},"modified":"2023-09-27T21:50:33","modified_gmt":"2023-09-28T03:50:33","slug":"encontronazo-entre-una-ambulancia-y-un-autobus-de-transporte","status":"publish","type":"post","link":"https:\/\/reporteroshoy.mx\/noticias\/encontronazo-entre-una-ambulancia-y-un-autobus-de-transporte\/","title":{"rendered":"Encontronazo entre una ambulancia y un autob\u00fas de transporte"},"content":{"rendered":"<p style=\"text-align: justify;\">Doce personas resultaron heridas en el encontronazo entre una ambulancia de Cruz Roja y un autob\u00fas de pasajeros en la calle 79 con 58 del centro de M\u00e9rida.<\/p>\n<p style=\"text-align: justify;\">El cami\u00f3n de la ruta San Roque, circulando a exceso de velocidad de Norte a Sur, colision\u00f3 con la ambulancia que iba de poniente a oriente, sin c\u00f3digos activados.<\/p>\n<p><img loading=\"lazy\" decoding=\"async\" class=\"alignnone size-full wp-image-105425\" src=\"https:\/\/reporteroshoy.mx\/noticias\/wp-content\/uploads\/2023\/09\/ENCONTRONAZO-scaled.jpg\" alt=\"\" width=\"768\" height=\"432\" srcset=\"https:\/\/reporteroshoy.mx\/noticias\/wp-content\/uploads\/2023\/09\/ENCONTRONAZO-scaled.jpg 768w, https:\/\/reporteroshoy.mx\/noticias\/wp-content\/uploads\/2023\/09\/ENCONTRONAZO-1536x864.jpg 1536w\" sizes=\"auto, (max-width: 768px) 100vw, 768px\" \/><\/p>\n<p style=\"text-align: justify;\">El impacto dej\u00f3 heridos al conductor de la ambulancia, su acompa\u00f1ante y 10 pasajeros del cami\u00f3n.<\/p>\n<p style=\"text-align: justify;\">Param\u00e9dicos de la\u00a0<a href=\"http:\/\/www.ssp.yucatan.gob.mx\/\">Secretar\u00eda de Seguridad P\u00fablica <\/a> (SSP), Polic\u00eda Municipal de M\u00e9rida y Cruz Roja Mexicana atendieron a los heridos.<\/p>\n<h3>Hospitalizados por el encontronazo<\/h3>\n<p style=\"text-align: justify;\">A cinco personas, entre ellas quienes iban en la unidad de emergencia, se les traslad\u00f3 a hospitales.<\/p>\n<p><em><strong>Te puede interesar: <\/strong><\/em><a href=\"https:\/\/reporteroshoy.mx\/noticias\/violento-asalto-a-tienda-de-celulares-macropay-en-merida\/\"><em><strong>Violento asalto a tienda de celulares Macropay en M\u00e9rida<\/strong><\/em><\/a><\/p>\n<p style=\"text-align: justify;\">Peritos de la SSP se encargar\u00e1n del deslinde de responsabilidades en el accidente. Testigos informaron que la ambulancia ten\u00eda las torretas encendidas, pero no activaron la sirena.<\/p>\n<p style=\"text-align: justify;\">El Reglamento de la Ley de Tr\u00e1nsito y Vialidad de Yucat\u00e1n en su art\u00edculo 160, inciso I, letra C, detalla que los servicios de emergencia tienen \u201cv\u00eda libre\u201d cuando suene la sirena, por lo que se deben despejar todas las v\u00edas, incluso, si son cruceros con se\u00f1alamientos.<\/p>\n<p><em>Agencia Comunicaci\u00f3n del Mayab (ACOM)<\/em><\/p>\n","protected":false},"excerpt":{"rendered":"<p>Encontronazo que dej\u00f3 12 personas lesionadas, entre ellas, a los param\u00e9dicos que iban en la unidad de la Cruz Roja Mexicana. <\/p>\n","protected":false},"author":5,"featured_media":105425,"comment_status":"open","ping_status":"closed","sticky":false,"template":"","format":"standard","meta":{"footnotes":""},"categories":[14],"tags":[3040,3823,437,641,51],"class_list":["post-105424","post","type-post","status-publish","format-standard","has-post-thumbnail","hentry","category-policia","tag-ambulancia","tag-autobus","tag-choque","tag-cruz-roja","tag-merida"],"yoast_head":"<!-- This site is optimized with the Yoast SEO plugin v28.3 - https:\/\/yoast.com\/product\/yoast-seo-wordpress\/ -->\n<title>Encontronazo entre una ambulancia y un autob\u00fas de transporte<\/title>\n<meta name=\"description\" content=\"Encontronazo que dej\u00f3 12 personas lesionadas, entre ellas, a los param\u00e9dicos que iban en la unidad de la Cruz Roja Mexicana.\" \/>\n<meta name=\"robots\" content=\"index, follow, max-snippet:-1, max-image-preview:large, max-video-preview:-1\" \/>\n<link rel=\"canonical\" href=\"https:\/\/reporteroshoy.mx\/noticias\/encontronazo-entre-una-ambulancia-y-un-autobus-de-transporte\/\" \/>\n<meta property=\"og:locale\" content=\"es_ES\" \/>\n<meta property=\"og:type\" content=\"article\" \/>\n<meta property=\"og:title\" content=\"Encontronazo entre una ambulancia y un autob\u00fas de transporte\" \/>\n<meta property=\"og:description\" content=\"Encontronazo que dej\u00f3 12 personas lesionadas, entre ellas, a los param\u00e9dicos que iban en la unidad de la Cruz Roja Mexicana.\" \/>\n<meta property=\"og:url\" content=\"https:\/\/reporteroshoy.mx\/noticias\/encontronazo-entre-una-ambulancia-y-un-autobus-de-transporte\/\" \/>\n<meta property=\"og:site_name\" content=\"Reporteros Hoy | Noticias de Yucat\u00e1n\" \/>\n<meta property=\"article:publisher\" content=\"http:\/\/www.facebook.com\/reporteroshoymx\" \/>\n<meta property=\"article:published_time\" content=\"2023-09-12T00:44:23+00:00\" \/>\n<meta property=\"article:modified_time\" content=\"2023-09-28T03:50:33+00:00\" \/>\n<meta property=\"og:image\" content=\"https:\/\/reporteroshoy.mx\/noticias\/wp-content\/uploads\/2023\/09\/ENCONTRONAZO-scaled.jpg\" \/>\n\t<meta property=\"og:image:width\" content=\"768\" \/>\n\t<meta property=\"og:image:height\" content=\"432\" \/>\n\t<meta property=\"og:image:type\" content=\"image\/jpeg\" \/>\n<meta name=\"author\" content=\"Reporteros Hoy IM\" \/>\n<meta name=\"twitter:card\" content=\"summary_large_image\" \/>\n<meta name=\"twitter:creator\" content=\"@reporteroshoy\" \/>\n<meta name=\"twitter:site\" content=\"@reporteroshoy\" \/>\n<meta name=\"twitter:label1\" content=\"Escrito por\" \/>\n\t<meta name=\"twitter:data1\" content=\"Reporteros Hoy IM\" \/>\n\t<meta name=\"twitter:label2\" content=\"Tiempo de lectura\" \/>\n\t<meta name=\"twitter:data2\" content=\"2 minutos\" \/>\n<script type=\"application\/ld+json\" class=\"yoast-schema-graph\">{\"@context\":\"https:\\\/\\\/schema.org\",\"@graph\":[{\"@type\":\"Article\",\"@id\":\"https:\\\/\\\/reporteroshoy.mx\\\/noticias\\\/encontronazo-entre-una-ambulancia-y-un-autobus-de-transporte\\\/#article\",\"isPartOf\":{\"@id\":\"https:\\\/\\\/reporteroshoy.mx\\\/noticias\\\/encontronazo-entre-una-ambulancia-y-un-autobus-de-transporte\\\/\"},\"author\":{\"name\":\"Reporteros Hoy IM\",\"@id\":\"https:\\\/\\\/reporteroshoy.mx\\\/noticias\\\/#\\\/schema\\\/person\\\/948520f0d88b01be2e5266bc4acbbc15\"},\"headline\":\"Encontronazo entre una ambulancia y un autob\u00fas de transporte\",\"datePublished\":\"2023-09-12T00:44:23+00:00\",\"dateModified\":\"2023-09-28T03:50:33+00:00\",\"mainEntityOfPage\":{\"@id\":\"https:\\\/\\\/reporteroshoy.mx\\\/noticias\\\/encontronazo-entre-una-ambulancia-y-un-autobus-de-transporte\\\/\"},\"wordCount\":232,\"commentCount\":0,\"image\":{\"@id\":\"https:\\\/\\\/reporteroshoy.mx\\\/noticias\\\/encontronazo-entre-una-ambulancia-y-un-autobus-de-transporte\\\/#primaryimage\"},\"thumbnailUrl\":\"https:\\\/\\\/reporteroshoy.mx\\\/noticias\\\/wp-content\\\/uploads\\\/2023\\\/09\\\/ENCONTRONAZO-scaled.jpg\",\"keywords\":[\"ambulancia\",\"Autob\u00fas\",\"Choque\",\"cruz roja\",\"M\u00e9rida\"],\"articleSection\":[\"Polic\u00eda\"],\"inLanguage\":\"es\",\"potentialAction\":[{\"@type\":\"CommentAction\",\"name\":\"Comment\",\"target\":[\"https:\\\/\\\/reporteroshoy.mx\\\/noticias\\\/encontronazo-entre-una-ambulancia-y-un-autobus-de-transporte\\\/#respond\"]}]},{\"@type\":\"WebPage\",\"@id\":\"https:\\\/\\\/reporteroshoy.mx\\\/noticias\\\/encontronazo-entre-una-ambulancia-y-un-autobus-de-transporte\\\/\",\"url\":\"https:\\\/\\\/reporteroshoy.mx\\\/noticias\\\/encontronazo-entre-una-ambulancia-y-un-autobus-de-transporte\\\/\",\"name\":\"Encontronazo entre una ambulancia y un autob\u00fas de transporte\",\"isPartOf\":{\"@id\":\"https:\\\/\\\/reporteroshoy.mx\\\/noticias\\\/#website\"},\"primaryImageOfPage\":{\"@id\":\"https:\\\/\\\/reporteroshoy.mx\\\/noticias\\\/encontronazo-entre-una-ambulancia-y-un-autobus-de-transporte\\\/#primaryimage\"},\"image\":{\"@id\":\"https:\\\/\\\/reporteroshoy.mx\\\/noticias\\\/encontronazo-entre-una-ambulancia-y-un-autobus-de-transporte\\\/#primaryimage\"},\"thumbnailUrl\":\"https:\\\/\\\/reporteroshoy.mx\\\/noticias\\\/wp-content\\\/uploads\\\/2023\\\/09\\\/ENCONTRONAZO-scaled.jpg\",\"datePublished\":\"2023-09-12T00:44:23+00:00\",\"dateModified\":\"2023-09-28T03:50:33+00:00\",\"author\":{\"@id\":\"https:\\\/\\\/reporteroshoy.mx\\\/noticias\\\/#\\\/schema\\\/person\\\/948520f0d88b01be2e5266bc4acbbc15\"},\"description\":\"Encontronazo que dej\u00f3 12 personas lesionadas, entre ellas, a los param\u00e9dicos que iban en la unidad de la Cruz Roja Mexicana.\",\"breadcrumb\":{\"@id\":\"https:\\\/\\\/reporteroshoy.mx\\\/noticias\\\/encontronazo-entre-una-ambulancia-y-un-autobus-de-transporte\\\/#breadcrumb\"},\"inLanguage\":\"es\",\"potentialAction\":[{\"@type\":\"ReadAction\",\"target\":[\"https:\\\/\\\/reporteroshoy.mx\\\/noticias\\\/encontronazo-entre-una-ambulancia-y-un-autobus-de-transporte\\\/\"]}]},{\"@type\":\"ImageObject\",\"inLanguage\":\"es\",\"@id\":\"https:\\\/\\\/reporteroshoy.mx\\\/noticias\\\/encontronazo-entre-una-ambulancia-y-un-autobus-de-transporte\\\/#primaryimage\",\"url\":\"https:\\\/\\\/reporteroshoy.mx\\\/noticias\\\/wp-content\\\/uploads\\\/2023\\\/09\\\/ENCONTRONAZO-scaled.jpg\",\"contentUrl\":\"https:\\\/\\\/reporteroshoy.mx\\\/noticias\\\/wp-content\\\/uploads\\\/2023\\\/09\\\/ENCONTRONAZO-scaled.jpg\",\"width\":768,\"height\":432},{\"@type\":\"BreadcrumbList\",\"@id\":\"https:\\\/\\\/reporteroshoy.mx\\\/noticias\\\/encontronazo-entre-una-ambulancia-y-un-autobus-de-transporte\\\/#breadcrumb\",\"itemListElement\":[{\"@type\":\"ListItem\",\"position\":1,\"name\":\"Portada\",\"item\":\"https:\\\/\\\/reporteroshoy.mx\\\/noticias\\\/\"},{\"@type\":\"ListItem\",\"position\":2,\"name\":\"Encontronazo entre una ambulancia y un autob\u00fas de transporte\"}]},{\"@type\":\"WebSite\",\"@id\":\"https:\\\/\\\/reporteroshoy.mx\\\/noticias\\\/#website\",\"url\":\"https:\\\/\\\/reporteroshoy.mx\\\/noticias\\\/\",\"name\":\"Reporteros Hoy | Noticias de Yucat\u00e1n\",\"description\":\"Peri\u00f3dico digital con noticias diarias desde M\u00e9rida, Yucat\u00e1n para el mundo.\",\"potentialAction\":[{\"@type\":\"SearchAction\",\"target\":{\"@type\":\"EntryPoint\",\"urlTemplate\":\"https:\\\/\\\/reporteroshoy.mx\\\/noticias\\\/?s={search_term_string}\"},\"query-input\":{\"@type\":\"PropertyValueSpecification\",\"valueRequired\":true,\"valueName\":\"search_term_string\"}}],\"inLanguage\":\"es\"},{\"@type\":\"Person\",\"@id\":\"https:\\\/\\\/reporteroshoy.mx\\\/noticias\\\/#\\\/schema\\\/person\\\/948520f0d88b01be2e5266bc4acbbc15\",\"name\":\"Reporteros Hoy IM\",\"image\":{\"@type\":\"ImageObject\",\"inLanguage\":\"es\",\"@id\":\"https:\\\/\\\/secure.gravatar.com\\\/avatar\\\/d843030b96552826ac048bdfe26f2895604b800ed0c880ee55765a74d95dfc65?s=96&d=mm&r=g\",\"url\":\"https:\\\/\\\/secure.gravatar.com\\\/avatar\\\/d843030b96552826ac048bdfe26f2895604b800ed0c880ee55765a74d95dfc65?s=96&d=mm&r=g\",\"contentUrl\":\"https:\\\/\\\/secure.gravatar.com\\\/avatar\\\/d843030b96552826ac048bdfe26f2895604b800ed0c880ee55765a74d95dfc65?s=96&d=mm&r=g\",\"caption\":\"Reporteros Hoy IM\"},\"url\":\"https:\\\/\\\/reporteroshoy.mx\\\/noticias\\\/author\\\/israel\\\/\"}]}<\/script>\n<!-- \/ Yoast SEO plugin. -->","yoast_head_json":{"title":"Encontronazo entre una ambulancia y un autob\u00fas de transporte","description":"Encontronazo que dej\u00f3 12 personas lesionadas, entre ellas, a los param\u00e9dicos que iban en la unidad de la Cruz Roja Mexicana.","robots":{"index":"index","follow":"follow","max-snippet":"max-snippet:-1","max-image-preview":"max-image-preview:large","max-video-preview":"max-video-preview:-1"},"canonical":"https:\/\/reporteroshoy.mx\/noticias\/encontronazo-entre-una-ambulancia-y-un-autobus-de-transporte\/","og_locale":"es_ES","og_type":"article","og_title":"Encontronazo entre una ambulancia y un autob\u00fas de transporte","og_description":"Encontronazo que dej\u00f3 12 personas lesionadas, entre ellas, a los param\u00e9dicos que iban en la unidad de la Cruz Roja Mexicana.","og_url":"https:\/\/reporteroshoy.mx\/noticias\/encontronazo-entre-una-ambulancia-y-un-autobus-de-transporte\/","og_site_name":"Reporteros Hoy | Noticias de Yucat\u00e1n","article_publisher":"http:\/\/www.facebook.com\/reporteroshoymx","article_published_time":"2023-09-12T00:44:23+00:00","article_modified_time":"2023-09-28T03:50:33+00:00","og_image":[{"width":768,"height":432,"url":"https:\/\/reporteroshoy.mx\/noticias\/wp-content\/uploads\/2023\/09\/ENCONTRONAZO-scaled.jpg","type":"image\/jpeg"}],"author":"Reporteros Hoy IM","twitter_card":"summary_large_image","twitter_creator":"@reporteroshoy","twitter_site":"@reporteroshoy","twitter_misc":{"Escrito por":"Reporteros Hoy IM","Tiempo de lectura":"2 minutos"},"schema":{"@context":"https:\/\/schema.org","@graph":[{"@type":"Article","@id":"https:\/\/reporteroshoy.mx\/noticias\/encontronazo-entre-una-ambulancia-y-un-autobus-de-transporte\/#article","isPartOf":{"@id":"https:\/\/reporteroshoy.mx\/noticias\/encontronazo-entre-una-ambulancia-y-un-autobus-de-transporte\/"},"author":{"name":"Reporteros Hoy IM","@id":"https:\/\/reporteroshoy.mx\/noticias\/#\/schema\/person\/948520f0d88b01be2e5266bc4acbbc15"},"headline":"Encontronazo entre una ambulancia y un autob\u00fas de transporte","datePublished":"2023-09-12T00:44:23+00:00","dateModified":"2023-09-28T03:50:33+00:00","mainEntityOfPage":{"@id":"https:\/\/reporteroshoy.mx\/noticias\/encontronazo-entre-una-ambulancia-y-un-autobus-de-transporte\/"},"wordCount":232,"commentCount":0,"image":{"@id":"https:\/\/reporteroshoy.mx\/noticias\/encontronazo-entre-una-ambulancia-y-un-autobus-de-transporte\/#primaryimage"},"thumbnailUrl":"https:\/\/reporteroshoy.mx\/noticias\/wp-content\/uploads\/2023\/09\/ENCONTRONAZO-scaled.jpg","keywords":["ambulancia","Autob\u00fas","Choque","cruz roja","M\u00e9rida"],"articleSection":["Polic\u00eda"],"inLanguage":"es","potentialAction":[{"@type":"CommentAction","name":"Comment","target":["https:\/\/reporteroshoy.mx\/noticias\/encontronazo-entre-una-ambulancia-y-un-autobus-de-transporte\/#respond"]}]},{"@type":"WebPage","@id":"https:\/\/reporteroshoy.mx\/noticias\/encontronazo-entre-una-ambulancia-y-un-autobus-de-transporte\/","url":"https:\/\/reporteroshoy.mx\/noticias\/encontronazo-entre-una-ambulancia-y-un-autobus-de-transporte\/","name":"Encontronazo entre una ambulancia y un autob\u00fas de transporte","isPartOf":{"@id":"https:\/\/reporteroshoy.mx\/noticias\/#website"},"primaryImageOfPage":{"@id":"https:\/\/reporteroshoy.mx\/noticias\/encontronazo-entre-una-ambulancia-y-un-autobus-de-transporte\/#primaryimage"},"image":{"@id":"https:\/\/reporteroshoy.mx\/noticias\/encontronazo-entre-una-ambulancia-y-un-autobus-de-transporte\/#primaryimage"},"thumbnailUrl":"https:\/\/reporteroshoy.mx\/noticias\/wp-content\/uploads\/2023\/09\/ENCONTRONAZO-scaled.jpg","datePublished":"2023-09-12T00:44:23+00:00","dateModified":"2023-09-28T03:50:33+00:00","author":{"@id":"https:\/\/reporteroshoy.mx\/noticias\/#\/schema\/person\/948520f0d88b01be2e5266bc4acbbc15"},"description":"Encontronazo que dej\u00f3 12 personas lesionadas, entre ellas, a los param\u00e9dicos que iban en la unidad de la Cruz Roja Mexicana.","breadcrumb":{"@id":"https:\/\/reporteroshoy.mx\/noticias\/encontronazo-entre-una-ambulancia-y-un-autobus-de-transporte\/#breadcrumb"},"inLanguage":"es","potentialAction":[{"@type":"ReadAction","target":["https:\/\/reporteroshoy.mx\/noticias\/encontronazo-entre-una-ambulancia-y-un-autobus-de-transporte\/"]}]},{"@type":"ImageObject","inLanguage":"es","@id":"https:\/\/reporteroshoy.mx\/noticias\/encontronazo-entre-una-ambulancia-y-un-autobus-de-transporte\/#primaryimage","url":"https:\/\/reporteroshoy.mx\/noticias\/wp-content\/uploads\/2023\/09\/ENCONTRONAZO-scaled.jpg","contentUrl":"https:\/\/reporteroshoy.mx\/noticias\/wp-content\/uploads\/2023\/09\/ENCONTRONAZO-scaled.jpg","width":768,"height":432},{"@type":"BreadcrumbList","@id":"https:\/\/reporteroshoy.mx\/noticias\/encontronazo-entre-una-ambulancia-y-un-autobus-de-transporte\/#breadcrumb","itemListElement":[{"@type":"ListItem","position":1,"name":"Portada","item":"https:\/\/reporteroshoy.mx\/noticias\/"},{"@type":"ListItem","position":2,"name":"Encontronazo entre una ambulancia y un autob\u00fas de transporte"}]},{"@type":"WebSite","@id":"https:\/\/reporteroshoy.mx\/noticias\/#website","url":"https:\/\/reporteroshoy.mx\/noticias\/","name":"Reporteros Hoy | Noticias de Yucat\u00e1n","description":"Peri\u00f3dico digital con noticias diarias desde M\u00e9rida, Yucat\u00e1n para el mundo.","potentialAction":[{"@type":"SearchAction","target":{"@type":"EntryPoint","urlTemplate":"https:\/\/reporteroshoy.mx\/noticias\/?s={search_term_string}"},"query-input":{"@type":"PropertyValueSpecification","valueRequired":true,"valueName":"search_term_string"}}],"inLanguage":"es"},{"@type":"Person","@id":"https:\/\/reporteroshoy.mx\/noticias\/#\/schema\/person\/948520f0d88b01be2e5266bc4acbbc15","name":"Reporteros Hoy IM","image":{"@type":"ImageObject","inLanguage":"es","@id":"https:\/\/secure.gravatar.com\/avatar\/d843030b96552826ac048bdfe26f2895604b800ed0c880ee55765a74d95dfc65?s=96&d=mm&r=g","url":"https:\/\/secure.gravatar.com\/avatar\/d843030b96552826ac048bdfe26f2895604b800ed0c880ee55765a74d95dfc65?s=96&d=mm&r=g","contentUrl":"https:\/\/secure.gravatar.com\/avatar\/d843030b96552826ac048bdfe26f2895604b800ed0c880ee55765a74d95dfc65?s=96&d=mm&r=g","caption":"Reporteros Hoy IM"},"url":"https:\/\/reporteroshoy.mx\/noticias\/author\/israel\/"}]}},"_links":{"self":[{"href":"https:\/\/reporteroshoy.mx\/noticias\/wp-json\/wp\/v2\/posts\/105424","targetHints":{"allow":["GET"]}}],"collection":[{"href":"https:\/\/reporteroshoy.mx\/noticias\/wp-json\/wp\/v2\/posts"}],"about":[{"href":"https:\/\/reporteroshoy.mx\/noticias\/wp-json\/wp\/v2\/types\/post"}],"author":[{"embeddable":true,"href":"https:\/\/reporteroshoy.mx\/noticias\/wp-json\/wp\/v2\/users\/5"}],"replies":[{"embeddable":true,"href":"https:\/\/reporteroshoy.mx\/noticias\/wp-json\/wp\/v2\/comments?post=105424"}],"version-history":[{"count":0,"href":"https:\/\/reporteroshoy.mx\/noticias\/wp-json\/wp\/v2\/posts\/105424\/revisions"}],"wp:featuredmedia":[{"embeddable":true,"href":"https:\/\/reporteroshoy.mx\/noticias\/wp-json\/wp\/v2\/media\/105425"}],"wp:attachment":[{"href":"https:\/\/reporteroshoy.mx\/noticias\/wp-json\/wp\/v2\/media?parent=105424"}],"wp:term":[{"taxonomy":"category","embeddable":true,"href":"https:\/\/reporteroshoy.mx\/noticias\/wp-json\/wp\/v2\/categories?post=105424"},{"taxonomy":"post_tag","embeddable":true,"href":"https:\/\/reporteroshoy.mx\/noticias\/wp-json\/wp\/v2\/tags?post=105424"}],"curies":[{"name":"wp","href":"https:\/\/api.w.org\/{rel}","templated":true}]}}