{"id":105810,"date":"2023-09-22T21:42:25","date_gmt":"2023-09-23T03:42:25","guid":{"rendered":"https:\/\/reporteroshoy.mx\/noticias\/?p=105810"},"modified":"2023-09-22T21:42:25","modified_gmt":"2023-09-23T03:42:25","slug":"insisten-en-propuesta-para-resolver-el-litigio-por-las-luminarias","status":"publish","type":"post","link":"https:\/\/reporteroshoy.mx\/noticias\/insisten-en-propuesta-para-resolver-el-litigio-por-las-luminarias\/","title":{"rendered":"Insisten en propuesta para resolver el litigio por las luminarias"},"content":{"rendered":"<p style=\"text-align: justify;\">La administraci\u00f3n de Ren\u00e1n Barrera Concha reafirma su compromiso de resolver el litigio por las luminarias adquiridas por la ex alcaldesa, Ang\u00e9lica Araujo Lara, mediante pagos por abonos.<\/p>\n<p style=\"text-align: justify;\">En un comunicado, el Ayuntamiento de M\u00e9rida subraya su apego a la legalidad y transparencia en la gesti\u00f3n de asuntos jur\u00eddicos, priorizando los intereses y el patrimonio de los habitantes del municipio.<\/p>\n<p><img loading=\"lazy\" decoding=\"async\" class=\"alignnone size-full wp-image-105811\" src=\"https:\/\/reporteroshoy.mx\/noticias\/wp-content\/uploads\/2023\/09\/renan-barrera_angelica-araujo-scaled.jpg\" alt=\"\" width=\"768\" height=\"428\" \/><\/p>\n<p style=\"text-align: justify;\">Para proteger los intereses de la comunidad y mantener la calidad de los servicios p\u00fablicos, la autoridad municipal ha emprendido acciones y procedimientos transparentes en la defensa del patrimonio familiar, siempre dentro del marco legal.<\/p>\n<p style=\"text-align: justify;\">Bajo esta premisa, el Ayuntamiento ha presentado ante el Cabildo la voluntad de cumplir con el compromiso financiero ante la instituci\u00f3n bancaria, siguiendo un programa de pagos establecido.<\/p>\n<p style=\"text-align: justify;\">Es importante recordar que el problema de las luminarias es una herencia de una administraci\u00f3n anterior, y su reemplazo en 2012 respondi\u00f3 a las demandas ciudadanas por seguridad y funcionamiento del alumbrado p\u00fablico.<\/p>\n<h3>Dispuesto a proporcionar informaci\u00f3n sobre litigio por las luminarias<\/h3>\n<p style=\"text-align: justify;\">Aunque no hay notificaci\u00f3n de un proceso legal adicional, el municipio est\u00e1 dispuesto a proporcionar informaci\u00f3n puntual a la autoridad competente y atender sus requerimientos.<\/p>\n<p><em><strong>Leer m\u00e1s: <\/strong><\/em><a href=\"https:\/\/reporteroshoy.mx\/noticias\/nuevo-intento-de-cobrar-a-la-mala-un-adeudo-por-las-luminarias\/\"><em><strong>Nuevo intento de cobrar \u2018a la mala\u2019 un adeudo por las luminarias<\/strong><\/em><\/a><\/p>\n<p style=\"text-align: justify;\">La transparencia y la legalidad son pilares de esta administraci\u00f3n, con la participaci\u00f3n activa de la ciudadan\u00eda para brindar confianza y resultados positivos en M\u00e9rida y sus comisar\u00edas.<\/p>\n<p style=\"text-align: justify;\">\n","protected":false},"excerpt":{"rendered":"<p>Sigue litigio por las luminarias que contrat\u00f3 la ex alcaldesa de M\u00e9rida, Ang\u00e9lica Araujo Lara, por las que la ciudad arrastra deuda. <\/p>\n","protected":false},"author":5,"featured_media":105811,"comment_status":"open","ping_status":"closed","sticky":false,"template":"","format":"standard","meta":{"footnotes":""},"categories":[24410],"tags":[15041,14005,51,2441],"class_list":["post-105810","post","type-post","status-publish","format-standard","has-post-thumbnail","hentry","category-politica","tag-angelica-araujo-lara","tag-luminarias","tag-merida","tag-renan-barrera-concha"],"yoast_head":"<!-- This site is optimized with the Yoast SEO plugin v28.4 - https:\/\/yoast.com\/product\/yoast-seo-wordpress\/ -->\n<title>Insisten en propuesta para resolver el litigio por las luminarias<\/title>\n<meta name=\"description\" content=\"Sigue litigio por las luminarias que contrat\u00f3 la ex alcaldesa de M\u00e9rida, Ang\u00e9lica Araujo Lara, por las que la ciudad arrastra deuda.\" \/>\n<meta name=\"robots\" content=\"index, follow, max-snippet:-1, max-image-preview:large, max-video-preview:-1\" \/>\n<link rel=\"canonical\" href=\"https:\/\/reporteroshoy.mx\/noticias\/insisten-en-propuesta-para-resolver-el-litigio-por-las-luminarias\/\" \/>\n<meta property=\"og:locale\" content=\"es_ES\" \/>\n<meta property=\"og:type\" content=\"article\" \/>\n<meta property=\"og:title\" content=\"Insisten en propuesta para resolver el litigio por las luminarias\" \/>\n<meta property=\"og:description\" content=\"Sigue litigio por las luminarias que contrat\u00f3 la ex alcaldesa de M\u00e9rida, Ang\u00e9lica Araujo Lara, por las que la ciudad arrastra deuda.\" \/>\n<meta property=\"og:url\" content=\"https:\/\/reporteroshoy.mx\/noticias\/insisten-en-propuesta-para-resolver-el-litigio-por-las-luminarias\/\" \/>\n<meta property=\"og:site_name\" content=\"Reporteros Hoy | Noticias de Yucat\u00e1n\" \/>\n<meta property=\"article:publisher\" content=\"http:\/\/www.facebook.com\/reporteroshoymx\" \/>\n<meta property=\"article:published_time\" content=\"2023-09-23T03:42:25+00:00\" \/>\n<meta property=\"og:image\" content=\"https:\/\/reporteroshoy.mx\/noticias\/wp-content\/uploads\/2023\/09\/renan-barrera_angelica-araujo-scaled.jpg\" \/>\n\t<meta property=\"og:image:width\" content=\"768\" \/>\n\t<meta property=\"og:image:height\" content=\"428\" \/>\n\t<meta property=\"og:image:type\" content=\"image\/jpeg\" \/>\n<meta name=\"author\" content=\"Reporteros Hoy IM\" \/>\n<meta name=\"twitter:card\" content=\"summary_large_image\" \/>\n<meta name=\"twitter:creator\" content=\"@reporteroshoy\" \/>\n<meta name=\"twitter:site\" content=\"@reporteroshoy\" \/>\n<meta name=\"twitter:label1\" content=\"Escrito por\" \/>\n\t<meta name=\"twitter:data1\" content=\"Reporteros Hoy IM\" \/>\n\t<meta name=\"twitter:label2\" content=\"Tiempo de lectura\" \/>\n\t<meta name=\"twitter:data2\" content=\"2 minutos\" \/>\n<script type=\"application\/ld+json\" class=\"yoast-schema-graph\">{\"@context\":\"https:\\\/\\\/schema.org\",\"@graph\":[{\"@type\":\"Article\",\"@id\":\"https:\\\/\\\/reporteroshoy.mx\\\/noticias\\\/insisten-en-propuesta-para-resolver-el-litigio-por-las-luminarias\\\/#article\",\"isPartOf\":{\"@id\":\"https:\\\/\\\/reporteroshoy.mx\\\/noticias\\\/insisten-en-propuesta-para-resolver-el-litigio-por-las-luminarias\\\/\"},\"author\":{\"name\":\"Reporteros Hoy IM\",\"@id\":\"https:\\\/\\\/reporteroshoy.mx\\\/noticias\\\/#\\\/schema\\\/person\\\/948520f0d88b01be2e5266bc4acbbc15\"},\"headline\":\"Insisten en propuesta para resolver el litigio por las luminarias\",\"datePublished\":\"2023-09-23T03:42:25+00:00\",\"mainEntityOfPage\":{\"@id\":\"https:\\\/\\\/reporteroshoy.mx\\\/noticias\\\/insisten-en-propuesta-para-resolver-el-litigio-por-las-luminarias\\\/\"},\"wordCount\":260,\"commentCount\":0,\"image\":{\"@id\":\"https:\\\/\\\/reporteroshoy.mx\\\/noticias\\\/insisten-en-propuesta-para-resolver-el-litigio-por-las-luminarias\\\/#primaryimage\"},\"thumbnailUrl\":\"https:\\\/\\\/reporteroshoy.mx\\\/noticias\\\/wp-content\\\/uploads\\\/2023\\\/09\\\/renan-barrera_angelica-araujo-scaled.jpg\",\"keywords\":[\"Ang\u00e9lica Araujo Lara\",\"Luminarias\",\"M\u00e9rida\",\"Ren\u00e1n Barrera Concha\"],\"articleSection\":[\"Pol\u00edtica\"],\"inLanguage\":\"es\",\"potentialAction\":[{\"@type\":\"CommentAction\",\"name\":\"Comment\",\"target\":[\"https:\\\/\\\/reporteroshoy.mx\\\/noticias\\\/insisten-en-propuesta-para-resolver-el-litigio-por-las-luminarias\\\/#respond\"]}]},{\"@type\":\"WebPage\",\"@id\":\"https:\\\/\\\/reporteroshoy.mx\\\/noticias\\\/insisten-en-propuesta-para-resolver-el-litigio-por-las-luminarias\\\/\",\"url\":\"https:\\\/\\\/reporteroshoy.mx\\\/noticias\\\/insisten-en-propuesta-para-resolver-el-litigio-por-las-luminarias\\\/\",\"name\":\"Insisten en propuesta para resolver el litigio por las luminarias\",\"isPartOf\":{\"@id\":\"https:\\\/\\\/reporteroshoy.mx\\\/noticias\\\/#website\"},\"primaryImageOfPage\":{\"@id\":\"https:\\\/\\\/reporteroshoy.mx\\\/noticias\\\/insisten-en-propuesta-para-resolver-el-litigio-por-las-luminarias\\\/#primaryimage\"},\"image\":{\"@id\":\"https:\\\/\\\/reporteroshoy.mx\\\/noticias\\\/insisten-en-propuesta-para-resolver-el-litigio-por-las-luminarias\\\/#primaryimage\"},\"thumbnailUrl\":\"https:\\\/\\\/reporteroshoy.mx\\\/noticias\\\/wp-content\\\/uploads\\\/2023\\\/09\\\/renan-barrera_angelica-araujo-scaled.jpg\",\"datePublished\":\"2023-09-23T03:42:25+00:00\",\"author\":{\"@id\":\"https:\\\/\\\/reporteroshoy.mx\\\/noticias\\\/#\\\/schema\\\/person\\\/948520f0d88b01be2e5266bc4acbbc15\"},\"description\":\"Sigue litigio por las luminarias que contrat\u00f3 la ex alcaldesa de M\u00e9rida, Ang\u00e9lica Araujo Lara, por las que la ciudad arrastra deuda.\",\"breadcrumb\":{\"@id\":\"https:\\\/\\\/reporteroshoy.mx\\\/noticias\\\/insisten-en-propuesta-para-resolver-el-litigio-por-las-luminarias\\\/#breadcrumb\"},\"inLanguage\":\"es\",\"potentialAction\":[{\"@type\":\"ReadAction\",\"target\":[\"https:\\\/\\\/reporteroshoy.mx\\\/noticias\\\/insisten-en-propuesta-para-resolver-el-litigio-por-las-luminarias\\\/\"]}]},{\"@type\":\"ImageObject\",\"inLanguage\":\"es\",\"@id\":\"https:\\\/\\\/reporteroshoy.mx\\\/noticias\\\/insisten-en-propuesta-para-resolver-el-litigio-por-las-luminarias\\\/#primaryimage\",\"url\":\"https:\\\/\\\/reporteroshoy.mx\\\/noticias\\\/wp-content\\\/uploads\\\/2023\\\/09\\\/renan-barrera_angelica-araujo-scaled.jpg\",\"contentUrl\":\"https:\\\/\\\/reporteroshoy.mx\\\/noticias\\\/wp-content\\\/uploads\\\/2023\\\/09\\\/renan-barrera_angelica-araujo-scaled.jpg\",\"width\":768,\"height\":428},{\"@type\":\"BreadcrumbList\",\"@id\":\"https:\\\/\\\/reporteroshoy.mx\\\/noticias\\\/insisten-en-propuesta-para-resolver-el-litigio-por-las-luminarias\\\/#breadcrumb\",\"itemListElement\":[{\"@type\":\"ListItem\",\"position\":1,\"name\":\"Portada\",\"item\":\"https:\\\/\\\/reporteroshoy.mx\\\/noticias\\\/\"},{\"@type\":\"ListItem\",\"position\":2,\"name\":\"Insisten en propuesta para resolver el litigio por las luminarias\"}]},{\"@type\":\"WebSite\",\"@id\":\"https:\\\/\\\/reporteroshoy.mx\\\/noticias\\\/#website\",\"url\":\"https:\\\/\\\/reporteroshoy.mx\\\/noticias\\\/\",\"name\":\"Reporteros Hoy | Noticias de Yucat\u00e1n\",\"description\":\"Peri\u00f3dico digital con noticias diarias desde M\u00e9rida, Yucat\u00e1n para el mundo.\",\"potentialAction\":[{\"@type\":\"SearchAction\",\"target\":{\"@type\":\"EntryPoint\",\"urlTemplate\":\"https:\\\/\\\/reporteroshoy.mx\\\/noticias\\\/?s={search_term_string}\"},\"query-input\":{\"@type\":\"PropertyValueSpecification\",\"valueRequired\":true,\"valueName\":\"search_term_string\"}}],\"inLanguage\":\"es\"},{\"@type\":\"Person\",\"@id\":\"https:\\\/\\\/reporteroshoy.mx\\\/noticias\\\/#\\\/schema\\\/person\\\/948520f0d88b01be2e5266bc4acbbc15\",\"name\":\"Reporteros Hoy IM\",\"image\":{\"@type\":\"ImageObject\",\"inLanguage\":\"es\",\"@id\":\"https:\\\/\\\/secure.gravatar.com\\\/avatar\\\/d843030b96552826ac048bdfe26f2895604b800ed0c880ee55765a74d95dfc65?s=96&d=mm&r=g\",\"url\":\"https:\\\/\\\/secure.gravatar.com\\\/avatar\\\/d843030b96552826ac048bdfe26f2895604b800ed0c880ee55765a74d95dfc65?s=96&d=mm&r=g\",\"contentUrl\":\"https:\\\/\\\/secure.gravatar.com\\\/avatar\\\/d843030b96552826ac048bdfe26f2895604b800ed0c880ee55765a74d95dfc65?s=96&d=mm&r=g\",\"caption\":\"Reporteros Hoy IM\"},\"url\":\"https:\\\/\\\/reporteroshoy.mx\\\/noticias\\\/author\\\/israel\\\/\"}]}<\/script>\n<!-- \/ Yoast SEO plugin. -->","yoast_head_json":{"title":"Insisten en propuesta para resolver el litigio por las luminarias","description":"Sigue litigio por las luminarias que contrat\u00f3 la ex alcaldesa de M\u00e9rida, Ang\u00e9lica Araujo Lara, por las que la ciudad arrastra deuda.","robots":{"index":"index","follow":"follow","max-snippet":"max-snippet:-1","max-image-preview":"max-image-preview:large","max-video-preview":"max-video-preview:-1"},"canonical":"https:\/\/reporteroshoy.mx\/noticias\/insisten-en-propuesta-para-resolver-el-litigio-por-las-luminarias\/","og_locale":"es_ES","og_type":"article","og_title":"Insisten en propuesta para resolver el litigio por las luminarias","og_description":"Sigue litigio por las luminarias que contrat\u00f3 la ex alcaldesa de M\u00e9rida, Ang\u00e9lica Araujo Lara, por las que la ciudad arrastra deuda.","og_url":"https:\/\/reporteroshoy.mx\/noticias\/insisten-en-propuesta-para-resolver-el-litigio-por-las-luminarias\/","og_site_name":"Reporteros Hoy | Noticias de Yucat\u00e1n","article_publisher":"http:\/\/www.facebook.com\/reporteroshoymx","article_published_time":"2023-09-23T03:42:25+00:00","og_image":[{"width":768,"height":428,"url":"https:\/\/reporteroshoy.mx\/noticias\/wp-content\/uploads\/2023\/09\/renan-barrera_angelica-araujo-scaled.jpg","type":"image\/jpeg"}],"author":"Reporteros Hoy IM","twitter_card":"summary_large_image","twitter_creator":"@reporteroshoy","twitter_site":"@reporteroshoy","twitter_misc":{"Escrito por":"Reporteros Hoy IM","Tiempo de lectura":"2 minutos"},"schema":{"@context":"https:\/\/schema.org","@graph":[{"@type":"Article","@id":"https:\/\/reporteroshoy.mx\/noticias\/insisten-en-propuesta-para-resolver-el-litigio-por-las-luminarias\/#article","isPartOf":{"@id":"https:\/\/reporteroshoy.mx\/noticias\/insisten-en-propuesta-para-resolver-el-litigio-por-las-luminarias\/"},"author":{"name":"Reporteros Hoy IM","@id":"https:\/\/reporteroshoy.mx\/noticias\/#\/schema\/person\/948520f0d88b01be2e5266bc4acbbc15"},"headline":"Insisten en propuesta para resolver el litigio por las luminarias","datePublished":"2023-09-23T03:42:25+00:00","mainEntityOfPage":{"@id":"https:\/\/reporteroshoy.mx\/noticias\/insisten-en-propuesta-para-resolver-el-litigio-por-las-luminarias\/"},"wordCount":260,"commentCount":0,"image":{"@id":"https:\/\/reporteroshoy.mx\/noticias\/insisten-en-propuesta-para-resolver-el-litigio-por-las-luminarias\/#primaryimage"},"thumbnailUrl":"https:\/\/reporteroshoy.mx\/noticias\/wp-content\/uploads\/2023\/09\/renan-barrera_angelica-araujo-scaled.jpg","keywords":["Ang\u00e9lica Araujo Lara","Luminarias","M\u00e9rida","Ren\u00e1n Barrera Concha"],"articleSection":["Pol\u00edtica"],"inLanguage":"es","potentialAction":[{"@type":"CommentAction","name":"Comment","target":["https:\/\/reporteroshoy.mx\/noticias\/insisten-en-propuesta-para-resolver-el-litigio-por-las-luminarias\/#respond"]}]},{"@type":"WebPage","@id":"https:\/\/reporteroshoy.mx\/noticias\/insisten-en-propuesta-para-resolver-el-litigio-por-las-luminarias\/","url":"https:\/\/reporteroshoy.mx\/noticias\/insisten-en-propuesta-para-resolver-el-litigio-por-las-luminarias\/","name":"Insisten en propuesta para resolver el litigio por las luminarias","isPartOf":{"@id":"https:\/\/reporteroshoy.mx\/noticias\/#website"},"primaryImageOfPage":{"@id":"https:\/\/reporteroshoy.mx\/noticias\/insisten-en-propuesta-para-resolver-el-litigio-por-las-luminarias\/#primaryimage"},"image":{"@id":"https:\/\/reporteroshoy.mx\/noticias\/insisten-en-propuesta-para-resolver-el-litigio-por-las-luminarias\/#primaryimage"},"thumbnailUrl":"https:\/\/reporteroshoy.mx\/noticias\/wp-content\/uploads\/2023\/09\/renan-barrera_angelica-araujo-scaled.jpg","datePublished":"2023-09-23T03:42:25+00:00","author":{"@id":"https:\/\/reporteroshoy.mx\/noticias\/#\/schema\/person\/948520f0d88b01be2e5266bc4acbbc15"},"description":"Sigue litigio por las luminarias que contrat\u00f3 la ex alcaldesa de M\u00e9rida, Ang\u00e9lica Araujo Lara, por las que la ciudad arrastra deuda.","breadcrumb":{"@id":"https:\/\/reporteroshoy.mx\/noticias\/insisten-en-propuesta-para-resolver-el-litigio-por-las-luminarias\/#breadcrumb"},"inLanguage":"es","potentialAction":[{"@type":"ReadAction","target":["https:\/\/reporteroshoy.mx\/noticias\/insisten-en-propuesta-para-resolver-el-litigio-por-las-luminarias\/"]}]},{"@type":"ImageObject","inLanguage":"es","@id":"https:\/\/reporteroshoy.mx\/noticias\/insisten-en-propuesta-para-resolver-el-litigio-por-las-luminarias\/#primaryimage","url":"https:\/\/reporteroshoy.mx\/noticias\/wp-content\/uploads\/2023\/09\/renan-barrera_angelica-araujo-scaled.jpg","contentUrl":"https:\/\/reporteroshoy.mx\/noticias\/wp-content\/uploads\/2023\/09\/renan-barrera_angelica-araujo-scaled.jpg","width":768,"height":428},{"@type":"BreadcrumbList","@id":"https:\/\/reporteroshoy.mx\/noticias\/insisten-en-propuesta-para-resolver-el-litigio-por-las-luminarias\/#breadcrumb","itemListElement":[{"@type":"ListItem","position":1,"name":"Portada","item":"https:\/\/reporteroshoy.mx\/noticias\/"},{"@type":"ListItem","position":2,"name":"Insisten en propuesta para resolver el litigio por las luminarias"}]},{"@type":"WebSite","@id":"https:\/\/reporteroshoy.mx\/noticias\/#website","url":"https:\/\/reporteroshoy.mx\/noticias\/","name":"Reporteros Hoy | Noticias de Yucat\u00e1n","description":"Peri\u00f3dico digital con noticias diarias desde M\u00e9rida, Yucat\u00e1n para el mundo.","potentialAction":[{"@type":"SearchAction","target":{"@type":"EntryPoint","urlTemplate":"https:\/\/reporteroshoy.mx\/noticias\/?s={search_term_string}"},"query-input":{"@type":"PropertyValueSpecification","valueRequired":true,"valueName":"search_term_string"}}],"inLanguage":"es"},{"@type":"Person","@id":"https:\/\/reporteroshoy.mx\/noticias\/#\/schema\/person\/948520f0d88b01be2e5266bc4acbbc15","name":"Reporteros Hoy IM","image":{"@type":"ImageObject","inLanguage":"es","@id":"https:\/\/secure.gravatar.com\/avatar\/d843030b96552826ac048bdfe26f2895604b800ed0c880ee55765a74d95dfc65?s=96&d=mm&r=g","url":"https:\/\/secure.gravatar.com\/avatar\/d843030b96552826ac048bdfe26f2895604b800ed0c880ee55765a74d95dfc65?s=96&d=mm&r=g","contentUrl":"https:\/\/secure.gravatar.com\/avatar\/d843030b96552826ac048bdfe26f2895604b800ed0c880ee55765a74d95dfc65?s=96&d=mm&r=g","caption":"Reporteros Hoy IM"},"url":"https:\/\/reporteroshoy.mx\/noticias\/author\/israel\/"}]}},"_links":{"self":[{"href":"https:\/\/reporteroshoy.mx\/noticias\/wp-json\/wp\/v2\/posts\/105810","targetHints":{"allow":["GET"]}}],"collection":[{"href":"https:\/\/reporteroshoy.mx\/noticias\/wp-json\/wp\/v2\/posts"}],"about":[{"href":"https:\/\/reporteroshoy.mx\/noticias\/wp-json\/wp\/v2\/types\/post"}],"author":[{"embeddable":true,"href":"https:\/\/reporteroshoy.mx\/noticias\/wp-json\/wp\/v2\/users\/5"}],"replies":[{"embeddable":true,"href":"https:\/\/reporteroshoy.mx\/noticias\/wp-json\/wp\/v2\/comments?post=105810"}],"version-history":[{"count":0,"href":"https:\/\/reporteroshoy.mx\/noticias\/wp-json\/wp\/v2\/posts\/105810\/revisions"}],"wp:featuredmedia":[{"embeddable":true,"href":"https:\/\/reporteroshoy.mx\/noticias\/wp-json\/wp\/v2\/media\/105811"}],"wp:attachment":[{"href":"https:\/\/reporteroshoy.mx\/noticias\/wp-json\/wp\/v2\/media?parent=105810"}],"wp:term":[{"taxonomy":"category","embeddable":true,"href":"https:\/\/reporteroshoy.mx\/noticias\/wp-json\/wp\/v2\/categories?post=105810"},{"taxonomy":"post_tag","embeddable":true,"href":"https:\/\/reporteroshoy.mx\/noticias\/wp-json\/wp\/v2\/tags?post=105810"}],"curies":[{"name":"wp","href":"https:\/\/api.w.org\/{rel}","templated":true}]}}