{"id":105909,"date":"2023-09-26T21:49:47","date_gmt":"2023-09-27T03:49:47","guid":{"rendered":"https:\/\/reporteroshoy.mx\/noticias\/?p=105909"},"modified":"2023-09-26T21:49:47","modified_gmt":"2023-09-27T03:49:47","slug":"proteccion-del-patrimonio-cultural-de-comunidades-mayas","status":"publish","type":"post","link":"https:\/\/reporteroshoy.mx\/noticias\/proteccion-del-patrimonio-cultural-de-comunidades-mayas\/","title":{"rendered":"Protecci\u00f3n del patrimonio cultural de comunidades mayas"},"content":{"rendered":"<p style=\"text-align: justify;\">El Congreso del Estado y el Instituto Nacional de Antropolog\u00eda e Historia (INAH) en Yucat\u00e1n signaron un acuerdo para la protecci\u00f3n del patrimonio cultural de comunidades mayas.<\/p>\n<p style=\"text-align: justify;\">El presidente de la Junta de Gobierno y Coordinaci\u00f3n Pol\u00edtica, diputado V\u00edctor Hugo Lozano Poveda, destac\u00f3 la relevancia de este convenio, especialmente en el contexto de los 200 a\u00f1os del Congreso del Estado.<\/p>\n<p><img loading=\"lazy\" decoding=\"async\" class=\"alignnone size-full wp-image-105913\" src=\"https:\/\/reporteroshoy.mx\/noticias\/wp-content\/uploads\/2023\/09\/INAH-scaled.jpg\" alt=\"\" width=\"768\" height=\"512\" \/><\/p>\n<p style=\"text-align: justify;\">Subray\u00f3 el papel importante que ha desempe\u00f1ado el INAH en la historia del Congreso, ya que \u00abEl Congresito\u00bb, un edificio hist\u00f3rico, estuvo a su cargo durante muchos a\u00f1os.<\/p>\n<p style=\"text-align: justify;\">El legislador enfatiz\u00f3 que esta Legislatura se ha comprometido a ser cercana a la sociedad, y la firma de este convenio con el prestigioso INAH es un paso importante en esa direcci\u00f3n.<\/p>\n<p style=\"text-align: justify;\">Anna Luisa Goycoolea Art\u00eds, directora del Centro INAH Yucat\u00e1n, subray\u00f3 la importancia de las alianzas estrat\u00e9gicas y expres\u00f3 el compromiso de la instituci\u00f3n para trabajar en la defensa de los derechos culturales de los yucatecos y la protecci\u00f3n del patrimonio cultural de la entidad.<\/p>\n<p style=\"text-align: justify;\">Entre los temas en los que el INAH Yucat\u00e1n planea colaborar se encuentran la regulaci\u00f3n para el respeto, protecci\u00f3n y fomento del patrimonio cultural de las comunidades y pueblos de Yucat\u00e1n, as\u00ed como proyectos para la identificaci\u00f3n y registro del patrimonio cultural.<\/p>\n<p style=\"text-align: justify;\">Tambi\u00e9n se mencion\u00f3 la importancia de colaborar en las declaratorias estatales de patrimonio cultural.<\/p>\n<p style=\"text-align: justify;\"><em><strong>Leer m\u00e1s: <\/strong><\/em><a href=\"https:\/\/reporteroshoy.mx\/noticias\/confirma-el-inah-excavaciones-en-busca-de-cenote-bajo-convento-de-izamal\/\"><em><strong>Confirma el INAH excavaciones en busca de cenote bajo convento de Izamal<\/strong><\/em><\/a><\/p>\n<p style=\"text-align: justify;\">El evento cont\u00f3 con la presencia de otros legisladores y el director del Instituto de Investigaciones Legislativas del Congreso, Mario Maldonado Espinosa.<\/p>\n<p style=\"text-align: justify;\">Este convenio de colaboraci\u00f3n entre el Congreso de Yucat\u00e1n y el INAH representa un paso significativo en la promoci\u00f3n y protecci\u00f3n del patrimonio cultural de la regi\u00f3n.<\/p>\n<p>Bolet\u00edn de prensa \/ IA<\/p>\n","protected":false},"excerpt":{"rendered":"<p>El Congreso del Estado y el Centro INAH-Yucat\u00e1n  signan acuerdo para protecci\u00f3n del patrimonio cultural de comunidades. <\/p>\n","protected":false},"author":5,"featured_media":105913,"comment_status":"open","ping_status":"closed","sticky":false,"template":"","format":"standard","meta":{"footnotes":""},"categories":[3],"tags":[25106,2211,25107,23],"class_list":["post-105909","post","type-post","status-publish","format-standard","has-post-thumbnail","hentry","category-cultura","tag-centro-inah","tag-congreso-del-estado","tag-patrimonio-cultural","tag-yucatan"],"yoast_head":"<!-- This site is optimized with the Yoast SEO plugin v28.4 - https:\/\/yoast.com\/product\/yoast-seo-wordpress\/ -->\n<title>Protecci\u00f3n del patrimonio cultural de comunidades mayas<\/title>\n<meta name=\"description\" content=\"El Congreso del Estado y el Centro INAH-Yucat\u00e1n signan acuerdo para protecci\u00f3n del patrimonio cultural de comunidades.\" \/>\n<meta name=\"robots\" content=\"index, follow, max-snippet:-1, max-image-preview:large, max-video-preview:-1\" \/>\n<link rel=\"canonical\" href=\"https:\/\/reporteroshoy.mx\/noticias\/proteccion-del-patrimonio-cultural-de-comunidades-mayas\/\" \/>\n<meta property=\"og:locale\" content=\"es_ES\" \/>\n<meta property=\"og:type\" content=\"article\" \/>\n<meta property=\"og:title\" content=\"Protecci\u00f3n del patrimonio cultural de comunidades mayas\" \/>\n<meta property=\"og:description\" content=\"El Congreso del Estado y el Centro INAH-Yucat\u00e1n signan acuerdo para protecci\u00f3n del patrimonio cultural de comunidades.\" \/>\n<meta property=\"og:url\" content=\"https:\/\/reporteroshoy.mx\/noticias\/proteccion-del-patrimonio-cultural-de-comunidades-mayas\/\" \/>\n<meta property=\"og:site_name\" content=\"Reporteros Hoy | Noticias de Yucat\u00e1n\" \/>\n<meta property=\"article:publisher\" content=\"http:\/\/www.facebook.com\/reporteroshoymx\" \/>\n<meta property=\"article:published_time\" content=\"2023-09-27T03:49:47+00:00\" \/>\n<meta property=\"og:image\" content=\"https:\/\/reporteroshoy.mx\/noticias\/wp-content\/uploads\/2023\/09\/INAH-scaled.jpg\" \/>\n\t<meta property=\"og:image:width\" content=\"768\" \/>\n\t<meta property=\"og:image:height\" content=\"512\" \/>\n\t<meta property=\"og:image:type\" content=\"image\/jpeg\" \/>\n<meta name=\"author\" content=\"Reporteros Hoy IM\" \/>\n<meta name=\"twitter:card\" content=\"summary_large_image\" \/>\n<meta name=\"twitter:creator\" content=\"@reporteroshoy\" \/>\n<meta name=\"twitter:site\" content=\"@reporteroshoy\" \/>\n<meta name=\"twitter:label1\" content=\"Escrito por\" \/>\n\t<meta name=\"twitter:data1\" content=\"Reporteros Hoy IM\" \/>\n\t<meta name=\"twitter:label2\" content=\"Tiempo de lectura\" \/>\n\t<meta name=\"twitter:data2\" content=\"2 minutos\" \/>\n<script type=\"application\/ld+json\" class=\"yoast-schema-graph\">{\"@context\":\"https:\\\/\\\/schema.org\",\"@graph\":[{\"@type\":\"Article\",\"@id\":\"https:\\\/\\\/reporteroshoy.mx\\\/noticias\\\/proteccion-del-patrimonio-cultural-de-comunidades-mayas\\\/#article\",\"isPartOf\":{\"@id\":\"https:\\\/\\\/reporteroshoy.mx\\\/noticias\\\/proteccion-del-patrimonio-cultural-de-comunidades-mayas\\\/\"},\"author\":{\"name\":\"Reporteros Hoy IM\",\"@id\":\"https:\\\/\\\/reporteroshoy.mx\\\/noticias\\\/#\\\/schema\\\/person\\\/948520f0d88b01be2e5266bc4acbbc15\"},\"headline\":\"Protecci\u00f3n del patrimonio cultural de comunidades mayas\",\"datePublished\":\"2023-09-27T03:49:47+00:00\",\"mainEntityOfPage\":{\"@id\":\"https:\\\/\\\/reporteroshoy.mx\\\/noticias\\\/proteccion-del-patrimonio-cultural-de-comunidades-mayas\\\/\"},\"wordCount\":323,\"commentCount\":0,\"image\":{\"@id\":\"https:\\\/\\\/reporteroshoy.mx\\\/noticias\\\/proteccion-del-patrimonio-cultural-de-comunidades-mayas\\\/#primaryimage\"},\"thumbnailUrl\":\"https:\\\/\\\/reporteroshoy.mx\\\/noticias\\\/wp-content\\\/uploads\\\/2023\\\/09\\\/INAH-scaled.jpg\",\"keywords\":[\"Centro INAH\",\"congreso del estado\",\"Patrimonio cultural\",\"Yucat\u00e1n\"],\"articleSection\":[\"Cultura\"],\"inLanguage\":\"es\",\"potentialAction\":[{\"@type\":\"CommentAction\",\"name\":\"Comment\",\"target\":[\"https:\\\/\\\/reporteroshoy.mx\\\/noticias\\\/proteccion-del-patrimonio-cultural-de-comunidades-mayas\\\/#respond\"]}]},{\"@type\":\"WebPage\",\"@id\":\"https:\\\/\\\/reporteroshoy.mx\\\/noticias\\\/proteccion-del-patrimonio-cultural-de-comunidades-mayas\\\/\",\"url\":\"https:\\\/\\\/reporteroshoy.mx\\\/noticias\\\/proteccion-del-patrimonio-cultural-de-comunidades-mayas\\\/\",\"name\":\"Protecci\u00f3n del patrimonio cultural de comunidades mayas\",\"isPartOf\":{\"@id\":\"https:\\\/\\\/reporteroshoy.mx\\\/noticias\\\/#website\"},\"primaryImageOfPage\":{\"@id\":\"https:\\\/\\\/reporteroshoy.mx\\\/noticias\\\/proteccion-del-patrimonio-cultural-de-comunidades-mayas\\\/#primaryimage\"},\"image\":{\"@id\":\"https:\\\/\\\/reporteroshoy.mx\\\/noticias\\\/proteccion-del-patrimonio-cultural-de-comunidades-mayas\\\/#primaryimage\"},\"thumbnailUrl\":\"https:\\\/\\\/reporteroshoy.mx\\\/noticias\\\/wp-content\\\/uploads\\\/2023\\\/09\\\/INAH-scaled.jpg\",\"datePublished\":\"2023-09-27T03:49:47+00:00\",\"author\":{\"@id\":\"https:\\\/\\\/reporteroshoy.mx\\\/noticias\\\/#\\\/schema\\\/person\\\/948520f0d88b01be2e5266bc4acbbc15\"},\"description\":\"El Congreso del Estado y el Centro INAH-Yucat\u00e1n signan acuerdo para protecci\u00f3n del patrimonio cultural de comunidades.\",\"breadcrumb\":{\"@id\":\"https:\\\/\\\/reporteroshoy.mx\\\/noticias\\\/proteccion-del-patrimonio-cultural-de-comunidades-mayas\\\/#breadcrumb\"},\"inLanguage\":\"es\",\"potentialAction\":[{\"@type\":\"ReadAction\",\"target\":[\"https:\\\/\\\/reporteroshoy.mx\\\/noticias\\\/proteccion-del-patrimonio-cultural-de-comunidades-mayas\\\/\"]}]},{\"@type\":\"ImageObject\",\"inLanguage\":\"es\",\"@id\":\"https:\\\/\\\/reporteroshoy.mx\\\/noticias\\\/proteccion-del-patrimonio-cultural-de-comunidades-mayas\\\/#primaryimage\",\"url\":\"https:\\\/\\\/reporteroshoy.mx\\\/noticias\\\/wp-content\\\/uploads\\\/2023\\\/09\\\/INAH-scaled.jpg\",\"contentUrl\":\"https:\\\/\\\/reporteroshoy.mx\\\/noticias\\\/wp-content\\\/uploads\\\/2023\\\/09\\\/INAH-scaled.jpg\",\"width\":768,\"height\":512},{\"@type\":\"BreadcrumbList\",\"@id\":\"https:\\\/\\\/reporteroshoy.mx\\\/noticias\\\/proteccion-del-patrimonio-cultural-de-comunidades-mayas\\\/#breadcrumb\",\"itemListElement\":[{\"@type\":\"ListItem\",\"position\":1,\"name\":\"Portada\",\"item\":\"https:\\\/\\\/reporteroshoy.mx\\\/noticias\\\/\"},{\"@type\":\"ListItem\",\"position\":2,\"name\":\"Protecci\u00f3n del patrimonio cultural de comunidades mayas\"}]},{\"@type\":\"WebSite\",\"@id\":\"https:\\\/\\\/reporteroshoy.mx\\\/noticias\\\/#website\",\"url\":\"https:\\\/\\\/reporteroshoy.mx\\\/noticias\\\/\",\"name\":\"Reporteros Hoy | Noticias de Yucat\u00e1n\",\"description\":\"Peri\u00f3dico digital con noticias diarias desde M\u00e9rida, Yucat\u00e1n para el mundo.\",\"potentialAction\":[{\"@type\":\"SearchAction\",\"target\":{\"@type\":\"EntryPoint\",\"urlTemplate\":\"https:\\\/\\\/reporteroshoy.mx\\\/noticias\\\/?s={search_term_string}\"},\"query-input\":{\"@type\":\"PropertyValueSpecification\",\"valueRequired\":true,\"valueName\":\"search_term_string\"}}],\"inLanguage\":\"es\"},{\"@type\":\"Person\",\"@id\":\"https:\\\/\\\/reporteroshoy.mx\\\/noticias\\\/#\\\/schema\\\/person\\\/948520f0d88b01be2e5266bc4acbbc15\",\"name\":\"Reporteros Hoy IM\",\"image\":{\"@type\":\"ImageObject\",\"inLanguage\":\"es\",\"@id\":\"https:\\\/\\\/secure.gravatar.com\\\/avatar\\\/d843030b96552826ac048bdfe26f2895604b800ed0c880ee55765a74d95dfc65?s=96&d=mm&r=g\",\"url\":\"https:\\\/\\\/secure.gravatar.com\\\/avatar\\\/d843030b96552826ac048bdfe26f2895604b800ed0c880ee55765a74d95dfc65?s=96&d=mm&r=g\",\"contentUrl\":\"https:\\\/\\\/secure.gravatar.com\\\/avatar\\\/d843030b96552826ac048bdfe26f2895604b800ed0c880ee55765a74d95dfc65?s=96&d=mm&r=g\",\"caption\":\"Reporteros Hoy IM\"},\"url\":\"https:\\\/\\\/reporteroshoy.mx\\\/noticias\\\/author\\\/israel\\\/\"}]}<\/script>\n<!-- \/ Yoast SEO plugin. -->","yoast_head_json":{"title":"Protecci\u00f3n del patrimonio cultural de comunidades mayas","description":"El Congreso del Estado y el Centro INAH-Yucat\u00e1n signan acuerdo para protecci\u00f3n del patrimonio cultural de comunidades.","robots":{"index":"index","follow":"follow","max-snippet":"max-snippet:-1","max-image-preview":"max-image-preview:large","max-video-preview":"max-video-preview:-1"},"canonical":"https:\/\/reporteroshoy.mx\/noticias\/proteccion-del-patrimonio-cultural-de-comunidades-mayas\/","og_locale":"es_ES","og_type":"article","og_title":"Protecci\u00f3n del patrimonio cultural de comunidades mayas","og_description":"El Congreso del Estado y el Centro INAH-Yucat\u00e1n signan acuerdo para protecci\u00f3n del patrimonio cultural de comunidades.","og_url":"https:\/\/reporteroshoy.mx\/noticias\/proteccion-del-patrimonio-cultural-de-comunidades-mayas\/","og_site_name":"Reporteros Hoy | Noticias de Yucat\u00e1n","article_publisher":"http:\/\/www.facebook.com\/reporteroshoymx","article_published_time":"2023-09-27T03:49:47+00:00","og_image":[{"width":768,"height":512,"url":"https:\/\/reporteroshoy.mx\/noticias\/wp-content\/uploads\/2023\/09\/INAH-scaled.jpg","type":"image\/jpeg"}],"author":"Reporteros Hoy IM","twitter_card":"summary_large_image","twitter_creator":"@reporteroshoy","twitter_site":"@reporteroshoy","twitter_misc":{"Escrito por":"Reporteros Hoy IM","Tiempo de lectura":"2 minutos"},"schema":{"@context":"https:\/\/schema.org","@graph":[{"@type":"Article","@id":"https:\/\/reporteroshoy.mx\/noticias\/proteccion-del-patrimonio-cultural-de-comunidades-mayas\/#article","isPartOf":{"@id":"https:\/\/reporteroshoy.mx\/noticias\/proteccion-del-patrimonio-cultural-de-comunidades-mayas\/"},"author":{"name":"Reporteros Hoy IM","@id":"https:\/\/reporteroshoy.mx\/noticias\/#\/schema\/person\/948520f0d88b01be2e5266bc4acbbc15"},"headline":"Protecci\u00f3n del patrimonio cultural de comunidades mayas","datePublished":"2023-09-27T03:49:47+00:00","mainEntityOfPage":{"@id":"https:\/\/reporteroshoy.mx\/noticias\/proteccion-del-patrimonio-cultural-de-comunidades-mayas\/"},"wordCount":323,"commentCount":0,"image":{"@id":"https:\/\/reporteroshoy.mx\/noticias\/proteccion-del-patrimonio-cultural-de-comunidades-mayas\/#primaryimage"},"thumbnailUrl":"https:\/\/reporteroshoy.mx\/noticias\/wp-content\/uploads\/2023\/09\/INAH-scaled.jpg","keywords":["Centro INAH","congreso del estado","Patrimonio cultural","Yucat\u00e1n"],"articleSection":["Cultura"],"inLanguage":"es","potentialAction":[{"@type":"CommentAction","name":"Comment","target":["https:\/\/reporteroshoy.mx\/noticias\/proteccion-del-patrimonio-cultural-de-comunidades-mayas\/#respond"]}]},{"@type":"WebPage","@id":"https:\/\/reporteroshoy.mx\/noticias\/proteccion-del-patrimonio-cultural-de-comunidades-mayas\/","url":"https:\/\/reporteroshoy.mx\/noticias\/proteccion-del-patrimonio-cultural-de-comunidades-mayas\/","name":"Protecci\u00f3n del patrimonio cultural de comunidades mayas","isPartOf":{"@id":"https:\/\/reporteroshoy.mx\/noticias\/#website"},"primaryImageOfPage":{"@id":"https:\/\/reporteroshoy.mx\/noticias\/proteccion-del-patrimonio-cultural-de-comunidades-mayas\/#primaryimage"},"image":{"@id":"https:\/\/reporteroshoy.mx\/noticias\/proteccion-del-patrimonio-cultural-de-comunidades-mayas\/#primaryimage"},"thumbnailUrl":"https:\/\/reporteroshoy.mx\/noticias\/wp-content\/uploads\/2023\/09\/INAH-scaled.jpg","datePublished":"2023-09-27T03:49:47+00:00","author":{"@id":"https:\/\/reporteroshoy.mx\/noticias\/#\/schema\/person\/948520f0d88b01be2e5266bc4acbbc15"},"description":"El Congreso del Estado y el Centro INAH-Yucat\u00e1n signan acuerdo para protecci\u00f3n del patrimonio cultural de comunidades.","breadcrumb":{"@id":"https:\/\/reporteroshoy.mx\/noticias\/proteccion-del-patrimonio-cultural-de-comunidades-mayas\/#breadcrumb"},"inLanguage":"es","potentialAction":[{"@type":"ReadAction","target":["https:\/\/reporteroshoy.mx\/noticias\/proteccion-del-patrimonio-cultural-de-comunidades-mayas\/"]}]},{"@type":"ImageObject","inLanguage":"es","@id":"https:\/\/reporteroshoy.mx\/noticias\/proteccion-del-patrimonio-cultural-de-comunidades-mayas\/#primaryimage","url":"https:\/\/reporteroshoy.mx\/noticias\/wp-content\/uploads\/2023\/09\/INAH-scaled.jpg","contentUrl":"https:\/\/reporteroshoy.mx\/noticias\/wp-content\/uploads\/2023\/09\/INAH-scaled.jpg","width":768,"height":512},{"@type":"BreadcrumbList","@id":"https:\/\/reporteroshoy.mx\/noticias\/proteccion-del-patrimonio-cultural-de-comunidades-mayas\/#breadcrumb","itemListElement":[{"@type":"ListItem","position":1,"name":"Portada","item":"https:\/\/reporteroshoy.mx\/noticias\/"},{"@type":"ListItem","position":2,"name":"Protecci\u00f3n del patrimonio cultural de comunidades mayas"}]},{"@type":"WebSite","@id":"https:\/\/reporteroshoy.mx\/noticias\/#website","url":"https:\/\/reporteroshoy.mx\/noticias\/","name":"Reporteros Hoy | Noticias de Yucat\u00e1n","description":"Peri\u00f3dico digital con noticias diarias desde M\u00e9rida, Yucat\u00e1n para el mundo.","potentialAction":[{"@type":"SearchAction","target":{"@type":"EntryPoint","urlTemplate":"https:\/\/reporteroshoy.mx\/noticias\/?s={search_term_string}"},"query-input":{"@type":"PropertyValueSpecification","valueRequired":true,"valueName":"search_term_string"}}],"inLanguage":"es"},{"@type":"Person","@id":"https:\/\/reporteroshoy.mx\/noticias\/#\/schema\/person\/948520f0d88b01be2e5266bc4acbbc15","name":"Reporteros Hoy IM","image":{"@type":"ImageObject","inLanguage":"es","@id":"https:\/\/secure.gravatar.com\/avatar\/d843030b96552826ac048bdfe26f2895604b800ed0c880ee55765a74d95dfc65?s=96&d=mm&r=g","url":"https:\/\/secure.gravatar.com\/avatar\/d843030b96552826ac048bdfe26f2895604b800ed0c880ee55765a74d95dfc65?s=96&d=mm&r=g","contentUrl":"https:\/\/secure.gravatar.com\/avatar\/d843030b96552826ac048bdfe26f2895604b800ed0c880ee55765a74d95dfc65?s=96&d=mm&r=g","caption":"Reporteros Hoy IM"},"url":"https:\/\/reporteroshoy.mx\/noticias\/author\/israel\/"}]}},"_links":{"self":[{"href":"https:\/\/reporteroshoy.mx\/noticias\/wp-json\/wp\/v2\/posts\/105909","targetHints":{"allow":["GET"]}}],"collection":[{"href":"https:\/\/reporteroshoy.mx\/noticias\/wp-json\/wp\/v2\/posts"}],"about":[{"href":"https:\/\/reporteroshoy.mx\/noticias\/wp-json\/wp\/v2\/types\/post"}],"author":[{"embeddable":true,"href":"https:\/\/reporteroshoy.mx\/noticias\/wp-json\/wp\/v2\/users\/5"}],"replies":[{"embeddable":true,"href":"https:\/\/reporteroshoy.mx\/noticias\/wp-json\/wp\/v2\/comments?post=105909"}],"version-history":[{"count":0,"href":"https:\/\/reporteroshoy.mx\/noticias\/wp-json\/wp\/v2\/posts\/105909\/revisions"}],"wp:featuredmedia":[{"embeddable":true,"href":"https:\/\/reporteroshoy.mx\/noticias\/wp-json\/wp\/v2\/media\/105913"}],"wp:attachment":[{"href":"https:\/\/reporteroshoy.mx\/noticias\/wp-json\/wp\/v2\/media?parent=105909"}],"wp:term":[{"taxonomy":"category","embeddable":true,"href":"https:\/\/reporteroshoy.mx\/noticias\/wp-json\/wp\/v2\/categories?post=105909"},{"taxonomy":"post_tag","embeddable":true,"href":"https:\/\/reporteroshoy.mx\/noticias\/wp-json\/wp\/v2\/tags?post=105909"}],"curies":[{"name":"wp","href":"https:\/\/api.w.org\/{rel}","templated":true}]}}