{"id":105933,"date":"2023-09-27T18:46:39","date_gmt":"2023-09-28T00:46:39","guid":{"rendered":"https:\/\/reporteroshoy.mx\/noticias\/?p=105933"},"modified":"2023-09-27T18:46:39","modified_gmt":"2023-09-28T00:46:39","slug":"en-el-dia-mundial-del-turismo-presentan-aldeas-mayas","status":"publish","type":"post","link":"https:\/\/reporteroshoy.mx\/noticias\/en-el-dia-mundial-del-turismo-presentan-aldeas-mayas\/","title":{"rendered":"En el D\u00eda Mundial del Turismo, presentan \u201cAldeas Mayas\u201d"},"content":{"rendered":"<p style=\"text-align: justify;\">En el D\u00eda Mundial del Turismo, Yucat\u00e1n resalt\u00f3 su importancia en el desarrollo econ\u00f3mico bajo un enfoque sostenible y se present\u00f3 el programa \u00abAldeas Mayas\u00bb.<\/p>\n<p style=\"text-align: justify;\">La Secretar\u00eda de Fomento Tur\u00edstico (Sefotur) otorg\u00f3 los primeros 12 nombramientos\u00a0de 3 categor\u00edas: Aldeas Comunitarias, Experiencias Mayas y Aldeas Tem\u00e1ticas.<\/p>\n<p><img loading=\"lazy\" decoding=\"async\" class=\"alignnone size-full wp-image-105939\" src=\"https:\/\/reporteroshoy.mx\/noticias\/wp-content\/uploads\/2023\/09\/TURISMO_ALDEAS-MAYAS-2-scaled.jpg\" alt=\"\" width=\"768\" height=\"512\" \/><\/p>\n<p style=\"text-align: justify;\">Se organizaron encuentros con expertos de la industria sin chimeneas y otros campos, resaltando la importancia del turismo rural.<\/p>\n<p style=\"text-align: justify;\">Michelle Fridman Hirsch, titular de la Sefotur, mencion\u00f3 la relevancia de preservar el patrimonio cultural y natural a trav\u00e9s de productos tur\u00edsticos comunitarios innovadores como las Aldeas Mayas.<\/p>\n<p style=\"text-align: justify;\">\u201cUna aldea maya es un producto tur\u00edstico comunitario innovador que se encuentra en un entorno rural\u00bb apunt\u00f3.<\/p>\n<p style=\"text-align: justify;\">Este proyecto de turismo, abund\u00f3, abarca aspectos culturales, rurales, gastron\u00f3micos y naturales.<\/p>\n<p style=\"text-align: justify;\">Dijo que resaltan la importancia de la vivienda tradicional, los oficios, la lengua maya, as\u00ed como la oferta de servicios y actividades tur\u00edsticas.<\/p>\n<p><img loading=\"lazy\" decoding=\"async\" class=\"alignnone size-full wp-image-105938\" src=\"https:\/\/reporteroshoy.mx\/noticias\/wp-content\/uploads\/2023\/09\/TURISMO_ALDEAS-MAYAS-4-scaled.jpg\" alt=\"\" width=\"768\" height=\"512\" \/><\/p>\n<p style=\"text-align: justify;\">Destac\u00f3 su papel en la generaci\u00f3n de empleo y la promoci\u00f3n de un turismo descentralizado e incluyente.<\/p>\n<p style=\"text-align: justify;\">En este contexto, se reconoci\u00f3 a Jos\u00e9 Humberto G\u00f3mez Rodr\u00edguez, \u201cDon Beto\u201d, por su trayectoria como gu\u00eda de turistas, historiador y su contribuci\u00f3n al descubrimiento de valiosas b\u00f3vedas mayas en las grutas de Balankanch\u00e9.<\/p>\n<p style=\"text-align: justify;\"><em><strong>Te puede interesar: <\/strong><\/em><em><strong><a href=\"https:\/\/reporteroshoy.mx\/noticias\/airbnb-enganchara-visitantes-extranjeros-con-turismo-comunitario\/\">Airbnb enganchar\u00e1 visitantes extranjeros con turismo comunitario<\/a><\/strong><\/em><\/p>\n<p style=\"text-align: justify;\">El evento concluy\u00f3 con un mensaje de Luis Zea Mares, representante de la UNESCO, sobre la importancia de preservar nuestro patrimonio cultural para las generaciones futuras.<\/p>\n<p style=\"text-align: justify;\">Yucat\u00e1n reafirm\u00f3 su compromiso con un turismo responsable y en armon\u00eda con su riqueza cultural y natural.<\/p>\n<p>Bolet\u00edn de prensa \/ IA<\/p>\n","protected":false},"excerpt":{"rendered":"<p>Los primeros 12 nombramientos\u00a0fueron en 3 categor\u00edas: Aldeas Comunitarias, Experiencias Mayas y Aldeas Tem\u00e1ticas.<\/p>\n","protected":false},"author":5,"featured_media":105939,"comment_status":"open","ping_status":"closed","sticky":false,"template":"","format":"standard","meta":{"footnotes":""},"categories":[17],"tags":[25114,4639,910],"class_list":["post-105933","post","type-post","status-publish","format-standard","has-post-thumbnail","hentry","category-yucatan","tag-aldeas-mayas","tag-sefotur","tag-turismo"],"yoast_head":"<!-- This site is optimized with the Yoast SEO plugin v28.4 - https:\/\/yoast.com\/product\/yoast-seo-wordpress\/ -->\n<title>En el D\u00eda Mundial del Turismo, presentan \u201cAldeas Mayas\u201d<\/title>\n<meta name=\"description\" content=\"Los primeros 12 nombramientos\u00a0fueron en 3 categor\u00edas: Aldeas Comunitarias, Experiencias Mayas y Aldeas Tem\u00e1ticas.\" \/>\n<meta name=\"robots\" content=\"index, follow, max-snippet:-1, max-image-preview:large, max-video-preview:-1\" \/>\n<link rel=\"canonical\" href=\"https:\/\/reporteroshoy.mx\/noticias\/en-el-dia-mundial-del-turismo-presentan-aldeas-mayas\/\" \/>\n<meta property=\"og:locale\" content=\"es_ES\" \/>\n<meta property=\"og:type\" content=\"article\" \/>\n<meta property=\"og:title\" content=\"En el D\u00eda Mundial del Turismo, presentan \u201cAldeas Mayas\u201d\" \/>\n<meta property=\"og:description\" content=\"Los primeros 12 nombramientos\u00a0fueron en 3 categor\u00edas: Aldeas Comunitarias, Experiencias Mayas y Aldeas Tem\u00e1ticas.\" \/>\n<meta property=\"og:url\" content=\"https:\/\/reporteroshoy.mx\/noticias\/en-el-dia-mundial-del-turismo-presentan-aldeas-mayas\/\" \/>\n<meta property=\"og:site_name\" content=\"Reporteros Hoy | Noticias de Yucat\u00e1n\" \/>\n<meta property=\"article:publisher\" content=\"http:\/\/www.facebook.com\/reporteroshoymx\" \/>\n<meta property=\"article:published_time\" content=\"2023-09-28T00:46:39+00:00\" \/>\n<meta property=\"og:image\" content=\"https:\/\/reporteroshoy.mx\/noticias\/wp-content\/uploads\/2023\/09\/TURISMO_ALDEAS-MAYAS-2-scaled.jpg\" \/>\n\t<meta property=\"og:image:width\" content=\"768\" \/>\n\t<meta property=\"og:image:height\" content=\"512\" \/>\n\t<meta property=\"og:image:type\" content=\"image\/jpeg\" \/>\n<meta name=\"author\" content=\"Reporteros Hoy IM\" \/>\n<meta name=\"twitter:card\" content=\"summary_large_image\" \/>\n<meta name=\"twitter:creator\" content=\"@reporteroshoy\" \/>\n<meta name=\"twitter:site\" content=\"@reporteroshoy\" \/>\n<meta name=\"twitter:label1\" content=\"Escrito por\" \/>\n\t<meta name=\"twitter:data1\" content=\"Reporteros Hoy IM\" \/>\n\t<meta name=\"twitter:label2\" content=\"Tiempo de lectura\" \/>\n\t<meta name=\"twitter:data2\" content=\"2 minutos\" \/>\n<script type=\"application\/ld+json\" class=\"yoast-schema-graph\">{\"@context\":\"https:\\\/\\\/schema.org\",\"@graph\":[{\"@type\":\"Article\",\"@id\":\"https:\\\/\\\/reporteroshoy.mx\\\/noticias\\\/en-el-dia-mundial-del-turismo-presentan-aldeas-mayas\\\/#article\",\"isPartOf\":{\"@id\":\"https:\\\/\\\/reporteroshoy.mx\\\/noticias\\\/en-el-dia-mundial-del-turismo-presentan-aldeas-mayas\\\/\"},\"author\":{\"name\":\"Reporteros Hoy IM\",\"@id\":\"https:\\\/\\\/reporteroshoy.mx\\\/noticias\\\/#\\\/schema\\\/person\\\/948520f0d88b01be2e5266bc4acbbc15\"},\"headline\":\"En el D\u00eda Mundial del Turismo, presentan \u201cAldeas Mayas\u201d\",\"datePublished\":\"2023-09-28T00:46:39+00:00\",\"mainEntityOfPage\":{\"@id\":\"https:\\\/\\\/reporteroshoy.mx\\\/noticias\\\/en-el-dia-mundial-del-turismo-presentan-aldeas-mayas\\\/\"},\"wordCount\":283,\"commentCount\":0,\"image\":{\"@id\":\"https:\\\/\\\/reporteroshoy.mx\\\/noticias\\\/en-el-dia-mundial-del-turismo-presentan-aldeas-mayas\\\/#primaryimage\"},\"thumbnailUrl\":\"https:\\\/\\\/reporteroshoy.mx\\\/noticias\\\/wp-content\\\/uploads\\\/2023\\\/09\\\/TURISMO_ALDEAS-MAYAS-2-scaled.jpg\",\"keywords\":[\"Aldeas Mayas\",\"Sefotur\",\"Turismo\"],\"articleSection\":[\"Yucat\u00e1n\"],\"inLanguage\":\"es\",\"potentialAction\":[{\"@type\":\"CommentAction\",\"name\":\"Comment\",\"target\":[\"https:\\\/\\\/reporteroshoy.mx\\\/noticias\\\/en-el-dia-mundial-del-turismo-presentan-aldeas-mayas\\\/#respond\"]}]},{\"@type\":\"WebPage\",\"@id\":\"https:\\\/\\\/reporteroshoy.mx\\\/noticias\\\/en-el-dia-mundial-del-turismo-presentan-aldeas-mayas\\\/\",\"url\":\"https:\\\/\\\/reporteroshoy.mx\\\/noticias\\\/en-el-dia-mundial-del-turismo-presentan-aldeas-mayas\\\/\",\"name\":\"En el D\u00eda Mundial del Turismo, presentan \u201cAldeas Mayas\u201d\",\"isPartOf\":{\"@id\":\"https:\\\/\\\/reporteroshoy.mx\\\/noticias\\\/#website\"},\"primaryImageOfPage\":{\"@id\":\"https:\\\/\\\/reporteroshoy.mx\\\/noticias\\\/en-el-dia-mundial-del-turismo-presentan-aldeas-mayas\\\/#primaryimage\"},\"image\":{\"@id\":\"https:\\\/\\\/reporteroshoy.mx\\\/noticias\\\/en-el-dia-mundial-del-turismo-presentan-aldeas-mayas\\\/#primaryimage\"},\"thumbnailUrl\":\"https:\\\/\\\/reporteroshoy.mx\\\/noticias\\\/wp-content\\\/uploads\\\/2023\\\/09\\\/TURISMO_ALDEAS-MAYAS-2-scaled.jpg\",\"datePublished\":\"2023-09-28T00:46:39+00:00\",\"author\":{\"@id\":\"https:\\\/\\\/reporteroshoy.mx\\\/noticias\\\/#\\\/schema\\\/person\\\/948520f0d88b01be2e5266bc4acbbc15\"},\"description\":\"Los primeros 12 nombramientos\u00a0fueron en 3 categor\u00edas: Aldeas Comunitarias, Experiencias Mayas y Aldeas Tem\u00e1ticas.\",\"breadcrumb\":{\"@id\":\"https:\\\/\\\/reporteroshoy.mx\\\/noticias\\\/en-el-dia-mundial-del-turismo-presentan-aldeas-mayas\\\/#breadcrumb\"},\"inLanguage\":\"es\",\"potentialAction\":[{\"@type\":\"ReadAction\",\"target\":[\"https:\\\/\\\/reporteroshoy.mx\\\/noticias\\\/en-el-dia-mundial-del-turismo-presentan-aldeas-mayas\\\/\"]}]},{\"@type\":\"ImageObject\",\"inLanguage\":\"es\",\"@id\":\"https:\\\/\\\/reporteroshoy.mx\\\/noticias\\\/en-el-dia-mundial-del-turismo-presentan-aldeas-mayas\\\/#primaryimage\",\"url\":\"https:\\\/\\\/reporteroshoy.mx\\\/noticias\\\/wp-content\\\/uploads\\\/2023\\\/09\\\/TURISMO_ALDEAS-MAYAS-2-scaled.jpg\",\"contentUrl\":\"https:\\\/\\\/reporteroshoy.mx\\\/noticias\\\/wp-content\\\/uploads\\\/2023\\\/09\\\/TURISMO_ALDEAS-MAYAS-2-scaled.jpg\",\"width\":768,\"height\":512},{\"@type\":\"BreadcrumbList\",\"@id\":\"https:\\\/\\\/reporteroshoy.mx\\\/noticias\\\/en-el-dia-mundial-del-turismo-presentan-aldeas-mayas\\\/#breadcrumb\",\"itemListElement\":[{\"@type\":\"ListItem\",\"position\":1,\"name\":\"Portada\",\"item\":\"https:\\\/\\\/reporteroshoy.mx\\\/noticias\\\/\"},{\"@type\":\"ListItem\",\"position\":2,\"name\":\"En el D\u00eda Mundial del Turismo, presentan \u201cAldeas Mayas\u201d\"}]},{\"@type\":\"WebSite\",\"@id\":\"https:\\\/\\\/reporteroshoy.mx\\\/noticias\\\/#website\",\"url\":\"https:\\\/\\\/reporteroshoy.mx\\\/noticias\\\/\",\"name\":\"Reporteros Hoy | Noticias de Yucat\u00e1n\",\"description\":\"Peri\u00f3dico digital con noticias diarias desde M\u00e9rida, Yucat\u00e1n para el mundo.\",\"potentialAction\":[{\"@type\":\"SearchAction\",\"target\":{\"@type\":\"EntryPoint\",\"urlTemplate\":\"https:\\\/\\\/reporteroshoy.mx\\\/noticias\\\/?s={search_term_string}\"},\"query-input\":{\"@type\":\"PropertyValueSpecification\",\"valueRequired\":true,\"valueName\":\"search_term_string\"}}],\"inLanguage\":\"es\"},{\"@type\":\"Person\",\"@id\":\"https:\\\/\\\/reporteroshoy.mx\\\/noticias\\\/#\\\/schema\\\/person\\\/948520f0d88b01be2e5266bc4acbbc15\",\"name\":\"Reporteros Hoy IM\",\"image\":{\"@type\":\"ImageObject\",\"inLanguage\":\"es\",\"@id\":\"https:\\\/\\\/secure.gravatar.com\\\/avatar\\\/d843030b96552826ac048bdfe26f2895604b800ed0c880ee55765a74d95dfc65?s=96&d=mm&r=g\",\"url\":\"https:\\\/\\\/secure.gravatar.com\\\/avatar\\\/d843030b96552826ac048bdfe26f2895604b800ed0c880ee55765a74d95dfc65?s=96&d=mm&r=g\",\"contentUrl\":\"https:\\\/\\\/secure.gravatar.com\\\/avatar\\\/d843030b96552826ac048bdfe26f2895604b800ed0c880ee55765a74d95dfc65?s=96&d=mm&r=g\",\"caption\":\"Reporteros Hoy IM\"},\"url\":\"https:\\\/\\\/reporteroshoy.mx\\\/noticias\\\/author\\\/israel\\\/\"}]}<\/script>\n<!-- \/ Yoast SEO plugin. -->","yoast_head_json":{"title":"En el D\u00eda Mundial del Turismo, presentan \u201cAldeas Mayas\u201d","description":"Los primeros 12 nombramientos\u00a0fueron en 3 categor\u00edas: Aldeas Comunitarias, Experiencias Mayas y Aldeas Tem\u00e1ticas.","robots":{"index":"index","follow":"follow","max-snippet":"max-snippet:-1","max-image-preview":"max-image-preview:large","max-video-preview":"max-video-preview:-1"},"canonical":"https:\/\/reporteroshoy.mx\/noticias\/en-el-dia-mundial-del-turismo-presentan-aldeas-mayas\/","og_locale":"es_ES","og_type":"article","og_title":"En el D\u00eda Mundial del Turismo, presentan \u201cAldeas Mayas\u201d","og_description":"Los primeros 12 nombramientos\u00a0fueron en 3 categor\u00edas: Aldeas Comunitarias, Experiencias Mayas y Aldeas Tem\u00e1ticas.","og_url":"https:\/\/reporteroshoy.mx\/noticias\/en-el-dia-mundial-del-turismo-presentan-aldeas-mayas\/","og_site_name":"Reporteros Hoy | Noticias de Yucat\u00e1n","article_publisher":"http:\/\/www.facebook.com\/reporteroshoymx","article_published_time":"2023-09-28T00:46:39+00:00","og_image":[{"width":768,"height":512,"url":"https:\/\/reporteroshoy.mx\/noticias\/wp-content\/uploads\/2023\/09\/TURISMO_ALDEAS-MAYAS-2-scaled.jpg","type":"image\/jpeg"}],"author":"Reporteros Hoy IM","twitter_card":"summary_large_image","twitter_creator":"@reporteroshoy","twitter_site":"@reporteroshoy","twitter_misc":{"Escrito por":"Reporteros Hoy IM","Tiempo de lectura":"2 minutos"},"schema":{"@context":"https:\/\/schema.org","@graph":[{"@type":"Article","@id":"https:\/\/reporteroshoy.mx\/noticias\/en-el-dia-mundial-del-turismo-presentan-aldeas-mayas\/#article","isPartOf":{"@id":"https:\/\/reporteroshoy.mx\/noticias\/en-el-dia-mundial-del-turismo-presentan-aldeas-mayas\/"},"author":{"name":"Reporteros Hoy IM","@id":"https:\/\/reporteroshoy.mx\/noticias\/#\/schema\/person\/948520f0d88b01be2e5266bc4acbbc15"},"headline":"En el D\u00eda Mundial del Turismo, presentan \u201cAldeas Mayas\u201d","datePublished":"2023-09-28T00:46:39+00:00","mainEntityOfPage":{"@id":"https:\/\/reporteroshoy.mx\/noticias\/en-el-dia-mundial-del-turismo-presentan-aldeas-mayas\/"},"wordCount":283,"commentCount":0,"image":{"@id":"https:\/\/reporteroshoy.mx\/noticias\/en-el-dia-mundial-del-turismo-presentan-aldeas-mayas\/#primaryimage"},"thumbnailUrl":"https:\/\/reporteroshoy.mx\/noticias\/wp-content\/uploads\/2023\/09\/TURISMO_ALDEAS-MAYAS-2-scaled.jpg","keywords":["Aldeas Mayas","Sefotur","Turismo"],"articleSection":["Yucat\u00e1n"],"inLanguage":"es","potentialAction":[{"@type":"CommentAction","name":"Comment","target":["https:\/\/reporteroshoy.mx\/noticias\/en-el-dia-mundial-del-turismo-presentan-aldeas-mayas\/#respond"]}]},{"@type":"WebPage","@id":"https:\/\/reporteroshoy.mx\/noticias\/en-el-dia-mundial-del-turismo-presentan-aldeas-mayas\/","url":"https:\/\/reporteroshoy.mx\/noticias\/en-el-dia-mundial-del-turismo-presentan-aldeas-mayas\/","name":"En el D\u00eda Mundial del Turismo, presentan \u201cAldeas Mayas\u201d","isPartOf":{"@id":"https:\/\/reporteroshoy.mx\/noticias\/#website"},"primaryImageOfPage":{"@id":"https:\/\/reporteroshoy.mx\/noticias\/en-el-dia-mundial-del-turismo-presentan-aldeas-mayas\/#primaryimage"},"image":{"@id":"https:\/\/reporteroshoy.mx\/noticias\/en-el-dia-mundial-del-turismo-presentan-aldeas-mayas\/#primaryimage"},"thumbnailUrl":"https:\/\/reporteroshoy.mx\/noticias\/wp-content\/uploads\/2023\/09\/TURISMO_ALDEAS-MAYAS-2-scaled.jpg","datePublished":"2023-09-28T00:46:39+00:00","author":{"@id":"https:\/\/reporteroshoy.mx\/noticias\/#\/schema\/person\/948520f0d88b01be2e5266bc4acbbc15"},"description":"Los primeros 12 nombramientos\u00a0fueron en 3 categor\u00edas: Aldeas Comunitarias, Experiencias Mayas y Aldeas Tem\u00e1ticas.","breadcrumb":{"@id":"https:\/\/reporteroshoy.mx\/noticias\/en-el-dia-mundial-del-turismo-presentan-aldeas-mayas\/#breadcrumb"},"inLanguage":"es","potentialAction":[{"@type":"ReadAction","target":["https:\/\/reporteroshoy.mx\/noticias\/en-el-dia-mundial-del-turismo-presentan-aldeas-mayas\/"]}]},{"@type":"ImageObject","inLanguage":"es","@id":"https:\/\/reporteroshoy.mx\/noticias\/en-el-dia-mundial-del-turismo-presentan-aldeas-mayas\/#primaryimage","url":"https:\/\/reporteroshoy.mx\/noticias\/wp-content\/uploads\/2023\/09\/TURISMO_ALDEAS-MAYAS-2-scaled.jpg","contentUrl":"https:\/\/reporteroshoy.mx\/noticias\/wp-content\/uploads\/2023\/09\/TURISMO_ALDEAS-MAYAS-2-scaled.jpg","width":768,"height":512},{"@type":"BreadcrumbList","@id":"https:\/\/reporteroshoy.mx\/noticias\/en-el-dia-mundial-del-turismo-presentan-aldeas-mayas\/#breadcrumb","itemListElement":[{"@type":"ListItem","position":1,"name":"Portada","item":"https:\/\/reporteroshoy.mx\/noticias\/"},{"@type":"ListItem","position":2,"name":"En el D\u00eda Mundial del Turismo, presentan \u201cAldeas Mayas\u201d"}]},{"@type":"WebSite","@id":"https:\/\/reporteroshoy.mx\/noticias\/#website","url":"https:\/\/reporteroshoy.mx\/noticias\/","name":"Reporteros Hoy | Noticias de Yucat\u00e1n","description":"Peri\u00f3dico digital con noticias diarias desde M\u00e9rida, Yucat\u00e1n para el mundo.","potentialAction":[{"@type":"SearchAction","target":{"@type":"EntryPoint","urlTemplate":"https:\/\/reporteroshoy.mx\/noticias\/?s={search_term_string}"},"query-input":{"@type":"PropertyValueSpecification","valueRequired":true,"valueName":"search_term_string"}}],"inLanguage":"es"},{"@type":"Person","@id":"https:\/\/reporteroshoy.mx\/noticias\/#\/schema\/person\/948520f0d88b01be2e5266bc4acbbc15","name":"Reporteros Hoy IM","image":{"@type":"ImageObject","inLanguage":"es","@id":"https:\/\/secure.gravatar.com\/avatar\/d843030b96552826ac048bdfe26f2895604b800ed0c880ee55765a74d95dfc65?s=96&d=mm&r=g","url":"https:\/\/secure.gravatar.com\/avatar\/d843030b96552826ac048bdfe26f2895604b800ed0c880ee55765a74d95dfc65?s=96&d=mm&r=g","contentUrl":"https:\/\/secure.gravatar.com\/avatar\/d843030b96552826ac048bdfe26f2895604b800ed0c880ee55765a74d95dfc65?s=96&d=mm&r=g","caption":"Reporteros Hoy IM"},"url":"https:\/\/reporteroshoy.mx\/noticias\/author\/israel\/"}]}},"_links":{"self":[{"href":"https:\/\/reporteroshoy.mx\/noticias\/wp-json\/wp\/v2\/posts\/105933","targetHints":{"allow":["GET"]}}],"collection":[{"href":"https:\/\/reporteroshoy.mx\/noticias\/wp-json\/wp\/v2\/posts"}],"about":[{"href":"https:\/\/reporteroshoy.mx\/noticias\/wp-json\/wp\/v2\/types\/post"}],"author":[{"embeddable":true,"href":"https:\/\/reporteroshoy.mx\/noticias\/wp-json\/wp\/v2\/users\/5"}],"replies":[{"embeddable":true,"href":"https:\/\/reporteroshoy.mx\/noticias\/wp-json\/wp\/v2\/comments?post=105933"}],"version-history":[{"count":0,"href":"https:\/\/reporteroshoy.mx\/noticias\/wp-json\/wp\/v2\/posts\/105933\/revisions"}],"wp:featuredmedia":[{"embeddable":true,"href":"https:\/\/reporteroshoy.mx\/noticias\/wp-json\/wp\/v2\/media\/105939"}],"wp:attachment":[{"href":"https:\/\/reporteroshoy.mx\/noticias\/wp-json\/wp\/v2\/media?parent=105933"}],"wp:term":[{"taxonomy":"category","embeddable":true,"href":"https:\/\/reporteroshoy.mx\/noticias\/wp-json\/wp\/v2\/categories?post=105933"},{"taxonomy":"post_tag","embeddable":true,"href":"https:\/\/reporteroshoy.mx\/noticias\/wp-json\/wp\/v2\/tags?post=105933"}],"curies":[{"name":"wp","href":"https:\/\/api.w.org\/{rel}","templated":true}]}}