{"id":106099,"date":"2023-10-03T18:09:55","date_gmt":"2023-10-04T00:09:55","guid":{"rendered":"https:\/\/reporteroshoy.mx\/noticias\/?p=106099"},"modified":"2023-10-03T18:22:17","modified_gmt":"2023-10-04T00:22:17","slug":"rolando-zapata-a-favor-de-la-alianza-con-el-pan-en-yucatan","status":"publish","type":"post","link":"https:\/\/reporteroshoy.mx\/noticias\/rolando-zapata-a-favor-de-la-alianza-con-el-pan-en-yucatan\/","title":{"rendered":"Rolando Zapata a favor de la alianza con el PAN en Yucat\u00e1n"},"content":{"rendered":"<p style=\"text-align: justify;\">Rolando Zapata Bello, secretario de Acci\u00f3n Electoral del Comit\u00e9 Ejecutivo Nacional (CEN) del PRI, se pronunci\u00f3 a favor de la alianza con el PAN en Yucat\u00e1n de cara a las elecciones de 2024.<\/p>\n<p style=\"text-align: justify;\">El ex gobernador yucateco destac\u00f3 que el partido tricolor est\u00e1 dispuesto a considerar un Frente Amplio por M\u00e9xico en el estado.<\/p>\n<p><img loading=\"lazy\" decoding=\"async\" class=\"alignnone size-full wp-image-106100\" src=\"https:\/\/reporteroshoy.mx\/noticias\/wp-content\/uploads\/2023\/10\/ROLANDO-ZAPATA-scaled.jpeg\" alt=\"\" width=\"768\" height=\"458\" \/><\/p>\n<p style=\"text-align: justify;\">El pol\u00edtico mencion\u00f3 que las condiciones para una alianza est\u00e1n presentes y que existe la voluntad de ambas partes.<\/p>\n<p style=\"text-align: justify;\">Subray\u00f3 la importancia de llegar a un consenso local, especialmente en lo que respecta a la gubernatura y las diputaciones locales.<\/p>\n<p style=\"text-align: justify;\">Zapata Bello tambi\u00e9n asegur\u00f3 que, en caso de que se concrete un frente amplio en Yucat\u00e1n, respaldar\u00e1 la decisi\u00f3n de su partido.<\/p>\n<p style=\"text-align: justify;\">Reafirm\u00f3 su compromiso con el PRI y su disposici\u00f3n a seguir las directrices del partido.<\/p>\n<p style=\"text-align: justify;\">Adem\u00e1s, hizo referencia que, a nivel nacional, el PRI ha buscado consolidar alianzas rumbo al 2024.<\/p>\n<p style=\"text-align: justify;\">Por su parte, el dirigente local del tricolor, Gaspar Quintal Parra, se\u00f1al\u00f3 que con el aval del Consejo Pol\u00edtico Estatal de su partido iniciar\u00e1 pl\u00e1ticas con otras fuerzas pol\u00edticas de la entidad.<\/p>\n<p style=\"text-align: justify;\">\u201cEl PRD local tiene una postura, el PAN la suya y nosotros tambi\u00e9n una muy clara\u201d declar\u00f3.<\/p>\n<p style=\"text-align: justify;\">Indic\u00f3 que las dirigencias nacionales de los tres partidos tienen la voluntad de replicar el Frente Amplio en las 9 entidades que renovar\u00e1n gubernaturas.<\/p>\n<p><em><strong>Te puede interesar: <\/strong><\/em><a href=\"https:\/\/reporteroshoy.mx\/noticias\/este-mes-se-definira-si-van-en-alianza-con-el-pan-en-yucatan\/\"><em><strong>Este mes se definir\u00e1 si van en alianza con el PAN en Yucat\u00e1n<\/strong><\/em><\/a><\/p>\n<p style=\"text-align: justify;\">Sin embargo, hizo notar que, cualquier acuerdo nacional, tendr\u00e1 que pasar por el tamiz de la directiva y militancia local.<\/p>\n<p style=\"text-align: justify;\">\u201cUna cosa es un acuerdo y otra cosa una entrega. Podemos acordar, lo hemos hecho siempre. Donde se puedan lograr las coincidencias las vamos hacer\u201d apunt\u00f3.<\/p>\n<p style=\"text-align: justify;\">Redacci\u00f3n ACOM<\/p>\n","protected":false},"excerpt":{"rendered":"<p>El ex gobernador Zapata Bello mencion\u00f3 que las condiciones para una alianza est\u00e1n dadas en la entidad, lo cual se definir\u00e1 pronto. <\/p>\n","protected":false},"author":5,"featured_media":106100,"comment_status":"open","ping_status":"closed","sticky":false,"template":"","format":"standard","meta":{"footnotes":""},"categories":[24410],"tags":[19792,1716,7599,23],"class_list":["post-106099","post","type-post","status-publish","format-standard","has-post-thumbnail","hentry","category-politica","tag-alianza","tag-pan","tag-rolando-zapata-bello","tag-yucatan"],"yoast_head":"<!-- This site is optimized with the Yoast SEO plugin v28.4 - https:\/\/yoast.com\/product\/yoast-seo-wordpress\/ -->\n<title>Rolando Zapata a favor de la alianza con el PAN en Yucat\u00e1n<\/title>\n<meta name=\"description\" content=\"El ex gobernador Zapata Bello mencion\u00f3 que las condiciones para una alianza est\u00e1n dadas en la entidad, lo cual se definir\u00e1 pronto.\" \/>\n<meta name=\"robots\" content=\"index, follow, max-snippet:-1, max-image-preview:large, max-video-preview:-1\" \/>\n<link rel=\"canonical\" href=\"https:\/\/reporteroshoy.mx\/noticias\/rolando-zapata-a-favor-de-la-alianza-con-el-pan-en-yucatan\/\" \/>\n<meta property=\"og:locale\" content=\"es_ES\" \/>\n<meta property=\"og:type\" content=\"article\" \/>\n<meta property=\"og:title\" content=\"Rolando Zapata a favor de la alianza con el PAN en Yucat\u00e1n\" \/>\n<meta property=\"og:description\" content=\"El ex gobernador Zapata Bello mencion\u00f3 que las condiciones para una alianza est\u00e1n dadas en la entidad, lo cual se definir\u00e1 pronto.\" \/>\n<meta property=\"og:url\" content=\"https:\/\/reporteroshoy.mx\/noticias\/rolando-zapata-a-favor-de-la-alianza-con-el-pan-en-yucatan\/\" \/>\n<meta property=\"og:site_name\" content=\"Reporteros Hoy | Noticias de Yucat\u00e1n\" \/>\n<meta property=\"article:publisher\" content=\"http:\/\/www.facebook.com\/reporteroshoymx\" \/>\n<meta property=\"article:published_time\" content=\"2023-10-04T00:09:55+00:00\" \/>\n<meta property=\"article:modified_time\" content=\"2023-10-04T00:22:17+00:00\" \/>\n<meta property=\"og:image\" content=\"https:\/\/reporteroshoy.mx\/noticias\/wp-content\/uploads\/2023\/10\/ROLANDO-ZAPATA-scaled.jpeg\" \/>\n\t<meta property=\"og:image:width\" content=\"768\" \/>\n\t<meta property=\"og:image:height\" content=\"458\" \/>\n\t<meta property=\"og:image:type\" content=\"image\/jpeg\" \/>\n<meta name=\"author\" content=\"Reporteros Hoy IM\" \/>\n<meta name=\"twitter:card\" content=\"summary_large_image\" \/>\n<meta name=\"twitter:creator\" content=\"@reporteroshoy\" \/>\n<meta name=\"twitter:site\" content=\"@reporteroshoy\" \/>\n<meta name=\"twitter:label1\" content=\"Escrito por\" \/>\n\t<meta name=\"twitter:data1\" content=\"Reporteros Hoy IM\" \/>\n\t<meta name=\"twitter:label2\" content=\"Tiempo de lectura\" \/>\n\t<meta name=\"twitter:data2\" content=\"2 minutos\" \/>\n<script type=\"application\/ld+json\" class=\"yoast-schema-graph\">{\"@context\":\"https:\\\/\\\/schema.org\",\"@graph\":[{\"@type\":\"Article\",\"@id\":\"https:\\\/\\\/reporteroshoy.mx\\\/noticias\\\/rolando-zapata-a-favor-de-la-alianza-con-el-pan-en-yucatan\\\/#article\",\"isPartOf\":{\"@id\":\"https:\\\/\\\/reporteroshoy.mx\\\/noticias\\\/rolando-zapata-a-favor-de-la-alianza-con-el-pan-en-yucatan\\\/\"},\"author\":{\"name\":\"Reporteros Hoy IM\",\"@id\":\"https:\\\/\\\/reporteroshoy.mx\\\/noticias\\\/#\\\/schema\\\/person\\\/948520f0d88b01be2e5266bc4acbbc15\"},\"headline\":\"Rolando Zapata a favor de la alianza con el PAN en Yucat\u00e1n\",\"datePublished\":\"2023-10-04T00:09:55+00:00\",\"dateModified\":\"2023-10-04T00:22:17+00:00\",\"mainEntityOfPage\":{\"@id\":\"https:\\\/\\\/reporteroshoy.mx\\\/noticias\\\/rolando-zapata-a-favor-de-la-alianza-con-el-pan-en-yucatan\\\/\"},\"wordCount\":312,\"commentCount\":0,\"image\":{\"@id\":\"https:\\\/\\\/reporteroshoy.mx\\\/noticias\\\/rolando-zapata-a-favor-de-la-alianza-con-el-pan-en-yucatan\\\/#primaryimage\"},\"thumbnailUrl\":\"https:\\\/\\\/reporteroshoy.mx\\\/noticias\\\/wp-content\\\/uploads\\\/2023\\\/10\\\/ROLANDO-ZAPATA-scaled.jpeg\",\"keywords\":[\"Alianza\",\"PAN\",\"Rolando Zapata Bello\",\"Yucat\u00e1n\"],\"articleSection\":[\"Pol\u00edtica\"],\"inLanguage\":\"es\",\"potentialAction\":[{\"@type\":\"CommentAction\",\"name\":\"Comment\",\"target\":[\"https:\\\/\\\/reporteroshoy.mx\\\/noticias\\\/rolando-zapata-a-favor-de-la-alianza-con-el-pan-en-yucatan\\\/#respond\"]}]},{\"@type\":\"WebPage\",\"@id\":\"https:\\\/\\\/reporteroshoy.mx\\\/noticias\\\/rolando-zapata-a-favor-de-la-alianza-con-el-pan-en-yucatan\\\/\",\"url\":\"https:\\\/\\\/reporteroshoy.mx\\\/noticias\\\/rolando-zapata-a-favor-de-la-alianza-con-el-pan-en-yucatan\\\/\",\"name\":\"Rolando Zapata a favor de la alianza con el PAN en Yucat\u00e1n\",\"isPartOf\":{\"@id\":\"https:\\\/\\\/reporteroshoy.mx\\\/noticias\\\/#website\"},\"primaryImageOfPage\":{\"@id\":\"https:\\\/\\\/reporteroshoy.mx\\\/noticias\\\/rolando-zapata-a-favor-de-la-alianza-con-el-pan-en-yucatan\\\/#primaryimage\"},\"image\":{\"@id\":\"https:\\\/\\\/reporteroshoy.mx\\\/noticias\\\/rolando-zapata-a-favor-de-la-alianza-con-el-pan-en-yucatan\\\/#primaryimage\"},\"thumbnailUrl\":\"https:\\\/\\\/reporteroshoy.mx\\\/noticias\\\/wp-content\\\/uploads\\\/2023\\\/10\\\/ROLANDO-ZAPATA-scaled.jpeg\",\"datePublished\":\"2023-10-04T00:09:55+00:00\",\"dateModified\":\"2023-10-04T00:22:17+00:00\",\"author\":{\"@id\":\"https:\\\/\\\/reporteroshoy.mx\\\/noticias\\\/#\\\/schema\\\/person\\\/948520f0d88b01be2e5266bc4acbbc15\"},\"description\":\"El ex gobernador Zapata Bello mencion\u00f3 que las condiciones para una alianza est\u00e1n dadas en la entidad, lo cual se definir\u00e1 pronto.\",\"breadcrumb\":{\"@id\":\"https:\\\/\\\/reporteroshoy.mx\\\/noticias\\\/rolando-zapata-a-favor-de-la-alianza-con-el-pan-en-yucatan\\\/#breadcrumb\"},\"inLanguage\":\"es\",\"potentialAction\":[{\"@type\":\"ReadAction\",\"target\":[\"https:\\\/\\\/reporteroshoy.mx\\\/noticias\\\/rolando-zapata-a-favor-de-la-alianza-con-el-pan-en-yucatan\\\/\"]}]},{\"@type\":\"ImageObject\",\"inLanguage\":\"es\",\"@id\":\"https:\\\/\\\/reporteroshoy.mx\\\/noticias\\\/rolando-zapata-a-favor-de-la-alianza-con-el-pan-en-yucatan\\\/#primaryimage\",\"url\":\"https:\\\/\\\/reporteroshoy.mx\\\/noticias\\\/wp-content\\\/uploads\\\/2023\\\/10\\\/ROLANDO-ZAPATA-scaled.jpeg\",\"contentUrl\":\"https:\\\/\\\/reporteroshoy.mx\\\/noticias\\\/wp-content\\\/uploads\\\/2023\\\/10\\\/ROLANDO-ZAPATA-scaled.jpeg\",\"width\":768,\"height\":458},{\"@type\":\"BreadcrumbList\",\"@id\":\"https:\\\/\\\/reporteroshoy.mx\\\/noticias\\\/rolando-zapata-a-favor-de-la-alianza-con-el-pan-en-yucatan\\\/#breadcrumb\",\"itemListElement\":[{\"@type\":\"ListItem\",\"position\":1,\"name\":\"Portada\",\"item\":\"https:\\\/\\\/reporteroshoy.mx\\\/noticias\\\/\"},{\"@type\":\"ListItem\",\"position\":2,\"name\":\"Rolando Zapata a favor de la alianza con el PAN en Yucat\u00e1n\"}]},{\"@type\":\"WebSite\",\"@id\":\"https:\\\/\\\/reporteroshoy.mx\\\/noticias\\\/#website\",\"url\":\"https:\\\/\\\/reporteroshoy.mx\\\/noticias\\\/\",\"name\":\"Reporteros Hoy | Noticias de Yucat\u00e1n\",\"description\":\"Peri\u00f3dico digital con noticias diarias desde M\u00e9rida, Yucat\u00e1n para el mundo.\",\"potentialAction\":[{\"@type\":\"SearchAction\",\"target\":{\"@type\":\"EntryPoint\",\"urlTemplate\":\"https:\\\/\\\/reporteroshoy.mx\\\/noticias\\\/?s={search_term_string}\"},\"query-input\":{\"@type\":\"PropertyValueSpecification\",\"valueRequired\":true,\"valueName\":\"search_term_string\"}}],\"inLanguage\":\"es\"},{\"@type\":\"Person\",\"@id\":\"https:\\\/\\\/reporteroshoy.mx\\\/noticias\\\/#\\\/schema\\\/person\\\/948520f0d88b01be2e5266bc4acbbc15\",\"name\":\"Reporteros Hoy IM\",\"image\":{\"@type\":\"ImageObject\",\"inLanguage\":\"es\",\"@id\":\"https:\\\/\\\/secure.gravatar.com\\\/avatar\\\/d843030b96552826ac048bdfe26f2895604b800ed0c880ee55765a74d95dfc65?s=96&d=mm&r=g\",\"url\":\"https:\\\/\\\/secure.gravatar.com\\\/avatar\\\/d843030b96552826ac048bdfe26f2895604b800ed0c880ee55765a74d95dfc65?s=96&d=mm&r=g\",\"contentUrl\":\"https:\\\/\\\/secure.gravatar.com\\\/avatar\\\/d843030b96552826ac048bdfe26f2895604b800ed0c880ee55765a74d95dfc65?s=96&d=mm&r=g\",\"caption\":\"Reporteros Hoy IM\"},\"url\":\"https:\\\/\\\/reporteroshoy.mx\\\/noticias\\\/author\\\/israel\\\/\"}]}<\/script>\n<!-- \/ Yoast SEO plugin. -->","yoast_head_json":{"title":"Rolando Zapata a favor de la alianza con el PAN en Yucat\u00e1n","description":"El ex gobernador Zapata Bello mencion\u00f3 que las condiciones para una alianza est\u00e1n dadas en la entidad, lo cual se definir\u00e1 pronto.","robots":{"index":"index","follow":"follow","max-snippet":"max-snippet:-1","max-image-preview":"max-image-preview:large","max-video-preview":"max-video-preview:-1"},"canonical":"https:\/\/reporteroshoy.mx\/noticias\/rolando-zapata-a-favor-de-la-alianza-con-el-pan-en-yucatan\/","og_locale":"es_ES","og_type":"article","og_title":"Rolando Zapata a favor de la alianza con el PAN en Yucat\u00e1n","og_description":"El ex gobernador Zapata Bello mencion\u00f3 que las condiciones para una alianza est\u00e1n dadas en la entidad, lo cual se definir\u00e1 pronto.","og_url":"https:\/\/reporteroshoy.mx\/noticias\/rolando-zapata-a-favor-de-la-alianza-con-el-pan-en-yucatan\/","og_site_name":"Reporteros Hoy | Noticias de Yucat\u00e1n","article_publisher":"http:\/\/www.facebook.com\/reporteroshoymx","article_published_time":"2023-10-04T00:09:55+00:00","article_modified_time":"2023-10-04T00:22:17+00:00","og_image":[{"width":768,"height":458,"url":"https:\/\/reporteroshoy.mx\/noticias\/wp-content\/uploads\/2023\/10\/ROLANDO-ZAPATA-scaled.jpeg","type":"image\/jpeg"}],"author":"Reporteros Hoy IM","twitter_card":"summary_large_image","twitter_creator":"@reporteroshoy","twitter_site":"@reporteroshoy","twitter_misc":{"Escrito por":"Reporteros Hoy IM","Tiempo de lectura":"2 minutos"},"schema":{"@context":"https:\/\/schema.org","@graph":[{"@type":"Article","@id":"https:\/\/reporteroshoy.mx\/noticias\/rolando-zapata-a-favor-de-la-alianza-con-el-pan-en-yucatan\/#article","isPartOf":{"@id":"https:\/\/reporteroshoy.mx\/noticias\/rolando-zapata-a-favor-de-la-alianza-con-el-pan-en-yucatan\/"},"author":{"name":"Reporteros Hoy IM","@id":"https:\/\/reporteroshoy.mx\/noticias\/#\/schema\/person\/948520f0d88b01be2e5266bc4acbbc15"},"headline":"Rolando Zapata a favor de la alianza con el PAN en Yucat\u00e1n","datePublished":"2023-10-04T00:09:55+00:00","dateModified":"2023-10-04T00:22:17+00:00","mainEntityOfPage":{"@id":"https:\/\/reporteroshoy.mx\/noticias\/rolando-zapata-a-favor-de-la-alianza-con-el-pan-en-yucatan\/"},"wordCount":312,"commentCount":0,"image":{"@id":"https:\/\/reporteroshoy.mx\/noticias\/rolando-zapata-a-favor-de-la-alianza-con-el-pan-en-yucatan\/#primaryimage"},"thumbnailUrl":"https:\/\/reporteroshoy.mx\/noticias\/wp-content\/uploads\/2023\/10\/ROLANDO-ZAPATA-scaled.jpeg","keywords":["Alianza","PAN","Rolando Zapata Bello","Yucat\u00e1n"],"articleSection":["Pol\u00edtica"],"inLanguage":"es","potentialAction":[{"@type":"CommentAction","name":"Comment","target":["https:\/\/reporteroshoy.mx\/noticias\/rolando-zapata-a-favor-de-la-alianza-con-el-pan-en-yucatan\/#respond"]}]},{"@type":"WebPage","@id":"https:\/\/reporteroshoy.mx\/noticias\/rolando-zapata-a-favor-de-la-alianza-con-el-pan-en-yucatan\/","url":"https:\/\/reporteroshoy.mx\/noticias\/rolando-zapata-a-favor-de-la-alianza-con-el-pan-en-yucatan\/","name":"Rolando Zapata a favor de la alianza con el PAN en Yucat\u00e1n","isPartOf":{"@id":"https:\/\/reporteroshoy.mx\/noticias\/#website"},"primaryImageOfPage":{"@id":"https:\/\/reporteroshoy.mx\/noticias\/rolando-zapata-a-favor-de-la-alianza-con-el-pan-en-yucatan\/#primaryimage"},"image":{"@id":"https:\/\/reporteroshoy.mx\/noticias\/rolando-zapata-a-favor-de-la-alianza-con-el-pan-en-yucatan\/#primaryimage"},"thumbnailUrl":"https:\/\/reporteroshoy.mx\/noticias\/wp-content\/uploads\/2023\/10\/ROLANDO-ZAPATA-scaled.jpeg","datePublished":"2023-10-04T00:09:55+00:00","dateModified":"2023-10-04T00:22:17+00:00","author":{"@id":"https:\/\/reporteroshoy.mx\/noticias\/#\/schema\/person\/948520f0d88b01be2e5266bc4acbbc15"},"description":"El ex gobernador Zapata Bello mencion\u00f3 que las condiciones para una alianza est\u00e1n dadas en la entidad, lo cual se definir\u00e1 pronto.","breadcrumb":{"@id":"https:\/\/reporteroshoy.mx\/noticias\/rolando-zapata-a-favor-de-la-alianza-con-el-pan-en-yucatan\/#breadcrumb"},"inLanguage":"es","potentialAction":[{"@type":"ReadAction","target":["https:\/\/reporteroshoy.mx\/noticias\/rolando-zapata-a-favor-de-la-alianza-con-el-pan-en-yucatan\/"]}]},{"@type":"ImageObject","inLanguage":"es","@id":"https:\/\/reporteroshoy.mx\/noticias\/rolando-zapata-a-favor-de-la-alianza-con-el-pan-en-yucatan\/#primaryimage","url":"https:\/\/reporteroshoy.mx\/noticias\/wp-content\/uploads\/2023\/10\/ROLANDO-ZAPATA-scaled.jpeg","contentUrl":"https:\/\/reporteroshoy.mx\/noticias\/wp-content\/uploads\/2023\/10\/ROLANDO-ZAPATA-scaled.jpeg","width":768,"height":458},{"@type":"BreadcrumbList","@id":"https:\/\/reporteroshoy.mx\/noticias\/rolando-zapata-a-favor-de-la-alianza-con-el-pan-en-yucatan\/#breadcrumb","itemListElement":[{"@type":"ListItem","position":1,"name":"Portada","item":"https:\/\/reporteroshoy.mx\/noticias\/"},{"@type":"ListItem","position":2,"name":"Rolando Zapata a favor de la alianza con el PAN en Yucat\u00e1n"}]},{"@type":"WebSite","@id":"https:\/\/reporteroshoy.mx\/noticias\/#website","url":"https:\/\/reporteroshoy.mx\/noticias\/","name":"Reporteros Hoy | Noticias de Yucat\u00e1n","description":"Peri\u00f3dico digital con noticias diarias desde M\u00e9rida, Yucat\u00e1n para el mundo.","potentialAction":[{"@type":"SearchAction","target":{"@type":"EntryPoint","urlTemplate":"https:\/\/reporteroshoy.mx\/noticias\/?s={search_term_string}"},"query-input":{"@type":"PropertyValueSpecification","valueRequired":true,"valueName":"search_term_string"}}],"inLanguage":"es"},{"@type":"Person","@id":"https:\/\/reporteroshoy.mx\/noticias\/#\/schema\/person\/948520f0d88b01be2e5266bc4acbbc15","name":"Reporteros Hoy IM","image":{"@type":"ImageObject","inLanguage":"es","@id":"https:\/\/secure.gravatar.com\/avatar\/d843030b96552826ac048bdfe26f2895604b800ed0c880ee55765a74d95dfc65?s=96&d=mm&r=g","url":"https:\/\/secure.gravatar.com\/avatar\/d843030b96552826ac048bdfe26f2895604b800ed0c880ee55765a74d95dfc65?s=96&d=mm&r=g","contentUrl":"https:\/\/secure.gravatar.com\/avatar\/d843030b96552826ac048bdfe26f2895604b800ed0c880ee55765a74d95dfc65?s=96&d=mm&r=g","caption":"Reporteros Hoy IM"},"url":"https:\/\/reporteroshoy.mx\/noticias\/author\/israel\/"}]}},"_links":{"self":[{"href":"https:\/\/reporteroshoy.mx\/noticias\/wp-json\/wp\/v2\/posts\/106099","targetHints":{"allow":["GET"]}}],"collection":[{"href":"https:\/\/reporteroshoy.mx\/noticias\/wp-json\/wp\/v2\/posts"}],"about":[{"href":"https:\/\/reporteroshoy.mx\/noticias\/wp-json\/wp\/v2\/types\/post"}],"author":[{"embeddable":true,"href":"https:\/\/reporteroshoy.mx\/noticias\/wp-json\/wp\/v2\/users\/5"}],"replies":[{"embeddable":true,"href":"https:\/\/reporteroshoy.mx\/noticias\/wp-json\/wp\/v2\/comments?post=106099"}],"version-history":[{"count":0,"href":"https:\/\/reporteroshoy.mx\/noticias\/wp-json\/wp\/v2\/posts\/106099\/revisions"}],"wp:featuredmedia":[{"embeddable":true,"href":"https:\/\/reporteroshoy.mx\/noticias\/wp-json\/wp\/v2\/media\/106100"}],"wp:attachment":[{"href":"https:\/\/reporteroshoy.mx\/noticias\/wp-json\/wp\/v2\/media?parent=106099"}],"wp:term":[{"taxonomy":"category","embeddable":true,"href":"https:\/\/reporteroshoy.mx\/noticias\/wp-json\/wp\/v2\/categories?post=106099"},{"taxonomy":"post_tag","embeddable":true,"href":"https:\/\/reporteroshoy.mx\/noticias\/wp-json\/wp\/v2\/tags?post=106099"}],"curies":[{"name":"wp","href":"https:\/\/api.w.org\/{rel}","templated":true}]}}