{"id":106170,"date":"2023-10-05T16:15:44","date_gmt":"2023-10-05T22:15:44","guid":{"rendered":"https:\/\/reporteroshoy.mx\/noticias\/?p=106170"},"modified":"2023-10-05T16:15:44","modified_gmt":"2023-10-05T22:15:44","slug":"merida-con-el-primer-centro-de-entrenamiento-psicologico-infantil","status":"publish","type":"post","link":"https:\/\/reporteroshoy.mx\/noticias\/merida-con-el-primer-centro-de-entrenamiento-psicologico-infantil\/","title":{"rendered":"M\u00e9rida con el primer Centro de Entrenamiento Psicol\u00f3gico Infantil"},"content":{"rendered":"<p style=\"text-align: justify;\">Desde hoy, M\u00e9rida cuenta con el primer Centro de Entrenamiento Psicol\u00f3gico Infantil (CEPI), que es un paso importante para la atenci\u00f3n de trastornos de neurodesarrollo en la ni\u00f1ez yucateca.<\/p>\n<p style=\"text-align: justify;\">Se inform\u00f3 que uno de los principales problemas que atender\u00e1 es el Trastorno del Espectro Autista (TEA).<\/p>\n<p><img loading=\"lazy\" decoding=\"async\" class=\"alignnone size-full wp-image-106172\" src=\"https:\/\/reporteroshoy.mx\/noticias\/wp-content\/uploads\/2023\/10\/CEPIS_1-scaled.jpg\" alt=\"\" width=\"768\" height=\"576\" srcset=\"https:\/\/reporteroshoy.mx\/noticias\/wp-content\/uploads\/2023\/10\/CEPIS_1-scaled.jpg 768w, https:\/\/reporteroshoy.mx\/noticias\/wp-content\/uploads\/2023\/10\/CEPIS_1-1536x1152.jpg 1536w, https:\/\/reporteroshoy.mx\/noticias\/wp-content\/uploads\/2023\/10\/CEPIS_1-2048x1536.jpg 2048w\" sizes=\"auto, (max-width: 768px) 100vw, 768px\" \/><\/p>\n<p style=\"text-align: justify;\">En Yucat\u00e1n es la primera causa de consulta pedi\u00e1trica en neurolog\u00eda, representando 30% de los casos.<\/p>\n<p style=\"text-align: justify;\">El CEPI permitir\u00e1 la detecci\u00f3n y atenci\u00f3n m\u00e1s temprana del TEA y otros padecimientos, cambiando positivamente el panorama de la salud infantil en la entidad.<\/p>\n<p style=\"text-align: justify;\">Seg\u00fan estudios realizados, 5 de cada 100 ni\u00f1os pueden presentar TEA, condici\u00f3n que requiere mayor conocimiento e inclusi\u00f3n social por parte de la poblaci\u00f3n.<\/p>\n<p style=\"text-align: justify;\">Tan solo en educaci\u00f3n primaria de Yucat\u00e1n, se estima la presencia de al menos un estudiante con TEA en cada sal\u00f3n de clases.<\/p>\n<h3><strong>Necesario, el Centro de Entrenamiento Psicol\u00f3gico\u00a0<\/strong><\/h3>\n<p style=\"text-align: justify;\">El CEPI, ubicado en la colonia Emiliano Zapata Norte, fue abierto esta ma\u00f1ana con una inversi\u00f3n de 3.5 millones de pesos.<\/p>\n<p style=\"text-align: justify;\">El centro brindar\u00e1 rehabilitaci\u00f3n integral y desarrollo de habilidades para mejorar la conducta, el lenguaje, el aprendizaje y el desarrollo de los menores. Se lograr\u00e1 mediante la aplicaci\u00f3n del innovador sistema de bloques.<\/p>\n<p style=\"text-align: justify;\">La directora de la asociaci\u00f3n Ayuda, Jaqueline V\u00e1zquez Lara, destac\u00f3 que el autismo es un padecimiento que afecta a numerosas personas en Yucat\u00e1n.<\/p>\n<p style=\"text-align: justify;\">Indic\u00f3 que en su organizaci\u00f3n atienden a 190 personas con autismo, pero existen m\u00e1s agrupaciones enfocadas a la misma acci\u00f3n.<\/p>\n<p style=\"text-align: justify;\">La especialista sostuvo que se necesitan m\u00e1s esfuerzos para su detecci\u00f3n y atenci\u00f3n oportuna.<\/p>\n<p><img loading=\"lazy\" decoding=\"async\" class=\"alignnone size-full wp-image-106171\" src=\"https:\/\/reporteroshoy.mx\/noticias\/wp-content\/uploads\/2023\/10\/CEPIS_-scaled.jpg\" alt=\"\" width=\"768\" height=\"512\" srcset=\"https:\/\/reporteroshoy.mx\/noticias\/wp-content\/uploads\/2023\/10\/CEPIS_-scaled.jpg 768w, https:\/\/reporteroshoy.mx\/noticias\/wp-content\/uploads\/2023\/10\/CEPIS_-1536x1024.jpg 1536w, https:\/\/reporteroshoy.mx\/noticias\/wp-content\/uploads\/2023\/10\/CEPIS_-2048x1366.jpg 2048w\" sizes=\"auto, (max-width: 768px) 100vw, 768px\" \/><\/p>\n<p style=\"text-align: justify;\">V\u00e1zquez Lara cit\u00f3 datos de la Organizaci\u00f3n Mundial de la Salud, que reporta 1 de cada 100 ni\u00f1os en el mundo con TEA.<\/p>\n<p style=\"text-align: justify;\">En contraste, en M\u00e9xico la tasa es de 1 por cada 115 infantes, por lo que a\u00fan falta trabajo por hacer.<\/p>\n<p style=\"text-align: justify;\">El nuevo CEPI permitir\u00e1 brindar atenci\u00f3n terap\u00e9utica integral a los menores, basada en un enfoque multidisciplinario que cubra sus necesidades terap\u00e9uticas, m\u00e9dicas, familiares y educativas.<\/p>\n<p><strong>Leer m\u00e1s<\/strong>: <a href=\"https:\/\/reporteroshoy.mx\/noticias\/cientificos-chinos-analizan-posible-tratamiento-para-el-autismo\/\">Capacitan a personal de la Codhey sobre el Trastorno de Espectro Autista<\/a><\/p>\n<p style=\"text-align: justify;\">Sin duda, su apertura representa un parteaguas para cientos de familias yucatecas con hijos que enfrentan estos padecimientos.<\/p>\n","protected":false},"excerpt":{"rendered":"<p>Uno de los principales problemas que atender\u00e1 el Centro de Entrenamiento Psicol\u00f3gico Infantil es el Trastorno del Espectro Autista (TEA)<\/p>\n","protected":false},"author":5,"featured_media":106173,"comment_status":"open","ping_status":"closed","sticky":false,"template":"","format":"standard","meta":{"footnotes":""},"categories":[24409],"tags":[2200,25159,25160],"class_list":["post-106170","post","type-post","status-publish","format-standard","has-post-thumbnail","hentry","category-de-interes","tag-autismo","tag-cepi","tag-entrenamiento-psicologico"],"yoast_head":"<!-- This site is optimized with the Yoast SEO plugin v28.3 - https:\/\/yoast.com\/product\/yoast-seo-wordpress\/ -->\n<title>M\u00e9rida con el primer Centro de Entrenamiento Psicol\u00f3gico Infantil<\/title>\n<meta name=\"description\" content=\"Uno de los principales problemas que atender\u00e1 el Centro de Entrenamiento Psicol\u00f3gico Infantil es el Trastorno del Espectro Autista (TEA).\u00a0\" \/>\n<meta name=\"robots\" content=\"index, follow, max-snippet:-1, max-image-preview:large, max-video-preview:-1\" \/>\n<link rel=\"canonical\" href=\"https:\/\/reporteroshoy.mx\/noticias\/merida-con-el-primer-centro-de-entrenamiento-psicologico-infantil\/\" \/>\n<meta property=\"og:locale\" content=\"es_ES\" \/>\n<meta property=\"og:type\" content=\"article\" \/>\n<meta property=\"og:title\" content=\"M\u00e9rida con el primer Centro de Entrenamiento Psicol\u00f3gico Infantil\" \/>\n<meta property=\"og:description\" content=\"Uno de los principales problemas que atender\u00e1 el Centro de Entrenamiento Psicol\u00f3gico Infantil es el Trastorno del Espectro Autista (TEA).\u00a0\" \/>\n<meta property=\"og:url\" content=\"https:\/\/reporteroshoy.mx\/noticias\/merida-con-el-primer-centro-de-entrenamiento-psicologico-infantil\/\" \/>\n<meta property=\"og:site_name\" content=\"Reporteros Hoy | Noticias de Yucat\u00e1n\" \/>\n<meta property=\"article:publisher\" content=\"http:\/\/www.facebook.com\/reporteroshoymx\" \/>\n<meta property=\"article:published_time\" content=\"2023-10-05T22:15:44+00:00\" \/>\n<meta property=\"og:image\" content=\"https:\/\/reporteroshoy.mx\/noticias\/wp-content\/uploads\/2023\/10\/CEPIS_5-scaled.jpg\" \/>\n\t<meta property=\"og:image:width\" content=\"768\" \/>\n\t<meta property=\"og:image:height\" content=\"512\" \/>\n\t<meta property=\"og:image:type\" content=\"image\/jpeg\" \/>\n<meta name=\"author\" content=\"Reporteros Hoy IM\" \/>\n<meta name=\"twitter:card\" content=\"summary_large_image\" \/>\n<meta name=\"twitter:creator\" content=\"@reporteroshoy\" \/>\n<meta name=\"twitter:site\" content=\"@reporteroshoy\" \/>\n<meta name=\"twitter:label1\" content=\"Escrito por\" \/>\n\t<meta name=\"twitter:data1\" content=\"Reporteros Hoy IM\" \/>\n\t<meta name=\"twitter:label2\" content=\"Tiempo de lectura\" \/>\n\t<meta name=\"twitter:data2\" content=\"3 minutos\" \/>\n<script type=\"application\/ld+json\" class=\"yoast-schema-graph\">{\"@context\":\"https:\\\/\\\/schema.org\",\"@graph\":[{\"@type\":\"Article\",\"@id\":\"https:\\\/\\\/reporteroshoy.mx\\\/noticias\\\/merida-con-el-primer-centro-de-entrenamiento-psicologico-infantil\\\/#article\",\"isPartOf\":{\"@id\":\"https:\\\/\\\/reporteroshoy.mx\\\/noticias\\\/merida-con-el-primer-centro-de-entrenamiento-psicologico-infantil\\\/\"},\"author\":{\"name\":\"Reporteros Hoy IM\",\"@id\":\"https:\\\/\\\/reporteroshoy.mx\\\/noticias\\\/#\\\/schema\\\/person\\\/948520f0d88b01be2e5266bc4acbbc15\"},\"headline\":\"M\u00e9rida con el primer Centro de Entrenamiento Psicol\u00f3gico Infantil\",\"datePublished\":\"2023-10-05T22:15:44+00:00\",\"mainEntityOfPage\":{\"@id\":\"https:\\\/\\\/reporteroshoy.mx\\\/noticias\\\/merida-con-el-primer-centro-de-entrenamiento-psicologico-infantil\\\/\"},\"wordCount\":396,\"commentCount\":0,\"image\":{\"@id\":\"https:\\\/\\\/reporteroshoy.mx\\\/noticias\\\/merida-con-el-primer-centro-de-entrenamiento-psicologico-infantil\\\/#primaryimage\"},\"thumbnailUrl\":\"https:\\\/\\\/reporteroshoy.mx\\\/noticias\\\/wp-content\\\/uploads\\\/2023\\\/10\\\/CEPIS_5-scaled.jpg\",\"keywords\":[\"Autismo\",\"CEPI\",\"Entrenamiento psicol\u00f3gico\"],\"articleSection\":[\"De inter\u00e9s\"],\"inLanguage\":\"es\",\"potentialAction\":[{\"@type\":\"CommentAction\",\"name\":\"Comment\",\"target\":[\"https:\\\/\\\/reporteroshoy.mx\\\/noticias\\\/merida-con-el-primer-centro-de-entrenamiento-psicologico-infantil\\\/#respond\"]}]},{\"@type\":\"WebPage\",\"@id\":\"https:\\\/\\\/reporteroshoy.mx\\\/noticias\\\/merida-con-el-primer-centro-de-entrenamiento-psicologico-infantil\\\/\",\"url\":\"https:\\\/\\\/reporteroshoy.mx\\\/noticias\\\/merida-con-el-primer-centro-de-entrenamiento-psicologico-infantil\\\/\",\"name\":\"M\u00e9rida con el primer Centro de Entrenamiento Psicol\u00f3gico Infantil\",\"isPartOf\":{\"@id\":\"https:\\\/\\\/reporteroshoy.mx\\\/noticias\\\/#website\"},\"primaryImageOfPage\":{\"@id\":\"https:\\\/\\\/reporteroshoy.mx\\\/noticias\\\/merida-con-el-primer-centro-de-entrenamiento-psicologico-infantil\\\/#primaryimage\"},\"image\":{\"@id\":\"https:\\\/\\\/reporteroshoy.mx\\\/noticias\\\/merida-con-el-primer-centro-de-entrenamiento-psicologico-infantil\\\/#primaryimage\"},\"thumbnailUrl\":\"https:\\\/\\\/reporteroshoy.mx\\\/noticias\\\/wp-content\\\/uploads\\\/2023\\\/10\\\/CEPIS_5-scaled.jpg\",\"datePublished\":\"2023-10-05T22:15:44+00:00\",\"author\":{\"@id\":\"https:\\\/\\\/reporteroshoy.mx\\\/noticias\\\/#\\\/schema\\\/person\\\/948520f0d88b01be2e5266bc4acbbc15\"},\"description\":\"Uno de los principales problemas que atender\u00e1 el Centro de Entrenamiento Psicol\u00f3gico Infantil es el Trastorno del Espectro Autista (TEA).\u00a0\",\"breadcrumb\":{\"@id\":\"https:\\\/\\\/reporteroshoy.mx\\\/noticias\\\/merida-con-el-primer-centro-de-entrenamiento-psicologico-infantil\\\/#breadcrumb\"},\"inLanguage\":\"es\",\"potentialAction\":[{\"@type\":\"ReadAction\",\"target\":[\"https:\\\/\\\/reporteroshoy.mx\\\/noticias\\\/merida-con-el-primer-centro-de-entrenamiento-psicologico-infantil\\\/\"]}]},{\"@type\":\"ImageObject\",\"inLanguage\":\"es\",\"@id\":\"https:\\\/\\\/reporteroshoy.mx\\\/noticias\\\/merida-con-el-primer-centro-de-entrenamiento-psicologico-infantil\\\/#primaryimage\",\"url\":\"https:\\\/\\\/reporteroshoy.mx\\\/noticias\\\/wp-content\\\/uploads\\\/2023\\\/10\\\/CEPIS_5-scaled.jpg\",\"contentUrl\":\"https:\\\/\\\/reporteroshoy.mx\\\/noticias\\\/wp-content\\\/uploads\\\/2023\\\/10\\\/CEPIS_5-scaled.jpg\",\"width\":768,\"height\":512},{\"@type\":\"BreadcrumbList\",\"@id\":\"https:\\\/\\\/reporteroshoy.mx\\\/noticias\\\/merida-con-el-primer-centro-de-entrenamiento-psicologico-infantil\\\/#breadcrumb\",\"itemListElement\":[{\"@type\":\"ListItem\",\"position\":1,\"name\":\"Portada\",\"item\":\"https:\\\/\\\/reporteroshoy.mx\\\/noticias\\\/\"},{\"@type\":\"ListItem\",\"position\":2,\"name\":\"M\u00e9rida con el primer Centro de Entrenamiento Psicol\u00f3gico Infantil\"}]},{\"@type\":\"WebSite\",\"@id\":\"https:\\\/\\\/reporteroshoy.mx\\\/noticias\\\/#website\",\"url\":\"https:\\\/\\\/reporteroshoy.mx\\\/noticias\\\/\",\"name\":\"Reporteros Hoy | Noticias de Yucat\u00e1n\",\"description\":\"Peri\u00f3dico digital con noticias diarias desde M\u00e9rida, Yucat\u00e1n para el mundo.\",\"potentialAction\":[{\"@type\":\"SearchAction\",\"target\":{\"@type\":\"EntryPoint\",\"urlTemplate\":\"https:\\\/\\\/reporteroshoy.mx\\\/noticias\\\/?s={search_term_string}\"},\"query-input\":{\"@type\":\"PropertyValueSpecification\",\"valueRequired\":true,\"valueName\":\"search_term_string\"}}],\"inLanguage\":\"es\"},{\"@type\":\"Person\",\"@id\":\"https:\\\/\\\/reporteroshoy.mx\\\/noticias\\\/#\\\/schema\\\/person\\\/948520f0d88b01be2e5266bc4acbbc15\",\"name\":\"Reporteros Hoy IM\",\"image\":{\"@type\":\"ImageObject\",\"inLanguage\":\"es\",\"@id\":\"https:\\\/\\\/secure.gravatar.com\\\/avatar\\\/d843030b96552826ac048bdfe26f2895604b800ed0c880ee55765a74d95dfc65?s=96&d=mm&r=g\",\"url\":\"https:\\\/\\\/secure.gravatar.com\\\/avatar\\\/d843030b96552826ac048bdfe26f2895604b800ed0c880ee55765a74d95dfc65?s=96&d=mm&r=g\",\"contentUrl\":\"https:\\\/\\\/secure.gravatar.com\\\/avatar\\\/d843030b96552826ac048bdfe26f2895604b800ed0c880ee55765a74d95dfc65?s=96&d=mm&r=g\",\"caption\":\"Reporteros Hoy IM\"},\"url\":\"https:\\\/\\\/reporteroshoy.mx\\\/noticias\\\/author\\\/israel\\\/\"}]}<\/script>\n<!-- \/ Yoast SEO plugin. -->","yoast_head_json":{"title":"M\u00e9rida con el primer Centro de Entrenamiento Psicol\u00f3gico Infantil","description":"Uno de los principales problemas que atender\u00e1 el Centro de Entrenamiento Psicol\u00f3gico Infantil es el Trastorno del Espectro Autista (TEA).\u00a0","robots":{"index":"index","follow":"follow","max-snippet":"max-snippet:-1","max-image-preview":"max-image-preview:large","max-video-preview":"max-video-preview:-1"},"canonical":"https:\/\/reporteroshoy.mx\/noticias\/merida-con-el-primer-centro-de-entrenamiento-psicologico-infantil\/","og_locale":"es_ES","og_type":"article","og_title":"M\u00e9rida con el primer Centro de Entrenamiento Psicol\u00f3gico Infantil","og_description":"Uno de los principales problemas que atender\u00e1 el Centro de Entrenamiento Psicol\u00f3gico Infantil es el Trastorno del Espectro Autista (TEA).\u00a0","og_url":"https:\/\/reporteroshoy.mx\/noticias\/merida-con-el-primer-centro-de-entrenamiento-psicologico-infantil\/","og_site_name":"Reporteros Hoy | Noticias de Yucat\u00e1n","article_publisher":"http:\/\/www.facebook.com\/reporteroshoymx","article_published_time":"2023-10-05T22:15:44+00:00","og_image":[{"width":768,"height":512,"url":"https:\/\/reporteroshoy.mx\/noticias\/wp-content\/uploads\/2023\/10\/CEPIS_5-scaled.jpg","type":"image\/jpeg"}],"author":"Reporteros Hoy IM","twitter_card":"summary_large_image","twitter_creator":"@reporteroshoy","twitter_site":"@reporteroshoy","twitter_misc":{"Escrito por":"Reporteros Hoy IM","Tiempo de lectura":"3 minutos"},"schema":{"@context":"https:\/\/schema.org","@graph":[{"@type":"Article","@id":"https:\/\/reporteroshoy.mx\/noticias\/merida-con-el-primer-centro-de-entrenamiento-psicologico-infantil\/#article","isPartOf":{"@id":"https:\/\/reporteroshoy.mx\/noticias\/merida-con-el-primer-centro-de-entrenamiento-psicologico-infantil\/"},"author":{"name":"Reporteros Hoy IM","@id":"https:\/\/reporteroshoy.mx\/noticias\/#\/schema\/person\/948520f0d88b01be2e5266bc4acbbc15"},"headline":"M\u00e9rida con el primer Centro de Entrenamiento Psicol\u00f3gico Infantil","datePublished":"2023-10-05T22:15:44+00:00","mainEntityOfPage":{"@id":"https:\/\/reporteroshoy.mx\/noticias\/merida-con-el-primer-centro-de-entrenamiento-psicologico-infantil\/"},"wordCount":396,"commentCount":0,"image":{"@id":"https:\/\/reporteroshoy.mx\/noticias\/merida-con-el-primer-centro-de-entrenamiento-psicologico-infantil\/#primaryimage"},"thumbnailUrl":"https:\/\/reporteroshoy.mx\/noticias\/wp-content\/uploads\/2023\/10\/CEPIS_5-scaled.jpg","keywords":["Autismo","CEPI","Entrenamiento psicol\u00f3gico"],"articleSection":["De inter\u00e9s"],"inLanguage":"es","potentialAction":[{"@type":"CommentAction","name":"Comment","target":["https:\/\/reporteroshoy.mx\/noticias\/merida-con-el-primer-centro-de-entrenamiento-psicologico-infantil\/#respond"]}]},{"@type":"WebPage","@id":"https:\/\/reporteroshoy.mx\/noticias\/merida-con-el-primer-centro-de-entrenamiento-psicologico-infantil\/","url":"https:\/\/reporteroshoy.mx\/noticias\/merida-con-el-primer-centro-de-entrenamiento-psicologico-infantil\/","name":"M\u00e9rida con el primer Centro de Entrenamiento Psicol\u00f3gico Infantil","isPartOf":{"@id":"https:\/\/reporteroshoy.mx\/noticias\/#website"},"primaryImageOfPage":{"@id":"https:\/\/reporteroshoy.mx\/noticias\/merida-con-el-primer-centro-de-entrenamiento-psicologico-infantil\/#primaryimage"},"image":{"@id":"https:\/\/reporteroshoy.mx\/noticias\/merida-con-el-primer-centro-de-entrenamiento-psicologico-infantil\/#primaryimage"},"thumbnailUrl":"https:\/\/reporteroshoy.mx\/noticias\/wp-content\/uploads\/2023\/10\/CEPIS_5-scaled.jpg","datePublished":"2023-10-05T22:15:44+00:00","author":{"@id":"https:\/\/reporteroshoy.mx\/noticias\/#\/schema\/person\/948520f0d88b01be2e5266bc4acbbc15"},"description":"Uno de los principales problemas que atender\u00e1 el Centro de Entrenamiento Psicol\u00f3gico Infantil es el Trastorno del Espectro Autista (TEA).\u00a0","breadcrumb":{"@id":"https:\/\/reporteroshoy.mx\/noticias\/merida-con-el-primer-centro-de-entrenamiento-psicologico-infantil\/#breadcrumb"},"inLanguage":"es","potentialAction":[{"@type":"ReadAction","target":["https:\/\/reporteroshoy.mx\/noticias\/merida-con-el-primer-centro-de-entrenamiento-psicologico-infantil\/"]}]},{"@type":"ImageObject","inLanguage":"es","@id":"https:\/\/reporteroshoy.mx\/noticias\/merida-con-el-primer-centro-de-entrenamiento-psicologico-infantil\/#primaryimage","url":"https:\/\/reporteroshoy.mx\/noticias\/wp-content\/uploads\/2023\/10\/CEPIS_5-scaled.jpg","contentUrl":"https:\/\/reporteroshoy.mx\/noticias\/wp-content\/uploads\/2023\/10\/CEPIS_5-scaled.jpg","width":768,"height":512},{"@type":"BreadcrumbList","@id":"https:\/\/reporteroshoy.mx\/noticias\/merida-con-el-primer-centro-de-entrenamiento-psicologico-infantil\/#breadcrumb","itemListElement":[{"@type":"ListItem","position":1,"name":"Portada","item":"https:\/\/reporteroshoy.mx\/noticias\/"},{"@type":"ListItem","position":2,"name":"M\u00e9rida con el primer Centro de Entrenamiento Psicol\u00f3gico Infantil"}]},{"@type":"WebSite","@id":"https:\/\/reporteroshoy.mx\/noticias\/#website","url":"https:\/\/reporteroshoy.mx\/noticias\/","name":"Reporteros Hoy | Noticias de Yucat\u00e1n","description":"Peri\u00f3dico digital con noticias diarias desde M\u00e9rida, Yucat\u00e1n para el mundo.","potentialAction":[{"@type":"SearchAction","target":{"@type":"EntryPoint","urlTemplate":"https:\/\/reporteroshoy.mx\/noticias\/?s={search_term_string}"},"query-input":{"@type":"PropertyValueSpecification","valueRequired":true,"valueName":"search_term_string"}}],"inLanguage":"es"},{"@type":"Person","@id":"https:\/\/reporteroshoy.mx\/noticias\/#\/schema\/person\/948520f0d88b01be2e5266bc4acbbc15","name":"Reporteros Hoy IM","image":{"@type":"ImageObject","inLanguage":"es","@id":"https:\/\/secure.gravatar.com\/avatar\/d843030b96552826ac048bdfe26f2895604b800ed0c880ee55765a74d95dfc65?s=96&d=mm&r=g","url":"https:\/\/secure.gravatar.com\/avatar\/d843030b96552826ac048bdfe26f2895604b800ed0c880ee55765a74d95dfc65?s=96&d=mm&r=g","contentUrl":"https:\/\/secure.gravatar.com\/avatar\/d843030b96552826ac048bdfe26f2895604b800ed0c880ee55765a74d95dfc65?s=96&d=mm&r=g","caption":"Reporteros Hoy IM"},"url":"https:\/\/reporteroshoy.mx\/noticias\/author\/israel\/"}]}},"_links":{"self":[{"href":"https:\/\/reporteroshoy.mx\/noticias\/wp-json\/wp\/v2\/posts\/106170","targetHints":{"allow":["GET"]}}],"collection":[{"href":"https:\/\/reporteroshoy.mx\/noticias\/wp-json\/wp\/v2\/posts"}],"about":[{"href":"https:\/\/reporteroshoy.mx\/noticias\/wp-json\/wp\/v2\/types\/post"}],"author":[{"embeddable":true,"href":"https:\/\/reporteroshoy.mx\/noticias\/wp-json\/wp\/v2\/users\/5"}],"replies":[{"embeddable":true,"href":"https:\/\/reporteroshoy.mx\/noticias\/wp-json\/wp\/v2\/comments?post=106170"}],"version-history":[{"count":0,"href":"https:\/\/reporteroshoy.mx\/noticias\/wp-json\/wp\/v2\/posts\/106170\/revisions"}],"wp:featuredmedia":[{"embeddable":true,"href":"https:\/\/reporteroshoy.mx\/noticias\/wp-json\/wp\/v2\/media\/106173"}],"wp:attachment":[{"href":"https:\/\/reporteroshoy.mx\/noticias\/wp-json\/wp\/v2\/media?parent=106170"}],"wp:term":[{"taxonomy":"category","embeddable":true,"href":"https:\/\/reporteroshoy.mx\/noticias\/wp-json\/wp\/v2\/categories?post=106170"},{"taxonomy":"post_tag","embeddable":true,"href":"https:\/\/reporteroshoy.mx\/noticias\/wp-json\/wp\/v2\/tags?post=106170"}],"curies":[{"name":"wp","href":"https:\/\/api.w.org\/{rel}","templated":true}]}}