{"id":106192,"date":"2023-10-05T21:22:12","date_gmt":"2023-10-06T03:22:12","guid":{"rendered":"https:\/\/reporteroshoy.mx\/noticias\/?p=106192"},"modified":"2023-10-05T21:22:12","modified_gmt":"2023-10-06T03:22:12","slug":"anuncian-programa-de-actividades-del-festival-de-las-animas-2023","status":"publish","type":"post","link":"https:\/\/reporteroshoy.mx\/noticias\/anuncian-programa-de-actividades-del-festival-de-las-animas-2023\/","title":{"rendered":"Anuncian programa de actividades del Festival de las \u00c1nimas 2023"},"content":{"rendered":"<p style=\"text-align: justify;\">El Ayuntamiento de M\u00e9rida present\u00f3 el programa del Festival de las \u00c1nimas 2023, que se realizar\u00e1 del 24 de octubre al 2 de noviembre.<\/p>\n<p style=\"text-align: justify;\">Es para honrar la memoria de los finados e impulsar la preservaci\u00f3n de nuestras tradiciones y ra\u00edces mayas.<\/p>\n<p><img loading=\"lazy\" decoding=\"async\" class=\"alignnone size-full wp-image-106196\" src=\"https:\/\/reporteroshoy.mx\/noticias\/wp-content\/uploads\/2023\/10\/FESTIVAL-DE-LAS-ANIMAS-2-scaled.jpg\" alt=\"\" width=\"768\" height=\"512\" \/><\/p>\n<p style=\"text-align: justify;\">En esta edici\u00f3n, se tendr\u00e1n m\u00e1s de 30 actividades gratuitas distribuidas a lo largo de la semana en diversos puntos de la ciudad.<\/p>\n<p style=\"text-align: justify;\">El programa de actividades contempla la inauguraci\u00f3n de la exposici\u00f3n fotogr\u00e1fica \u201cU k\u00b4iinil Finados\u201d del artista Alejando Poot Molina en el Centro Cultural Olimpo<\/p>\n<p style=\"text-align: justify;\">El Cementerio General abrir\u00e1 sus puertas del 24 al 31 de octubre con recorridos para grupos de 50 personas en horario de 18 y 20\u00a0 horas.<\/p>\n<p style=\"text-align: justify;\">Ah\u00ed se contar\u00e1 la historia de los mausoleos y diversas an\u00e9cdotas ocurridas en el Cementerio General.<\/p>\n<p style=\"text-align: justify;\">El 25 de octubre a las 20 horas se realizar\u00e1 la \u201cRodada de las \u00c1nimas con Los Cicloturixes\u201d, que seguir\u00e1n la ruta del Centro Hist\u00f3rico al Cementerio General.<\/p>\n<h3>El Paseo de las \u00c1nimas<\/h3>\n<p style=\"text-align: justify;\">El \u201cPaseo de las \u00c1nimas\u201d ser\u00e1 el viernes 27 de octubre a las 18 horas, del Cementerio General hasta el parque de San Juan.<\/p>\n<p style=\"text-align: justify;\">Se podr\u00e1 disfrutar de puestos de antojitos y dulces regionales, representaciones art\u00edsticas y la muestra de altares instalados en las calles.<\/p>\n<p><img loading=\"lazy\" decoding=\"async\" class=\"alignnone size-full wp-image-106195\" src=\"https:\/\/reporteroshoy.mx\/noticias\/wp-content\/uploads\/2023\/10\/FESTIVAL-DE-LAS-ANIMAS-1-scaled.jpg\" alt=\"\" width=\"768\" height=\"512\" \/><\/p>\n<p style=\"text-align: justify;\">El s\u00e1bado 28 de octubre se realizar\u00e1 el Desfile de Catrinas a las 20:00 horas, que saldr\u00e1 del Monumento a la Patria hacia el inicio de Paseo de Montejo.<\/p>\n<p style=\"text-align: justify;\">En el punto final, se desarrollar\u00e1 la tradicional Noche de Catrinas con artistas locales, que es esperada por la gente.<\/p>\n<p style=\"text-align: justify;\">De igual manera, el domingo 29 de octubre se efectuar\u00e1 el \u201cPix\u00e1n Pee\u00b4k\u201d en el Parque Alem\u00e1n.<\/p>\n<p style=\"text-align: justify;\">El evento est\u00e1 dise\u00f1ado para la inclusi\u00f3n de los caninos y promover la adopci\u00f3n y cuidado de las mascotas.<\/p>\n<p style=\"text-align: justify;\">Ese mismo d\u00eda, en el Barrio de San Sebasti\u00e1n se realizar\u00e1 la sexta edici\u00f3n de la Feria del Mucbipollo, de 8 a 20 horas.<\/p>\n<p style=\"text-align: justify;\">El lunes 30 de octubre a las 8 a.m, , se inaugurar\u00e1 el Altar Monumental de 14 metros de ancho en la Plaza Grande<\/p>\n<p style=\"text-align: justify;\">Despu\u00e9s vendr\u00e1 la tradicional Vaquer\u00eda de \u00c1nimas en los bajos de Palacio Municipal a las 21 horas.<\/p>\n<p style=\"text-align: justify;\">Del 31 de octubre al 2 de noviembre se podr\u00e1 visitar el Altar Monumental con recorridos que se realizar\u00e1n en espa\u00f1ol, ingl\u00e9s y maya.<\/p>\n<p style=\"text-align: justify;\">Asimismo, Relatos Mayas en el parque de Los Reyes y el espect\u00e1culo musical \u201cCoco\u201d en el fraccionamiento Juan Pablo II y en el Parque de las Am\u00e9ricas.<\/p>\n<p style=\"text-align: justify;\">Finalmente, se realizar\u00e1 la Feria de la Miel el 28 de octubre en la Plaza Grande\u00a0 y la Biciruta de las \u00c1nimas.<\/p>\n<p><strong>Te puede interesar: <\/strong><a href=\"https:\/\/reporteroshoy.mx\/noticias\/en-el-dia-mundial-del-turismo-presentan-aldeas-mayas\/\"><strong>En el D\u00eda Mundial del Turismo, presentan \u201cAldeas Mayas\u201d<\/strong><\/a><\/p>\n<p style=\"text-align: justify;\">El Circo \u201cLeyendas del Mayab\u201d se presentar\u00e1 el 29 de octubre y la \u201cNoche de \u00c1nimas\u201d en Plaza La Isla, el 31 de octubre.<\/p>\n<p style=\"text-align: justify;\">La cartelera detallada del Festival de las \u00c1nimas 2023 con sedes y horarios puede consultarse en la p\u00e1gina <a href=\"https:\/\/www.merida.gob.mx\/animas\/index.phpx\">www.merida.gob.mx\/animas <\/a><\/p>\n<p style=\"text-align: justify;\">\n","protected":false},"excerpt":{"rendered":"<p>El Festival de las \u00c1nimas 2023 se realizar\u00e1 del 24 de octubre al 2 de noviembre con 30 actividades gratuitas. <\/p>\n","protected":false},"author":5,"featured_media":106196,"comment_status":"open","ping_status":"closed","sticky":false,"template":"","format":"standard","meta":{"footnotes":""},"categories":[24379],"tags":[7075,51,25163,7518],"class_list":["post-106192","post","type-post","status-publish","format-standard","has-post-thumbnail","hentry","category-merida","tag-festival-de-las-animas","tag-merida","tag-noche-catrinas","tag-paseo-de-las-animas"],"yoast_head":"<!-- This site is optimized with the Yoast SEO plugin v28.4 - https:\/\/yoast.com\/product\/yoast-seo-wordpress\/ -->\n<title>Anuncian programa de actividades del Festival de las \u00c1nimas 2023<\/title>\n<meta name=\"description\" content=\"El Festival de las \u00c1nimas 2023 se realizar\u00e1 del 24 de octubre al 2 de noviembre con 30 actividades gratuitas.\" \/>\n<meta name=\"robots\" content=\"index, follow, max-snippet:-1, max-image-preview:large, max-video-preview:-1\" \/>\n<link rel=\"canonical\" href=\"https:\/\/reporteroshoy.mx\/noticias\/anuncian-programa-de-actividades-del-festival-de-las-animas-2023\/\" \/>\n<meta property=\"og:locale\" content=\"es_ES\" \/>\n<meta property=\"og:type\" content=\"article\" \/>\n<meta property=\"og:title\" content=\"Anuncian programa de actividades del Festival de las \u00c1nimas 2023\" \/>\n<meta property=\"og:description\" content=\"El Festival de las \u00c1nimas 2023 se realizar\u00e1 del 24 de octubre al 2 de noviembre con 30 actividades gratuitas.\" \/>\n<meta property=\"og:url\" content=\"https:\/\/reporteroshoy.mx\/noticias\/anuncian-programa-de-actividades-del-festival-de-las-animas-2023\/\" \/>\n<meta property=\"og:site_name\" content=\"Reporteros Hoy | Noticias de Yucat\u00e1n\" \/>\n<meta property=\"article:publisher\" content=\"http:\/\/www.facebook.com\/reporteroshoymx\" \/>\n<meta property=\"article:published_time\" content=\"2023-10-06T03:22:12+00:00\" \/>\n<meta property=\"og:image\" content=\"https:\/\/reporteroshoy.mx\/noticias\/wp-content\/uploads\/2023\/10\/FESTIVAL-DE-LAS-ANIMAS-2-scaled.jpg\" \/>\n\t<meta property=\"og:image:width\" content=\"768\" \/>\n\t<meta property=\"og:image:height\" content=\"512\" \/>\n\t<meta property=\"og:image:type\" content=\"image\/jpeg\" \/>\n<meta name=\"author\" content=\"Reporteros Hoy IM\" \/>\n<meta name=\"twitter:card\" content=\"summary_large_image\" \/>\n<meta name=\"twitter:creator\" content=\"@reporteroshoy\" \/>\n<meta name=\"twitter:site\" content=\"@reporteroshoy\" \/>\n<meta name=\"twitter:label1\" content=\"Escrito por\" \/>\n\t<meta name=\"twitter:data1\" content=\"Reporteros Hoy IM\" \/>\n\t<meta name=\"twitter:label2\" content=\"Tiempo de lectura\" \/>\n\t<meta name=\"twitter:data2\" content=\"3 minutos\" \/>\n<script type=\"application\/ld+json\" class=\"yoast-schema-graph\">{\"@context\":\"https:\\\/\\\/schema.org\",\"@graph\":[{\"@type\":\"Article\",\"@id\":\"https:\\\/\\\/reporteroshoy.mx\\\/noticias\\\/anuncian-programa-de-actividades-del-festival-de-las-animas-2023\\\/#article\",\"isPartOf\":{\"@id\":\"https:\\\/\\\/reporteroshoy.mx\\\/noticias\\\/anuncian-programa-de-actividades-del-festival-de-las-animas-2023\\\/\"},\"author\":{\"name\":\"Reporteros Hoy IM\",\"@id\":\"https:\\\/\\\/reporteroshoy.mx\\\/noticias\\\/#\\\/schema\\\/person\\\/948520f0d88b01be2e5266bc4acbbc15\"},\"headline\":\"Anuncian programa de actividades del Festival de las \u00c1nimas 2023\",\"datePublished\":\"2023-10-06T03:22:12+00:00\",\"mainEntityOfPage\":{\"@id\":\"https:\\\/\\\/reporteroshoy.mx\\\/noticias\\\/anuncian-programa-de-actividades-del-festival-de-las-animas-2023\\\/\"},\"wordCount\":505,\"commentCount\":0,\"image\":{\"@id\":\"https:\\\/\\\/reporteroshoy.mx\\\/noticias\\\/anuncian-programa-de-actividades-del-festival-de-las-animas-2023\\\/#primaryimage\"},\"thumbnailUrl\":\"https:\\\/\\\/reporteroshoy.mx\\\/noticias\\\/wp-content\\\/uploads\\\/2023\\\/10\\\/FESTIVAL-DE-LAS-ANIMAS-2-scaled.jpg\",\"keywords\":[\"Festival de las \u00c1nimas\",\"M\u00e9rida\",\"Noche Catrinas\",\"Paseo de las \u00c1nimas\"],\"articleSection\":[\"M\u00e9rida\"],\"inLanguage\":\"es\",\"potentialAction\":[{\"@type\":\"CommentAction\",\"name\":\"Comment\",\"target\":[\"https:\\\/\\\/reporteroshoy.mx\\\/noticias\\\/anuncian-programa-de-actividades-del-festival-de-las-animas-2023\\\/#respond\"]}]},{\"@type\":\"WebPage\",\"@id\":\"https:\\\/\\\/reporteroshoy.mx\\\/noticias\\\/anuncian-programa-de-actividades-del-festival-de-las-animas-2023\\\/\",\"url\":\"https:\\\/\\\/reporteroshoy.mx\\\/noticias\\\/anuncian-programa-de-actividades-del-festival-de-las-animas-2023\\\/\",\"name\":\"Anuncian programa de actividades del Festival de las \u00c1nimas 2023\",\"isPartOf\":{\"@id\":\"https:\\\/\\\/reporteroshoy.mx\\\/noticias\\\/#website\"},\"primaryImageOfPage\":{\"@id\":\"https:\\\/\\\/reporteroshoy.mx\\\/noticias\\\/anuncian-programa-de-actividades-del-festival-de-las-animas-2023\\\/#primaryimage\"},\"image\":{\"@id\":\"https:\\\/\\\/reporteroshoy.mx\\\/noticias\\\/anuncian-programa-de-actividades-del-festival-de-las-animas-2023\\\/#primaryimage\"},\"thumbnailUrl\":\"https:\\\/\\\/reporteroshoy.mx\\\/noticias\\\/wp-content\\\/uploads\\\/2023\\\/10\\\/FESTIVAL-DE-LAS-ANIMAS-2-scaled.jpg\",\"datePublished\":\"2023-10-06T03:22:12+00:00\",\"author\":{\"@id\":\"https:\\\/\\\/reporteroshoy.mx\\\/noticias\\\/#\\\/schema\\\/person\\\/948520f0d88b01be2e5266bc4acbbc15\"},\"description\":\"El Festival de las \u00c1nimas 2023 se realizar\u00e1 del 24 de octubre al 2 de noviembre con 30 actividades gratuitas.\",\"breadcrumb\":{\"@id\":\"https:\\\/\\\/reporteroshoy.mx\\\/noticias\\\/anuncian-programa-de-actividades-del-festival-de-las-animas-2023\\\/#breadcrumb\"},\"inLanguage\":\"es\",\"potentialAction\":[{\"@type\":\"ReadAction\",\"target\":[\"https:\\\/\\\/reporteroshoy.mx\\\/noticias\\\/anuncian-programa-de-actividades-del-festival-de-las-animas-2023\\\/\"]}]},{\"@type\":\"ImageObject\",\"inLanguage\":\"es\",\"@id\":\"https:\\\/\\\/reporteroshoy.mx\\\/noticias\\\/anuncian-programa-de-actividades-del-festival-de-las-animas-2023\\\/#primaryimage\",\"url\":\"https:\\\/\\\/reporteroshoy.mx\\\/noticias\\\/wp-content\\\/uploads\\\/2023\\\/10\\\/FESTIVAL-DE-LAS-ANIMAS-2-scaled.jpg\",\"contentUrl\":\"https:\\\/\\\/reporteroshoy.mx\\\/noticias\\\/wp-content\\\/uploads\\\/2023\\\/10\\\/FESTIVAL-DE-LAS-ANIMAS-2-scaled.jpg\",\"width\":768,\"height\":512},{\"@type\":\"BreadcrumbList\",\"@id\":\"https:\\\/\\\/reporteroshoy.mx\\\/noticias\\\/anuncian-programa-de-actividades-del-festival-de-las-animas-2023\\\/#breadcrumb\",\"itemListElement\":[{\"@type\":\"ListItem\",\"position\":1,\"name\":\"Portada\",\"item\":\"https:\\\/\\\/reporteroshoy.mx\\\/noticias\\\/\"},{\"@type\":\"ListItem\",\"position\":2,\"name\":\"Anuncian programa de actividades del Festival de las \u00c1nimas 2023\"}]},{\"@type\":\"WebSite\",\"@id\":\"https:\\\/\\\/reporteroshoy.mx\\\/noticias\\\/#website\",\"url\":\"https:\\\/\\\/reporteroshoy.mx\\\/noticias\\\/\",\"name\":\"Reporteros Hoy | Noticias de Yucat\u00e1n\",\"description\":\"Peri\u00f3dico digital con noticias diarias desde M\u00e9rida, Yucat\u00e1n para el mundo.\",\"potentialAction\":[{\"@type\":\"SearchAction\",\"target\":{\"@type\":\"EntryPoint\",\"urlTemplate\":\"https:\\\/\\\/reporteroshoy.mx\\\/noticias\\\/?s={search_term_string}\"},\"query-input\":{\"@type\":\"PropertyValueSpecification\",\"valueRequired\":true,\"valueName\":\"search_term_string\"}}],\"inLanguage\":\"es\"},{\"@type\":\"Person\",\"@id\":\"https:\\\/\\\/reporteroshoy.mx\\\/noticias\\\/#\\\/schema\\\/person\\\/948520f0d88b01be2e5266bc4acbbc15\",\"name\":\"Reporteros Hoy IM\",\"image\":{\"@type\":\"ImageObject\",\"inLanguage\":\"es\",\"@id\":\"https:\\\/\\\/secure.gravatar.com\\\/avatar\\\/d843030b96552826ac048bdfe26f2895604b800ed0c880ee55765a74d95dfc65?s=96&d=mm&r=g\",\"url\":\"https:\\\/\\\/secure.gravatar.com\\\/avatar\\\/d843030b96552826ac048bdfe26f2895604b800ed0c880ee55765a74d95dfc65?s=96&d=mm&r=g\",\"contentUrl\":\"https:\\\/\\\/secure.gravatar.com\\\/avatar\\\/d843030b96552826ac048bdfe26f2895604b800ed0c880ee55765a74d95dfc65?s=96&d=mm&r=g\",\"caption\":\"Reporteros Hoy IM\"},\"url\":\"https:\\\/\\\/reporteroshoy.mx\\\/noticias\\\/author\\\/israel\\\/\"}]}<\/script>\n<!-- \/ Yoast SEO plugin. -->","yoast_head_json":{"title":"Anuncian programa de actividades del Festival de las \u00c1nimas 2023","description":"El Festival de las \u00c1nimas 2023 se realizar\u00e1 del 24 de octubre al 2 de noviembre con 30 actividades gratuitas.","robots":{"index":"index","follow":"follow","max-snippet":"max-snippet:-1","max-image-preview":"max-image-preview:large","max-video-preview":"max-video-preview:-1"},"canonical":"https:\/\/reporteroshoy.mx\/noticias\/anuncian-programa-de-actividades-del-festival-de-las-animas-2023\/","og_locale":"es_ES","og_type":"article","og_title":"Anuncian programa de actividades del Festival de las \u00c1nimas 2023","og_description":"El Festival de las \u00c1nimas 2023 se realizar\u00e1 del 24 de octubre al 2 de noviembre con 30 actividades gratuitas.","og_url":"https:\/\/reporteroshoy.mx\/noticias\/anuncian-programa-de-actividades-del-festival-de-las-animas-2023\/","og_site_name":"Reporteros Hoy | Noticias de Yucat\u00e1n","article_publisher":"http:\/\/www.facebook.com\/reporteroshoymx","article_published_time":"2023-10-06T03:22:12+00:00","og_image":[{"width":768,"height":512,"url":"https:\/\/reporteroshoy.mx\/noticias\/wp-content\/uploads\/2023\/10\/FESTIVAL-DE-LAS-ANIMAS-2-scaled.jpg","type":"image\/jpeg"}],"author":"Reporteros Hoy IM","twitter_card":"summary_large_image","twitter_creator":"@reporteroshoy","twitter_site":"@reporteroshoy","twitter_misc":{"Escrito por":"Reporteros Hoy IM","Tiempo de lectura":"3 minutos"},"schema":{"@context":"https:\/\/schema.org","@graph":[{"@type":"Article","@id":"https:\/\/reporteroshoy.mx\/noticias\/anuncian-programa-de-actividades-del-festival-de-las-animas-2023\/#article","isPartOf":{"@id":"https:\/\/reporteroshoy.mx\/noticias\/anuncian-programa-de-actividades-del-festival-de-las-animas-2023\/"},"author":{"name":"Reporteros Hoy IM","@id":"https:\/\/reporteroshoy.mx\/noticias\/#\/schema\/person\/948520f0d88b01be2e5266bc4acbbc15"},"headline":"Anuncian programa de actividades del Festival de las \u00c1nimas 2023","datePublished":"2023-10-06T03:22:12+00:00","mainEntityOfPage":{"@id":"https:\/\/reporteroshoy.mx\/noticias\/anuncian-programa-de-actividades-del-festival-de-las-animas-2023\/"},"wordCount":505,"commentCount":0,"image":{"@id":"https:\/\/reporteroshoy.mx\/noticias\/anuncian-programa-de-actividades-del-festival-de-las-animas-2023\/#primaryimage"},"thumbnailUrl":"https:\/\/reporteroshoy.mx\/noticias\/wp-content\/uploads\/2023\/10\/FESTIVAL-DE-LAS-ANIMAS-2-scaled.jpg","keywords":["Festival de las \u00c1nimas","M\u00e9rida","Noche Catrinas","Paseo de las \u00c1nimas"],"articleSection":["M\u00e9rida"],"inLanguage":"es","potentialAction":[{"@type":"CommentAction","name":"Comment","target":["https:\/\/reporteroshoy.mx\/noticias\/anuncian-programa-de-actividades-del-festival-de-las-animas-2023\/#respond"]}]},{"@type":"WebPage","@id":"https:\/\/reporteroshoy.mx\/noticias\/anuncian-programa-de-actividades-del-festival-de-las-animas-2023\/","url":"https:\/\/reporteroshoy.mx\/noticias\/anuncian-programa-de-actividades-del-festival-de-las-animas-2023\/","name":"Anuncian programa de actividades del Festival de las \u00c1nimas 2023","isPartOf":{"@id":"https:\/\/reporteroshoy.mx\/noticias\/#website"},"primaryImageOfPage":{"@id":"https:\/\/reporteroshoy.mx\/noticias\/anuncian-programa-de-actividades-del-festival-de-las-animas-2023\/#primaryimage"},"image":{"@id":"https:\/\/reporteroshoy.mx\/noticias\/anuncian-programa-de-actividades-del-festival-de-las-animas-2023\/#primaryimage"},"thumbnailUrl":"https:\/\/reporteroshoy.mx\/noticias\/wp-content\/uploads\/2023\/10\/FESTIVAL-DE-LAS-ANIMAS-2-scaled.jpg","datePublished":"2023-10-06T03:22:12+00:00","author":{"@id":"https:\/\/reporteroshoy.mx\/noticias\/#\/schema\/person\/948520f0d88b01be2e5266bc4acbbc15"},"description":"El Festival de las \u00c1nimas 2023 se realizar\u00e1 del 24 de octubre al 2 de noviembre con 30 actividades gratuitas.","breadcrumb":{"@id":"https:\/\/reporteroshoy.mx\/noticias\/anuncian-programa-de-actividades-del-festival-de-las-animas-2023\/#breadcrumb"},"inLanguage":"es","potentialAction":[{"@type":"ReadAction","target":["https:\/\/reporteroshoy.mx\/noticias\/anuncian-programa-de-actividades-del-festival-de-las-animas-2023\/"]}]},{"@type":"ImageObject","inLanguage":"es","@id":"https:\/\/reporteroshoy.mx\/noticias\/anuncian-programa-de-actividades-del-festival-de-las-animas-2023\/#primaryimage","url":"https:\/\/reporteroshoy.mx\/noticias\/wp-content\/uploads\/2023\/10\/FESTIVAL-DE-LAS-ANIMAS-2-scaled.jpg","contentUrl":"https:\/\/reporteroshoy.mx\/noticias\/wp-content\/uploads\/2023\/10\/FESTIVAL-DE-LAS-ANIMAS-2-scaled.jpg","width":768,"height":512},{"@type":"BreadcrumbList","@id":"https:\/\/reporteroshoy.mx\/noticias\/anuncian-programa-de-actividades-del-festival-de-las-animas-2023\/#breadcrumb","itemListElement":[{"@type":"ListItem","position":1,"name":"Portada","item":"https:\/\/reporteroshoy.mx\/noticias\/"},{"@type":"ListItem","position":2,"name":"Anuncian programa de actividades del Festival de las \u00c1nimas 2023"}]},{"@type":"WebSite","@id":"https:\/\/reporteroshoy.mx\/noticias\/#website","url":"https:\/\/reporteroshoy.mx\/noticias\/","name":"Reporteros Hoy | Noticias de Yucat\u00e1n","description":"Peri\u00f3dico digital con noticias diarias desde M\u00e9rida, Yucat\u00e1n para el mundo.","potentialAction":[{"@type":"SearchAction","target":{"@type":"EntryPoint","urlTemplate":"https:\/\/reporteroshoy.mx\/noticias\/?s={search_term_string}"},"query-input":{"@type":"PropertyValueSpecification","valueRequired":true,"valueName":"search_term_string"}}],"inLanguage":"es"},{"@type":"Person","@id":"https:\/\/reporteroshoy.mx\/noticias\/#\/schema\/person\/948520f0d88b01be2e5266bc4acbbc15","name":"Reporteros Hoy IM","image":{"@type":"ImageObject","inLanguage":"es","@id":"https:\/\/secure.gravatar.com\/avatar\/d843030b96552826ac048bdfe26f2895604b800ed0c880ee55765a74d95dfc65?s=96&d=mm&r=g","url":"https:\/\/secure.gravatar.com\/avatar\/d843030b96552826ac048bdfe26f2895604b800ed0c880ee55765a74d95dfc65?s=96&d=mm&r=g","contentUrl":"https:\/\/secure.gravatar.com\/avatar\/d843030b96552826ac048bdfe26f2895604b800ed0c880ee55765a74d95dfc65?s=96&d=mm&r=g","caption":"Reporteros Hoy IM"},"url":"https:\/\/reporteroshoy.mx\/noticias\/author\/israel\/"}]}},"_links":{"self":[{"href":"https:\/\/reporteroshoy.mx\/noticias\/wp-json\/wp\/v2\/posts\/106192","targetHints":{"allow":["GET"]}}],"collection":[{"href":"https:\/\/reporteroshoy.mx\/noticias\/wp-json\/wp\/v2\/posts"}],"about":[{"href":"https:\/\/reporteroshoy.mx\/noticias\/wp-json\/wp\/v2\/types\/post"}],"author":[{"embeddable":true,"href":"https:\/\/reporteroshoy.mx\/noticias\/wp-json\/wp\/v2\/users\/5"}],"replies":[{"embeddable":true,"href":"https:\/\/reporteroshoy.mx\/noticias\/wp-json\/wp\/v2\/comments?post=106192"}],"version-history":[{"count":0,"href":"https:\/\/reporteroshoy.mx\/noticias\/wp-json\/wp\/v2\/posts\/106192\/revisions"}],"wp:featuredmedia":[{"embeddable":true,"href":"https:\/\/reporteroshoy.mx\/noticias\/wp-json\/wp\/v2\/media\/106196"}],"wp:attachment":[{"href":"https:\/\/reporteroshoy.mx\/noticias\/wp-json\/wp\/v2\/media?parent=106192"}],"wp:term":[{"taxonomy":"category","embeddable":true,"href":"https:\/\/reporteroshoy.mx\/noticias\/wp-json\/wp\/v2\/categories?post=106192"},{"taxonomy":"post_tag","embeddable":true,"href":"https:\/\/reporteroshoy.mx\/noticias\/wp-json\/wp\/v2\/tags?post=106192"}],"curies":[{"name":"wp","href":"https:\/\/api.w.org\/{rel}","templated":true}]}}