{"id":106694,"date":"2023-10-23T20:26:13","date_gmt":"2023-10-24T02:26:13","guid":{"rendered":"https:\/\/reporteroshoy.mx\/noticias\/?p=106694"},"modified":"2023-10-23T20:26:13","modified_gmt":"2023-10-24T02:26:13","slug":"universidad-de-las-artes-de-yucatan-tendra-hasta-1500-estudiantes","status":"publish","type":"post","link":"https:\/\/reporteroshoy.mx\/noticias\/universidad-de-las-artes-de-yucatan-tendra-hasta-1500-estudiantes\/","title":{"rendered":"Universidad de las Artes de Yucat\u00e1n tendr\u00e1 hasta 1500 estudiantes"},"content":{"rendered":"<p style=\"text-align: justify;\">La modernizaci\u00f3n de la Universidad de las Artes de Yucat\u00e1n (UNAY) est\u00e1 en marcha. Este proyecto permitir\u00e1 a la escuela de artes m\u00e1s importante del sureste de M\u00e9xico pasar de 400 a 1,500 alumnos, con espacios de alta calidad.<\/p>\n<p style=\"text-align: justify;\">Durante una visita de supervisi\u00f3n de las obras en la zona de La Plancha, el Gobernador Mauricio Vila Dosal, acompa\u00f1ado por el General de Divisi\u00f3n Homero Mendoza Ruiz, de la X Regi\u00f3n Militar, el Gobernador recorri\u00f3 las instalaciones y destac\u00f3 el presupuesto sin precedentes de m\u00e1s de 280 millones de pesos para esta obra cultural en beneficio de m\u00e1s de 700 alumnos.<\/p>\n<p style=\"text-align: justify;\">La intervenci\u00f3n se centra en dos edificios principales: \u00abCine y Artes Visuales\u00bb y \u00abDanza y Teatro\u00bb. Se est\u00e1n creando espacios de vanguardia equipados para diversas disciplinas art\u00edsticas, como grabado, escultura, cinematograf\u00eda y danza, entre otros.<\/p>\n<p style=\"text-align: justify;\">El proyecto se desarrolla en consonancia con el estilo neocolonial mexicano actual, utilizando materiales que reducen la contaminaci\u00f3n sonora y garantizan durabilidad. La inversi\u00f3n total asciende a 280 millones de pesos.<\/p>\n<p style=\"text-align: justify;\">La Universidad de las Artes de Yucat\u00e1n es l\u00edder en formaci\u00f3n art\u00edstica en el sureste de M\u00e9xico, ofreciendo programas de formaci\u00f3n musical, licenciaturas en diversas disciplinas art\u00edsticas y maestr\u00edas. Adem\u00e1s, se imparten cursos, talleres y diplomados abiertos al p\u00fablico. Se espera que esta transformaci\u00f3n brinde mayores oportunidades tanto para estudiantes como para docentes, promoviendo la movilidad acad\u00e9mica y la vinculaci\u00f3n institucional.<\/p>\n<p style=\"text-align: justify;\">\n<p><img loading=\"lazy\" decoding=\"async\" class=\"aligncenter wp-image-106696\" src=\"https:\/\/reporteroshoy.mx\/noticias\/wp-content\/uploads\/2023\/10\/image00007-1.png\" alt=\"Universidad de las Artes de Yucat\u00e1n\" width=\"658\" height=\"437\" \/><\/p>\n","protected":false},"excerpt":{"rendered":"<p>El nuevo edificio de la Universidad de las Artes de Yucat\u00e1n permitir\u00e1 pasar de 400 a 1,500 alumnas y alumnos, contando con mejores espacios y equipados para su preparaci\u00f3n.<\/p>\n","protected":false},"author":6,"featured_media":106696,"comment_status":"open","ping_status":"closed","sticky":false,"template":"","format":"standard","meta":{"footnotes":""},"categories":[17],"tags":[25251],"class_list":["post-106694","post","type-post","status-publish","format-standard","has-post-thumbnail","hentry","category-yucatan","tag-universidad-de-las-artes-de-yucatan"],"yoast_head":"<!-- This site is optimized with the Yoast SEO plugin v28.4 - https:\/\/yoast.com\/product\/yoast-seo-wordpress\/ -->\n<title>Universidad de las Artes de Yucat\u00e1n tendr\u00e1 hasta 1500 estudiantes<\/title>\n<meta name=\"description\" content=\"El nuevo edificio de la Universidad de las Artes de Yucat\u00e1n permitir\u00e1 pasar de 400 a 1,500 alumnas y alumnos.\" \/>\n<meta name=\"robots\" content=\"index, follow, max-snippet:-1, max-image-preview:large, max-video-preview:-1\" \/>\n<link rel=\"canonical\" href=\"https:\/\/reporteroshoy.mx\/noticias\/universidad-de-las-artes-de-yucatan-tendra-hasta-1500-estudiantes\/\" \/>\n<meta property=\"og:locale\" content=\"es_ES\" \/>\n<meta property=\"og:type\" content=\"article\" \/>\n<meta property=\"og:title\" content=\"Universidad de las Artes de Yucat\u00e1n tendr\u00e1 hasta 1500 estudiantes\" \/>\n<meta property=\"og:description\" content=\"El nuevo edificio de la Universidad de las Artes de Yucat\u00e1n permitir\u00e1 pasar de 400 a 1,500 alumnas y alumnos.\" \/>\n<meta property=\"og:url\" content=\"https:\/\/reporteroshoy.mx\/noticias\/universidad-de-las-artes-de-yucatan-tendra-hasta-1500-estudiantes\/\" \/>\n<meta property=\"og:site_name\" content=\"Reporteros Hoy | Noticias de Yucat\u00e1n\" \/>\n<meta property=\"article:publisher\" content=\"http:\/\/www.facebook.com\/reporteroshoymx\" \/>\n<meta property=\"article:published_time\" content=\"2023-10-24T02:26:13+00:00\" \/>\n<meta property=\"og:image\" content=\"https:\/\/reporteroshoy.mx\/noticias\/wp-content\/uploads\/2023\/10\/image00007-1.png\" \/>\n\t<meta property=\"og:image:width\" content=\"768\" \/>\n\t<meta property=\"og:image:height\" content=\"510\" \/>\n\t<meta property=\"og:image:type\" content=\"image\/png\" \/>\n<meta name=\"author\" content=\"Reporteros Hoy GS\" \/>\n<meta name=\"twitter:card\" content=\"summary_large_image\" \/>\n<meta name=\"twitter:creator\" content=\"@reporteroshoy\" \/>\n<meta name=\"twitter:site\" content=\"@reporteroshoy\" \/>\n<meta name=\"twitter:label1\" content=\"Escrito por\" \/>\n\t<meta name=\"twitter:data1\" content=\"Reporteros Hoy GS\" \/>\n\t<meta name=\"twitter:label2\" content=\"Tiempo de lectura\" \/>\n\t<meta name=\"twitter:data2\" content=\"2 minutos\" \/>\n<script type=\"application\/ld+json\" class=\"yoast-schema-graph\">{\"@context\":\"https:\\\/\\\/schema.org\",\"@graph\":[{\"@type\":\"Article\",\"@id\":\"https:\\\/\\\/reporteroshoy.mx\\\/noticias\\\/universidad-de-las-artes-de-yucatan-tendra-hasta-1500-estudiantes\\\/#article\",\"isPartOf\":{\"@id\":\"https:\\\/\\\/reporteroshoy.mx\\\/noticias\\\/universidad-de-las-artes-de-yucatan-tendra-hasta-1500-estudiantes\\\/\"},\"author\":{\"name\":\"Reporteros Hoy GS\",\"@id\":\"https:\\\/\\\/reporteroshoy.mx\\\/noticias\\\/#\\\/schema\\\/person\\\/49ae631fc906b44554e4ba3866c505d7\"},\"headline\":\"Universidad de las Artes de Yucat\u00e1n tendr\u00e1 hasta 1500 estudiantes\",\"datePublished\":\"2023-10-24T02:26:13+00:00\",\"mainEntityOfPage\":{\"@id\":\"https:\\\/\\\/reporteroshoy.mx\\\/noticias\\\/universidad-de-las-artes-de-yucatan-tendra-hasta-1500-estudiantes\\\/\"},\"wordCount\":262,\"commentCount\":0,\"image\":{\"@id\":\"https:\\\/\\\/reporteroshoy.mx\\\/noticias\\\/universidad-de-las-artes-de-yucatan-tendra-hasta-1500-estudiantes\\\/#primaryimage\"},\"thumbnailUrl\":\"https:\\\/\\\/reporteroshoy.mx\\\/noticias\\\/wp-content\\\/uploads\\\/2023\\\/10\\\/image00007-1.png\",\"keywords\":[\"Universidad de las Artes de Yucat\u00e1n\"],\"articleSection\":[\"Yucat\u00e1n\"],\"inLanguage\":\"es\",\"potentialAction\":[{\"@type\":\"CommentAction\",\"name\":\"Comment\",\"target\":[\"https:\\\/\\\/reporteroshoy.mx\\\/noticias\\\/universidad-de-las-artes-de-yucatan-tendra-hasta-1500-estudiantes\\\/#respond\"]}]},{\"@type\":\"WebPage\",\"@id\":\"https:\\\/\\\/reporteroshoy.mx\\\/noticias\\\/universidad-de-las-artes-de-yucatan-tendra-hasta-1500-estudiantes\\\/\",\"url\":\"https:\\\/\\\/reporteroshoy.mx\\\/noticias\\\/universidad-de-las-artes-de-yucatan-tendra-hasta-1500-estudiantes\\\/\",\"name\":\"Universidad de las Artes de Yucat\u00e1n tendr\u00e1 hasta 1500 estudiantes\",\"isPartOf\":{\"@id\":\"https:\\\/\\\/reporteroshoy.mx\\\/noticias\\\/#website\"},\"primaryImageOfPage\":{\"@id\":\"https:\\\/\\\/reporteroshoy.mx\\\/noticias\\\/universidad-de-las-artes-de-yucatan-tendra-hasta-1500-estudiantes\\\/#primaryimage\"},\"image\":{\"@id\":\"https:\\\/\\\/reporteroshoy.mx\\\/noticias\\\/universidad-de-las-artes-de-yucatan-tendra-hasta-1500-estudiantes\\\/#primaryimage\"},\"thumbnailUrl\":\"https:\\\/\\\/reporteroshoy.mx\\\/noticias\\\/wp-content\\\/uploads\\\/2023\\\/10\\\/image00007-1.png\",\"datePublished\":\"2023-10-24T02:26:13+00:00\",\"author\":{\"@id\":\"https:\\\/\\\/reporteroshoy.mx\\\/noticias\\\/#\\\/schema\\\/person\\\/49ae631fc906b44554e4ba3866c505d7\"},\"description\":\"El nuevo edificio de la Universidad de las Artes de Yucat\u00e1n permitir\u00e1 pasar de 400 a 1,500 alumnas y alumnos.\",\"breadcrumb\":{\"@id\":\"https:\\\/\\\/reporteroshoy.mx\\\/noticias\\\/universidad-de-las-artes-de-yucatan-tendra-hasta-1500-estudiantes\\\/#breadcrumb\"},\"inLanguage\":\"es\",\"potentialAction\":[{\"@type\":\"ReadAction\",\"target\":[\"https:\\\/\\\/reporteroshoy.mx\\\/noticias\\\/universidad-de-las-artes-de-yucatan-tendra-hasta-1500-estudiantes\\\/\"]}]},{\"@type\":\"ImageObject\",\"inLanguage\":\"es\",\"@id\":\"https:\\\/\\\/reporteroshoy.mx\\\/noticias\\\/universidad-de-las-artes-de-yucatan-tendra-hasta-1500-estudiantes\\\/#primaryimage\",\"url\":\"https:\\\/\\\/reporteroshoy.mx\\\/noticias\\\/wp-content\\\/uploads\\\/2023\\\/10\\\/image00007-1.png\",\"contentUrl\":\"https:\\\/\\\/reporteroshoy.mx\\\/noticias\\\/wp-content\\\/uploads\\\/2023\\\/10\\\/image00007-1.png\",\"width\":768,\"height\":510},{\"@type\":\"BreadcrumbList\",\"@id\":\"https:\\\/\\\/reporteroshoy.mx\\\/noticias\\\/universidad-de-las-artes-de-yucatan-tendra-hasta-1500-estudiantes\\\/#breadcrumb\",\"itemListElement\":[{\"@type\":\"ListItem\",\"position\":1,\"name\":\"Portada\",\"item\":\"https:\\\/\\\/reporteroshoy.mx\\\/noticias\\\/\"},{\"@type\":\"ListItem\",\"position\":2,\"name\":\"Universidad de las Artes de Yucat\u00e1n tendr\u00e1 hasta 1500 estudiantes\"}]},{\"@type\":\"WebSite\",\"@id\":\"https:\\\/\\\/reporteroshoy.mx\\\/noticias\\\/#website\",\"url\":\"https:\\\/\\\/reporteroshoy.mx\\\/noticias\\\/\",\"name\":\"Reporteros Hoy | Noticias de Yucat\u00e1n\",\"description\":\"Peri\u00f3dico digital con noticias diarias desde M\u00e9rida, Yucat\u00e1n para el mundo.\",\"potentialAction\":[{\"@type\":\"SearchAction\",\"target\":{\"@type\":\"EntryPoint\",\"urlTemplate\":\"https:\\\/\\\/reporteroshoy.mx\\\/noticias\\\/?s={search_term_string}\"},\"query-input\":{\"@type\":\"PropertyValueSpecification\",\"valueRequired\":true,\"valueName\":\"search_term_string\"}}],\"inLanguage\":\"es\"},{\"@type\":\"Person\",\"@id\":\"https:\\\/\\\/reporteroshoy.mx\\\/noticias\\\/#\\\/schema\\\/person\\\/49ae631fc906b44554e4ba3866c505d7\",\"name\":\"Reporteros Hoy GS\",\"image\":{\"@type\":\"ImageObject\",\"inLanguage\":\"es\",\"@id\":\"https:\\\/\\\/secure.gravatar.com\\\/avatar\\\/00d32adb620345c3db2cfc175917f65c584e1e338fdc49ad126aa1f9830eb6a9?s=96&d=mm&r=g\",\"url\":\"https:\\\/\\\/secure.gravatar.com\\\/avatar\\\/00d32adb620345c3db2cfc175917f65c584e1e338fdc49ad126aa1f9830eb6a9?s=96&d=mm&r=g\",\"contentUrl\":\"https:\\\/\\\/secure.gravatar.com\\\/avatar\\\/00d32adb620345c3db2cfc175917f65c584e1e338fdc49ad126aa1f9830eb6a9?s=96&d=mm&r=g\",\"caption\":\"Reporteros Hoy GS\"},\"url\":\"https:\\\/\\\/reporteroshoy.mx\\\/noticias\\\/author\\\/lupis\\\/\"}]}<\/script>\n<!-- \/ Yoast SEO plugin. -->","yoast_head_json":{"title":"Universidad de las Artes de Yucat\u00e1n tendr\u00e1 hasta 1500 estudiantes","description":"El nuevo edificio de la Universidad de las Artes de Yucat\u00e1n permitir\u00e1 pasar de 400 a 1,500 alumnas y alumnos.","robots":{"index":"index","follow":"follow","max-snippet":"max-snippet:-1","max-image-preview":"max-image-preview:large","max-video-preview":"max-video-preview:-1"},"canonical":"https:\/\/reporteroshoy.mx\/noticias\/universidad-de-las-artes-de-yucatan-tendra-hasta-1500-estudiantes\/","og_locale":"es_ES","og_type":"article","og_title":"Universidad de las Artes de Yucat\u00e1n tendr\u00e1 hasta 1500 estudiantes","og_description":"El nuevo edificio de la Universidad de las Artes de Yucat\u00e1n permitir\u00e1 pasar de 400 a 1,500 alumnas y alumnos.","og_url":"https:\/\/reporteroshoy.mx\/noticias\/universidad-de-las-artes-de-yucatan-tendra-hasta-1500-estudiantes\/","og_site_name":"Reporteros Hoy | Noticias de Yucat\u00e1n","article_publisher":"http:\/\/www.facebook.com\/reporteroshoymx","article_published_time":"2023-10-24T02:26:13+00:00","og_image":[{"width":768,"height":510,"url":"https:\/\/reporteroshoy.mx\/noticias\/wp-content\/uploads\/2023\/10\/image00007-1.png","type":"image\/png"}],"author":"Reporteros Hoy GS","twitter_card":"summary_large_image","twitter_creator":"@reporteroshoy","twitter_site":"@reporteroshoy","twitter_misc":{"Escrito por":"Reporteros Hoy GS","Tiempo de lectura":"2 minutos"},"schema":{"@context":"https:\/\/schema.org","@graph":[{"@type":"Article","@id":"https:\/\/reporteroshoy.mx\/noticias\/universidad-de-las-artes-de-yucatan-tendra-hasta-1500-estudiantes\/#article","isPartOf":{"@id":"https:\/\/reporteroshoy.mx\/noticias\/universidad-de-las-artes-de-yucatan-tendra-hasta-1500-estudiantes\/"},"author":{"name":"Reporteros Hoy GS","@id":"https:\/\/reporteroshoy.mx\/noticias\/#\/schema\/person\/49ae631fc906b44554e4ba3866c505d7"},"headline":"Universidad de las Artes de Yucat\u00e1n tendr\u00e1 hasta 1500 estudiantes","datePublished":"2023-10-24T02:26:13+00:00","mainEntityOfPage":{"@id":"https:\/\/reporteroshoy.mx\/noticias\/universidad-de-las-artes-de-yucatan-tendra-hasta-1500-estudiantes\/"},"wordCount":262,"commentCount":0,"image":{"@id":"https:\/\/reporteroshoy.mx\/noticias\/universidad-de-las-artes-de-yucatan-tendra-hasta-1500-estudiantes\/#primaryimage"},"thumbnailUrl":"https:\/\/reporteroshoy.mx\/noticias\/wp-content\/uploads\/2023\/10\/image00007-1.png","keywords":["Universidad de las Artes de Yucat\u00e1n"],"articleSection":["Yucat\u00e1n"],"inLanguage":"es","potentialAction":[{"@type":"CommentAction","name":"Comment","target":["https:\/\/reporteroshoy.mx\/noticias\/universidad-de-las-artes-de-yucatan-tendra-hasta-1500-estudiantes\/#respond"]}]},{"@type":"WebPage","@id":"https:\/\/reporteroshoy.mx\/noticias\/universidad-de-las-artes-de-yucatan-tendra-hasta-1500-estudiantes\/","url":"https:\/\/reporteroshoy.mx\/noticias\/universidad-de-las-artes-de-yucatan-tendra-hasta-1500-estudiantes\/","name":"Universidad de las Artes de Yucat\u00e1n tendr\u00e1 hasta 1500 estudiantes","isPartOf":{"@id":"https:\/\/reporteroshoy.mx\/noticias\/#website"},"primaryImageOfPage":{"@id":"https:\/\/reporteroshoy.mx\/noticias\/universidad-de-las-artes-de-yucatan-tendra-hasta-1500-estudiantes\/#primaryimage"},"image":{"@id":"https:\/\/reporteroshoy.mx\/noticias\/universidad-de-las-artes-de-yucatan-tendra-hasta-1500-estudiantes\/#primaryimage"},"thumbnailUrl":"https:\/\/reporteroshoy.mx\/noticias\/wp-content\/uploads\/2023\/10\/image00007-1.png","datePublished":"2023-10-24T02:26:13+00:00","author":{"@id":"https:\/\/reporteroshoy.mx\/noticias\/#\/schema\/person\/49ae631fc906b44554e4ba3866c505d7"},"description":"El nuevo edificio de la Universidad de las Artes de Yucat\u00e1n permitir\u00e1 pasar de 400 a 1,500 alumnas y alumnos.","breadcrumb":{"@id":"https:\/\/reporteroshoy.mx\/noticias\/universidad-de-las-artes-de-yucatan-tendra-hasta-1500-estudiantes\/#breadcrumb"},"inLanguage":"es","potentialAction":[{"@type":"ReadAction","target":["https:\/\/reporteroshoy.mx\/noticias\/universidad-de-las-artes-de-yucatan-tendra-hasta-1500-estudiantes\/"]}]},{"@type":"ImageObject","inLanguage":"es","@id":"https:\/\/reporteroshoy.mx\/noticias\/universidad-de-las-artes-de-yucatan-tendra-hasta-1500-estudiantes\/#primaryimage","url":"https:\/\/reporteroshoy.mx\/noticias\/wp-content\/uploads\/2023\/10\/image00007-1.png","contentUrl":"https:\/\/reporteroshoy.mx\/noticias\/wp-content\/uploads\/2023\/10\/image00007-1.png","width":768,"height":510},{"@type":"BreadcrumbList","@id":"https:\/\/reporteroshoy.mx\/noticias\/universidad-de-las-artes-de-yucatan-tendra-hasta-1500-estudiantes\/#breadcrumb","itemListElement":[{"@type":"ListItem","position":1,"name":"Portada","item":"https:\/\/reporteroshoy.mx\/noticias\/"},{"@type":"ListItem","position":2,"name":"Universidad de las Artes de Yucat\u00e1n tendr\u00e1 hasta 1500 estudiantes"}]},{"@type":"WebSite","@id":"https:\/\/reporteroshoy.mx\/noticias\/#website","url":"https:\/\/reporteroshoy.mx\/noticias\/","name":"Reporteros Hoy | Noticias de Yucat\u00e1n","description":"Peri\u00f3dico digital con noticias diarias desde M\u00e9rida, Yucat\u00e1n para el mundo.","potentialAction":[{"@type":"SearchAction","target":{"@type":"EntryPoint","urlTemplate":"https:\/\/reporteroshoy.mx\/noticias\/?s={search_term_string}"},"query-input":{"@type":"PropertyValueSpecification","valueRequired":true,"valueName":"search_term_string"}}],"inLanguage":"es"},{"@type":"Person","@id":"https:\/\/reporteroshoy.mx\/noticias\/#\/schema\/person\/49ae631fc906b44554e4ba3866c505d7","name":"Reporteros Hoy GS","image":{"@type":"ImageObject","inLanguage":"es","@id":"https:\/\/secure.gravatar.com\/avatar\/00d32adb620345c3db2cfc175917f65c584e1e338fdc49ad126aa1f9830eb6a9?s=96&d=mm&r=g","url":"https:\/\/secure.gravatar.com\/avatar\/00d32adb620345c3db2cfc175917f65c584e1e338fdc49ad126aa1f9830eb6a9?s=96&d=mm&r=g","contentUrl":"https:\/\/secure.gravatar.com\/avatar\/00d32adb620345c3db2cfc175917f65c584e1e338fdc49ad126aa1f9830eb6a9?s=96&d=mm&r=g","caption":"Reporteros Hoy GS"},"url":"https:\/\/reporteroshoy.mx\/noticias\/author\/lupis\/"}]}},"_links":{"self":[{"href":"https:\/\/reporteroshoy.mx\/noticias\/wp-json\/wp\/v2\/posts\/106694","targetHints":{"allow":["GET"]}}],"collection":[{"href":"https:\/\/reporteroshoy.mx\/noticias\/wp-json\/wp\/v2\/posts"}],"about":[{"href":"https:\/\/reporteroshoy.mx\/noticias\/wp-json\/wp\/v2\/types\/post"}],"author":[{"embeddable":true,"href":"https:\/\/reporteroshoy.mx\/noticias\/wp-json\/wp\/v2\/users\/6"}],"replies":[{"embeddable":true,"href":"https:\/\/reporteroshoy.mx\/noticias\/wp-json\/wp\/v2\/comments?post=106694"}],"version-history":[{"count":0,"href":"https:\/\/reporteroshoy.mx\/noticias\/wp-json\/wp\/v2\/posts\/106694\/revisions"}],"wp:featuredmedia":[{"embeddable":true,"href":"https:\/\/reporteroshoy.mx\/noticias\/wp-json\/wp\/v2\/media\/106696"}],"wp:attachment":[{"href":"https:\/\/reporteroshoy.mx\/noticias\/wp-json\/wp\/v2\/media?parent=106694"}],"wp:term":[{"taxonomy":"category","embeddable":true,"href":"https:\/\/reporteroshoy.mx\/noticias\/wp-json\/wp\/v2\/categories?post=106694"},{"taxonomy":"post_tag","embeddable":true,"href":"https:\/\/reporteroshoy.mx\/noticias\/wp-json\/wp\/v2\/tags?post=106694"}],"curies":[{"name":"wp","href":"https:\/\/api.w.org\/{rel}","templated":true}]}}