{"id":106829,"date":"2023-10-27T19:13:36","date_gmt":"2023-10-28T01:13:36","guid":{"rendered":"https:\/\/reporteroshoy.mx\/noticias\/?p=106829"},"modified":"2023-10-27T19:13:36","modified_gmt":"2023-10-28T01:13:36","slug":"abriran-otros-3-centros-de-acopio-de-viveres-para-damnificados","status":"publish","type":"post","link":"https:\/\/reporteroshoy.mx\/noticias\/abriran-otros-3-centros-de-acopio-de-viveres-para-damnificados\/","title":{"rendered":"Abrir\u00e1n otros 3 centros de acopio de v\u00edveres para damnificados"},"content":{"rendered":"<p style=\"text-align: justify;\">El Ayuntamiento de M\u00e9rida abrir\u00e1 3 centros de acopio de v\u00edveres para damnificados de los estados de Guerrero y de Baja California por los huracanes \u201cOtis\u201d y \u201cNorma\u201d que funcionar\u00e1n del 30 de octubre al 10 de noviembre.<\/p>\n<p><img loading=\"lazy\" decoding=\"async\" class=\"alignnone size-full wp-image-106830\" src=\"https:\/\/reporteroshoy.mx\/noticias\/wp-content\/uploads\/2023\/10\/OTIS-scaled.jpg\" alt=\"\" width=\"768\" height=\"426\" \/><\/p>\n<p style=\"text-align: justify;\">Los centros de acopio municipales estar\u00e1n ubicados en:<\/p>\n<p style=\"text-align: justify;\">Centro Cultural de M\u00e9rida \u201cOlimpo\u201d en la calle 62 por 61 del centro de la ciudad.<\/p>\n<p style=\"text-align: justify;\">Oficinas de la Secretar\u00eda de Participaci\u00f3n Ciudadana ubicada en la calle 23 n\u00famero 500 entre 38 y 40 de la colonia Jes\u00fas Carranza<\/p>\n<p style=\"text-align: justify;\">Unidad deportiva Francisco de Montejo ubicada en la calle 30 n\u00famero 29, en el fraccionamiento Francisco de Montejo.<\/p>\n<h3>Lo que se puede enviar a los damnificados<\/h3>\n<p style=\"text-align: justify;\">Las personas que deseen realizar un donativo para solidarizarse con las familias afectadas, podr\u00e1n hacerlo mediante donativos en especie.<\/p>\n<p style=\"text-align: justify;\">Se recibe agua purificada, alimentos no perecederos, art\u00edculos de higiene personal, productos de limpieza, pa\u00f1ales para adultos e infantes.<\/p>\n<p style=\"text-align: justify;\">Tambi\u00e9n se puede enviar toallas sanitarias, medicamentos del cuadro b\u00e1sico con fecha de caducidad mayor a 6 meses, insumos m\u00e9dicos.<\/p>\n<p style=\"text-align: justify;\">Otros productos necesarios son colchonetas s\u00e1banas y cobertores.<\/p>\n<p style=\"text-align: justify;\">El horario para la recepci\u00f3n de estos v\u00edveres ser\u00e1 de lunes a viernes de 08:00 a 15:00 horas, con excepci\u00f3n del 1 y 2 de noviembre.<\/p>\n<p><em><strong>Te puede interesar: <\/strong><\/em><em><strong><a href=\"https:\/\/reporteroshoy.mx\/noticias\/abre-codhey-centro-de-acopio-en-apoyo-a-guerrero\/\">Abre Codhey centro de acopio en apoyo a Guerrero<\/a><\/strong><\/em><\/p>\n<p style=\"text-align: justify;\">M\u00e1s adelante se trabajar\u00e1 con las redes de apoyo y se invitar\u00e1 a voluntarios para el almacenamiento y preparaci\u00f3n de esta ayuda para su traslado a la zona de afectaci\u00f3n.<\/p>\n","protected":false},"excerpt":{"rendered":"<p>El Ayuntamiento de M\u00e9rida dispondr\u00e1 de 3 centros de acopio para enviar ayuda a damnificados de Guerrero y Baja California. <\/p>\n","protected":false},"author":5,"featured_media":106830,"comment_status":"open","ping_status":"closed","sticky":false,"template":"","format":"standard","meta":{"footnotes":""},"categories":[24379],"tags":[24,12218,5057],"class_list":["post-106829","post","type-post","status-publish","format-standard","has-post-thumbnail","hentry","category-merida","tag-ayuntamiento-de-merida","tag-centros-de-acopio","tag-guerrero"],"yoast_head":"<!-- This site is optimized with the Yoast SEO plugin v28.4 - https:\/\/yoast.com\/product\/yoast-seo-wordpress\/ -->\n<title>Abrir\u00e1n otros 3 centros de acopio de v\u00edveres para damnificados<\/title>\n<meta name=\"description\" content=\"El Ayuntamiento de M\u00e9rida dispondr\u00e1 de 3 centros de acopio para enviar ayuda a damnificados de Guerrero y Baja California.\" \/>\n<meta name=\"robots\" content=\"index, follow, max-snippet:-1, max-image-preview:large, max-video-preview:-1\" \/>\n<link rel=\"canonical\" href=\"https:\/\/reporteroshoy.mx\/noticias\/abriran-otros-3-centros-de-acopio-de-viveres-para-damnificados\/\" \/>\n<meta property=\"og:locale\" content=\"es_ES\" \/>\n<meta property=\"og:type\" content=\"article\" \/>\n<meta property=\"og:title\" content=\"Abrir\u00e1n otros 3 centros de acopio de v\u00edveres para damnificados\" \/>\n<meta property=\"og:description\" content=\"El Ayuntamiento de M\u00e9rida dispondr\u00e1 de 3 centros de acopio para enviar ayuda a damnificados de Guerrero y Baja California.\" \/>\n<meta property=\"og:url\" content=\"https:\/\/reporteroshoy.mx\/noticias\/abriran-otros-3-centros-de-acopio-de-viveres-para-damnificados\/\" \/>\n<meta property=\"og:site_name\" content=\"Reporteros Hoy | Noticias de Yucat\u00e1n\" \/>\n<meta property=\"article:publisher\" content=\"http:\/\/www.facebook.com\/reporteroshoymx\" \/>\n<meta property=\"article:published_time\" content=\"2023-10-28T01:13:36+00:00\" \/>\n<meta property=\"og:image\" content=\"https:\/\/reporteroshoy.mx\/noticias\/wp-content\/uploads\/2023\/10\/OTIS-scaled.jpg\" \/>\n\t<meta property=\"og:image:width\" content=\"768\" \/>\n\t<meta property=\"og:image:height\" content=\"426\" \/>\n\t<meta property=\"og:image:type\" content=\"image\/jpeg\" \/>\n<meta name=\"author\" content=\"Reporteros Hoy IM\" \/>\n<meta name=\"twitter:card\" content=\"summary_large_image\" \/>\n<meta name=\"twitter:creator\" content=\"@reporteroshoy\" \/>\n<meta name=\"twitter:site\" content=\"@reporteroshoy\" \/>\n<meta name=\"twitter:label1\" content=\"Escrito por\" \/>\n\t<meta name=\"twitter:data1\" content=\"Reporteros Hoy IM\" \/>\n\t<meta name=\"twitter:label2\" content=\"Tiempo de lectura\" \/>\n\t<meta name=\"twitter:data2\" content=\"2 minutos\" \/>\n<script type=\"application\/ld+json\" class=\"yoast-schema-graph\">{\"@context\":\"https:\\\/\\\/schema.org\",\"@graph\":[{\"@type\":\"Article\",\"@id\":\"https:\\\/\\\/reporteroshoy.mx\\\/noticias\\\/abriran-otros-3-centros-de-acopio-de-viveres-para-damnificados\\\/#article\",\"isPartOf\":{\"@id\":\"https:\\\/\\\/reporteroshoy.mx\\\/noticias\\\/abriran-otros-3-centros-de-acopio-de-viveres-para-damnificados\\\/\"},\"author\":{\"name\":\"Reporteros Hoy IM\",\"@id\":\"https:\\\/\\\/reporteroshoy.mx\\\/noticias\\\/#\\\/schema\\\/person\\\/948520f0d88b01be2e5266bc4acbbc15\"},\"headline\":\"Abrir\u00e1n otros 3 centros de acopio de v\u00edveres para damnificados\",\"datePublished\":\"2023-10-28T01:13:36+00:00\",\"mainEntityOfPage\":{\"@id\":\"https:\\\/\\\/reporteroshoy.mx\\\/noticias\\\/abriran-otros-3-centros-de-acopio-de-viveres-para-damnificados\\\/\"},\"wordCount\":263,\"commentCount\":0,\"image\":{\"@id\":\"https:\\\/\\\/reporteroshoy.mx\\\/noticias\\\/abriran-otros-3-centros-de-acopio-de-viveres-para-damnificados\\\/#primaryimage\"},\"thumbnailUrl\":\"https:\\\/\\\/reporteroshoy.mx\\\/noticias\\\/wp-content\\\/uploads\\\/2023\\\/10\\\/OTIS-scaled.jpg\",\"keywords\":[\"ayuntamiento de merida\",\"centros de acopio\",\"Guerrero\"],\"articleSection\":[\"M\u00e9rida\"],\"inLanguage\":\"es\",\"potentialAction\":[{\"@type\":\"CommentAction\",\"name\":\"Comment\",\"target\":[\"https:\\\/\\\/reporteroshoy.mx\\\/noticias\\\/abriran-otros-3-centros-de-acopio-de-viveres-para-damnificados\\\/#respond\"]}]},{\"@type\":\"WebPage\",\"@id\":\"https:\\\/\\\/reporteroshoy.mx\\\/noticias\\\/abriran-otros-3-centros-de-acopio-de-viveres-para-damnificados\\\/\",\"url\":\"https:\\\/\\\/reporteroshoy.mx\\\/noticias\\\/abriran-otros-3-centros-de-acopio-de-viveres-para-damnificados\\\/\",\"name\":\"Abrir\u00e1n otros 3 centros de acopio de v\u00edveres para damnificados\",\"isPartOf\":{\"@id\":\"https:\\\/\\\/reporteroshoy.mx\\\/noticias\\\/#website\"},\"primaryImageOfPage\":{\"@id\":\"https:\\\/\\\/reporteroshoy.mx\\\/noticias\\\/abriran-otros-3-centros-de-acopio-de-viveres-para-damnificados\\\/#primaryimage\"},\"image\":{\"@id\":\"https:\\\/\\\/reporteroshoy.mx\\\/noticias\\\/abriran-otros-3-centros-de-acopio-de-viveres-para-damnificados\\\/#primaryimage\"},\"thumbnailUrl\":\"https:\\\/\\\/reporteroshoy.mx\\\/noticias\\\/wp-content\\\/uploads\\\/2023\\\/10\\\/OTIS-scaled.jpg\",\"datePublished\":\"2023-10-28T01:13:36+00:00\",\"author\":{\"@id\":\"https:\\\/\\\/reporteroshoy.mx\\\/noticias\\\/#\\\/schema\\\/person\\\/948520f0d88b01be2e5266bc4acbbc15\"},\"description\":\"El Ayuntamiento de M\u00e9rida dispondr\u00e1 de 3 centros de acopio para enviar ayuda a damnificados de Guerrero y Baja California.\",\"breadcrumb\":{\"@id\":\"https:\\\/\\\/reporteroshoy.mx\\\/noticias\\\/abriran-otros-3-centros-de-acopio-de-viveres-para-damnificados\\\/#breadcrumb\"},\"inLanguage\":\"es\",\"potentialAction\":[{\"@type\":\"ReadAction\",\"target\":[\"https:\\\/\\\/reporteroshoy.mx\\\/noticias\\\/abriran-otros-3-centros-de-acopio-de-viveres-para-damnificados\\\/\"]}]},{\"@type\":\"ImageObject\",\"inLanguage\":\"es\",\"@id\":\"https:\\\/\\\/reporteroshoy.mx\\\/noticias\\\/abriran-otros-3-centros-de-acopio-de-viveres-para-damnificados\\\/#primaryimage\",\"url\":\"https:\\\/\\\/reporteroshoy.mx\\\/noticias\\\/wp-content\\\/uploads\\\/2023\\\/10\\\/OTIS-scaled.jpg\",\"contentUrl\":\"https:\\\/\\\/reporteroshoy.mx\\\/noticias\\\/wp-content\\\/uploads\\\/2023\\\/10\\\/OTIS-scaled.jpg\",\"width\":768,\"height\":426},{\"@type\":\"BreadcrumbList\",\"@id\":\"https:\\\/\\\/reporteroshoy.mx\\\/noticias\\\/abriran-otros-3-centros-de-acopio-de-viveres-para-damnificados\\\/#breadcrumb\",\"itemListElement\":[{\"@type\":\"ListItem\",\"position\":1,\"name\":\"Portada\",\"item\":\"https:\\\/\\\/reporteroshoy.mx\\\/noticias\\\/\"},{\"@type\":\"ListItem\",\"position\":2,\"name\":\"Abrir\u00e1n otros 3 centros de acopio de v\u00edveres para damnificados\"}]},{\"@type\":\"WebSite\",\"@id\":\"https:\\\/\\\/reporteroshoy.mx\\\/noticias\\\/#website\",\"url\":\"https:\\\/\\\/reporteroshoy.mx\\\/noticias\\\/\",\"name\":\"Reporteros Hoy | Noticias de Yucat\u00e1n\",\"description\":\"Peri\u00f3dico digital con noticias diarias desde M\u00e9rida, Yucat\u00e1n para el mundo.\",\"potentialAction\":[{\"@type\":\"SearchAction\",\"target\":{\"@type\":\"EntryPoint\",\"urlTemplate\":\"https:\\\/\\\/reporteroshoy.mx\\\/noticias\\\/?s={search_term_string}\"},\"query-input\":{\"@type\":\"PropertyValueSpecification\",\"valueRequired\":true,\"valueName\":\"search_term_string\"}}],\"inLanguage\":\"es\"},{\"@type\":\"Person\",\"@id\":\"https:\\\/\\\/reporteroshoy.mx\\\/noticias\\\/#\\\/schema\\\/person\\\/948520f0d88b01be2e5266bc4acbbc15\",\"name\":\"Reporteros Hoy IM\",\"image\":{\"@type\":\"ImageObject\",\"inLanguage\":\"es\",\"@id\":\"https:\\\/\\\/secure.gravatar.com\\\/avatar\\\/d843030b96552826ac048bdfe26f2895604b800ed0c880ee55765a74d95dfc65?s=96&d=mm&r=g\",\"url\":\"https:\\\/\\\/secure.gravatar.com\\\/avatar\\\/d843030b96552826ac048bdfe26f2895604b800ed0c880ee55765a74d95dfc65?s=96&d=mm&r=g\",\"contentUrl\":\"https:\\\/\\\/secure.gravatar.com\\\/avatar\\\/d843030b96552826ac048bdfe26f2895604b800ed0c880ee55765a74d95dfc65?s=96&d=mm&r=g\",\"caption\":\"Reporteros Hoy IM\"},\"url\":\"https:\\\/\\\/reporteroshoy.mx\\\/noticias\\\/author\\\/israel\\\/\"}]}<\/script>\n<!-- \/ Yoast SEO plugin. -->","yoast_head_json":{"title":"Abrir\u00e1n otros 3 centros de acopio de v\u00edveres para damnificados","description":"El Ayuntamiento de M\u00e9rida dispondr\u00e1 de 3 centros de acopio para enviar ayuda a damnificados de Guerrero y Baja California.","robots":{"index":"index","follow":"follow","max-snippet":"max-snippet:-1","max-image-preview":"max-image-preview:large","max-video-preview":"max-video-preview:-1"},"canonical":"https:\/\/reporteroshoy.mx\/noticias\/abriran-otros-3-centros-de-acopio-de-viveres-para-damnificados\/","og_locale":"es_ES","og_type":"article","og_title":"Abrir\u00e1n otros 3 centros de acopio de v\u00edveres para damnificados","og_description":"El Ayuntamiento de M\u00e9rida dispondr\u00e1 de 3 centros de acopio para enviar ayuda a damnificados de Guerrero y Baja California.","og_url":"https:\/\/reporteroshoy.mx\/noticias\/abriran-otros-3-centros-de-acopio-de-viveres-para-damnificados\/","og_site_name":"Reporteros Hoy | Noticias de Yucat\u00e1n","article_publisher":"http:\/\/www.facebook.com\/reporteroshoymx","article_published_time":"2023-10-28T01:13:36+00:00","og_image":[{"width":768,"height":426,"url":"https:\/\/reporteroshoy.mx\/noticias\/wp-content\/uploads\/2023\/10\/OTIS-scaled.jpg","type":"image\/jpeg"}],"author":"Reporteros Hoy IM","twitter_card":"summary_large_image","twitter_creator":"@reporteroshoy","twitter_site":"@reporteroshoy","twitter_misc":{"Escrito por":"Reporteros Hoy IM","Tiempo de lectura":"2 minutos"},"schema":{"@context":"https:\/\/schema.org","@graph":[{"@type":"Article","@id":"https:\/\/reporteroshoy.mx\/noticias\/abriran-otros-3-centros-de-acopio-de-viveres-para-damnificados\/#article","isPartOf":{"@id":"https:\/\/reporteroshoy.mx\/noticias\/abriran-otros-3-centros-de-acopio-de-viveres-para-damnificados\/"},"author":{"name":"Reporteros Hoy IM","@id":"https:\/\/reporteroshoy.mx\/noticias\/#\/schema\/person\/948520f0d88b01be2e5266bc4acbbc15"},"headline":"Abrir\u00e1n otros 3 centros de acopio de v\u00edveres para damnificados","datePublished":"2023-10-28T01:13:36+00:00","mainEntityOfPage":{"@id":"https:\/\/reporteroshoy.mx\/noticias\/abriran-otros-3-centros-de-acopio-de-viveres-para-damnificados\/"},"wordCount":263,"commentCount":0,"image":{"@id":"https:\/\/reporteroshoy.mx\/noticias\/abriran-otros-3-centros-de-acopio-de-viveres-para-damnificados\/#primaryimage"},"thumbnailUrl":"https:\/\/reporteroshoy.mx\/noticias\/wp-content\/uploads\/2023\/10\/OTIS-scaled.jpg","keywords":["ayuntamiento de merida","centros de acopio","Guerrero"],"articleSection":["M\u00e9rida"],"inLanguage":"es","potentialAction":[{"@type":"CommentAction","name":"Comment","target":["https:\/\/reporteroshoy.mx\/noticias\/abriran-otros-3-centros-de-acopio-de-viveres-para-damnificados\/#respond"]}]},{"@type":"WebPage","@id":"https:\/\/reporteroshoy.mx\/noticias\/abriran-otros-3-centros-de-acopio-de-viveres-para-damnificados\/","url":"https:\/\/reporteroshoy.mx\/noticias\/abriran-otros-3-centros-de-acopio-de-viveres-para-damnificados\/","name":"Abrir\u00e1n otros 3 centros de acopio de v\u00edveres para damnificados","isPartOf":{"@id":"https:\/\/reporteroshoy.mx\/noticias\/#website"},"primaryImageOfPage":{"@id":"https:\/\/reporteroshoy.mx\/noticias\/abriran-otros-3-centros-de-acopio-de-viveres-para-damnificados\/#primaryimage"},"image":{"@id":"https:\/\/reporteroshoy.mx\/noticias\/abriran-otros-3-centros-de-acopio-de-viveres-para-damnificados\/#primaryimage"},"thumbnailUrl":"https:\/\/reporteroshoy.mx\/noticias\/wp-content\/uploads\/2023\/10\/OTIS-scaled.jpg","datePublished":"2023-10-28T01:13:36+00:00","author":{"@id":"https:\/\/reporteroshoy.mx\/noticias\/#\/schema\/person\/948520f0d88b01be2e5266bc4acbbc15"},"description":"El Ayuntamiento de M\u00e9rida dispondr\u00e1 de 3 centros de acopio para enviar ayuda a damnificados de Guerrero y Baja California.","breadcrumb":{"@id":"https:\/\/reporteroshoy.mx\/noticias\/abriran-otros-3-centros-de-acopio-de-viveres-para-damnificados\/#breadcrumb"},"inLanguage":"es","potentialAction":[{"@type":"ReadAction","target":["https:\/\/reporteroshoy.mx\/noticias\/abriran-otros-3-centros-de-acopio-de-viveres-para-damnificados\/"]}]},{"@type":"ImageObject","inLanguage":"es","@id":"https:\/\/reporteroshoy.mx\/noticias\/abriran-otros-3-centros-de-acopio-de-viveres-para-damnificados\/#primaryimage","url":"https:\/\/reporteroshoy.mx\/noticias\/wp-content\/uploads\/2023\/10\/OTIS-scaled.jpg","contentUrl":"https:\/\/reporteroshoy.mx\/noticias\/wp-content\/uploads\/2023\/10\/OTIS-scaled.jpg","width":768,"height":426},{"@type":"BreadcrumbList","@id":"https:\/\/reporteroshoy.mx\/noticias\/abriran-otros-3-centros-de-acopio-de-viveres-para-damnificados\/#breadcrumb","itemListElement":[{"@type":"ListItem","position":1,"name":"Portada","item":"https:\/\/reporteroshoy.mx\/noticias\/"},{"@type":"ListItem","position":2,"name":"Abrir\u00e1n otros 3 centros de acopio de v\u00edveres para damnificados"}]},{"@type":"WebSite","@id":"https:\/\/reporteroshoy.mx\/noticias\/#website","url":"https:\/\/reporteroshoy.mx\/noticias\/","name":"Reporteros Hoy | Noticias de Yucat\u00e1n","description":"Peri\u00f3dico digital con noticias diarias desde M\u00e9rida, Yucat\u00e1n para el mundo.","potentialAction":[{"@type":"SearchAction","target":{"@type":"EntryPoint","urlTemplate":"https:\/\/reporteroshoy.mx\/noticias\/?s={search_term_string}"},"query-input":{"@type":"PropertyValueSpecification","valueRequired":true,"valueName":"search_term_string"}}],"inLanguage":"es"},{"@type":"Person","@id":"https:\/\/reporteroshoy.mx\/noticias\/#\/schema\/person\/948520f0d88b01be2e5266bc4acbbc15","name":"Reporteros Hoy IM","image":{"@type":"ImageObject","inLanguage":"es","@id":"https:\/\/secure.gravatar.com\/avatar\/d843030b96552826ac048bdfe26f2895604b800ed0c880ee55765a74d95dfc65?s=96&d=mm&r=g","url":"https:\/\/secure.gravatar.com\/avatar\/d843030b96552826ac048bdfe26f2895604b800ed0c880ee55765a74d95dfc65?s=96&d=mm&r=g","contentUrl":"https:\/\/secure.gravatar.com\/avatar\/d843030b96552826ac048bdfe26f2895604b800ed0c880ee55765a74d95dfc65?s=96&d=mm&r=g","caption":"Reporteros Hoy IM"},"url":"https:\/\/reporteroshoy.mx\/noticias\/author\/israel\/"}]}},"_links":{"self":[{"href":"https:\/\/reporteroshoy.mx\/noticias\/wp-json\/wp\/v2\/posts\/106829","targetHints":{"allow":["GET"]}}],"collection":[{"href":"https:\/\/reporteroshoy.mx\/noticias\/wp-json\/wp\/v2\/posts"}],"about":[{"href":"https:\/\/reporteroshoy.mx\/noticias\/wp-json\/wp\/v2\/types\/post"}],"author":[{"embeddable":true,"href":"https:\/\/reporteroshoy.mx\/noticias\/wp-json\/wp\/v2\/users\/5"}],"replies":[{"embeddable":true,"href":"https:\/\/reporteroshoy.mx\/noticias\/wp-json\/wp\/v2\/comments?post=106829"}],"version-history":[{"count":0,"href":"https:\/\/reporteroshoy.mx\/noticias\/wp-json\/wp\/v2\/posts\/106829\/revisions"}],"wp:featuredmedia":[{"embeddable":true,"href":"https:\/\/reporteroshoy.mx\/noticias\/wp-json\/wp\/v2\/media\/106830"}],"wp:attachment":[{"href":"https:\/\/reporteroshoy.mx\/noticias\/wp-json\/wp\/v2\/media?parent=106829"}],"wp:term":[{"taxonomy":"category","embeddable":true,"href":"https:\/\/reporteroshoy.mx\/noticias\/wp-json\/wp\/v2\/categories?post=106829"},{"taxonomy":"post_tag","embeddable":true,"href":"https:\/\/reporteroshoy.mx\/noticias\/wp-json\/wp\/v2\/tags?post=106829"}],"curies":[{"name":"wp","href":"https:\/\/api.w.org\/{rel}","templated":true}]}}