{"id":107587,"date":"2023-11-22T11:42:35","date_gmt":"2023-11-22T17:42:35","guid":{"rendered":"https:\/\/reporteroshoy.mx\/noticias\/?p=107587"},"modified":"2023-11-22T12:03:17","modified_gmt":"2023-11-22T18:03:17","slug":"registran-coalicion-fuerza-y-corazon-ante-el-ine","status":"publish","type":"post","link":"https:\/\/reporteroshoy.mx\/noticias\/registran-coalicion-fuerza-y-corazon-ante-el-ine\/","title":{"rendered":"Registran Coalici\u00f3n Fuerza y Coraz\u00f3n ante el INE"},"content":{"rendered":"<p style=\"text-align: justify;\">El PAN, PRI y PRD registraron ante el Instituto Nacional Electoral la Coalici\u00f3n Fuerza y Coraz\u00f3n por M\u00e9xico para la Presidencia de la Rep\u00fablica y el Congreso Federal.<\/p>\n<p style=\"text-align: justify;\">Los dirigentes Marko Cort\u00e9s, Alejandro Moreno y Jes\u00fas Zambrano intercambiaron propuestas y generaron un amplio consenso y acuerdo para fortalecer a X\u00f3chitl G\u00e1lvez y lograr lo mejor para el pa\u00eds.<\/p>\n<p><img loading=\"lazy\" decoding=\"async\" class=\"alignnone size-full wp-image-107586\" src=\"https:\/\/reporteroshoy.mx\/noticias\/wp-content\/uploads\/2023\/11\/39245-1-22_51_48-scaled.jpg\" alt=\"\" width=\"768\" height=\"576\" \/><\/p>\n<p style=\"text-align: justify;\">Con entusiasmo y convicci\u00f3n de triunfo, acudieron a registrar la Coalici\u00f3n Fuerza y Coraz\u00f3n por M\u00e9xico ante el Instituto Nacional Electoral.<\/p>\n<p style=\"text-align: justify;\">La intenci\u00f3n es corregir el rumbo de M\u00e9xico, ganando la Presidencia de la Rep\u00fablica y logrando la mayor\u00eda en el Congreso Federal.<\/p>\n<p style=\"text-align: justify;\">Se trata de un acuerdo plural por el bien de M\u00e9xico, con la suma de las tres fuerzas pol\u00edticas nacionales opositoras y, como ocurre en las democracias modernas, impulsar un gobierno de coalici\u00f3n; todos los acuerdos tienen por objetivo privilegiar y representar los intereses de las y los mexicanos.<\/p>\n<p style=\"text-align: justify;\">Las tres principales fuerzas de oposici\u00f3n ir\u00e1n juntas en lo fundamental con una agenda com\u00fan de gobierno y una agenda legislativa.<\/p>\n<p style=\"text-align: justify;\">Los dirigentes nacionales Marko Cort\u00e9s Mendoza, Alejandro Moreno C\u00e1rdenas y Jes\u00fas Zambrano Grijalva celebraron el acuerdo y refrendaron su compromiso con las mejores causas de M\u00e9xico.<\/p>\n<p><strong>Leer tambi\u00e9n:<\/strong> <a href=\"https:\/\/reporteroshoy.mx\/noticias\/rolando-zapata-a-favor-de-la-alianza-con-el-pan-en-yucatan\/\">Rolando Zapata a favor de la alianza con el PAN en Yucat\u00e1n<\/a><\/p>\n<p style=\"text-align: justify;\">En 30 entidades federativas ir\u00e1n juntos con la figura de la candidatura com\u00fan.<\/p>\n","protected":false},"excerpt":{"rendered":"<p>El Frente Amplio por M\u00e9xico se convirti\u00f3 en la coalici\u00f3n Fuerza y Coraz\u00f3n que est\u00e1 integrada por el PAN, PRI y PRD. <\/p>\n","protected":false},"author":5,"featured_media":107586,"comment_status":"open","ping_status":"closed","sticky":false,"template":"","format":"standard","meta":{"footnotes":""},"categories":[24410],"tags":[24668,25401,1742],"class_list":["post-107587","post","type-post","status-publish","format-standard","has-post-thumbnail","hentry","category-politica","tag-frente-amplio-por-mexico","tag-fuerza-y-corazon","tag-ine"],"yoast_head":"<!-- This site is optimized with the Yoast SEO plugin v28.4 - https:\/\/yoast.com\/product\/yoast-seo-wordpress\/ -->\n<title>Registran Coalici\u00f3n Fuerza y Coraz\u00f3n ante el INE<\/title>\n<meta name=\"description\" content=\"El Frente Amplio por M\u00e9xico se convirti\u00f3 en la coalici\u00f3n Fuerza y Coraz\u00f3n que est\u00e1 integrada por el PAN, PRI y PRD.\" \/>\n<meta name=\"robots\" content=\"index, follow, max-snippet:-1, max-image-preview:large, max-video-preview:-1\" \/>\n<link rel=\"canonical\" href=\"https:\/\/reporteroshoy.mx\/noticias\/registran-coalicion-fuerza-y-corazon-ante-el-ine\/\" \/>\n<meta property=\"og:locale\" content=\"es_ES\" \/>\n<meta property=\"og:type\" content=\"article\" \/>\n<meta property=\"og:title\" content=\"Registran Coalici\u00f3n Fuerza y Coraz\u00f3n ante el INE\" \/>\n<meta property=\"og:description\" content=\"El Frente Amplio por M\u00e9xico se convirti\u00f3 en la coalici\u00f3n Fuerza y Coraz\u00f3n que est\u00e1 integrada por el PAN, PRI y PRD.\" \/>\n<meta property=\"og:url\" content=\"https:\/\/reporteroshoy.mx\/noticias\/registran-coalicion-fuerza-y-corazon-ante-el-ine\/\" \/>\n<meta property=\"og:site_name\" content=\"Reporteros Hoy | Noticias de Yucat\u00e1n\" \/>\n<meta property=\"article:publisher\" content=\"http:\/\/www.facebook.com\/reporteroshoymx\" \/>\n<meta property=\"article:published_time\" content=\"2023-11-22T17:42:35+00:00\" \/>\n<meta property=\"article:modified_time\" content=\"2023-11-22T18:03:17+00:00\" \/>\n<meta property=\"og:image\" content=\"https:\/\/reporteroshoy.mx\/noticias\/wp-content\/uploads\/2023\/11\/39245-1-22_51_48-scaled.jpg\" \/>\n\t<meta property=\"og:image:width\" content=\"768\" \/>\n\t<meta property=\"og:image:height\" content=\"576\" \/>\n\t<meta property=\"og:image:type\" content=\"image\/jpeg\" \/>\n<meta name=\"author\" content=\"Reporteros Hoy IM\" \/>\n<meta name=\"twitter:card\" content=\"summary_large_image\" \/>\n<meta name=\"twitter:creator\" content=\"@reporteroshoy\" \/>\n<meta name=\"twitter:site\" content=\"@reporteroshoy\" \/>\n<meta name=\"twitter:label1\" content=\"Escrito por\" \/>\n\t<meta name=\"twitter:data1\" content=\"Reporteros Hoy IM\" \/>\n\t<meta name=\"twitter:label2\" content=\"Tiempo de lectura\" \/>\n\t<meta name=\"twitter:data2\" content=\"2 minutos\" \/>\n<script type=\"application\/ld+json\" class=\"yoast-schema-graph\">{\"@context\":\"https:\\\/\\\/schema.org\",\"@graph\":[{\"@type\":\"Article\",\"@id\":\"https:\\\/\\\/reporteroshoy.mx\\\/noticias\\\/registran-coalicion-fuerza-y-corazon-ante-el-ine\\\/#article\",\"isPartOf\":{\"@id\":\"https:\\\/\\\/reporteroshoy.mx\\\/noticias\\\/registran-coalicion-fuerza-y-corazon-ante-el-ine\\\/\"},\"author\":{\"name\":\"Reporteros Hoy IM\",\"@id\":\"https:\\\/\\\/reporteroshoy.mx\\\/noticias\\\/#\\\/schema\\\/person\\\/948520f0d88b01be2e5266bc4acbbc15\"},\"headline\":\"Registran Coalici\u00f3n Fuerza y Coraz\u00f3n ante el INE\",\"datePublished\":\"2023-11-22T17:42:35+00:00\",\"dateModified\":\"2023-11-22T18:03:17+00:00\",\"mainEntityOfPage\":{\"@id\":\"https:\\\/\\\/reporteroshoy.mx\\\/noticias\\\/registran-coalicion-fuerza-y-corazon-ante-el-ine\\\/\"},\"wordCount\":264,\"commentCount\":0,\"image\":{\"@id\":\"https:\\\/\\\/reporteroshoy.mx\\\/noticias\\\/registran-coalicion-fuerza-y-corazon-ante-el-ine\\\/#primaryimage\"},\"thumbnailUrl\":\"https:\\\/\\\/reporteroshoy.mx\\\/noticias\\\/wp-content\\\/uploads\\\/2023\\\/11\\\/39245-1-22_51_48-scaled.jpg\",\"keywords\":[\"Frente Amplio por M\u00e9xico\",\"Fuerza y Coraz\u00f3n\",\"INE\"],\"articleSection\":[\"Pol\u00edtica\"],\"inLanguage\":\"es\",\"potentialAction\":[{\"@type\":\"CommentAction\",\"name\":\"Comment\",\"target\":[\"https:\\\/\\\/reporteroshoy.mx\\\/noticias\\\/registran-coalicion-fuerza-y-corazon-ante-el-ine\\\/#respond\"]}]},{\"@type\":\"WebPage\",\"@id\":\"https:\\\/\\\/reporteroshoy.mx\\\/noticias\\\/registran-coalicion-fuerza-y-corazon-ante-el-ine\\\/\",\"url\":\"https:\\\/\\\/reporteroshoy.mx\\\/noticias\\\/registran-coalicion-fuerza-y-corazon-ante-el-ine\\\/\",\"name\":\"Registran Coalici\u00f3n Fuerza y Coraz\u00f3n ante el INE\",\"isPartOf\":{\"@id\":\"https:\\\/\\\/reporteroshoy.mx\\\/noticias\\\/#website\"},\"primaryImageOfPage\":{\"@id\":\"https:\\\/\\\/reporteroshoy.mx\\\/noticias\\\/registran-coalicion-fuerza-y-corazon-ante-el-ine\\\/#primaryimage\"},\"image\":{\"@id\":\"https:\\\/\\\/reporteroshoy.mx\\\/noticias\\\/registran-coalicion-fuerza-y-corazon-ante-el-ine\\\/#primaryimage\"},\"thumbnailUrl\":\"https:\\\/\\\/reporteroshoy.mx\\\/noticias\\\/wp-content\\\/uploads\\\/2023\\\/11\\\/39245-1-22_51_48-scaled.jpg\",\"datePublished\":\"2023-11-22T17:42:35+00:00\",\"dateModified\":\"2023-11-22T18:03:17+00:00\",\"author\":{\"@id\":\"https:\\\/\\\/reporteroshoy.mx\\\/noticias\\\/#\\\/schema\\\/person\\\/948520f0d88b01be2e5266bc4acbbc15\"},\"description\":\"El Frente Amplio por M\u00e9xico se convirti\u00f3 en la coalici\u00f3n Fuerza y Coraz\u00f3n que est\u00e1 integrada por el PAN, PRI y PRD.\",\"breadcrumb\":{\"@id\":\"https:\\\/\\\/reporteroshoy.mx\\\/noticias\\\/registran-coalicion-fuerza-y-corazon-ante-el-ine\\\/#breadcrumb\"},\"inLanguage\":\"es\",\"potentialAction\":[{\"@type\":\"ReadAction\",\"target\":[\"https:\\\/\\\/reporteroshoy.mx\\\/noticias\\\/registran-coalicion-fuerza-y-corazon-ante-el-ine\\\/\"]}]},{\"@type\":\"ImageObject\",\"inLanguage\":\"es\",\"@id\":\"https:\\\/\\\/reporteroshoy.mx\\\/noticias\\\/registran-coalicion-fuerza-y-corazon-ante-el-ine\\\/#primaryimage\",\"url\":\"https:\\\/\\\/reporteroshoy.mx\\\/noticias\\\/wp-content\\\/uploads\\\/2023\\\/11\\\/39245-1-22_51_48-scaled.jpg\",\"contentUrl\":\"https:\\\/\\\/reporteroshoy.mx\\\/noticias\\\/wp-content\\\/uploads\\\/2023\\\/11\\\/39245-1-22_51_48-scaled.jpg\",\"width\":768,\"height\":576},{\"@type\":\"BreadcrumbList\",\"@id\":\"https:\\\/\\\/reporteroshoy.mx\\\/noticias\\\/registran-coalicion-fuerza-y-corazon-ante-el-ine\\\/#breadcrumb\",\"itemListElement\":[{\"@type\":\"ListItem\",\"position\":1,\"name\":\"Portada\",\"item\":\"https:\\\/\\\/reporteroshoy.mx\\\/noticias\\\/\"},{\"@type\":\"ListItem\",\"position\":2,\"name\":\"Registran Coalici\u00f3n Fuerza y Coraz\u00f3n ante el INE\"}]},{\"@type\":\"WebSite\",\"@id\":\"https:\\\/\\\/reporteroshoy.mx\\\/noticias\\\/#website\",\"url\":\"https:\\\/\\\/reporteroshoy.mx\\\/noticias\\\/\",\"name\":\"Reporteros Hoy | Noticias de Yucat\u00e1n\",\"description\":\"Peri\u00f3dico digital con noticias diarias desde M\u00e9rida, Yucat\u00e1n para el mundo.\",\"potentialAction\":[{\"@type\":\"SearchAction\",\"target\":{\"@type\":\"EntryPoint\",\"urlTemplate\":\"https:\\\/\\\/reporteroshoy.mx\\\/noticias\\\/?s={search_term_string}\"},\"query-input\":{\"@type\":\"PropertyValueSpecification\",\"valueRequired\":true,\"valueName\":\"search_term_string\"}}],\"inLanguage\":\"es\"},{\"@type\":\"Person\",\"@id\":\"https:\\\/\\\/reporteroshoy.mx\\\/noticias\\\/#\\\/schema\\\/person\\\/948520f0d88b01be2e5266bc4acbbc15\",\"name\":\"Reporteros Hoy IM\",\"image\":{\"@type\":\"ImageObject\",\"inLanguage\":\"es\",\"@id\":\"https:\\\/\\\/secure.gravatar.com\\\/avatar\\\/d843030b96552826ac048bdfe26f2895604b800ed0c880ee55765a74d95dfc65?s=96&d=mm&r=g\",\"url\":\"https:\\\/\\\/secure.gravatar.com\\\/avatar\\\/d843030b96552826ac048bdfe26f2895604b800ed0c880ee55765a74d95dfc65?s=96&d=mm&r=g\",\"contentUrl\":\"https:\\\/\\\/secure.gravatar.com\\\/avatar\\\/d843030b96552826ac048bdfe26f2895604b800ed0c880ee55765a74d95dfc65?s=96&d=mm&r=g\",\"caption\":\"Reporteros Hoy IM\"},\"url\":\"https:\\\/\\\/reporteroshoy.mx\\\/noticias\\\/author\\\/israel\\\/\"}]}<\/script>\n<!-- \/ Yoast SEO plugin. -->","yoast_head_json":{"title":"Registran Coalici\u00f3n Fuerza y Coraz\u00f3n ante el INE","description":"El Frente Amplio por M\u00e9xico se convirti\u00f3 en la coalici\u00f3n Fuerza y Coraz\u00f3n que est\u00e1 integrada por el PAN, PRI y PRD.","robots":{"index":"index","follow":"follow","max-snippet":"max-snippet:-1","max-image-preview":"max-image-preview:large","max-video-preview":"max-video-preview:-1"},"canonical":"https:\/\/reporteroshoy.mx\/noticias\/registran-coalicion-fuerza-y-corazon-ante-el-ine\/","og_locale":"es_ES","og_type":"article","og_title":"Registran Coalici\u00f3n Fuerza y Coraz\u00f3n ante el INE","og_description":"El Frente Amplio por M\u00e9xico se convirti\u00f3 en la coalici\u00f3n Fuerza y Coraz\u00f3n que est\u00e1 integrada por el PAN, PRI y PRD.","og_url":"https:\/\/reporteroshoy.mx\/noticias\/registran-coalicion-fuerza-y-corazon-ante-el-ine\/","og_site_name":"Reporteros Hoy | Noticias de Yucat\u00e1n","article_publisher":"http:\/\/www.facebook.com\/reporteroshoymx","article_published_time":"2023-11-22T17:42:35+00:00","article_modified_time":"2023-11-22T18:03:17+00:00","og_image":[{"width":768,"height":576,"url":"https:\/\/reporteroshoy.mx\/noticias\/wp-content\/uploads\/2023\/11\/39245-1-22_51_48-scaled.jpg","type":"image\/jpeg"}],"author":"Reporteros Hoy IM","twitter_card":"summary_large_image","twitter_creator":"@reporteroshoy","twitter_site":"@reporteroshoy","twitter_misc":{"Escrito por":"Reporteros Hoy IM","Tiempo de lectura":"2 minutos"},"schema":{"@context":"https:\/\/schema.org","@graph":[{"@type":"Article","@id":"https:\/\/reporteroshoy.mx\/noticias\/registran-coalicion-fuerza-y-corazon-ante-el-ine\/#article","isPartOf":{"@id":"https:\/\/reporteroshoy.mx\/noticias\/registran-coalicion-fuerza-y-corazon-ante-el-ine\/"},"author":{"name":"Reporteros Hoy IM","@id":"https:\/\/reporteroshoy.mx\/noticias\/#\/schema\/person\/948520f0d88b01be2e5266bc4acbbc15"},"headline":"Registran Coalici\u00f3n Fuerza y Coraz\u00f3n ante el INE","datePublished":"2023-11-22T17:42:35+00:00","dateModified":"2023-11-22T18:03:17+00:00","mainEntityOfPage":{"@id":"https:\/\/reporteroshoy.mx\/noticias\/registran-coalicion-fuerza-y-corazon-ante-el-ine\/"},"wordCount":264,"commentCount":0,"image":{"@id":"https:\/\/reporteroshoy.mx\/noticias\/registran-coalicion-fuerza-y-corazon-ante-el-ine\/#primaryimage"},"thumbnailUrl":"https:\/\/reporteroshoy.mx\/noticias\/wp-content\/uploads\/2023\/11\/39245-1-22_51_48-scaled.jpg","keywords":["Frente Amplio por M\u00e9xico","Fuerza y Coraz\u00f3n","INE"],"articleSection":["Pol\u00edtica"],"inLanguage":"es","potentialAction":[{"@type":"CommentAction","name":"Comment","target":["https:\/\/reporteroshoy.mx\/noticias\/registran-coalicion-fuerza-y-corazon-ante-el-ine\/#respond"]}]},{"@type":"WebPage","@id":"https:\/\/reporteroshoy.mx\/noticias\/registran-coalicion-fuerza-y-corazon-ante-el-ine\/","url":"https:\/\/reporteroshoy.mx\/noticias\/registran-coalicion-fuerza-y-corazon-ante-el-ine\/","name":"Registran Coalici\u00f3n Fuerza y Coraz\u00f3n ante el INE","isPartOf":{"@id":"https:\/\/reporteroshoy.mx\/noticias\/#website"},"primaryImageOfPage":{"@id":"https:\/\/reporteroshoy.mx\/noticias\/registran-coalicion-fuerza-y-corazon-ante-el-ine\/#primaryimage"},"image":{"@id":"https:\/\/reporteroshoy.mx\/noticias\/registran-coalicion-fuerza-y-corazon-ante-el-ine\/#primaryimage"},"thumbnailUrl":"https:\/\/reporteroshoy.mx\/noticias\/wp-content\/uploads\/2023\/11\/39245-1-22_51_48-scaled.jpg","datePublished":"2023-11-22T17:42:35+00:00","dateModified":"2023-11-22T18:03:17+00:00","author":{"@id":"https:\/\/reporteroshoy.mx\/noticias\/#\/schema\/person\/948520f0d88b01be2e5266bc4acbbc15"},"description":"El Frente Amplio por M\u00e9xico se convirti\u00f3 en la coalici\u00f3n Fuerza y Coraz\u00f3n que est\u00e1 integrada por el PAN, PRI y PRD.","breadcrumb":{"@id":"https:\/\/reporteroshoy.mx\/noticias\/registran-coalicion-fuerza-y-corazon-ante-el-ine\/#breadcrumb"},"inLanguage":"es","potentialAction":[{"@type":"ReadAction","target":["https:\/\/reporteroshoy.mx\/noticias\/registran-coalicion-fuerza-y-corazon-ante-el-ine\/"]}]},{"@type":"ImageObject","inLanguage":"es","@id":"https:\/\/reporteroshoy.mx\/noticias\/registran-coalicion-fuerza-y-corazon-ante-el-ine\/#primaryimage","url":"https:\/\/reporteroshoy.mx\/noticias\/wp-content\/uploads\/2023\/11\/39245-1-22_51_48-scaled.jpg","contentUrl":"https:\/\/reporteroshoy.mx\/noticias\/wp-content\/uploads\/2023\/11\/39245-1-22_51_48-scaled.jpg","width":768,"height":576},{"@type":"BreadcrumbList","@id":"https:\/\/reporteroshoy.mx\/noticias\/registran-coalicion-fuerza-y-corazon-ante-el-ine\/#breadcrumb","itemListElement":[{"@type":"ListItem","position":1,"name":"Portada","item":"https:\/\/reporteroshoy.mx\/noticias\/"},{"@type":"ListItem","position":2,"name":"Registran Coalici\u00f3n Fuerza y Coraz\u00f3n ante el INE"}]},{"@type":"WebSite","@id":"https:\/\/reporteroshoy.mx\/noticias\/#website","url":"https:\/\/reporteroshoy.mx\/noticias\/","name":"Reporteros Hoy | Noticias de Yucat\u00e1n","description":"Peri\u00f3dico digital con noticias diarias desde M\u00e9rida, Yucat\u00e1n para el mundo.","potentialAction":[{"@type":"SearchAction","target":{"@type":"EntryPoint","urlTemplate":"https:\/\/reporteroshoy.mx\/noticias\/?s={search_term_string}"},"query-input":{"@type":"PropertyValueSpecification","valueRequired":true,"valueName":"search_term_string"}}],"inLanguage":"es"},{"@type":"Person","@id":"https:\/\/reporteroshoy.mx\/noticias\/#\/schema\/person\/948520f0d88b01be2e5266bc4acbbc15","name":"Reporteros Hoy IM","image":{"@type":"ImageObject","inLanguage":"es","@id":"https:\/\/secure.gravatar.com\/avatar\/d843030b96552826ac048bdfe26f2895604b800ed0c880ee55765a74d95dfc65?s=96&d=mm&r=g","url":"https:\/\/secure.gravatar.com\/avatar\/d843030b96552826ac048bdfe26f2895604b800ed0c880ee55765a74d95dfc65?s=96&d=mm&r=g","contentUrl":"https:\/\/secure.gravatar.com\/avatar\/d843030b96552826ac048bdfe26f2895604b800ed0c880ee55765a74d95dfc65?s=96&d=mm&r=g","caption":"Reporteros Hoy IM"},"url":"https:\/\/reporteroshoy.mx\/noticias\/author\/israel\/"}]}},"_links":{"self":[{"href":"https:\/\/reporteroshoy.mx\/noticias\/wp-json\/wp\/v2\/posts\/107587","targetHints":{"allow":["GET"]}}],"collection":[{"href":"https:\/\/reporteroshoy.mx\/noticias\/wp-json\/wp\/v2\/posts"}],"about":[{"href":"https:\/\/reporteroshoy.mx\/noticias\/wp-json\/wp\/v2\/types\/post"}],"author":[{"embeddable":true,"href":"https:\/\/reporteroshoy.mx\/noticias\/wp-json\/wp\/v2\/users\/5"}],"replies":[{"embeddable":true,"href":"https:\/\/reporteroshoy.mx\/noticias\/wp-json\/wp\/v2\/comments?post=107587"}],"version-history":[{"count":0,"href":"https:\/\/reporteroshoy.mx\/noticias\/wp-json\/wp\/v2\/posts\/107587\/revisions"}],"wp:featuredmedia":[{"embeddable":true,"href":"https:\/\/reporteroshoy.mx\/noticias\/wp-json\/wp\/v2\/media\/107586"}],"wp:attachment":[{"href":"https:\/\/reporteroshoy.mx\/noticias\/wp-json\/wp\/v2\/media?parent=107587"}],"wp:term":[{"taxonomy":"category","embeddable":true,"href":"https:\/\/reporteroshoy.mx\/noticias\/wp-json\/wp\/v2\/categories?post=107587"},{"taxonomy":"post_tag","embeddable":true,"href":"https:\/\/reporteroshoy.mx\/noticias\/wp-json\/wp\/v2\/tags?post=107587"}],"curies":[{"name":"wp","href":"https:\/\/api.w.org\/{rel}","templated":true}]}}