{"id":107979,"date":"2023-12-04T10:32:41","date_gmt":"2023-12-04T16:32:41","guid":{"rendered":"https:\/\/reporteroshoy.mx\/noticias\/?p=107979"},"modified":"2023-12-04T10:32:41","modified_gmt":"2023-12-04T16:32:41","slug":"desempleo-en-yucatan-alcanza-su-minimo-historico","status":"publish","type":"post","link":"https:\/\/reporteroshoy.mx\/noticias\/desempleo-en-yucatan-alcanza-su-minimo-historico\/","title":{"rendered":"Desempleo en Yucat\u00e1n alcanza su m\u00ednimo hist\u00f3rico"},"content":{"rendered":"<p style=\"text-align: justify;\">En los primeros nueve meses de 2023, Yucat\u00e1n ha alcanzado una hist\u00f3rica tasa de desempleo del 1.9%, superando el promedio nacional del 2.8%. La pol\u00edtica de promoci\u00f3n liderada por el Gobernador Mauricio Vila Dosal, destinada a atraer nuevas inversiones que generen oportunidades mejoradas para las familias yucatecas, ha tenido \u00e9xito, como testimonian estos resultados.<\/p>\n<p style=\"text-align: justify;\">Seg\u00fan la Encuesta Nacional de Ocupaci\u00f3n y Empleo del Inegi, Yucat\u00e1n se destac\u00f3 como una de las primeras cuatro entidades en todo el pa\u00eds con la tasa de desocupaci\u00f3n m\u00e1s baja. En el tercer trimestre de 2023, la tasa de desocupaci\u00f3n fue del 2.1%, por debajo del promedio nacional del 3%, situando a Yucat\u00e1n en el sexto lugar con menor desocupaci\u00f3n en M\u00e9xico.<\/p>\n<p style=\"text-align: justify;\">En este mismo periodo, la entidad experiment\u00f3 un notable aumento del 20.8% en el n\u00famero de empleadores, alcanzando los 74,600, duplicando el crecimiento a nivel nacional del 9.0% y situ\u00e1ndose en el sexto lugar con el mayor incremento.<\/p>\n<p><img loading=\"lazy\" decoding=\"async\" class=\"wp-image-107980 aligncenter\" src=\"https:\/\/reporteroshoy.mx\/noticias\/wp-content\/uploads\/2023\/12\/Desempleo.png\" alt=\"\" width=\"602\" height=\"339\" \/><\/p>\n<p style=\"text-align: justify;\">Estos indicadores reflejan el momento hist\u00f3rico que vive Yucat\u00e1n, con 2021 como el mejor a\u00f1o en crecimiento econ\u00f3mico y generaci\u00f3n de empleo, seguido por un 2022 que marc\u00f3 un r\u00e9cord en inversi\u00f3n extranjera directa y afluencia tur\u00edstica. Estos logros son resultado de la destacada promoci\u00f3n a nivel nacional e internacional liderada por Vila Dosal, colocando a la regi\u00f3n en la mira del mundo.<\/p>\n<h4><strong>En los \u00faltimos 5 a\u00f1os se logr\u00f3&#8230;<\/strong><\/h4>\n<p style=\"text-align: justify;\">En los \u00faltimos cinco a\u00f1os de la administraci\u00f3n de Mauricio Vila Dosal, se lograron atraer m\u00e1s de 350 proyectos de inversi\u00f3n en diversos sectores, incluyendo Tecnolog\u00edas de la Informaci\u00f3n, aeroespacial, inmobiliario, agroindustrial, construcci\u00f3n y log\u00edstica, con la participaci\u00f3n de marcas reconocidas internacionalmente como Accenture, Amazon, Walmart, Airbus, Heineken, Uchiyama, Woodgenix, Preh, y otras m\u00e1s.<\/p>\n<p><em><strong>Te interesa:\u00a0<a href=\"https:\/\/reporteroshoy.mx\/noticias\/mauricio-vila-y-amazon-refuerzan-inversion-en-yucatan\/\">Mauricio Vila y Amazon refuerzan inversi\u00f3n en Yucat\u00e1n<\/a><\/strong><\/em><\/p>\n<p style=\"text-align: justify;\">Un ejemplo de estas inversiones es la instalaci\u00f3n del primer Centro de Distribuci\u00f3n de Mercado Libre en el sureste del pa\u00eds, ubicado en Um\u00e1n, con la creaci\u00f3n de 250 empleos y la proyecci\u00f3n de llegar a 1,000 colaboradores. Esta inversi\u00f3n se suma a otras importantes, como las de Farmacias Similares, Amazon y Walmart.<\/p>\n<p style=\"text-align: justify;\">En consecuencia, la administraci\u00f3n de Vila Dosal reafirma su compromiso de continuar trabajando en equipo para seguir generando empleos de calidad, impulsando la econom\u00eda local y mejorando la calidad de vida de las familias yucatecas.<\/p>\n","protected":false},"excerpt":{"rendered":"<p>En los primeros nueve meses de 2023, Yucat\u00e1n ha registrado un m\u00ednimo hist\u00f3rico de desempleo, situ\u00e1ndose en el 1.9%.<\/p>\n","protected":false},"author":9,"featured_media":107980,"comment_status":"open","ping_status":"closed","sticky":false,"template":"","format":"standard","meta":{"footnotes":""},"categories":[17],"tags":[3152,533,19],"class_list":["post-107979","post","type-post","status-publish","format-standard","has-post-thumbnail","hentry","category-yucatan","tag-desempleo","tag-gobierno-de-yucatan","tag-mauricio-vila"],"yoast_head":"<!-- This site is optimized with the Yoast SEO plugin v28.4 - https:\/\/yoast.com\/product\/yoast-seo-wordpress\/ -->\n<title>Desempleo en Yucat\u00e1n alcanza su m\u00ednimo hist\u00f3rico<\/title>\n<meta name=\"description\" content=\"En los primeros nueve meses de 2023, Yucat\u00e1n ha registrado un m\u00ednimo hist\u00f3rico de desempleo, situ\u00e1ndose en el 1.9%.\" \/>\n<meta name=\"robots\" content=\"index, follow, max-snippet:-1, max-image-preview:large, max-video-preview:-1\" \/>\n<link rel=\"canonical\" href=\"https:\/\/reporteroshoy.mx\/noticias\/desempleo-en-yucatan-alcanza-su-minimo-historico\/\" \/>\n<meta property=\"og:locale\" content=\"es_ES\" \/>\n<meta property=\"og:type\" content=\"article\" \/>\n<meta property=\"og:title\" content=\"Desempleo en Yucat\u00e1n alcanza su m\u00ednimo hist\u00f3rico\" \/>\n<meta property=\"og:description\" content=\"En los primeros nueve meses de 2023, Yucat\u00e1n ha registrado un m\u00ednimo hist\u00f3rico de desempleo, situ\u00e1ndose en el 1.9%.\" \/>\n<meta property=\"og:url\" content=\"https:\/\/reporteroshoy.mx\/noticias\/desempleo-en-yucatan-alcanza-su-minimo-historico\/\" \/>\n<meta property=\"og:site_name\" content=\"Reporteros Hoy | Noticias de Yucat\u00e1n\" \/>\n<meta property=\"article:publisher\" content=\"http:\/\/www.facebook.com\/reporteroshoymx\" \/>\n<meta property=\"article:published_time\" content=\"2023-12-04T16:32:41+00:00\" \/>\n<meta property=\"og:image\" content=\"https:\/\/reporteroshoy.mx\/noticias\/wp-content\/uploads\/2023\/12\/Desempleo.png\" \/>\n\t<meta property=\"og:image:width\" content=\"768\" \/>\n\t<meta property=\"og:image:height\" content=\"432\" \/>\n\t<meta property=\"og:image:type\" content=\"image\/png\" \/>\n<meta name=\"author\" content=\"Reporteros Hoy WP\" \/>\n<meta name=\"twitter:card\" content=\"summary_large_image\" \/>\n<meta name=\"twitter:creator\" content=\"@reporteroshoy\" \/>\n<meta name=\"twitter:site\" content=\"@reporteroshoy\" \/>\n<meta name=\"twitter:label1\" content=\"Escrito por\" \/>\n\t<meta name=\"twitter:data1\" content=\"Reporteros Hoy WP\" \/>\n\t<meta name=\"twitter:label2\" content=\"Tiempo de lectura\" \/>\n\t<meta name=\"twitter:data2\" content=\"2 minutos\" \/>\n<script type=\"application\/ld+json\" class=\"yoast-schema-graph\">{\"@context\":\"https:\\\/\\\/schema.org\",\"@graph\":[{\"@type\":\"Article\",\"@id\":\"https:\\\/\\\/reporteroshoy.mx\\\/noticias\\\/desempleo-en-yucatan-alcanza-su-minimo-historico\\\/#article\",\"isPartOf\":{\"@id\":\"https:\\\/\\\/reporteroshoy.mx\\\/noticias\\\/desempleo-en-yucatan-alcanza-su-minimo-historico\\\/\"},\"author\":{\"name\":\"Reporteros Hoy WP\",\"@id\":\"https:\\\/\\\/reporteroshoy.mx\\\/noticias\\\/#\\\/schema\\\/person\\\/c977527e57c958a62c5cefe8fe47876e\"},\"headline\":\"Desempleo en Yucat\u00e1n alcanza su m\u00ednimo hist\u00f3rico\",\"datePublished\":\"2023-12-04T16:32:41+00:00\",\"mainEntityOfPage\":{\"@id\":\"https:\\\/\\\/reporteroshoy.mx\\\/noticias\\\/desempleo-en-yucatan-alcanza-su-minimo-historico\\\/\"},\"wordCount\":420,\"commentCount\":0,\"image\":{\"@id\":\"https:\\\/\\\/reporteroshoy.mx\\\/noticias\\\/desempleo-en-yucatan-alcanza-su-minimo-historico\\\/#primaryimage\"},\"thumbnailUrl\":\"https:\\\/\\\/reporteroshoy.mx\\\/noticias\\\/wp-content\\\/uploads\\\/2023\\\/12\\\/Desempleo.png\",\"keywords\":[\"Desempleo\",\"Gobierno de Yucat\u00e1n\",\"Mauricio Vila\"],\"articleSection\":[\"Yucat\u00e1n\"],\"inLanguage\":\"es\",\"potentialAction\":[{\"@type\":\"CommentAction\",\"name\":\"Comment\",\"target\":[\"https:\\\/\\\/reporteroshoy.mx\\\/noticias\\\/desempleo-en-yucatan-alcanza-su-minimo-historico\\\/#respond\"]}]},{\"@type\":\"WebPage\",\"@id\":\"https:\\\/\\\/reporteroshoy.mx\\\/noticias\\\/desempleo-en-yucatan-alcanza-su-minimo-historico\\\/\",\"url\":\"https:\\\/\\\/reporteroshoy.mx\\\/noticias\\\/desempleo-en-yucatan-alcanza-su-minimo-historico\\\/\",\"name\":\"Desempleo en Yucat\u00e1n alcanza su m\u00ednimo hist\u00f3rico\",\"isPartOf\":{\"@id\":\"https:\\\/\\\/reporteroshoy.mx\\\/noticias\\\/#website\"},\"primaryImageOfPage\":{\"@id\":\"https:\\\/\\\/reporteroshoy.mx\\\/noticias\\\/desempleo-en-yucatan-alcanza-su-minimo-historico\\\/#primaryimage\"},\"image\":{\"@id\":\"https:\\\/\\\/reporteroshoy.mx\\\/noticias\\\/desempleo-en-yucatan-alcanza-su-minimo-historico\\\/#primaryimage\"},\"thumbnailUrl\":\"https:\\\/\\\/reporteroshoy.mx\\\/noticias\\\/wp-content\\\/uploads\\\/2023\\\/12\\\/Desempleo.png\",\"datePublished\":\"2023-12-04T16:32:41+00:00\",\"author\":{\"@id\":\"https:\\\/\\\/reporteroshoy.mx\\\/noticias\\\/#\\\/schema\\\/person\\\/c977527e57c958a62c5cefe8fe47876e\"},\"description\":\"En los primeros nueve meses de 2023, Yucat\u00e1n ha registrado un m\u00ednimo hist\u00f3rico de desempleo, situ\u00e1ndose en el 1.9%.\",\"breadcrumb\":{\"@id\":\"https:\\\/\\\/reporteroshoy.mx\\\/noticias\\\/desempleo-en-yucatan-alcanza-su-minimo-historico\\\/#breadcrumb\"},\"inLanguage\":\"es\",\"potentialAction\":[{\"@type\":\"ReadAction\",\"target\":[\"https:\\\/\\\/reporteroshoy.mx\\\/noticias\\\/desempleo-en-yucatan-alcanza-su-minimo-historico\\\/\"]}]},{\"@type\":\"ImageObject\",\"inLanguage\":\"es\",\"@id\":\"https:\\\/\\\/reporteroshoy.mx\\\/noticias\\\/desempleo-en-yucatan-alcanza-su-minimo-historico\\\/#primaryimage\",\"url\":\"https:\\\/\\\/reporteroshoy.mx\\\/noticias\\\/wp-content\\\/uploads\\\/2023\\\/12\\\/Desempleo.png\",\"contentUrl\":\"https:\\\/\\\/reporteroshoy.mx\\\/noticias\\\/wp-content\\\/uploads\\\/2023\\\/12\\\/Desempleo.png\",\"width\":768,\"height\":432,\"caption\":\"Desempleo en Yucat\u00e1n alcanza su m\u00ednimo hist\u00f3rico\"},{\"@type\":\"BreadcrumbList\",\"@id\":\"https:\\\/\\\/reporteroshoy.mx\\\/noticias\\\/desempleo-en-yucatan-alcanza-su-minimo-historico\\\/#breadcrumb\",\"itemListElement\":[{\"@type\":\"ListItem\",\"position\":1,\"name\":\"Portada\",\"item\":\"https:\\\/\\\/reporteroshoy.mx\\\/noticias\\\/\"},{\"@type\":\"ListItem\",\"position\":2,\"name\":\"Desempleo en Yucat\u00e1n alcanza su m\u00ednimo hist\u00f3rico\"}]},{\"@type\":\"WebSite\",\"@id\":\"https:\\\/\\\/reporteroshoy.mx\\\/noticias\\\/#website\",\"url\":\"https:\\\/\\\/reporteroshoy.mx\\\/noticias\\\/\",\"name\":\"Reporteros Hoy | Noticias de Yucat\u00e1n\",\"description\":\"Peri\u00f3dico digital con noticias diarias desde M\u00e9rida, Yucat\u00e1n para el mundo.\",\"potentialAction\":[{\"@type\":\"SearchAction\",\"target\":{\"@type\":\"EntryPoint\",\"urlTemplate\":\"https:\\\/\\\/reporteroshoy.mx\\\/noticias\\\/?s={search_term_string}\"},\"query-input\":{\"@type\":\"PropertyValueSpecification\",\"valueRequired\":true,\"valueName\":\"search_term_string\"}}],\"inLanguage\":\"es\"},{\"@type\":\"Person\",\"@id\":\"https:\\\/\\\/reporteroshoy.mx\\\/noticias\\\/#\\\/schema\\\/person\\\/c977527e57c958a62c5cefe8fe47876e\",\"name\":\"Reporteros Hoy WP\",\"image\":{\"@type\":\"ImageObject\",\"inLanguage\":\"es\",\"@id\":\"https:\\\/\\\/secure.gravatar.com\\\/avatar\\\/fd2917f79a7dae30f8ac9ddc2f35e1756bb59e25e01d1cd09deaa64df7b2f73e?s=96&d=mm&r=g\",\"url\":\"https:\\\/\\\/secure.gravatar.com\\\/avatar\\\/fd2917f79a7dae30f8ac9ddc2f35e1756bb59e25e01d1cd09deaa64df7b2f73e?s=96&d=mm&r=g\",\"contentUrl\":\"https:\\\/\\\/secure.gravatar.com\\\/avatar\\\/fd2917f79a7dae30f8ac9ddc2f35e1756bb59e25e01d1cd09deaa64df7b2f73e?s=96&d=mm&r=g\",\"caption\":\"Reporteros Hoy WP\"},\"url\":\"https:\\\/\\\/reporteroshoy.mx\\\/noticias\\\/author\\\/walfer\\\/\"}]}<\/script>\n<!-- \/ Yoast SEO plugin. -->","yoast_head_json":{"title":"Desempleo en Yucat\u00e1n alcanza su m\u00ednimo hist\u00f3rico","description":"En los primeros nueve meses de 2023, Yucat\u00e1n ha registrado un m\u00ednimo hist\u00f3rico de desempleo, situ\u00e1ndose en el 1.9%.","robots":{"index":"index","follow":"follow","max-snippet":"max-snippet:-1","max-image-preview":"max-image-preview:large","max-video-preview":"max-video-preview:-1"},"canonical":"https:\/\/reporteroshoy.mx\/noticias\/desempleo-en-yucatan-alcanza-su-minimo-historico\/","og_locale":"es_ES","og_type":"article","og_title":"Desempleo en Yucat\u00e1n alcanza su m\u00ednimo hist\u00f3rico","og_description":"En los primeros nueve meses de 2023, Yucat\u00e1n ha registrado un m\u00ednimo hist\u00f3rico de desempleo, situ\u00e1ndose en el 1.9%.","og_url":"https:\/\/reporteroshoy.mx\/noticias\/desempleo-en-yucatan-alcanza-su-minimo-historico\/","og_site_name":"Reporteros Hoy | Noticias de Yucat\u00e1n","article_publisher":"http:\/\/www.facebook.com\/reporteroshoymx","article_published_time":"2023-12-04T16:32:41+00:00","og_image":[{"width":768,"height":432,"url":"https:\/\/reporteroshoy.mx\/noticias\/wp-content\/uploads\/2023\/12\/Desempleo.png","type":"image\/png"}],"author":"Reporteros Hoy WP","twitter_card":"summary_large_image","twitter_creator":"@reporteroshoy","twitter_site":"@reporteroshoy","twitter_misc":{"Escrito por":"Reporteros Hoy WP","Tiempo de lectura":"2 minutos"},"schema":{"@context":"https:\/\/schema.org","@graph":[{"@type":"Article","@id":"https:\/\/reporteroshoy.mx\/noticias\/desempleo-en-yucatan-alcanza-su-minimo-historico\/#article","isPartOf":{"@id":"https:\/\/reporteroshoy.mx\/noticias\/desempleo-en-yucatan-alcanza-su-minimo-historico\/"},"author":{"name":"Reporteros Hoy WP","@id":"https:\/\/reporteroshoy.mx\/noticias\/#\/schema\/person\/c977527e57c958a62c5cefe8fe47876e"},"headline":"Desempleo en Yucat\u00e1n alcanza su m\u00ednimo hist\u00f3rico","datePublished":"2023-12-04T16:32:41+00:00","mainEntityOfPage":{"@id":"https:\/\/reporteroshoy.mx\/noticias\/desempleo-en-yucatan-alcanza-su-minimo-historico\/"},"wordCount":420,"commentCount":0,"image":{"@id":"https:\/\/reporteroshoy.mx\/noticias\/desempleo-en-yucatan-alcanza-su-minimo-historico\/#primaryimage"},"thumbnailUrl":"https:\/\/reporteroshoy.mx\/noticias\/wp-content\/uploads\/2023\/12\/Desempleo.png","keywords":["Desempleo","Gobierno de Yucat\u00e1n","Mauricio Vila"],"articleSection":["Yucat\u00e1n"],"inLanguage":"es","potentialAction":[{"@type":"CommentAction","name":"Comment","target":["https:\/\/reporteroshoy.mx\/noticias\/desempleo-en-yucatan-alcanza-su-minimo-historico\/#respond"]}]},{"@type":"WebPage","@id":"https:\/\/reporteroshoy.mx\/noticias\/desempleo-en-yucatan-alcanza-su-minimo-historico\/","url":"https:\/\/reporteroshoy.mx\/noticias\/desempleo-en-yucatan-alcanza-su-minimo-historico\/","name":"Desempleo en Yucat\u00e1n alcanza su m\u00ednimo hist\u00f3rico","isPartOf":{"@id":"https:\/\/reporteroshoy.mx\/noticias\/#website"},"primaryImageOfPage":{"@id":"https:\/\/reporteroshoy.mx\/noticias\/desempleo-en-yucatan-alcanza-su-minimo-historico\/#primaryimage"},"image":{"@id":"https:\/\/reporteroshoy.mx\/noticias\/desempleo-en-yucatan-alcanza-su-minimo-historico\/#primaryimage"},"thumbnailUrl":"https:\/\/reporteroshoy.mx\/noticias\/wp-content\/uploads\/2023\/12\/Desempleo.png","datePublished":"2023-12-04T16:32:41+00:00","author":{"@id":"https:\/\/reporteroshoy.mx\/noticias\/#\/schema\/person\/c977527e57c958a62c5cefe8fe47876e"},"description":"En los primeros nueve meses de 2023, Yucat\u00e1n ha registrado un m\u00ednimo hist\u00f3rico de desempleo, situ\u00e1ndose en el 1.9%.","breadcrumb":{"@id":"https:\/\/reporteroshoy.mx\/noticias\/desempleo-en-yucatan-alcanza-su-minimo-historico\/#breadcrumb"},"inLanguage":"es","potentialAction":[{"@type":"ReadAction","target":["https:\/\/reporteroshoy.mx\/noticias\/desempleo-en-yucatan-alcanza-su-minimo-historico\/"]}]},{"@type":"ImageObject","inLanguage":"es","@id":"https:\/\/reporteroshoy.mx\/noticias\/desempleo-en-yucatan-alcanza-su-minimo-historico\/#primaryimage","url":"https:\/\/reporteroshoy.mx\/noticias\/wp-content\/uploads\/2023\/12\/Desempleo.png","contentUrl":"https:\/\/reporteroshoy.mx\/noticias\/wp-content\/uploads\/2023\/12\/Desempleo.png","width":768,"height":432,"caption":"Desempleo en Yucat\u00e1n alcanza su m\u00ednimo hist\u00f3rico"},{"@type":"BreadcrumbList","@id":"https:\/\/reporteroshoy.mx\/noticias\/desempleo-en-yucatan-alcanza-su-minimo-historico\/#breadcrumb","itemListElement":[{"@type":"ListItem","position":1,"name":"Portada","item":"https:\/\/reporteroshoy.mx\/noticias\/"},{"@type":"ListItem","position":2,"name":"Desempleo en Yucat\u00e1n alcanza su m\u00ednimo hist\u00f3rico"}]},{"@type":"WebSite","@id":"https:\/\/reporteroshoy.mx\/noticias\/#website","url":"https:\/\/reporteroshoy.mx\/noticias\/","name":"Reporteros Hoy | Noticias de Yucat\u00e1n","description":"Peri\u00f3dico digital con noticias diarias desde M\u00e9rida, Yucat\u00e1n para el mundo.","potentialAction":[{"@type":"SearchAction","target":{"@type":"EntryPoint","urlTemplate":"https:\/\/reporteroshoy.mx\/noticias\/?s={search_term_string}"},"query-input":{"@type":"PropertyValueSpecification","valueRequired":true,"valueName":"search_term_string"}}],"inLanguage":"es"},{"@type":"Person","@id":"https:\/\/reporteroshoy.mx\/noticias\/#\/schema\/person\/c977527e57c958a62c5cefe8fe47876e","name":"Reporteros Hoy WP","image":{"@type":"ImageObject","inLanguage":"es","@id":"https:\/\/secure.gravatar.com\/avatar\/fd2917f79a7dae30f8ac9ddc2f35e1756bb59e25e01d1cd09deaa64df7b2f73e?s=96&d=mm&r=g","url":"https:\/\/secure.gravatar.com\/avatar\/fd2917f79a7dae30f8ac9ddc2f35e1756bb59e25e01d1cd09deaa64df7b2f73e?s=96&d=mm&r=g","contentUrl":"https:\/\/secure.gravatar.com\/avatar\/fd2917f79a7dae30f8ac9ddc2f35e1756bb59e25e01d1cd09deaa64df7b2f73e?s=96&d=mm&r=g","caption":"Reporteros Hoy WP"},"url":"https:\/\/reporteroshoy.mx\/noticias\/author\/walfer\/"}]}},"_links":{"self":[{"href":"https:\/\/reporteroshoy.mx\/noticias\/wp-json\/wp\/v2\/posts\/107979","targetHints":{"allow":["GET"]}}],"collection":[{"href":"https:\/\/reporteroshoy.mx\/noticias\/wp-json\/wp\/v2\/posts"}],"about":[{"href":"https:\/\/reporteroshoy.mx\/noticias\/wp-json\/wp\/v2\/types\/post"}],"author":[{"embeddable":true,"href":"https:\/\/reporteroshoy.mx\/noticias\/wp-json\/wp\/v2\/users\/9"}],"replies":[{"embeddable":true,"href":"https:\/\/reporteroshoy.mx\/noticias\/wp-json\/wp\/v2\/comments?post=107979"}],"version-history":[{"count":0,"href":"https:\/\/reporteroshoy.mx\/noticias\/wp-json\/wp\/v2\/posts\/107979\/revisions"}],"wp:featuredmedia":[{"embeddable":true,"href":"https:\/\/reporteroshoy.mx\/noticias\/wp-json\/wp\/v2\/media\/107980"}],"wp:attachment":[{"href":"https:\/\/reporteroshoy.mx\/noticias\/wp-json\/wp\/v2\/media?parent=107979"}],"wp:term":[{"taxonomy":"category","embeddable":true,"href":"https:\/\/reporteroshoy.mx\/noticias\/wp-json\/wp\/v2\/categories?post=107979"},{"taxonomy":"post_tag","embeddable":true,"href":"https:\/\/reporteroshoy.mx\/noticias\/wp-json\/wp\/v2\/tags?post=107979"}],"curies":[{"name":"wp","href":"https:\/\/api.w.org\/{rel}","templated":true}]}}