{"id":108144,"date":"2023-12-08T18:24:28","date_gmt":"2023-12-09T00:24:28","guid":{"rendered":"https:\/\/reporteroshoy.mx\/noticias\/?p=108144"},"modified":"2023-12-08T18:24:28","modified_gmt":"2023-12-09T00:24:28","slug":"este-miercoles-inauguran-la-peni-y-el-parque-de-la-paz","status":"publish","type":"post","link":"https:\/\/reporteroshoy.mx\/noticias\/este-miercoles-inauguran-la-peni-y-el-parque-de-la-paz\/","title":{"rendered":"Este mi\u00e9rcoles inauguran La Peni y el Parque de la Paz"},"content":{"rendered":"<p style=\"text-align: justify;\">El Ayuntamiento de M\u00e9rida anuncia la pr\u00f3xima inauguraci\u00f3n de dos proyectos emblem\u00e1ticos: el parque interactivo e inmersivo \u00abLa Peni\u00bb y el Parque de la Paz.<\/p>\n<p style=\"text-align: justify;\">El Alcalde Alejandro Ruz Castro confirm\u00f3 que el pr\u00f3ximo 13 de diciembre se llevar\u00e1 a cabo la inauguraci\u00f3n de estos proyectos, que junto con el Corredor Gastron\u00f3mico de la 47, se destacan como \u00edconos de la temporada. Ambos lugares se erigen como testimonios vivos de un compromiso continuo con el desarrollo cultural y tur\u00edstico de la regi\u00f3n.<\/p>\n<h3>La Peni, parque interactivo e inmersivo<\/h3>\n<p style=\"text-align: justify;\">Irving Berl\u00edn Villafa\u00f1a, director de Cultura del Ayuntamiento, destac\u00f3 que \u00abLa Peni\u00bb es el primer parque interactivo e inmersivo de Latinoam\u00e9rica, instalado en un lugar con rica historia y tradici\u00f3n. El artista Jorge Contreras y su equipo han trabajado durante varios a\u00f1os para materializar este proyecto, que representa un nuevo cap\u00edtulo en el espacio de M\u00e9rida.<\/p>\n<p><img loading=\"lazy\" decoding=\"async\" class=\"aligncenter wp-image-108145\" src=\"https:\/\/reporteroshoy.mx\/noticias\/wp-content\/uploads\/2023\/12\/8dic23-ARC-4-scaled.jpeg\" alt=\"La Peni\" width=\"632\" height=\"421\" \/><\/p>\n<p style=\"text-align: justify;\">\u00abUn nuevo cap\u00edtulo se est\u00e1 escribiendo en el espacio de M\u00e9rida en el que se encuentra &#8216;La Peni&#8217; y el Parque de La Paz. Ah\u00ed, donde t\u00e9cnicos y obreros trabajaron durante meses, se ha dado vida a un sue\u00f1o\u00bb, se\u00f1al\u00f3 Villafa\u00f1a.<\/p>\n<p style=\"text-align: justify;\">El proyecto, dise\u00f1ado para honrar la identidad yucateca, se gest\u00f3 con profundo respeto por la historia local. \u00abDesde esa humildad venimos a compartir lo que sabemos honrando su historia y su profunda manera de vivir; venimos a compartir y a aprender\u00bb, afirm\u00f3 Contreras.<\/p>\n<p style=\"text-align: justify;\">\u00abLa Peni\u00bb y el Parque de la Paz se erigen en un espacio que ha vivido varias transformaciones a lo largo de los a\u00f1os. Desde ser parte del barrio de Santa Catalina hasta albergar una penitenciar\u00eda en 1886, estas tierras han sido testigos de eventos hist\u00f3ricos significativos. Incluso, el pol\u00edtico Felipe Carrillo Puerto pas\u00f3 sus \u00faltimas noches dentro de estas paredes en la celda 43.<\/p>\n<p style=\"text-align: justify;\">El alcalde Alejandro Ruz Castro record\u00f3 que el proyecto se gest\u00f3 durante la administraci\u00f3n de Ren\u00e1n Barrera Concha y subray\u00f3 que la recuperaci\u00f3n de este espacio p\u00fablico influir\u00e1 positivamente en diversos aspectos, desde la generaci\u00f3n de empleos hasta la mejora de la seguridad en la zona.<\/p>\n<p style=\"text-align: justify;\">El Parque de la Paz contar\u00e1 con una fuente intervenida con tecnolog\u00eda \u00fanica que permitir\u00e1 el control simult\u00e1neo por parte de cuatro personas. Adem\u00e1s, mediante c\u00f3digos QR, los visitantes podr\u00e1n interactuar con la fachada de \u00abLa Peni\u00bb, creando animales y constelaciones \u00fanicas a trav\u00e9s de sus dispositivos m\u00f3viles.<\/p>\n<p style=\"text-align: justify;\">\u00abLa Peni\u00bb y el Parque de la Paz albergan tecnolog\u00eda utilizada en espect\u00e1culos internacionales, posicion\u00e1ndolos como referentes \u00fanicos. A diferencia de otros proyectos de vanguardia, estos espacios est\u00e1n destinados a mantenerse en el tiempo como lugares p\u00fablicos y gratuitos para meridanos y turistas.<\/p>\n<p style=\"text-align: justify;\">La gran inauguraci\u00f3n de \u00abLa Peni\u00bb y el Parque de la Paz est\u00e1 programada para el pr\u00f3ximo 13 de diciembre a las 20:00 horas. M\u00e9rida se prepara para recibir estos nuevos emblemas culturales que prometen transformar la experiencia de locales y visitantes.<\/p>\n","protected":false},"excerpt":{"rendered":"<p>\u201cLa Peni\u201d es el primer parque interactivo e inmersivo de Latinoam\u00e9rica que se instala en un lugar con mucha historia y tradici\u00f3n.<\/p>\n","protected":false},"author":6,"featured_media":108145,"comment_status":"open","ping_status":"closed","sticky":false,"template":"","format":"standard","meta":{"footnotes":""},"categories":[24379],"tags":[25494,25493,9216],"class_list":["post-108144","post","type-post","status-publish","format-standard","has-post-thumbnail","hentry","category-merida","tag-interactivo-e-inmersivo","tag-la-peni","tag-parque-de-la-paz"],"yoast_head":"<!-- This site is optimized with the Yoast SEO plugin v28.4 - https:\/\/yoast.com\/product\/yoast-seo-wordpress\/ -->\n<title>Este mi\u00e9rcoles inauguran La Peni y el Parque de la Paz<\/title>\n<meta name=\"description\" content=\"\u201cLa Peni\u201d es el primer parque interactivo e inmersivo de Latinoam\u00e9rica que se instala en un lugar con mucha historia y tradici\u00f3n.\" \/>\n<meta name=\"robots\" content=\"index, follow, max-snippet:-1, max-image-preview:large, max-video-preview:-1\" \/>\n<link rel=\"canonical\" href=\"https:\/\/reporteroshoy.mx\/noticias\/este-miercoles-inauguran-la-peni-y-el-parque-de-la-paz\/\" \/>\n<meta property=\"og:locale\" content=\"es_ES\" \/>\n<meta property=\"og:type\" content=\"article\" \/>\n<meta property=\"og:title\" content=\"Este mi\u00e9rcoles inauguran La Peni y el Parque de la Paz\" \/>\n<meta property=\"og:description\" content=\"\u201cLa Peni\u201d es el primer parque interactivo e inmersivo de Latinoam\u00e9rica que se instala en un lugar con mucha historia y tradici\u00f3n.\" \/>\n<meta property=\"og:url\" content=\"https:\/\/reporteroshoy.mx\/noticias\/este-miercoles-inauguran-la-peni-y-el-parque-de-la-paz\/\" \/>\n<meta property=\"og:site_name\" content=\"Reporteros Hoy | Noticias de Yucat\u00e1n\" \/>\n<meta property=\"article:publisher\" content=\"http:\/\/www.facebook.com\/reporteroshoymx\" \/>\n<meta property=\"article:published_time\" content=\"2023-12-09T00:24:28+00:00\" \/>\n<meta property=\"og:image\" content=\"https:\/\/reporteroshoy.mx\/noticias\/wp-content\/uploads\/2023\/12\/8dic23-ARC-4-scaled.jpeg\" \/>\n\t<meta property=\"og:image:width\" content=\"768\" \/>\n\t<meta property=\"og:image:height\" content=\"512\" \/>\n\t<meta property=\"og:image:type\" content=\"image\/jpeg\" \/>\n<meta name=\"author\" content=\"Reporteros Hoy GS\" \/>\n<meta name=\"twitter:card\" content=\"summary_large_image\" \/>\n<meta name=\"twitter:creator\" content=\"@reporteroshoy\" \/>\n<meta name=\"twitter:site\" content=\"@reporteroshoy\" \/>\n<meta name=\"twitter:label1\" content=\"Escrito por\" \/>\n\t<meta name=\"twitter:data1\" content=\"Reporteros Hoy GS\" \/>\n\t<meta name=\"twitter:label2\" content=\"Tiempo de lectura\" \/>\n\t<meta name=\"twitter:data2\" content=\"3 minutos\" \/>\n<script type=\"application\/ld+json\" class=\"yoast-schema-graph\">{\"@context\":\"https:\\\/\\\/schema.org\",\"@graph\":[{\"@type\":\"Article\",\"@id\":\"https:\\\/\\\/reporteroshoy.mx\\\/noticias\\\/este-miercoles-inauguran-la-peni-y-el-parque-de-la-paz\\\/#article\",\"isPartOf\":{\"@id\":\"https:\\\/\\\/reporteroshoy.mx\\\/noticias\\\/este-miercoles-inauguran-la-peni-y-el-parque-de-la-paz\\\/\"},\"author\":{\"name\":\"Reporteros Hoy GS\",\"@id\":\"https:\\\/\\\/reporteroshoy.mx\\\/noticias\\\/#\\\/schema\\\/person\\\/49ae631fc906b44554e4ba3866c505d7\"},\"headline\":\"Este mi\u00e9rcoles inauguran La Peni y el Parque de la Paz\",\"datePublished\":\"2023-12-09T00:24:28+00:00\",\"mainEntityOfPage\":{\"@id\":\"https:\\\/\\\/reporteroshoy.mx\\\/noticias\\\/este-miercoles-inauguran-la-peni-y-el-parque-de-la-paz\\\/\"},\"wordCount\":525,\"commentCount\":0,\"image\":{\"@id\":\"https:\\\/\\\/reporteroshoy.mx\\\/noticias\\\/este-miercoles-inauguran-la-peni-y-el-parque-de-la-paz\\\/#primaryimage\"},\"thumbnailUrl\":\"https:\\\/\\\/reporteroshoy.mx\\\/noticias\\\/wp-content\\\/uploads\\\/2023\\\/12\\\/8dic23-ARC-4-scaled.jpeg\",\"keywords\":[\"interactivo e inmersivo\",\"La Peni\",\"parque de la Paz\"],\"articleSection\":[\"M\u00e9rida\"],\"inLanguage\":\"es\",\"potentialAction\":[{\"@type\":\"CommentAction\",\"name\":\"Comment\",\"target\":[\"https:\\\/\\\/reporteroshoy.mx\\\/noticias\\\/este-miercoles-inauguran-la-peni-y-el-parque-de-la-paz\\\/#respond\"]}]},{\"@type\":\"WebPage\",\"@id\":\"https:\\\/\\\/reporteroshoy.mx\\\/noticias\\\/este-miercoles-inauguran-la-peni-y-el-parque-de-la-paz\\\/\",\"url\":\"https:\\\/\\\/reporteroshoy.mx\\\/noticias\\\/este-miercoles-inauguran-la-peni-y-el-parque-de-la-paz\\\/\",\"name\":\"Este mi\u00e9rcoles inauguran La Peni y el Parque de la Paz\",\"isPartOf\":{\"@id\":\"https:\\\/\\\/reporteroshoy.mx\\\/noticias\\\/#website\"},\"primaryImageOfPage\":{\"@id\":\"https:\\\/\\\/reporteroshoy.mx\\\/noticias\\\/este-miercoles-inauguran-la-peni-y-el-parque-de-la-paz\\\/#primaryimage\"},\"image\":{\"@id\":\"https:\\\/\\\/reporteroshoy.mx\\\/noticias\\\/este-miercoles-inauguran-la-peni-y-el-parque-de-la-paz\\\/#primaryimage\"},\"thumbnailUrl\":\"https:\\\/\\\/reporteroshoy.mx\\\/noticias\\\/wp-content\\\/uploads\\\/2023\\\/12\\\/8dic23-ARC-4-scaled.jpeg\",\"datePublished\":\"2023-12-09T00:24:28+00:00\",\"author\":{\"@id\":\"https:\\\/\\\/reporteroshoy.mx\\\/noticias\\\/#\\\/schema\\\/person\\\/49ae631fc906b44554e4ba3866c505d7\"},\"description\":\"\u201cLa Peni\u201d es el primer parque interactivo e inmersivo de Latinoam\u00e9rica que se instala en un lugar con mucha historia y tradici\u00f3n.\",\"breadcrumb\":{\"@id\":\"https:\\\/\\\/reporteroshoy.mx\\\/noticias\\\/este-miercoles-inauguran-la-peni-y-el-parque-de-la-paz\\\/#breadcrumb\"},\"inLanguage\":\"es\",\"potentialAction\":[{\"@type\":\"ReadAction\",\"target\":[\"https:\\\/\\\/reporteroshoy.mx\\\/noticias\\\/este-miercoles-inauguran-la-peni-y-el-parque-de-la-paz\\\/\"]}]},{\"@type\":\"ImageObject\",\"inLanguage\":\"es\",\"@id\":\"https:\\\/\\\/reporteroshoy.mx\\\/noticias\\\/este-miercoles-inauguran-la-peni-y-el-parque-de-la-paz\\\/#primaryimage\",\"url\":\"https:\\\/\\\/reporteroshoy.mx\\\/noticias\\\/wp-content\\\/uploads\\\/2023\\\/12\\\/8dic23-ARC-4-scaled.jpeg\",\"contentUrl\":\"https:\\\/\\\/reporteroshoy.mx\\\/noticias\\\/wp-content\\\/uploads\\\/2023\\\/12\\\/8dic23-ARC-4-scaled.jpeg\",\"width\":768,\"height\":512},{\"@type\":\"BreadcrumbList\",\"@id\":\"https:\\\/\\\/reporteroshoy.mx\\\/noticias\\\/este-miercoles-inauguran-la-peni-y-el-parque-de-la-paz\\\/#breadcrumb\",\"itemListElement\":[{\"@type\":\"ListItem\",\"position\":1,\"name\":\"Portada\",\"item\":\"https:\\\/\\\/reporteroshoy.mx\\\/noticias\\\/\"},{\"@type\":\"ListItem\",\"position\":2,\"name\":\"Este mi\u00e9rcoles inauguran La Peni y el Parque de la Paz\"}]},{\"@type\":\"WebSite\",\"@id\":\"https:\\\/\\\/reporteroshoy.mx\\\/noticias\\\/#website\",\"url\":\"https:\\\/\\\/reporteroshoy.mx\\\/noticias\\\/\",\"name\":\"Reporteros Hoy | Noticias de Yucat\u00e1n\",\"description\":\"Peri\u00f3dico digital con noticias diarias desde M\u00e9rida, Yucat\u00e1n para el mundo.\",\"potentialAction\":[{\"@type\":\"SearchAction\",\"target\":{\"@type\":\"EntryPoint\",\"urlTemplate\":\"https:\\\/\\\/reporteroshoy.mx\\\/noticias\\\/?s={search_term_string}\"},\"query-input\":{\"@type\":\"PropertyValueSpecification\",\"valueRequired\":true,\"valueName\":\"search_term_string\"}}],\"inLanguage\":\"es\"},{\"@type\":\"Person\",\"@id\":\"https:\\\/\\\/reporteroshoy.mx\\\/noticias\\\/#\\\/schema\\\/person\\\/49ae631fc906b44554e4ba3866c505d7\",\"name\":\"Reporteros Hoy GS\",\"image\":{\"@type\":\"ImageObject\",\"inLanguage\":\"es\",\"@id\":\"https:\\\/\\\/secure.gravatar.com\\\/avatar\\\/00d32adb620345c3db2cfc175917f65c584e1e338fdc49ad126aa1f9830eb6a9?s=96&d=mm&r=g\",\"url\":\"https:\\\/\\\/secure.gravatar.com\\\/avatar\\\/00d32adb620345c3db2cfc175917f65c584e1e338fdc49ad126aa1f9830eb6a9?s=96&d=mm&r=g\",\"contentUrl\":\"https:\\\/\\\/secure.gravatar.com\\\/avatar\\\/00d32adb620345c3db2cfc175917f65c584e1e338fdc49ad126aa1f9830eb6a9?s=96&d=mm&r=g\",\"caption\":\"Reporteros Hoy GS\"},\"url\":\"https:\\\/\\\/reporteroshoy.mx\\\/noticias\\\/author\\\/lupis\\\/\"}]}<\/script>\n<!-- \/ Yoast SEO plugin. -->","yoast_head_json":{"title":"Este mi\u00e9rcoles inauguran La Peni y el Parque de la Paz","description":"\u201cLa Peni\u201d es el primer parque interactivo e inmersivo de Latinoam\u00e9rica que se instala en un lugar con mucha historia y tradici\u00f3n.","robots":{"index":"index","follow":"follow","max-snippet":"max-snippet:-1","max-image-preview":"max-image-preview:large","max-video-preview":"max-video-preview:-1"},"canonical":"https:\/\/reporteroshoy.mx\/noticias\/este-miercoles-inauguran-la-peni-y-el-parque-de-la-paz\/","og_locale":"es_ES","og_type":"article","og_title":"Este mi\u00e9rcoles inauguran La Peni y el Parque de la Paz","og_description":"\u201cLa Peni\u201d es el primer parque interactivo e inmersivo de Latinoam\u00e9rica que se instala en un lugar con mucha historia y tradici\u00f3n.","og_url":"https:\/\/reporteroshoy.mx\/noticias\/este-miercoles-inauguran-la-peni-y-el-parque-de-la-paz\/","og_site_name":"Reporteros Hoy | Noticias de Yucat\u00e1n","article_publisher":"http:\/\/www.facebook.com\/reporteroshoymx","article_published_time":"2023-12-09T00:24:28+00:00","og_image":[{"width":768,"height":512,"url":"https:\/\/reporteroshoy.mx\/noticias\/wp-content\/uploads\/2023\/12\/8dic23-ARC-4-scaled.jpeg","type":"image\/jpeg"}],"author":"Reporteros Hoy GS","twitter_card":"summary_large_image","twitter_creator":"@reporteroshoy","twitter_site":"@reporteroshoy","twitter_misc":{"Escrito por":"Reporteros Hoy GS","Tiempo de lectura":"3 minutos"},"schema":{"@context":"https:\/\/schema.org","@graph":[{"@type":"Article","@id":"https:\/\/reporteroshoy.mx\/noticias\/este-miercoles-inauguran-la-peni-y-el-parque-de-la-paz\/#article","isPartOf":{"@id":"https:\/\/reporteroshoy.mx\/noticias\/este-miercoles-inauguran-la-peni-y-el-parque-de-la-paz\/"},"author":{"name":"Reporteros Hoy GS","@id":"https:\/\/reporteroshoy.mx\/noticias\/#\/schema\/person\/49ae631fc906b44554e4ba3866c505d7"},"headline":"Este mi\u00e9rcoles inauguran La Peni y el Parque de la Paz","datePublished":"2023-12-09T00:24:28+00:00","mainEntityOfPage":{"@id":"https:\/\/reporteroshoy.mx\/noticias\/este-miercoles-inauguran-la-peni-y-el-parque-de-la-paz\/"},"wordCount":525,"commentCount":0,"image":{"@id":"https:\/\/reporteroshoy.mx\/noticias\/este-miercoles-inauguran-la-peni-y-el-parque-de-la-paz\/#primaryimage"},"thumbnailUrl":"https:\/\/reporteroshoy.mx\/noticias\/wp-content\/uploads\/2023\/12\/8dic23-ARC-4-scaled.jpeg","keywords":["interactivo e inmersivo","La Peni","parque de la Paz"],"articleSection":["M\u00e9rida"],"inLanguage":"es","potentialAction":[{"@type":"CommentAction","name":"Comment","target":["https:\/\/reporteroshoy.mx\/noticias\/este-miercoles-inauguran-la-peni-y-el-parque-de-la-paz\/#respond"]}]},{"@type":"WebPage","@id":"https:\/\/reporteroshoy.mx\/noticias\/este-miercoles-inauguran-la-peni-y-el-parque-de-la-paz\/","url":"https:\/\/reporteroshoy.mx\/noticias\/este-miercoles-inauguran-la-peni-y-el-parque-de-la-paz\/","name":"Este mi\u00e9rcoles inauguran La Peni y el Parque de la Paz","isPartOf":{"@id":"https:\/\/reporteroshoy.mx\/noticias\/#website"},"primaryImageOfPage":{"@id":"https:\/\/reporteroshoy.mx\/noticias\/este-miercoles-inauguran-la-peni-y-el-parque-de-la-paz\/#primaryimage"},"image":{"@id":"https:\/\/reporteroshoy.mx\/noticias\/este-miercoles-inauguran-la-peni-y-el-parque-de-la-paz\/#primaryimage"},"thumbnailUrl":"https:\/\/reporteroshoy.mx\/noticias\/wp-content\/uploads\/2023\/12\/8dic23-ARC-4-scaled.jpeg","datePublished":"2023-12-09T00:24:28+00:00","author":{"@id":"https:\/\/reporteroshoy.mx\/noticias\/#\/schema\/person\/49ae631fc906b44554e4ba3866c505d7"},"description":"\u201cLa Peni\u201d es el primer parque interactivo e inmersivo de Latinoam\u00e9rica que se instala en un lugar con mucha historia y tradici\u00f3n.","breadcrumb":{"@id":"https:\/\/reporteroshoy.mx\/noticias\/este-miercoles-inauguran-la-peni-y-el-parque-de-la-paz\/#breadcrumb"},"inLanguage":"es","potentialAction":[{"@type":"ReadAction","target":["https:\/\/reporteroshoy.mx\/noticias\/este-miercoles-inauguran-la-peni-y-el-parque-de-la-paz\/"]}]},{"@type":"ImageObject","inLanguage":"es","@id":"https:\/\/reporteroshoy.mx\/noticias\/este-miercoles-inauguran-la-peni-y-el-parque-de-la-paz\/#primaryimage","url":"https:\/\/reporteroshoy.mx\/noticias\/wp-content\/uploads\/2023\/12\/8dic23-ARC-4-scaled.jpeg","contentUrl":"https:\/\/reporteroshoy.mx\/noticias\/wp-content\/uploads\/2023\/12\/8dic23-ARC-4-scaled.jpeg","width":768,"height":512},{"@type":"BreadcrumbList","@id":"https:\/\/reporteroshoy.mx\/noticias\/este-miercoles-inauguran-la-peni-y-el-parque-de-la-paz\/#breadcrumb","itemListElement":[{"@type":"ListItem","position":1,"name":"Portada","item":"https:\/\/reporteroshoy.mx\/noticias\/"},{"@type":"ListItem","position":2,"name":"Este mi\u00e9rcoles inauguran La Peni y el Parque de la Paz"}]},{"@type":"WebSite","@id":"https:\/\/reporteroshoy.mx\/noticias\/#website","url":"https:\/\/reporteroshoy.mx\/noticias\/","name":"Reporteros Hoy | Noticias de Yucat\u00e1n","description":"Peri\u00f3dico digital con noticias diarias desde M\u00e9rida, Yucat\u00e1n para el mundo.","potentialAction":[{"@type":"SearchAction","target":{"@type":"EntryPoint","urlTemplate":"https:\/\/reporteroshoy.mx\/noticias\/?s={search_term_string}"},"query-input":{"@type":"PropertyValueSpecification","valueRequired":true,"valueName":"search_term_string"}}],"inLanguage":"es"},{"@type":"Person","@id":"https:\/\/reporteroshoy.mx\/noticias\/#\/schema\/person\/49ae631fc906b44554e4ba3866c505d7","name":"Reporteros Hoy GS","image":{"@type":"ImageObject","inLanguage":"es","@id":"https:\/\/secure.gravatar.com\/avatar\/00d32adb620345c3db2cfc175917f65c584e1e338fdc49ad126aa1f9830eb6a9?s=96&d=mm&r=g","url":"https:\/\/secure.gravatar.com\/avatar\/00d32adb620345c3db2cfc175917f65c584e1e338fdc49ad126aa1f9830eb6a9?s=96&d=mm&r=g","contentUrl":"https:\/\/secure.gravatar.com\/avatar\/00d32adb620345c3db2cfc175917f65c584e1e338fdc49ad126aa1f9830eb6a9?s=96&d=mm&r=g","caption":"Reporteros Hoy GS"},"url":"https:\/\/reporteroshoy.mx\/noticias\/author\/lupis\/"}]}},"_links":{"self":[{"href":"https:\/\/reporteroshoy.mx\/noticias\/wp-json\/wp\/v2\/posts\/108144","targetHints":{"allow":["GET"]}}],"collection":[{"href":"https:\/\/reporteroshoy.mx\/noticias\/wp-json\/wp\/v2\/posts"}],"about":[{"href":"https:\/\/reporteroshoy.mx\/noticias\/wp-json\/wp\/v2\/types\/post"}],"author":[{"embeddable":true,"href":"https:\/\/reporteroshoy.mx\/noticias\/wp-json\/wp\/v2\/users\/6"}],"replies":[{"embeddable":true,"href":"https:\/\/reporteroshoy.mx\/noticias\/wp-json\/wp\/v2\/comments?post=108144"}],"version-history":[{"count":0,"href":"https:\/\/reporteroshoy.mx\/noticias\/wp-json\/wp\/v2\/posts\/108144\/revisions"}],"wp:featuredmedia":[{"embeddable":true,"href":"https:\/\/reporteroshoy.mx\/noticias\/wp-json\/wp\/v2\/media\/108145"}],"wp:attachment":[{"href":"https:\/\/reporteroshoy.mx\/noticias\/wp-json\/wp\/v2\/media?parent=108144"}],"wp:term":[{"taxonomy":"category","embeddable":true,"href":"https:\/\/reporteroshoy.mx\/noticias\/wp-json\/wp\/v2\/categories?post=108144"},{"taxonomy":"post_tag","embeddable":true,"href":"https:\/\/reporteroshoy.mx\/noticias\/wp-json\/wp\/v2\/tags?post=108144"}],"curies":[{"name":"wp","href":"https:\/\/api.w.org\/{rel}","templated":true}]}}