{"id":108192,"date":"2023-12-10T16:42:00","date_gmt":"2023-12-10T22:42:00","guid":{"rendered":"https:\/\/reporteroshoy.mx\/noticias\/?p=108192"},"modified":"2023-12-10T16:42:00","modified_gmt":"2023-12-10T22:42:00","slug":"vecinos-de-la-nueva-sambula-estrenaran-parque","status":"publish","type":"post","link":"https:\/\/reporteroshoy.mx\/noticias\/vecinos-de-la-nueva-sambula-estrenaran-parque\/","title":{"rendered":"Vecinos de la Nueva Sambul\u00e1 estrenar\u00e1n parque"},"content":{"rendered":"<p style=\"text-align: justify;\">Con el objetivo de garantizar una infraestructura urbana eficiente y mejorar la calidad de vida de los habitantes de M\u00e9rida, se llevaron a cabo trabajos de mantenimiento integral en el parque de la colonia Nueva Sambul\u00e1.<\/p>\n<p style=\"text-align: justify;\">En esta ocasi\u00f3n, el alcalde <a href=\"https:\/\/www.facebook.com\/AyuntaMeridaOficial\"><span class=\"x_s1\">Alejandro Ruz Castro<\/span><\/a> supervis\u00f3 las labores, destacando el compromiso constante con el bienestar de la comunidad. La inversi\u00f3n de recursos en la mejora de servicios b\u00e1sicos en los parques y espacios p\u00fablicos de la colonia beneficia a aproximadamente 5 mil habitantes de la zona y \u00e1reas circundantes.<\/p>\n<h3>Trabajos de <span class=\"x_s1\">Servicios P\u00fablicos Municipales<\/span><\/h3>\n<p class=\"x_p1\" style=\"text-align: justify;\"><span class=\"x_s1\"> El Presidente Municipal supervis\u00f3 las labores de mantenimiento de 64 trabajadores de Servicios P\u00fablicos Municipales, quienes apoyados con dos volquetes de 3 metros c\u00fabicos, una gr\u00faa y seis camiones de 10 metros c\u00fabicos realizaron labores de poda de zacate y \u00e1rboles, riego, pintura general, desazolve de pozos y rejillas, limpieza general del parque y mantenimiento de luminarias en el parque y avenida.<\/span><\/p>\n<p style=\"text-align: justify;\"><img loading=\"lazy\" decoding=\"async\" class=\"wp-image-108193  aligncenter\" src=\"https:\/\/reporteroshoy.mx\/noticias\/wp-content\/uploads\/2023\/12\/bad5d4fc-fe3f-4b6b-ade8-f175388ffe0b-scaled.jpeg\" alt=\"Nueva Sambul\u00e1\" width=\"603\" height=\"402\" \/><\/p>\n<p class=\"x_p1\" style=\"text-align: justify;\"><span class=\"x_s1\">Adem\u00e1s, para promover el sano esparcimiento y el deporte entre las y los j\u00f3venes de la Nueva Sambul\u00e1 y colonias aleda\u00f1as, el personal dio mantenimiento y pintura a la cancha y gradas del parque. De igual manera, se pint\u00f3 el \u00e1rea de juegos infantiles y se repararon las bancas.<\/span><\/p>\n<p style=\"text-align: justify;\">Estos esfuerzos se enmarcan en el compromiso del Ayuntamiento de M\u00e9rida, trabajando de manera coordinada con el Gobierno del Estado para la rehabilitaci\u00f3n de 23 parques en el sur de la ciudad, con una inversi\u00f3n total de 40 millones de pesos. Asimismo, se han logrado avances significativos, como la creaci\u00f3n de 120 kil\u00f3metros de nuevas calles al interior del Perif\u00e9rico, gracias a la colaboraci\u00f3n a trav\u00e9s de la Agenda 2050. Estas acciones se alinean con la visi\u00f3n de un crecimiento equitativo y transparente en la asignaci\u00f3n de recursos para el bien com\u00fan en M\u00e9rida.<\/p>\n<p style=\"text-align: justify;\">El mantenimiento continuo de parques y espacios p\u00fablicos es fundamental para fortalecer el tejido social y promover la integraci\u00f3n comunitaria. El Alcalde, junto con el director de Obras P\u00fablicas, tambi\u00e9n supervis\u00f3 los trabajos de bacheo en las calles cercanas al parque de la Nueva Sambul\u00e1, ofreciendo as\u00ed una atenci\u00f3n integral a esta \u00e1rea de la ciudad.<\/p>\n<p style=\"text-align: justify;\">Al concluir la jornada, el Alcalde expres\u00f3 su agradecimiento al compromiso y dedicaci\u00f3n de los trabajadores municipales, quienes contribuyen diariamente a hacer de M\u00e9rida una ciudad funcional y disfrutable para todas las familias.<\/p>\n","protected":false},"excerpt":{"rendered":"<p>Reparaci\u00f3n, pintura y mantenimiento general adem\u00e1s de mantenimiento de luminarias en el parque y avenida de la Nueva Sambul\u00e1.<\/p>\n","protected":false},"author":6,"featured_media":108193,"comment_status":"open","ping_status":"closed","sticky":false,"template":"","format":"standard","meta":{"footnotes":""},"categories":[24379],"tags":[24,16906],"class_list":["post-108192","post","type-post","status-publish","format-standard","has-post-thumbnail","hentry","category-merida","tag-ayuntamiento-de-merida","tag-nueva-sambula"],"yoast_head":"<!-- This site is optimized with the Yoast SEO plugin v28.3 - https:\/\/yoast.com\/product\/yoast-seo-wordpress\/ -->\n<title>Vecinos de la Nueva Sambul\u00e1 estrenar\u00e1n parque<\/title>\n<meta name=\"description\" content=\"Reparaci\u00f3n, pintura y mantenimiento general adem\u00e1s de mantenimiento de luminarias en el parque y avenida de la Nueva Sambul\u00e1.\" \/>\n<meta name=\"robots\" content=\"index, follow, max-snippet:-1, max-image-preview:large, max-video-preview:-1\" \/>\n<link rel=\"canonical\" href=\"https:\/\/reporteroshoy.mx\/noticias\/vecinos-de-la-nueva-sambula-estrenaran-parque\/\" \/>\n<meta property=\"og:locale\" content=\"es_ES\" \/>\n<meta property=\"og:type\" content=\"article\" \/>\n<meta property=\"og:title\" content=\"Vecinos de la Nueva Sambul\u00e1 estrenar\u00e1n parque\" \/>\n<meta property=\"og:description\" content=\"Reparaci\u00f3n, pintura y mantenimiento general adem\u00e1s de mantenimiento de luminarias en el parque y avenida de la Nueva Sambul\u00e1.\" \/>\n<meta property=\"og:url\" content=\"https:\/\/reporteroshoy.mx\/noticias\/vecinos-de-la-nueva-sambula-estrenaran-parque\/\" \/>\n<meta property=\"og:site_name\" content=\"Reporteros Hoy | Noticias de Yucat\u00e1n\" \/>\n<meta property=\"article:publisher\" content=\"http:\/\/www.facebook.com\/reporteroshoymx\" \/>\n<meta property=\"article:published_time\" content=\"2023-12-10T22:42:00+00:00\" \/>\n<meta property=\"og:image\" content=\"https:\/\/reporteroshoy.mx\/noticias\/wp-content\/uploads\/2023\/12\/bad5d4fc-fe3f-4b6b-ade8-f175388ffe0b-scaled.jpeg\" \/>\n\t<meta property=\"og:image:width\" content=\"768\" \/>\n\t<meta property=\"og:image:height\" content=\"512\" \/>\n\t<meta property=\"og:image:type\" content=\"image\/jpeg\" \/>\n<meta name=\"author\" content=\"Reporteros Hoy GS\" \/>\n<meta name=\"twitter:card\" content=\"summary_large_image\" \/>\n<meta name=\"twitter:creator\" content=\"@reporteroshoy\" \/>\n<meta name=\"twitter:site\" content=\"@reporteroshoy\" \/>\n<meta name=\"twitter:label1\" content=\"Escrito por\" \/>\n\t<meta name=\"twitter:data1\" content=\"Reporteros Hoy GS\" \/>\n\t<meta name=\"twitter:label2\" content=\"Tiempo de lectura\" \/>\n\t<meta name=\"twitter:data2\" content=\"2 minutos\" \/>\n<script type=\"application\/ld+json\" class=\"yoast-schema-graph\">{\"@context\":\"https:\\\/\\\/schema.org\",\"@graph\":[{\"@type\":\"Article\",\"@id\":\"https:\\\/\\\/reporteroshoy.mx\\\/noticias\\\/vecinos-de-la-nueva-sambula-estrenaran-parque\\\/#article\",\"isPartOf\":{\"@id\":\"https:\\\/\\\/reporteroshoy.mx\\\/noticias\\\/vecinos-de-la-nueva-sambula-estrenaran-parque\\\/\"},\"author\":{\"name\":\"Reporteros Hoy GS\",\"@id\":\"https:\\\/\\\/reporteroshoy.mx\\\/noticias\\\/#\\\/schema\\\/person\\\/49ae631fc906b44554e4ba3866c505d7\"},\"headline\":\"Vecinos de la Nueva Sambul\u00e1 estrenar\u00e1n parque\",\"datePublished\":\"2023-12-10T22:42:00+00:00\",\"mainEntityOfPage\":{\"@id\":\"https:\\\/\\\/reporteroshoy.mx\\\/noticias\\\/vecinos-de-la-nueva-sambula-estrenaran-parque\\\/\"},\"wordCount\":419,\"commentCount\":0,\"image\":{\"@id\":\"https:\\\/\\\/reporteroshoy.mx\\\/noticias\\\/vecinos-de-la-nueva-sambula-estrenaran-parque\\\/#primaryimage\"},\"thumbnailUrl\":\"https:\\\/\\\/reporteroshoy.mx\\\/noticias\\\/wp-content\\\/uploads\\\/2023\\\/12\\\/bad5d4fc-fe3f-4b6b-ade8-f175388ffe0b-scaled.jpeg\",\"keywords\":[\"ayuntamiento de merida\",\"Nueva Sambul\u00e1\"],\"articleSection\":[\"M\u00e9rida\"],\"inLanguage\":\"es\",\"potentialAction\":[{\"@type\":\"CommentAction\",\"name\":\"Comment\",\"target\":[\"https:\\\/\\\/reporteroshoy.mx\\\/noticias\\\/vecinos-de-la-nueva-sambula-estrenaran-parque\\\/#respond\"]}]},{\"@type\":\"WebPage\",\"@id\":\"https:\\\/\\\/reporteroshoy.mx\\\/noticias\\\/vecinos-de-la-nueva-sambula-estrenaran-parque\\\/\",\"url\":\"https:\\\/\\\/reporteroshoy.mx\\\/noticias\\\/vecinos-de-la-nueva-sambula-estrenaran-parque\\\/\",\"name\":\"Vecinos de la Nueva Sambul\u00e1 estrenar\u00e1n parque\",\"isPartOf\":{\"@id\":\"https:\\\/\\\/reporteroshoy.mx\\\/noticias\\\/#website\"},\"primaryImageOfPage\":{\"@id\":\"https:\\\/\\\/reporteroshoy.mx\\\/noticias\\\/vecinos-de-la-nueva-sambula-estrenaran-parque\\\/#primaryimage\"},\"image\":{\"@id\":\"https:\\\/\\\/reporteroshoy.mx\\\/noticias\\\/vecinos-de-la-nueva-sambula-estrenaran-parque\\\/#primaryimage\"},\"thumbnailUrl\":\"https:\\\/\\\/reporteroshoy.mx\\\/noticias\\\/wp-content\\\/uploads\\\/2023\\\/12\\\/bad5d4fc-fe3f-4b6b-ade8-f175388ffe0b-scaled.jpeg\",\"datePublished\":\"2023-12-10T22:42:00+00:00\",\"author\":{\"@id\":\"https:\\\/\\\/reporteroshoy.mx\\\/noticias\\\/#\\\/schema\\\/person\\\/49ae631fc906b44554e4ba3866c505d7\"},\"description\":\"Reparaci\u00f3n, pintura y mantenimiento general adem\u00e1s de mantenimiento de luminarias en el parque y avenida de la Nueva Sambul\u00e1.\",\"breadcrumb\":{\"@id\":\"https:\\\/\\\/reporteroshoy.mx\\\/noticias\\\/vecinos-de-la-nueva-sambula-estrenaran-parque\\\/#breadcrumb\"},\"inLanguage\":\"es\",\"potentialAction\":[{\"@type\":\"ReadAction\",\"target\":[\"https:\\\/\\\/reporteroshoy.mx\\\/noticias\\\/vecinos-de-la-nueva-sambula-estrenaran-parque\\\/\"]}]},{\"@type\":\"ImageObject\",\"inLanguage\":\"es\",\"@id\":\"https:\\\/\\\/reporteroshoy.mx\\\/noticias\\\/vecinos-de-la-nueva-sambula-estrenaran-parque\\\/#primaryimage\",\"url\":\"https:\\\/\\\/reporteroshoy.mx\\\/noticias\\\/wp-content\\\/uploads\\\/2023\\\/12\\\/bad5d4fc-fe3f-4b6b-ade8-f175388ffe0b-scaled.jpeg\",\"contentUrl\":\"https:\\\/\\\/reporteroshoy.mx\\\/noticias\\\/wp-content\\\/uploads\\\/2023\\\/12\\\/bad5d4fc-fe3f-4b6b-ade8-f175388ffe0b-scaled.jpeg\",\"width\":768,\"height\":512},{\"@type\":\"BreadcrumbList\",\"@id\":\"https:\\\/\\\/reporteroshoy.mx\\\/noticias\\\/vecinos-de-la-nueva-sambula-estrenaran-parque\\\/#breadcrumb\",\"itemListElement\":[{\"@type\":\"ListItem\",\"position\":1,\"name\":\"Portada\",\"item\":\"https:\\\/\\\/reporteroshoy.mx\\\/noticias\\\/\"},{\"@type\":\"ListItem\",\"position\":2,\"name\":\"Vecinos de la Nueva Sambul\u00e1 estrenar\u00e1n parque\"}]},{\"@type\":\"WebSite\",\"@id\":\"https:\\\/\\\/reporteroshoy.mx\\\/noticias\\\/#website\",\"url\":\"https:\\\/\\\/reporteroshoy.mx\\\/noticias\\\/\",\"name\":\"Reporteros Hoy | Noticias de Yucat\u00e1n\",\"description\":\"Peri\u00f3dico digital con noticias diarias desde M\u00e9rida, Yucat\u00e1n para el mundo.\",\"potentialAction\":[{\"@type\":\"SearchAction\",\"target\":{\"@type\":\"EntryPoint\",\"urlTemplate\":\"https:\\\/\\\/reporteroshoy.mx\\\/noticias\\\/?s={search_term_string}\"},\"query-input\":{\"@type\":\"PropertyValueSpecification\",\"valueRequired\":true,\"valueName\":\"search_term_string\"}}],\"inLanguage\":\"es\"},{\"@type\":\"Person\",\"@id\":\"https:\\\/\\\/reporteroshoy.mx\\\/noticias\\\/#\\\/schema\\\/person\\\/49ae631fc906b44554e4ba3866c505d7\",\"name\":\"Reporteros Hoy GS\",\"image\":{\"@type\":\"ImageObject\",\"inLanguage\":\"es\",\"@id\":\"https:\\\/\\\/secure.gravatar.com\\\/avatar\\\/00d32adb620345c3db2cfc175917f65c584e1e338fdc49ad126aa1f9830eb6a9?s=96&d=mm&r=g\",\"url\":\"https:\\\/\\\/secure.gravatar.com\\\/avatar\\\/00d32adb620345c3db2cfc175917f65c584e1e338fdc49ad126aa1f9830eb6a9?s=96&d=mm&r=g\",\"contentUrl\":\"https:\\\/\\\/secure.gravatar.com\\\/avatar\\\/00d32adb620345c3db2cfc175917f65c584e1e338fdc49ad126aa1f9830eb6a9?s=96&d=mm&r=g\",\"caption\":\"Reporteros Hoy GS\"},\"url\":\"https:\\\/\\\/reporteroshoy.mx\\\/noticias\\\/author\\\/lupis\\\/\"}]}<\/script>\n<!-- \/ Yoast SEO plugin. -->","yoast_head_json":{"title":"Vecinos de la Nueva Sambul\u00e1 estrenar\u00e1n parque","description":"Reparaci\u00f3n, pintura y mantenimiento general adem\u00e1s de mantenimiento de luminarias en el parque y avenida de la Nueva Sambul\u00e1.","robots":{"index":"index","follow":"follow","max-snippet":"max-snippet:-1","max-image-preview":"max-image-preview:large","max-video-preview":"max-video-preview:-1"},"canonical":"https:\/\/reporteroshoy.mx\/noticias\/vecinos-de-la-nueva-sambula-estrenaran-parque\/","og_locale":"es_ES","og_type":"article","og_title":"Vecinos de la Nueva Sambul\u00e1 estrenar\u00e1n parque","og_description":"Reparaci\u00f3n, pintura y mantenimiento general adem\u00e1s de mantenimiento de luminarias en el parque y avenida de la Nueva Sambul\u00e1.","og_url":"https:\/\/reporteroshoy.mx\/noticias\/vecinos-de-la-nueva-sambula-estrenaran-parque\/","og_site_name":"Reporteros Hoy | Noticias de Yucat\u00e1n","article_publisher":"http:\/\/www.facebook.com\/reporteroshoymx","article_published_time":"2023-12-10T22:42:00+00:00","og_image":[{"width":768,"height":512,"url":"https:\/\/reporteroshoy.mx\/noticias\/wp-content\/uploads\/2023\/12\/bad5d4fc-fe3f-4b6b-ade8-f175388ffe0b-scaled.jpeg","type":"image\/jpeg"}],"author":"Reporteros Hoy GS","twitter_card":"summary_large_image","twitter_creator":"@reporteroshoy","twitter_site":"@reporteroshoy","twitter_misc":{"Escrito por":"Reporteros Hoy GS","Tiempo de lectura":"2 minutos"},"schema":{"@context":"https:\/\/schema.org","@graph":[{"@type":"Article","@id":"https:\/\/reporteroshoy.mx\/noticias\/vecinos-de-la-nueva-sambula-estrenaran-parque\/#article","isPartOf":{"@id":"https:\/\/reporteroshoy.mx\/noticias\/vecinos-de-la-nueva-sambula-estrenaran-parque\/"},"author":{"name":"Reporteros Hoy GS","@id":"https:\/\/reporteroshoy.mx\/noticias\/#\/schema\/person\/49ae631fc906b44554e4ba3866c505d7"},"headline":"Vecinos de la Nueva Sambul\u00e1 estrenar\u00e1n parque","datePublished":"2023-12-10T22:42:00+00:00","mainEntityOfPage":{"@id":"https:\/\/reporteroshoy.mx\/noticias\/vecinos-de-la-nueva-sambula-estrenaran-parque\/"},"wordCount":419,"commentCount":0,"image":{"@id":"https:\/\/reporteroshoy.mx\/noticias\/vecinos-de-la-nueva-sambula-estrenaran-parque\/#primaryimage"},"thumbnailUrl":"https:\/\/reporteroshoy.mx\/noticias\/wp-content\/uploads\/2023\/12\/bad5d4fc-fe3f-4b6b-ade8-f175388ffe0b-scaled.jpeg","keywords":["ayuntamiento de merida","Nueva Sambul\u00e1"],"articleSection":["M\u00e9rida"],"inLanguage":"es","potentialAction":[{"@type":"CommentAction","name":"Comment","target":["https:\/\/reporteroshoy.mx\/noticias\/vecinos-de-la-nueva-sambula-estrenaran-parque\/#respond"]}]},{"@type":"WebPage","@id":"https:\/\/reporteroshoy.mx\/noticias\/vecinos-de-la-nueva-sambula-estrenaran-parque\/","url":"https:\/\/reporteroshoy.mx\/noticias\/vecinos-de-la-nueva-sambula-estrenaran-parque\/","name":"Vecinos de la Nueva Sambul\u00e1 estrenar\u00e1n parque","isPartOf":{"@id":"https:\/\/reporteroshoy.mx\/noticias\/#website"},"primaryImageOfPage":{"@id":"https:\/\/reporteroshoy.mx\/noticias\/vecinos-de-la-nueva-sambula-estrenaran-parque\/#primaryimage"},"image":{"@id":"https:\/\/reporteroshoy.mx\/noticias\/vecinos-de-la-nueva-sambula-estrenaran-parque\/#primaryimage"},"thumbnailUrl":"https:\/\/reporteroshoy.mx\/noticias\/wp-content\/uploads\/2023\/12\/bad5d4fc-fe3f-4b6b-ade8-f175388ffe0b-scaled.jpeg","datePublished":"2023-12-10T22:42:00+00:00","author":{"@id":"https:\/\/reporteroshoy.mx\/noticias\/#\/schema\/person\/49ae631fc906b44554e4ba3866c505d7"},"description":"Reparaci\u00f3n, pintura y mantenimiento general adem\u00e1s de mantenimiento de luminarias en el parque y avenida de la Nueva Sambul\u00e1.","breadcrumb":{"@id":"https:\/\/reporteroshoy.mx\/noticias\/vecinos-de-la-nueva-sambula-estrenaran-parque\/#breadcrumb"},"inLanguage":"es","potentialAction":[{"@type":"ReadAction","target":["https:\/\/reporteroshoy.mx\/noticias\/vecinos-de-la-nueva-sambula-estrenaran-parque\/"]}]},{"@type":"ImageObject","inLanguage":"es","@id":"https:\/\/reporteroshoy.mx\/noticias\/vecinos-de-la-nueva-sambula-estrenaran-parque\/#primaryimage","url":"https:\/\/reporteroshoy.mx\/noticias\/wp-content\/uploads\/2023\/12\/bad5d4fc-fe3f-4b6b-ade8-f175388ffe0b-scaled.jpeg","contentUrl":"https:\/\/reporteroshoy.mx\/noticias\/wp-content\/uploads\/2023\/12\/bad5d4fc-fe3f-4b6b-ade8-f175388ffe0b-scaled.jpeg","width":768,"height":512},{"@type":"BreadcrumbList","@id":"https:\/\/reporteroshoy.mx\/noticias\/vecinos-de-la-nueva-sambula-estrenaran-parque\/#breadcrumb","itemListElement":[{"@type":"ListItem","position":1,"name":"Portada","item":"https:\/\/reporteroshoy.mx\/noticias\/"},{"@type":"ListItem","position":2,"name":"Vecinos de la Nueva Sambul\u00e1 estrenar\u00e1n parque"}]},{"@type":"WebSite","@id":"https:\/\/reporteroshoy.mx\/noticias\/#website","url":"https:\/\/reporteroshoy.mx\/noticias\/","name":"Reporteros Hoy | Noticias de Yucat\u00e1n","description":"Peri\u00f3dico digital con noticias diarias desde M\u00e9rida, Yucat\u00e1n para el mundo.","potentialAction":[{"@type":"SearchAction","target":{"@type":"EntryPoint","urlTemplate":"https:\/\/reporteroshoy.mx\/noticias\/?s={search_term_string}"},"query-input":{"@type":"PropertyValueSpecification","valueRequired":true,"valueName":"search_term_string"}}],"inLanguage":"es"},{"@type":"Person","@id":"https:\/\/reporteroshoy.mx\/noticias\/#\/schema\/person\/49ae631fc906b44554e4ba3866c505d7","name":"Reporteros Hoy GS","image":{"@type":"ImageObject","inLanguage":"es","@id":"https:\/\/secure.gravatar.com\/avatar\/00d32adb620345c3db2cfc175917f65c584e1e338fdc49ad126aa1f9830eb6a9?s=96&d=mm&r=g","url":"https:\/\/secure.gravatar.com\/avatar\/00d32adb620345c3db2cfc175917f65c584e1e338fdc49ad126aa1f9830eb6a9?s=96&d=mm&r=g","contentUrl":"https:\/\/secure.gravatar.com\/avatar\/00d32adb620345c3db2cfc175917f65c584e1e338fdc49ad126aa1f9830eb6a9?s=96&d=mm&r=g","caption":"Reporteros Hoy GS"},"url":"https:\/\/reporteroshoy.mx\/noticias\/author\/lupis\/"}]}},"_links":{"self":[{"href":"https:\/\/reporteroshoy.mx\/noticias\/wp-json\/wp\/v2\/posts\/108192","targetHints":{"allow":["GET"]}}],"collection":[{"href":"https:\/\/reporteroshoy.mx\/noticias\/wp-json\/wp\/v2\/posts"}],"about":[{"href":"https:\/\/reporteroshoy.mx\/noticias\/wp-json\/wp\/v2\/types\/post"}],"author":[{"embeddable":true,"href":"https:\/\/reporteroshoy.mx\/noticias\/wp-json\/wp\/v2\/users\/6"}],"replies":[{"embeddable":true,"href":"https:\/\/reporteroshoy.mx\/noticias\/wp-json\/wp\/v2\/comments?post=108192"}],"version-history":[{"count":0,"href":"https:\/\/reporteroshoy.mx\/noticias\/wp-json\/wp\/v2\/posts\/108192\/revisions"}],"wp:featuredmedia":[{"embeddable":true,"href":"https:\/\/reporteroshoy.mx\/noticias\/wp-json\/wp\/v2\/media\/108193"}],"wp:attachment":[{"href":"https:\/\/reporteroshoy.mx\/noticias\/wp-json\/wp\/v2\/media?parent=108192"}],"wp:term":[{"taxonomy":"category","embeddable":true,"href":"https:\/\/reporteroshoy.mx\/noticias\/wp-json\/wp\/v2\/categories?post=108192"},{"taxonomy":"post_tag","embeddable":true,"href":"https:\/\/reporteroshoy.mx\/noticias\/wp-json\/wp\/v2\/tags?post=108192"}],"curies":[{"name":"wp","href":"https:\/\/api.w.org\/{rel}","templated":true}]}}