{"id":108294,"date":"2023-12-13T23:10:27","date_gmt":"2023-12-14T05:10:27","guid":{"rendered":"https:\/\/reporteroshoy.mx\/noticias\/?p=108294"},"modified":"2023-12-13T23:10:27","modified_gmt":"2023-12-14T05:10:27","slug":"la-peni-estrenan-el-videomapping-del-parque-de-la-paz","status":"publish","type":"post","link":"https:\/\/reporteroshoy.mx\/noticias\/la-peni-estrenan-el-videomapping-del-parque-de-la-paz\/","title":{"rendered":"\u00abLa Peni\u00bb: estrenan el videomapping del Parque de La Paz"},"content":{"rendered":"<p style=\"text-align: justify;\">El alcalde de M\u00e9rida, Alejandro Ruz Castro, inaugur\u00f3 \u00abLa Peni\u00bb, un proyecto de intervenci\u00f3n digital que transforma 19 mil metros cuadrados de un espacio p\u00fablico hist\u00f3rico en una experiencia cultural \u00fanica en Latinoam\u00e9rica.<\/p>\n<p style=\"text-align: justify;\">Ubicado en el Parque de la Paz, <span style=\"text-decoration: underline; color: #0000ff;\"><strong><a style=\"color: #0000ff; text-decoration: underline;\" href=\"https:\/\/www.mexicoescultura.com\/actividad\/282983\/la-peni.html\">este innovador proyecto<\/a><\/strong><\/span> recupera el espacio p\u00fablico alrededor de la ex Penitenciar\u00eda Ju\u00e1rez, conocida como \u00abLa Peni\u00bb.<\/p>\n<p><img loading=\"lazy\" decoding=\"async\" class=\"wp-image-108297 aligncenter\" src=\"https:\/\/reporteroshoy.mx\/noticias\/wp-content\/uploads\/2023\/12\/La-Peni-3-scaled.jpg\" alt=\"La Peni\" width=\"639\" height=\"426\" \/><\/p>\n<p style=\"text-align: justify;\">Este lugar, rodeado por escuelas, hospitales y oficinas gubernamentales, ahora ofrece una experiencia cultural inmersiva, interactiva y gratuita para familias, j\u00f3venes y turistas.<\/p>\n<p style=\"text-align: justify;\">El proyecto, desarrollado durante m\u00e1s de cinco a\u00f1os, incorpora tecnolog\u00edas de vanguardia para ofrecer a los visitantes proyecciones monumentales, audio interactivo, sensores de movimiento, pantallas t\u00e1ctiles e interactivas, l\u00e1seres y efectos visuales.<\/p>\n<p style=\"text-align: justify;\">\u00abLa Peni\u00bb se convierte as\u00ed en un lienzo vivo donde los visitantes participan en la creaci\u00f3n diaria de un espect\u00e1culo \u00fanico.<\/p>\n<p style=\"text-align: justify;\"><img loading=\"lazy\" decoding=\"async\" class=\"wp-image-108295 aligncenter\" src=\"https:\/\/reporteroshoy.mx\/noticias\/wp-content\/uploads\/2023\/12\/La-Peni-1-scaled.jpg\" alt=\"La Peni\" width=\"626\" height=\"417\" \/> Desde la entrada al Parque de la Luz, los visitantes son recibidos por una hamaca gigante de 65 x 15 metros, simbolizando la fuerza y armon\u00eda del tejido social yucateco.<\/p>\n<p style=\"text-align: justify;\">Durante el d\u00eda, los sonidos inspirados en la regi\u00f3n llenan el espacio, mientras que por la noche, l\u00e1mparas inteligentes iluminan los \u00e1rboles acompa\u00f1adas de sonidos de la fauna regional.<\/p>\n<h4><strong>Nuevos atractivos<\/strong><\/h4>\n<p style=\"text-align: justify;\">El proyecto cuenta con diversos momentos interactivos, como \u00abSemillas\u00bb, \u00abCometas\u00bb, \u00abConstelaciones\u00bb, \u00abPortales digitales\u00bb, \u00abProyecci\u00f3n Estelar\u00bb y \u00abFuentes interactivas\u00bb.<\/p>\n<p><img loading=\"lazy\" decoding=\"async\" class=\"wp-image-108296 aligncenter\" src=\"https:\/\/reporteroshoy.mx\/noticias\/wp-content\/uploads\/2023\/12\/La-Peni-2-scaled.jpg\" alt=\"La Peni\" width=\"620\" height=\"413\" \/><\/p>\n<p style=\"text-align: justify;\">Los visitantes pueden participar digitalmente, sembrar semillas regionales, energizar cometas que recuerdan el meteorito Chicxulub, crear constelaciones con el movimiento de sus tel\u00e9fonos y jugar con chorros de agua que siguen sus movimientos.<\/p>\n<p style=\"text-align: justify;\">El director de Cultura, Irving Berl\u00edn Villafa\u00f1a, destac\u00f3 que \u00abLa Peni\u00bb es el primer parque inmersivo con tecnolog\u00eda digital de interacci\u00f3n en M\u00e9xico y Am\u00e9rica Latina. Adem\u00e1s, subray\u00f3 que este proyecto atraer\u00e1 a artistas de todo el mundo y enriquecer\u00e1 la vida cultural de M\u00e9rida.<\/p>\n<p style=\"text-align: justify;\">Jorge Contreras, un productor creativo transdisciplinario con experiencia en cine, teatro, televisi\u00f3n y espacios gastron\u00f3micos, fue el creador del proyecto.\u00a0\u00abLa Peni\u00bb es una amalgama de arte y tecnolog\u00eda que utiliza el espacio y la tecnolog\u00eda para crear mundos digitales y contar historias, proporcionando una experiencia din\u00e1mica y siempre \u00fanica.<\/p>\n<p><img loading=\"lazy\" decoding=\"async\" class=\"wp-image-108298 aligncenter\" src=\"https:\/\/reporteroshoy.mx\/noticias\/wp-content\/uploads\/2023\/12\/La-Peni-4-scaled.jpg\" alt=\"La Peni\" width=\"647\" height=\"431\" \/><\/p>\n<p style=\"text-align: justify;\">En la inauguraci\u00f3n, el alcalde <span style=\"text-decoration: underline; color: #0000ff;\"><strong><a style=\"color: #0000ff; text-decoration: underline;\" href=\"https:\/\/reporteroshoy.mx\/noticias\/tag\/alejandro-ruz-castro\/\">Ruz Castro<\/a><\/strong><\/span> resalt\u00f3 la visi\u00f3n innovadora de M\u00e9rida como una ciudad inteligente y agradeci\u00f3 la iniciativa del ex alcalde Ren\u00e1n Barrera Concha, quien impuls\u00f3 proyectos que generan felicidad, atraen inversi\u00f3n y enorgullecen a la comunidad.<\/p>\n<p style=\"text-align: justify;\">El evento cont\u00f3 con la presencia de diversas personalidades, incluyendo el diputado V\u00edctor Hugo Lozano Poveda, el agregado de Cultura de Quebec en M\u00e9xico, Dominique Decorme, y el Presidente del Consejo Coordinador Empresarial (CCE) y Presidente de INDEX, Alejandro Guerrero Lozano. Asistieron tambi\u00e9n representantes de colegios de profesionistas, universidades, asociaciones civiles, diputados locales, secretarios del gobierno estatal, directores municipales, regidores y ex alcaldes de M\u00e9rida.<\/p>\n","protected":false},"excerpt":{"rendered":"<p>El alcalde Alejandro Ruz Castro inaugur\u00f3 el proyecto un proyecto que transforma 19 mil metros cuadrados de un espacio p\u00fablico hist\u00f3rico en una experiencia cultural \u00fanica en Latinoam\u00e9rica.<\/p>\n","protected":false},"author":2,"featured_media":108295,"comment_status":"open","ping_status":"closed","sticky":false,"template":"","format":"standard","meta":{"footnotes":""},"categories":[24379],"tags":[24,25513,25493],"class_list":["post-108294","post","type-post","status-publish","format-standard","has-post-thumbnail","hentry","category-merida","tag-ayuntamiento-de-merida","tag-expenitenciaria-juarez","tag-la-peni"],"yoast_head":"<!-- This site is optimized with the Yoast SEO plugin v28.4 - https:\/\/yoast.com\/product\/yoast-seo-wordpress\/ -->\n<title>&quot;La Peni&quot;: estrenan el videomapping del Parque de La Paz<\/title>\n<meta name=\"description\" content=\"El alcalde Alejandro Ruz Castro inaugur\u00f3 el proyecto un proyecto que transforma 19 mil metros cuadrados de un espacio p\u00fablico hist\u00f3rico en una experiencia cultural \u00fanica en Latinoam\u00e9rica.\" \/>\n<meta name=\"robots\" content=\"index, follow, max-snippet:-1, max-image-preview:large, max-video-preview:-1\" \/>\n<link rel=\"canonical\" href=\"https:\/\/reporteroshoy.mx\/noticias\/la-peni-estrenan-el-videomapping-del-parque-de-la-paz\/\" \/>\n<meta property=\"og:locale\" content=\"es_ES\" \/>\n<meta property=\"og:type\" content=\"article\" \/>\n<meta property=\"og:title\" content=\"&quot;La Peni&quot;: estrenan el videomapping del Parque de La Paz\" \/>\n<meta property=\"og:description\" content=\"El alcalde Alejandro Ruz Castro inaugur\u00f3 el proyecto un proyecto que transforma 19 mil metros cuadrados de un espacio p\u00fablico hist\u00f3rico en una experiencia cultural \u00fanica en Latinoam\u00e9rica.\" \/>\n<meta property=\"og:url\" content=\"https:\/\/reporteroshoy.mx\/noticias\/la-peni-estrenan-el-videomapping-del-parque-de-la-paz\/\" \/>\n<meta property=\"og:site_name\" content=\"Reporteros Hoy | Noticias de Yucat\u00e1n\" \/>\n<meta property=\"article:publisher\" content=\"http:\/\/www.facebook.com\/reporteroshoymx\" \/>\n<meta property=\"article:published_time\" content=\"2023-12-14T05:10:27+00:00\" \/>\n<meta property=\"og:image\" content=\"https:\/\/reporteroshoy.mx\/noticias\/wp-content\/uploads\/2023\/12\/La-Peni-1-scaled.jpg\" \/>\n\t<meta property=\"og:image:width\" content=\"768\" \/>\n\t<meta property=\"og:image:height\" content=\"512\" \/>\n\t<meta property=\"og:image:type\" content=\"image\/jpeg\" \/>\n<meta name=\"author\" content=\"Reporteros Hoy HY\" \/>\n<meta name=\"twitter:card\" content=\"summary_large_image\" \/>\n<meta name=\"twitter:creator\" content=\"@reporteroshoy\" \/>\n<meta name=\"twitter:site\" content=\"@reporteroshoy\" \/>\n<meta name=\"twitter:label1\" content=\"Escrito por\" \/>\n\t<meta name=\"twitter:data1\" content=\"Reporteros Hoy HY\" \/>\n\t<meta name=\"twitter:label2\" content=\"Tiempo de lectura\" \/>\n\t<meta name=\"twitter:data2\" content=\"3 minutos\" \/>\n<script type=\"application\/ld+json\" class=\"yoast-schema-graph\">{\"@context\":\"https:\\\/\\\/schema.org\",\"@graph\":[{\"@type\":\"Article\",\"@id\":\"https:\\\/\\\/reporteroshoy.mx\\\/noticias\\\/la-peni-estrenan-el-videomapping-del-parque-de-la-paz\\\/#article\",\"isPartOf\":{\"@id\":\"https:\\\/\\\/reporteroshoy.mx\\\/noticias\\\/la-peni-estrenan-el-videomapping-del-parque-de-la-paz\\\/\"},\"author\":{\"name\":\"Reporteros Hoy HY\",\"@id\":\"https:\\\/\\\/reporteroshoy.mx\\\/noticias\\\/#\\\/schema\\\/person\\\/d32189074678a9d41498d4248e29aac3\"},\"headline\":\"\u00abLa Peni\u00bb: estrenan el videomapping del Parque de La Paz\",\"datePublished\":\"2023-12-14T05:10:27+00:00\",\"mainEntityOfPage\":{\"@id\":\"https:\\\/\\\/reporteroshoy.mx\\\/noticias\\\/la-peni-estrenan-el-videomapping-del-parque-de-la-paz\\\/\"},\"wordCount\":497,\"commentCount\":0,\"image\":{\"@id\":\"https:\\\/\\\/reporteroshoy.mx\\\/noticias\\\/la-peni-estrenan-el-videomapping-del-parque-de-la-paz\\\/#primaryimage\"},\"thumbnailUrl\":\"https:\\\/\\\/reporteroshoy.mx\\\/noticias\\\/wp-content\\\/uploads\\\/2023\\\/12\\\/La-Peni-1-scaled.jpg\",\"keywords\":[\"ayuntamiento de merida\",\"expenitenciar\u00eda ju\u00e1rez\",\"La Peni\"],\"articleSection\":[\"M\u00e9rida\"],\"inLanguage\":\"es\",\"potentialAction\":[{\"@type\":\"CommentAction\",\"name\":\"Comment\",\"target\":[\"https:\\\/\\\/reporteroshoy.mx\\\/noticias\\\/la-peni-estrenan-el-videomapping-del-parque-de-la-paz\\\/#respond\"]}]},{\"@type\":\"WebPage\",\"@id\":\"https:\\\/\\\/reporteroshoy.mx\\\/noticias\\\/la-peni-estrenan-el-videomapping-del-parque-de-la-paz\\\/\",\"url\":\"https:\\\/\\\/reporteroshoy.mx\\\/noticias\\\/la-peni-estrenan-el-videomapping-del-parque-de-la-paz\\\/\",\"name\":\"\\\"La Peni\\\": estrenan el videomapping del Parque de La Paz\",\"isPartOf\":{\"@id\":\"https:\\\/\\\/reporteroshoy.mx\\\/noticias\\\/#website\"},\"primaryImageOfPage\":{\"@id\":\"https:\\\/\\\/reporteroshoy.mx\\\/noticias\\\/la-peni-estrenan-el-videomapping-del-parque-de-la-paz\\\/#primaryimage\"},\"image\":{\"@id\":\"https:\\\/\\\/reporteroshoy.mx\\\/noticias\\\/la-peni-estrenan-el-videomapping-del-parque-de-la-paz\\\/#primaryimage\"},\"thumbnailUrl\":\"https:\\\/\\\/reporteroshoy.mx\\\/noticias\\\/wp-content\\\/uploads\\\/2023\\\/12\\\/La-Peni-1-scaled.jpg\",\"datePublished\":\"2023-12-14T05:10:27+00:00\",\"author\":{\"@id\":\"https:\\\/\\\/reporteroshoy.mx\\\/noticias\\\/#\\\/schema\\\/person\\\/d32189074678a9d41498d4248e29aac3\"},\"description\":\"El alcalde Alejandro Ruz Castro inaugur\u00f3 el proyecto un proyecto que transforma 19 mil metros cuadrados de un espacio p\u00fablico hist\u00f3rico en una experiencia cultural \u00fanica en Latinoam\u00e9rica.\",\"breadcrumb\":{\"@id\":\"https:\\\/\\\/reporteroshoy.mx\\\/noticias\\\/la-peni-estrenan-el-videomapping-del-parque-de-la-paz\\\/#breadcrumb\"},\"inLanguage\":\"es\",\"potentialAction\":[{\"@type\":\"ReadAction\",\"target\":[\"https:\\\/\\\/reporteroshoy.mx\\\/noticias\\\/la-peni-estrenan-el-videomapping-del-parque-de-la-paz\\\/\"]}]},{\"@type\":\"ImageObject\",\"inLanguage\":\"es\",\"@id\":\"https:\\\/\\\/reporteroshoy.mx\\\/noticias\\\/la-peni-estrenan-el-videomapping-del-parque-de-la-paz\\\/#primaryimage\",\"url\":\"https:\\\/\\\/reporteroshoy.mx\\\/noticias\\\/wp-content\\\/uploads\\\/2023\\\/12\\\/La-Peni-1-scaled.jpg\",\"contentUrl\":\"https:\\\/\\\/reporteroshoy.mx\\\/noticias\\\/wp-content\\\/uploads\\\/2023\\\/12\\\/La-Peni-1-scaled.jpg\",\"width\":768,\"height\":512,\"caption\":\"La Peni\"},{\"@type\":\"BreadcrumbList\",\"@id\":\"https:\\\/\\\/reporteroshoy.mx\\\/noticias\\\/la-peni-estrenan-el-videomapping-del-parque-de-la-paz\\\/#breadcrumb\",\"itemListElement\":[{\"@type\":\"ListItem\",\"position\":1,\"name\":\"Portada\",\"item\":\"https:\\\/\\\/reporteroshoy.mx\\\/noticias\\\/\"},{\"@type\":\"ListItem\",\"position\":2,\"name\":\"\u00abLa Peni\u00bb: estrenan el videomapping del Parque de La Paz\"}]},{\"@type\":\"WebSite\",\"@id\":\"https:\\\/\\\/reporteroshoy.mx\\\/noticias\\\/#website\",\"url\":\"https:\\\/\\\/reporteroshoy.mx\\\/noticias\\\/\",\"name\":\"Reporteros Hoy | Noticias de Yucat\u00e1n\",\"description\":\"Peri\u00f3dico digital con noticias diarias desde M\u00e9rida, Yucat\u00e1n para el mundo.\",\"potentialAction\":[{\"@type\":\"SearchAction\",\"target\":{\"@type\":\"EntryPoint\",\"urlTemplate\":\"https:\\\/\\\/reporteroshoy.mx\\\/noticias\\\/?s={search_term_string}\"},\"query-input\":{\"@type\":\"PropertyValueSpecification\",\"valueRequired\":true,\"valueName\":\"search_term_string\"}}],\"inLanguage\":\"es\"},{\"@type\":\"Person\",\"@id\":\"https:\\\/\\\/reporteroshoy.mx\\\/noticias\\\/#\\\/schema\\\/person\\\/d32189074678a9d41498d4248e29aac3\",\"name\":\"Reporteros Hoy HY\",\"image\":{\"@type\":\"ImageObject\",\"inLanguage\":\"es\",\"@id\":\"https:\\\/\\\/secure.gravatar.com\\\/avatar\\\/c539a82770f256437b35bda44650bb50f5fd4b7017f8b29672ed9f27a43cec47?s=96&d=mm&r=g\",\"url\":\"https:\\\/\\\/secure.gravatar.com\\\/avatar\\\/c539a82770f256437b35bda44650bb50f5fd4b7017f8b29672ed9f27a43cec47?s=96&d=mm&r=g\",\"contentUrl\":\"https:\\\/\\\/secure.gravatar.com\\\/avatar\\\/c539a82770f256437b35bda44650bb50f5fd4b7017f8b29672ed9f27a43cec47?s=96&d=mm&r=g\",\"caption\":\"Reporteros Hoy HY\"},\"url\":\"https:\\\/\\\/reporteroshoy.mx\\\/noticias\\\/author\\\/thelmo\\\/\"}]}<\/script>\n<!-- \/ Yoast SEO plugin. -->","yoast_head_json":{"title":"\"La Peni\": estrenan el videomapping del Parque de La Paz","description":"El alcalde Alejandro Ruz Castro inaugur\u00f3 el proyecto un proyecto que transforma 19 mil metros cuadrados de un espacio p\u00fablico hist\u00f3rico en una experiencia cultural \u00fanica en Latinoam\u00e9rica.","robots":{"index":"index","follow":"follow","max-snippet":"max-snippet:-1","max-image-preview":"max-image-preview:large","max-video-preview":"max-video-preview:-1"},"canonical":"https:\/\/reporteroshoy.mx\/noticias\/la-peni-estrenan-el-videomapping-del-parque-de-la-paz\/","og_locale":"es_ES","og_type":"article","og_title":"\"La Peni\": estrenan el videomapping del Parque de La Paz","og_description":"El alcalde Alejandro Ruz Castro inaugur\u00f3 el proyecto un proyecto que transforma 19 mil metros cuadrados de un espacio p\u00fablico hist\u00f3rico en una experiencia cultural \u00fanica en Latinoam\u00e9rica.","og_url":"https:\/\/reporteroshoy.mx\/noticias\/la-peni-estrenan-el-videomapping-del-parque-de-la-paz\/","og_site_name":"Reporteros Hoy | Noticias de Yucat\u00e1n","article_publisher":"http:\/\/www.facebook.com\/reporteroshoymx","article_published_time":"2023-12-14T05:10:27+00:00","og_image":[{"width":768,"height":512,"url":"https:\/\/reporteroshoy.mx\/noticias\/wp-content\/uploads\/2023\/12\/La-Peni-1-scaled.jpg","type":"image\/jpeg"}],"author":"Reporteros Hoy HY","twitter_card":"summary_large_image","twitter_creator":"@reporteroshoy","twitter_site":"@reporteroshoy","twitter_misc":{"Escrito por":"Reporteros Hoy HY","Tiempo de lectura":"3 minutos"},"schema":{"@context":"https:\/\/schema.org","@graph":[{"@type":"Article","@id":"https:\/\/reporteroshoy.mx\/noticias\/la-peni-estrenan-el-videomapping-del-parque-de-la-paz\/#article","isPartOf":{"@id":"https:\/\/reporteroshoy.mx\/noticias\/la-peni-estrenan-el-videomapping-del-parque-de-la-paz\/"},"author":{"name":"Reporteros Hoy HY","@id":"https:\/\/reporteroshoy.mx\/noticias\/#\/schema\/person\/d32189074678a9d41498d4248e29aac3"},"headline":"\u00abLa Peni\u00bb: estrenan el videomapping del Parque de La Paz","datePublished":"2023-12-14T05:10:27+00:00","mainEntityOfPage":{"@id":"https:\/\/reporteroshoy.mx\/noticias\/la-peni-estrenan-el-videomapping-del-parque-de-la-paz\/"},"wordCount":497,"commentCount":0,"image":{"@id":"https:\/\/reporteroshoy.mx\/noticias\/la-peni-estrenan-el-videomapping-del-parque-de-la-paz\/#primaryimage"},"thumbnailUrl":"https:\/\/reporteroshoy.mx\/noticias\/wp-content\/uploads\/2023\/12\/La-Peni-1-scaled.jpg","keywords":["ayuntamiento de merida","expenitenciar\u00eda ju\u00e1rez","La Peni"],"articleSection":["M\u00e9rida"],"inLanguage":"es","potentialAction":[{"@type":"CommentAction","name":"Comment","target":["https:\/\/reporteroshoy.mx\/noticias\/la-peni-estrenan-el-videomapping-del-parque-de-la-paz\/#respond"]}]},{"@type":"WebPage","@id":"https:\/\/reporteroshoy.mx\/noticias\/la-peni-estrenan-el-videomapping-del-parque-de-la-paz\/","url":"https:\/\/reporteroshoy.mx\/noticias\/la-peni-estrenan-el-videomapping-del-parque-de-la-paz\/","name":"\"La Peni\": estrenan el videomapping del Parque de La Paz","isPartOf":{"@id":"https:\/\/reporteroshoy.mx\/noticias\/#website"},"primaryImageOfPage":{"@id":"https:\/\/reporteroshoy.mx\/noticias\/la-peni-estrenan-el-videomapping-del-parque-de-la-paz\/#primaryimage"},"image":{"@id":"https:\/\/reporteroshoy.mx\/noticias\/la-peni-estrenan-el-videomapping-del-parque-de-la-paz\/#primaryimage"},"thumbnailUrl":"https:\/\/reporteroshoy.mx\/noticias\/wp-content\/uploads\/2023\/12\/La-Peni-1-scaled.jpg","datePublished":"2023-12-14T05:10:27+00:00","author":{"@id":"https:\/\/reporteroshoy.mx\/noticias\/#\/schema\/person\/d32189074678a9d41498d4248e29aac3"},"description":"El alcalde Alejandro Ruz Castro inaugur\u00f3 el proyecto un proyecto que transforma 19 mil metros cuadrados de un espacio p\u00fablico hist\u00f3rico en una experiencia cultural \u00fanica en Latinoam\u00e9rica.","breadcrumb":{"@id":"https:\/\/reporteroshoy.mx\/noticias\/la-peni-estrenan-el-videomapping-del-parque-de-la-paz\/#breadcrumb"},"inLanguage":"es","potentialAction":[{"@type":"ReadAction","target":["https:\/\/reporteroshoy.mx\/noticias\/la-peni-estrenan-el-videomapping-del-parque-de-la-paz\/"]}]},{"@type":"ImageObject","inLanguage":"es","@id":"https:\/\/reporteroshoy.mx\/noticias\/la-peni-estrenan-el-videomapping-del-parque-de-la-paz\/#primaryimage","url":"https:\/\/reporteroshoy.mx\/noticias\/wp-content\/uploads\/2023\/12\/La-Peni-1-scaled.jpg","contentUrl":"https:\/\/reporteroshoy.mx\/noticias\/wp-content\/uploads\/2023\/12\/La-Peni-1-scaled.jpg","width":768,"height":512,"caption":"La Peni"},{"@type":"BreadcrumbList","@id":"https:\/\/reporteroshoy.mx\/noticias\/la-peni-estrenan-el-videomapping-del-parque-de-la-paz\/#breadcrumb","itemListElement":[{"@type":"ListItem","position":1,"name":"Portada","item":"https:\/\/reporteroshoy.mx\/noticias\/"},{"@type":"ListItem","position":2,"name":"\u00abLa Peni\u00bb: estrenan el videomapping del Parque de La Paz"}]},{"@type":"WebSite","@id":"https:\/\/reporteroshoy.mx\/noticias\/#website","url":"https:\/\/reporteroshoy.mx\/noticias\/","name":"Reporteros Hoy | Noticias de Yucat\u00e1n","description":"Peri\u00f3dico digital con noticias diarias desde M\u00e9rida, Yucat\u00e1n para el mundo.","potentialAction":[{"@type":"SearchAction","target":{"@type":"EntryPoint","urlTemplate":"https:\/\/reporteroshoy.mx\/noticias\/?s={search_term_string}"},"query-input":{"@type":"PropertyValueSpecification","valueRequired":true,"valueName":"search_term_string"}}],"inLanguage":"es"},{"@type":"Person","@id":"https:\/\/reporteroshoy.mx\/noticias\/#\/schema\/person\/d32189074678a9d41498d4248e29aac3","name":"Reporteros Hoy HY","image":{"@type":"ImageObject","inLanguage":"es","@id":"https:\/\/secure.gravatar.com\/avatar\/c539a82770f256437b35bda44650bb50f5fd4b7017f8b29672ed9f27a43cec47?s=96&d=mm&r=g","url":"https:\/\/secure.gravatar.com\/avatar\/c539a82770f256437b35bda44650bb50f5fd4b7017f8b29672ed9f27a43cec47?s=96&d=mm&r=g","contentUrl":"https:\/\/secure.gravatar.com\/avatar\/c539a82770f256437b35bda44650bb50f5fd4b7017f8b29672ed9f27a43cec47?s=96&d=mm&r=g","caption":"Reporteros Hoy HY"},"url":"https:\/\/reporteroshoy.mx\/noticias\/author\/thelmo\/"}]}},"_links":{"self":[{"href":"https:\/\/reporteroshoy.mx\/noticias\/wp-json\/wp\/v2\/posts\/108294","targetHints":{"allow":["GET"]}}],"collection":[{"href":"https:\/\/reporteroshoy.mx\/noticias\/wp-json\/wp\/v2\/posts"}],"about":[{"href":"https:\/\/reporteroshoy.mx\/noticias\/wp-json\/wp\/v2\/types\/post"}],"author":[{"embeddable":true,"href":"https:\/\/reporteroshoy.mx\/noticias\/wp-json\/wp\/v2\/users\/2"}],"replies":[{"embeddable":true,"href":"https:\/\/reporteroshoy.mx\/noticias\/wp-json\/wp\/v2\/comments?post=108294"}],"version-history":[{"count":0,"href":"https:\/\/reporteroshoy.mx\/noticias\/wp-json\/wp\/v2\/posts\/108294\/revisions"}],"wp:featuredmedia":[{"embeddable":true,"href":"https:\/\/reporteroshoy.mx\/noticias\/wp-json\/wp\/v2\/media\/108295"}],"wp:attachment":[{"href":"https:\/\/reporteroshoy.mx\/noticias\/wp-json\/wp\/v2\/media?parent=108294"}],"wp:term":[{"taxonomy":"category","embeddable":true,"href":"https:\/\/reporteroshoy.mx\/noticias\/wp-json\/wp\/v2\/categories?post=108294"},{"taxonomy":"post_tag","embeddable":true,"href":"https:\/\/reporteroshoy.mx\/noticias\/wp-json\/wp\/v2\/tags?post=108294"}],"curies":[{"name":"wp","href":"https:\/\/api.w.org\/{rel}","templated":true}]}}