{"id":108864,"date":"2024-01-09T19:29:43","date_gmt":"2024-01-10T01:29:43","guid":{"rendered":"https:\/\/reporteroshoy.mx\/noticias\/?p=108864"},"modified":"2024-01-09T19:29:43","modified_gmt":"2024-01-10T01:29:43","slug":"unay-de-estreno-con-nuevas-y-renovadas-instalaciones","status":"publish","type":"post","link":"https:\/\/reporteroshoy.mx\/noticias\/unay-de-estreno-con-nuevas-y-renovadas-instalaciones\/","title":{"rendered":"UNAY, de estreno con nuevas y renovadas instalaciones"},"content":{"rendered":"<p style=\"text-align: justify;\"><span style=\"color: #000000;\">El gobernador Mauricio Vila Dosal inaugur\u00f3 oficialmente las mejoras en la Universidad de las Artes de Yucat\u00e1n (UNAY), un renovado espacio que potenciar\u00e1 la preparaci\u00f3n de estudiantes yucatecos en el \u00e1mbito art\u00edstico. <\/span><\/p>\n<p style=\"text-align: justify;\"><span style=\"color: #000000;\">Acompa\u00f1ado por la rectora de la UNAY, Karla Berr\u00f3n C\u00e1mara, y el alcalde de M\u00e9rida, Alejandro Ruz Castro, Vila Dosal cort\u00f3 el list\u00f3n inaugural de las mejoras en la universidad.<\/span><\/p>\n<h4><strong>UNAY podr\u00e1 recibir a dos mil alumnos<\/strong><\/h4>\n<p style=\"text-align: justify;\"><span style=\"color: #000000;\">La inversi\u00f3n de m\u00e1s de 280 millones de pesos permitir\u00e1 a la UNAY aumentar su capacidad de 400 a 2,000 alumnos.\u00a0<\/span><\/p>\n<p><img loading=\"lazy\" decoding=\"async\" class=\"wp-image-108867 aligncenter\" src=\"https:\/\/reporteroshoy.mx\/noticias\/wp-content\/uploads\/2024\/01\/VILA-UNAY-INAUGURACION-3-scaled.jpeg\" alt=\"Vila UNAY\" width=\"645\" height=\"402\" \/><\/p>\n<p style=\"text-align: justify;\"><span style=\"color: #000000;\">Durante su discurso, el gobernador destac\u00f3 su compromiso de elevar la Escuela Superior de Artes de Yucat\u00e1n (ESAY) a la categor\u00eda de UNAY, una promesa cumplida en noviembre del a\u00f1o pasado. Este logro representa el trabajo conjunto para ofrecer instalaciones de calidad y un impulso significativo para los estudiantes actuales y futuros.<\/span><\/p>\n<p style=\"text-align: justify;\"><img loading=\"lazy\" decoding=\"async\" class=\"wp-image-108865 aligncenter\" src=\"https:\/\/reporteroshoy.mx\/noticias\/wp-content\/uploads\/2024\/01\/VILA-UNAY-INAUGURACION-1-scaled.jpeg\" alt=\"Vila UNAY\" width=\"628\" height=\"423\" \/> <span style=\"color: #000000;\">El gobernador record\u00f3 el estado inicial del terreno de \u00abLa Plancha\u00bb, abandonado durante m\u00e1s de 30 a\u00f1os. En 2019, con la rehabilitaci\u00f3n del primer and\u00e9n con una inversi\u00f3n inicial de 60 millones de pesos, se marc\u00f3 el comienzo del crecimiento de la ESAY y la visi\u00f3n de construir los dos andenes restantes.<\/span><\/p>\n<h4><strong>No estaba en el proyecto original<\/strong><\/h4>\n<p style=\"text-align: justify;\"><span style=\"color: #000000;\">Vila Dosal enfatiz\u00f3 que la inclusi\u00f3n de la UNAY no estaba inicialmente planeada en el proyecto del Parque de \u00abLa Plancha\u00bb, sin embargo, gracias a negociaciones exitosas, se obtuvo la aprobaci\u00f3n del presidente Andr\u00e9s Manuel L\u00f3pez Obrador para la construcci\u00f3n y modernizaci\u00f3n de la UNAY, con una inversi\u00f3n total de m\u00e1s de 330 millones de pesos durante la actual administraci\u00f3n estatal.<\/span><\/p>\n<p><img loading=\"lazy\" decoding=\"async\" class=\"wp-image-108866 aligncenter\" src=\"https:\/\/reporteroshoy.mx\/noticias\/wp-content\/uploads\/2024\/01\/VILA-UNAY-INAUGURACION-2-scaled.jpeg\" alt=\"Vila UNAY\" width=\"617\" height=\"404\" \/><\/p>\n<p style=\"text-align: justify;\"><span style=\"color: #000000;\">En el evento, el gobernador tambi\u00e9n celebr\u00f3 la realizaci\u00f3n del anhelado Parque de \u00abLa Plancha\u00bb, ahora considerado el mejor de M\u00e9xico.\u00a0<\/span><\/p>\n<p style=\"text-align: justify;\"><span style=\"color: #000000;\">La rectora de la UNAY expres\u00f3 su agradecimiento al gobernador por impulsar la mejora de la infraestructura, lo que resultar\u00e1 en un aumento en la matr\u00edcula y una mejora en los servicios para atender a la juventud yucateca, as\u00ed como a estudiantes de otros estados e incluso de otros pa\u00edses.<\/span><\/p>\n<p><img loading=\"lazy\" decoding=\"async\" class=\"wp-image-108868 aligncenter\" src=\"https:\/\/reporteroshoy.mx\/noticias\/wp-content\/uploads\/2024\/01\/VILA-UNAY-INAUGURACION-4-scaled.jpeg\" alt=\"Vila UNAY\" width=\"621\" height=\"407\" \/><\/p>\n<p style=\"text-align: justify;\"><span style=\"color: #000000;\">Los trabajos de construcci\u00f3n y modernizaci\u00f3n incluyeron la rehabilitaci\u00f3n del edificio de \u00abDanza y teatro\u00bb, que ahora cuenta con nuevas aulas y espacios equipados para pr\u00e1cticas de teatro y danza, as\u00ed como oficinas y biblioteca. Adem\u00e1s, el edificio de \u00abCine y artes visuales\u00bb se renov\u00f3 con talleres, estudios de grabaci\u00f3n, salas de proyecci\u00f3n y oficinas, ampliando as\u00ed la oferta educativa.<\/span><\/p>\n<p style=\"text-align: justify;\"><span style=\"color: #000000;\">La UNAY, l\u00edder en formaci\u00f3n art\u00edstica en el sureste de M\u00e9xico, ofrecer\u00e1 dos nuevas licenciaturas: \u00abProducci\u00f3n Musical\u00bb y \u00abLicenciatura en Cine\u00bb.\u00a0<\/span><\/p>\n<p style=\"text-align: justify;\"><span style=\"color: #000000;\">Con la entrega de estas instalaciones, se consolida un proyecto que promueve la cultura, las artes y la formaci\u00f3n de artistas de alto nivel en Yucat\u00e1n.<\/span><\/p>\n","protected":false},"excerpt":{"rendered":"<p>El gobernador Mauricio Vila inaugur\u00f3 oficialmente las mejoras en la Universidad de las Artes de Yucat\u00e1n, un renovado espacio que potenciar\u00e1 la preparaci\u00f3n de estudiantes yucatecos en el \u00e1mbito art\u00edstico.<\/p>\n","protected":false},"author":2,"featured_media":108865,"comment_status":"open","ping_status":"closed","sticky":false,"template":"","format":"standard","meta":{"footnotes":""},"categories":[17],"tags":[1983,24283,25251,23],"class_list":["post-108864","post","type-post","status-publish","format-standard","has-post-thumbnail","hentry","category-yucatan","tag-mauricio-vila-dosal","tag-unay","tag-universidad-de-las-artes-de-yucatan","tag-yucatan"],"yoast_head":"<!-- This site is optimized with the Yoast SEO plugin v28.4 - https:\/\/yoast.com\/product\/yoast-seo-wordpress\/ -->\n<title>UNAY, de estreno con nuevas y renovadas instalaciones<\/title>\n<meta name=\"description\" content=\"El gobernador Mauricio Vila inaugur\u00f3 oficialmente las mejoras en la UNAY, un renovado espacio que potenciar\u00e1 la preparaci\u00f3n de estudiantes yucatecos en el \u00e1mbito art\u00edstico.\" \/>\n<meta name=\"robots\" content=\"index, follow, max-snippet:-1, max-image-preview:large, max-video-preview:-1\" \/>\n<link rel=\"canonical\" href=\"https:\/\/reporteroshoy.mx\/noticias\/unay-de-estreno-con-nuevas-y-renovadas-instalaciones\/\" \/>\n<meta property=\"og:locale\" content=\"es_ES\" \/>\n<meta property=\"og:type\" content=\"article\" \/>\n<meta property=\"og:title\" content=\"UNAY, de estreno con nuevas y renovadas instalaciones\" \/>\n<meta property=\"og:description\" content=\"El gobernador Mauricio Vila inaugur\u00f3 oficialmente las mejoras en la UNAY, un renovado espacio que potenciar\u00e1 la preparaci\u00f3n de estudiantes yucatecos en el \u00e1mbito art\u00edstico.\" \/>\n<meta property=\"og:url\" content=\"https:\/\/reporteroshoy.mx\/noticias\/unay-de-estreno-con-nuevas-y-renovadas-instalaciones\/\" \/>\n<meta property=\"og:site_name\" content=\"Reporteros Hoy | Noticias de Yucat\u00e1n\" \/>\n<meta property=\"article:publisher\" content=\"http:\/\/www.facebook.com\/reporteroshoymx\" \/>\n<meta property=\"article:published_time\" content=\"2024-01-10T01:29:43+00:00\" \/>\n<meta property=\"og:image\" content=\"https:\/\/reporteroshoy.mx\/noticias\/wp-content\/uploads\/2024\/01\/VILA-UNAY-INAUGURACION-1-scaled.jpeg\" \/>\n\t<meta property=\"og:image:width\" content=\"768\" \/>\n\t<meta property=\"og:image:height\" content=\"518\" \/>\n\t<meta property=\"og:image:type\" content=\"image\/jpeg\" \/>\n<meta name=\"author\" content=\"Reporteros Hoy HY\" \/>\n<meta name=\"twitter:card\" content=\"summary_large_image\" \/>\n<meta name=\"twitter:creator\" content=\"@reporteroshoy\" \/>\n<meta name=\"twitter:site\" content=\"@reporteroshoy\" \/>\n<meta name=\"twitter:label1\" content=\"Escrito por\" \/>\n\t<meta name=\"twitter:data1\" content=\"Reporteros Hoy HY\" \/>\n\t<meta name=\"twitter:label2\" content=\"Tiempo de lectura\" \/>\n\t<meta name=\"twitter:data2\" content=\"4 minutos\" \/>\n<script type=\"application\/ld+json\" class=\"yoast-schema-graph\">{\"@context\":\"https:\\\/\\\/schema.org\",\"@graph\":[{\"@type\":\"Article\",\"@id\":\"https:\\\/\\\/reporteroshoy.mx\\\/noticias\\\/unay-de-estreno-con-nuevas-y-renovadas-instalaciones\\\/#article\",\"isPartOf\":{\"@id\":\"https:\\\/\\\/reporteroshoy.mx\\\/noticias\\\/unay-de-estreno-con-nuevas-y-renovadas-instalaciones\\\/\"},\"author\":{\"name\":\"Reporteros Hoy HY\",\"@id\":\"https:\\\/\\\/reporteroshoy.mx\\\/noticias\\\/#\\\/schema\\\/person\\\/d32189074678a9d41498d4248e29aac3\"},\"headline\":\"UNAY, de estreno con nuevas y renovadas instalaciones\",\"datePublished\":\"2024-01-10T01:29:43+00:00\",\"mainEntityOfPage\":{\"@id\":\"https:\\\/\\\/reporteroshoy.mx\\\/noticias\\\/unay-de-estreno-con-nuevas-y-renovadas-instalaciones\\\/\"},\"wordCount\":487,\"commentCount\":0,\"image\":{\"@id\":\"https:\\\/\\\/reporteroshoy.mx\\\/noticias\\\/unay-de-estreno-con-nuevas-y-renovadas-instalaciones\\\/#primaryimage\"},\"thumbnailUrl\":\"https:\\\/\\\/reporteroshoy.mx\\\/noticias\\\/wp-content\\\/uploads\\\/2024\\\/01\\\/VILA-UNAY-INAUGURACION-1-scaled.jpeg\",\"keywords\":[\"Mauricio Vila Dosal\",\"UNAY\",\"Universidad de las Artes de Yucat\u00e1n\",\"Yucat\u00e1n\"],\"articleSection\":[\"Yucat\u00e1n\"],\"inLanguage\":\"es\",\"potentialAction\":[{\"@type\":\"CommentAction\",\"name\":\"Comment\",\"target\":[\"https:\\\/\\\/reporteroshoy.mx\\\/noticias\\\/unay-de-estreno-con-nuevas-y-renovadas-instalaciones\\\/#respond\"]}]},{\"@type\":\"WebPage\",\"@id\":\"https:\\\/\\\/reporteroshoy.mx\\\/noticias\\\/unay-de-estreno-con-nuevas-y-renovadas-instalaciones\\\/\",\"url\":\"https:\\\/\\\/reporteroshoy.mx\\\/noticias\\\/unay-de-estreno-con-nuevas-y-renovadas-instalaciones\\\/\",\"name\":\"UNAY, de estreno con nuevas y renovadas instalaciones\",\"isPartOf\":{\"@id\":\"https:\\\/\\\/reporteroshoy.mx\\\/noticias\\\/#website\"},\"primaryImageOfPage\":{\"@id\":\"https:\\\/\\\/reporteroshoy.mx\\\/noticias\\\/unay-de-estreno-con-nuevas-y-renovadas-instalaciones\\\/#primaryimage\"},\"image\":{\"@id\":\"https:\\\/\\\/reporteroshoy.mx\\\/noticias\\\/unay-de-estreno-con-nuevas-y-renovadas-instalaciones\\\/#primaryimage\"},\"thumbnailUrl\":\"https:\\\/\\\/reporteroshoy.mx\\\/noticias\\\/wp-content\\\/uploads\\\/2024\\\/01\\\/VILA-UNAY-INAUGURACION-1-scaled.jpeg\",\"datePublished\":\"2024-01-10T01:29:43+00:00\",\"author\":{\"@id\":\"https:\\\/\\\/reporteroshoy.mx\\\/noticias\\\/#\\\/schema\\\/person\\\/d32189074678a9d41498d4248e29aac3\"},\"description\":\"El gobernador Mauricio Vila inaugur\u00f3 oficialmente las mejoras en la UNAY, un renovado espacio que potenciar\u00e1 la preparaci\u00f3n de estudiantes yucatecos en el \u00e1mbito art\u00edstico.\",\"breadcrumb\":{\"@id\":\"https:\\\/\\\/reporteroshoy.mx\\\/noticias\\\/unay-de-estreno-con-nuevas-y-renovadas-instalaciones\\\/#breadcrumb\"},\"inLanguage\":\"es\",\"potentialAction\":[{\"@type\":\"ReadAction\",\"target\":[\"https:\\\/\\\/reporteroshoy.mx\\\/noticias\\\/unay-de-estreno-con-nuevas-y-renovadas-instalaciones\\\/\"]}]},{\"@type\":\"ImageObject\",\"inLanguage\":\"es\",\"@id\":\"https:\\\/\\\/reporteroshoy.mx\\\/noticias\\\/unay-de-estreno-con-nuevas-y-renovadas-instalaciones\\\/#primaryimage\",\"url\":\"https:\\\/\\\/reporteroshoy.mx\\\/noticias\\\/wp-content\\\/uploads\\\/2024\\\/01\\\/VILA-UNAY-INAUGURACION-1-scaled.jpeg\",\"contentUrl\":\"https:\\\/\\\/reporteroshoy.mx\\\/noticias\\\/wp-content\\\/uploads\\\/2024\\\/01\\\/VILA-UNAY-INAUGURACION-1-scaled.jpeg\",\"width\":768,\"height\":518,\"caption\":\"Vila UNAY\"},{\"@type\":\"BreadcrumbList\",\"@id\":\"https:\\\/\\\/reporteroshoy.mx\\\/noticias\\\/unay-de-estreno-con-nuevas-y-renovadas-instalaciones\\\/#breadcrumb\",\"itemListElement\":[{\"@type\":\"ListItem\",\"position\":1,\"name\":\"Portada\",\"item\":\"https:\\\/\\\/reporteroshoy.mx\\\/noticias\\\/\"},{\"@type\":\"ListItem\",\"position\":2,\"name\":\"UNAY, de estreno con nuevas y renovadas instalaciones\"}]},{\"@type\":\"WebSite\",\"@id\":\"https:\\\/\\\/reporteroshoy.mx\\\/noticias\\\/#website\",\"url\":\"https:\\\/\\\/reporteroshoy.mx\\\/noticias\\\/\",\"name\":\"Reporteros Hoy | Noticias de Yucat\u00e1n\",\"description\":\"Peri\u00f3dico digital con noticias diarias desde M\u00e9rida, Yucat\u00e1n para el mundo.\",\"potentialAction\":[{\"@type\":\"SearchAction\",\"target\":{\"@type\":\"EntryPoint\",\"urlTemplate\":\"https:\\\/\\\/reporteroshoy.mx\\\/noticias\\\/?s={search_term_string}\"},\"query-input\":{\"@type\":\"PropertyValueSpecification\",\"valueRequired\":true,\"valueName\":\"search_term_string\"}}],\"inLanguage\":\"es\"},{\"@type\":\"Person\",\"@id\":\"https:\\\/\\\/reporteroshoy.mx\\\/noticias\\\/#\\\/schema\\\/person\\\/d32189074678a9d41498d4248e29aac3\",\"name\":\"Reporteros Hoy HY\",\"image\":{\"@type\":\"ImageObject\",\"inLanguage\":\"es\",\"@id\":\"https:\\\/\\\/secure.gravatar.com\\\/avatar\\\/c539a82770f256437b35bda44650bb50f5fd4b7017f8b29672ed9f27a43cec47?s=96&d=mm&r=g\",\"url\":\"https:\\\/\\\/secure.gravatar.com\\\/avatar\\\/c539a82770f256437b35bda44650bb50f5fd4b7017f8b29672ed9f27a43cec47?s=96&d=mm&r=g\",\"contentUrl\":\"https:\\\/\\\/secure.gravatar.com\\\/avatar\\\/c539a82770f256437b35bda44650bb50f5fd4b7017f8b29672ed9f27a43cec47?s=96&d=mm&r=g\",\"caption\":\"Reporteros Hoy HY\"},\"url\":\"https:\\\/\\\/reporteroshoy.mx\\\/noticias\\\/author\\\/thelmo\\\/\"}]}<\/script>\n<!-- \/ Yoast SEO plugin. -->","yoast_head_json":{"title":"UNAY, de estreno con nuevas y renovadas instalaciones","description":"El gobernador Mauricio Vila inaugur\u00f3 oficialmente las mejoras en la UNAY, un renovado espacio que potenciar\u00e1 la preparaci\u00f3n de estudiantes yucatecos en el \u00e1mbito art\u00edstico.","robots":{"index":"index","follow":"follow","max-snippet":"max-snippet:-1","max-image-preview":"max-image-preview:large","max-video-preview":"max-video-preview:-1"},"canonical":"https:\/\/reporteroshoy.mx\/noticias\/unay-de-estreno-con-nuevas-y-renovadas-instalaciones\/","og_locale":"es_ES","og_type":"article","og_title":"UNAY, de estreno con nuevas y renovadas instalaciones","og_description":"El gobernador Mauricio Vila inaugur\u00f3 oficialmente las mejoras en la UNAY, un renovado espacio que potenciar\u00e1 la preparaci\u00f3n de estudiantes yucatecos en el \u00e1mbito art\u00edstico.","og_url":"https:\/\/reporteroshoy.mx\/noticias\/unay-de-estreno-con-nuevas-y-renovadas-instalaciones\/","og_site_name":"Reporteros Hoy | Noticias de Yucat\u00e1n","article_publisher":"http:\/\/www.facebook.com\/reporteroshoymx","article_published_time":"2024-01-10T01:29:43+00:00","og_image":[{"width":768,"height":518,"url":"https:\/\/reporteroshoy.mx\/noticias\/wp-content\/uploads\/2024\/01\/VILA-UNAY-INAUGURACION-1-scaled.jpeg","type":"image\/jpeg"}],"author":"Reporteros Hoy HY","twitter_card":"summary_large_image","twitter_creator":"@reporteroshoy","twitter_site":"@reporteroshoy","twitter_misc":{"Escrito por":"Reporteros Hoy HY","Tiempo de lectura":"4 minutos"},"schema":{"@context":"https:\/\/schema.org","@graph":[{"@type":"Article","@id":"https:\/\/reporteroshoy.mx\/noticias\/unay-de-estreno-con-nuevas-y-renovadas-instalaciones\/#article","isPartOf":{"@id":"https:\/\/reporteroshoy.mx\/noticias\/unay-de-estreno-con-nuevas-y-renovadas-instalaciones\/"},"author":{"name":"Reporteros Hoy HY","@id":"https:\/\/reporteroshoy.mx\/noticias\/#\/schema\/person\/d32189074678a9d41498d4248e29aac3"},"headline":"UNAY, de estreno con nuevas y renovadas instalaciones","datePublished":"2024-01-10T01:29:43+00:00","mainEntityOfPage":{"@id":"https:\/\/reporteroshoy.mx\/noticias\/unay-de-estreno-con-nuevas-y-renovadas-instalaciones\/"},"wordCount":487,"commentCount":0,"image":{"@id":"https:\/\/reporteroshoy.mx\/noticias\/unay-de-estreno-con-nuevas-y-renovadas-instalaciones\/#primaryimage"},"thumbnailUrl":"https:\/\/reporteroshoy.mx\/noticias\/wp-content\/uploads\/2024\/01\/VILA-UNAY-INAUGURACION-1-scaled.jpeg","keywords":["Mauricio Vila Dosal","UNAY","Universidad de las Artes de Yucat\u00e1n","Yucat\u00e1n"],"articleSection":["Yucat\u00e1n"],"inLanguage":"es","potentialAction":[{"@type":"CommentAction","name":"Comment","target":["https:\/\/reporteroshoy.mx\/noticias\/unay-de-estreno-con-nuevas-y-renovadas-instalaciones\/#respond"]}]},{"@type":"WebPage","@id":"https:\/\/reporteroshoy.mx\/noticias\/unay-de-estreno-con-nuevas-y-renovadas-instalaciones\/","url":"https:\/\/reporteroshoy.mx\/noticias\/unay-de-estreno-con-nuevas-y-renovadas-instalaciones\/","name":"UNAY, de estreno con nuevas y renovadas instalaciones","isPartOf":{"@id":"https:\/\/reporteroshoy.mx\/noticias\/#website"},"primaryImageOfPage":{"@id":"https:\/\/reporteroshoy.mx\/noticias\/unay-de-estreno-con-nuevas-y-renovadas-instalaciones\/#primaryimage"},"image":{"@id":"https:\/\/reporteroshoy.mx\/noticias\/unay-de-estreno-con-nuevas-y-renovadas-instalaciones\/#primaryimage"},"thumbnailUrl":"https:\/\/reporteroshoy.mx\/noticias\/wp-content\/uploads\/2024\/01\/VILA-UNAY-INAUGURACION-1-scaled.jpeg","datePublished":"2024-01-10T01:29:43+00:00","author":{"@id":"https:\/\/reporteroshoy.mx\/noticias\/#\/schema\/person\/d32189074678a9d41498d4248e29aac3"},"description":"El gobernador Mauricio Vila inaugur\u00f3 oficialmente las mejoras en la UNAY, un renovado espacio que potenciar\u00e1 la preparaci\u00f3n de estudiantes yucatecos en el \u00e1mbito art\u00edstico.","breadcrumb":{"@id":"https:\/\/reporteroshoy.mx\/noticias\/unay-de-estreno-con-nuevas-y-renovadas-instalaciones\/#breadcrumb"},"inLanguage":"es","potentialAction":[{"@type":"ReadAction","target":["https:\/\/reporteroshoy.mx\/noticias\/unay-de-estreno-con-nuevas-y-renovadas-instalaciones\/"]}]},{"@type":"ImageObject","inLanguage":"es","@id":"https:\/\/reporteroshoy.mx\/noticias\/unay-de-estreno-con-nuevas-y-renovadas-instalaciones\/#primaryimage","url":"https:\/\/reporteroshoy.mx\/noticias\/wp-content\/uploads\/2024\/01\/VILA-UNAY-INAUGURACION-1-scaled.jpeg","contentUrl":"https:\/\/reporteroshoy.mx\/noticias\/wp-content\/uploads\/2024\/01\/VILA-UNAY-INAUGURACION-1-scaled.jpeg","width":768,"height":518,"caption":"Vila UNAY"},{"@type":"BreadcrumbList","@id":"https:\/\/reporteroshoy.mx\/noticias\/unay-de-estreno-con-nuevas-y-renovadas-instalaciones\/#breadcrumb","itemListElement":[{"@type":"ListItem","position":1,"name":"Portada","item":"https:\/\/reporteroshoy.mx\/noticias\/"},{"@type":"ListItem","position":2,"name":"UNAY, de estreno con nuevas y renovadas instalaciones"}]},{"@type":"WebSite","@id":"https:\/\/reporteroshoy.mx\/noticias\/#website","url":"https:\/\/reporteroshoy.mx\/noticias\/","name":"Reporteros Hoy | Noticias de Yucat\u00e1n","description":"Peri\u00f3dico digital con noticias diarias desde M\u00e9rida, Yucat\u00e1n para el mundo.","potentialAction":[{"@type":"SearchAction","target":{"@type":"EntryPoint","urlTemplate":"https:\/\/reporteroshoy.mx\/noticias\/?s={search_term_string}"},"query-input":{"@type":"PropertyValueSpecification","valueRequired":true,"valueName":"search_term_string"}}],"inLanguage":"es"},{"@type":"Person","@id":"https:\/\/reporteroshoy.mx\/noticias\/#\/schema\/person\/d32189074678a9d41498d4248e29aac3","name":"Reporteros Hoy HY","image":{"@type":"ImageObject","inLanguage":"es","@id":"https:\/\/secure.gravatar.com\/avatar\/c539a82770f256437b35bda44650bb50f5fd4b7017f8b29672ed9f27a43cec47?s=96&d=mm&r=g","url":"https:\/\/secure.gravatar.com\/avatar\/c539a82770f256437b35bda44650bb50f5fd4b7017f8b29672ed9f27a43cec47?s=96&d=mm&r=g","contentUrl":"https:\/\/secure.gravatar.com\/avatar\/c539a82770f256437b35bda44650bb50f5fd4b7017f8b29672ed9f27a43cec47?s=96&d=mm&r=g","caption":"Reporteros Hoy HY"},"url":"https:\/\/reporteroshoy.mx\/noticias\/author\/thelmo\/"}]}},"_links":{"self":[{"href":"https:\/\/reporteroshoy.mx\/noticias\/wp-json\/wp\/v2\/posts\/108864","targetHints":{"allow":["GET"]}}],"collection":[{"href":"https:\/\/reporteroshoy.mx\/noticias\/wp-json\/wp\/v2\/posts"}],"about":[{"href":"https:\/\/reporteroshoy.mx\/noticias\/wp-json\/wp\/v2\/types\/post"}],"author":[{"embeddable":true,"href":"https:\/\/reporteroshoy.mx\/noticias\/wp-json\/wp\/v2\/users\/2"}],"replies":[{"embeddable":true,"href":"https:\/\/reporteroshoy.mx\/noticias\/wp-json\/wp\/v2\/comments?post=108864"}],"version-history":[{"count":0,"href":"https:\/\/reporteroshoy.mx\/noticias\/wp-json\/wp\/v2\/posts\/108864\/revisions"}],"wp:featuredmedia":[{"embeddable":true,"href":"https:\/\/reporteroshoy.mx\/noticias\/wp-json\/wp\/v2\/media\/108865"}],"wp:attachment":[{"href":"https:\/\/reporteroshoy.mx\/noticias\/wp-json\/wp\/v2\/media?parent=108864"}],"wp:term":[{"taxonomy":"category","embeddable":true,"href":"https:\/\/reporteroshoy.mx\/noticias\/wp-json\/wp\/v2\/categories?post=108864"},{"taxonomy":"post_tag","embeddable":true,"href":"https:\/\/reporteroshoy.mx\/noticias\/wp-json\/wp\/v2\/tags?post=108864"}],"curies":[{"name":"wp","href":"https:\/\/api.w.org\/{rel}","templated":true}]}}