{"id":109075,"date":"2024-01-17T20:22:41","date_gmt":"2024-01-18T02:22:41","guid":{"rendered":"https:\/\/reporteroshoy.mx\/noticias\/?p=109075"},"modified":"2024-01-23T13:29:16","modified_gmt":"2024-01-23T19:29:16","slug":"de-mexicali-ganador-del-premio-nacional-de-cuento-beatriz-espejo","status":"publish","type":"post","link":"https:\/\/reporteroshoy.mx\/noticias\/de-mexicali-ganador-del-premio-nacional-de-cuento-beatriz-espejo\/","title":{"rendered":"De Mexicali, ganador del Premio Nacional de Cuento Beatriz Espejo"},"content":{"rendered":"<p style=\"text-align: justify;\">Para Sergio Gonz\u00e1lez Galv\u00e1n, contador de profesi\u00f3n y escritor de vocaci\u00f3n, ganar el <span style=\"text-decoration: underline;\"><span style=\"color: #0000ff; text-decoration: underline;\"><strong><a style=\"color: #0000ff; text-decoration: underline;\" href=\"https:\/\/reporteroshoy.mx\/noticias\/abre-la-convocatoria-del-premio-nacional-de-cuento-beatriz-espejo\/\">Premio Nacional de Cuento \u201cBeatriz Espejo\u201d<\/a><\/strong><\/span><\/span> en su edici\u00f3n 2023 representa un aliciente para continuar en el camino literario.<\/p>\n<p style=\"text-align: justify;\">Desde Mexicali, Baja California, el recipiendario lleg\u00f3 a M\u00e9rida para compartir detalles de su obra \u201cLa casa m\u00e1s all\u00e1 de la niebla\u201d, la cual compiti\u00f3 con 271 obras de escritoras y escritores del pa\u00eds cuyas historias buscan visibilizar el g\u00e9nero del cuento.<\/p>\n<p style=\"text-align: justify;\">La entrega del premio se realiz\u00f3 como parte de las actividades del M\u00e9rida Fest 2024 para celebrar el 482 aniversario de fundaci\u00f3n de la Ciudad.<\/p>\n<p style=\"text-align: justify;\"><img loading=\"lazy\" decoding=\"async\" class=\"wp-image-109081 aligncenter\" src=\"https:\/\/reporteroshoy.mx\/noticias\/wp-content\/uploads\/2024\/01\/premio-nacional-de-cuento-beatriz-espejo-3-scaled.jpg\" alt=\"Premio Nacional de Cuento Beatriz Espejo\" width=\"561\" height=\"686\" srcset=\"https:\/\/reporteroshoy.mx\/noticias\/wp-content\/uploads\/2024\/01\/premio-nacional-de-cuento-beatriz-espejo-3-scaled.jpg 628w, https:\/\/reporteroshoy.mx\/noticias\/wp-content\/uploads\/2024\/01\/premio-nacional-de-cuento-beatriz-espejo-3-768x938.jpg 768w\" sizes=\"auto, (max-width: 561px) 100vw, 561px\" \/><\/p>\n<p style=\"text-align: justify;\">Sergio Gonz\u00e1lez se considera un escritor que, en este momento, antes de buscar un estilo est\u00e1 aprendiendo a escribir bien.<\/p>\n<p style=\"text-align: justify;\">Su gusto por la literatura inici\u00f3 durante su infancia cuando su padre le regal\u00f3 su primer libro de lectura \u201cEl Flautista de Hamelin\u201d, pero fue en la adolescencia cuando descubri\u00f3 a autores como Julio Cort\u00e1zar, Juan Jos\u00e9 Arreola, Carlos Fuentes y Franz Kafka, quienes marcaron su andar literario.<\/p>\n<h4><strong>Cambi\u00f3 la contadur\u00eda por la literatura<\/strong><\/h4>\n<p style=\"text-align: justify;\">El ahora escritor dedic\u00f3 varios a\u00f1os a su profesi\u00f3n como contador p\u00fablico, dejando de golpear las teclas de una m\u00e1quina y cambiarlas por una computadora; sin embargo un suceso fue suficiente para despertar y retomar el gusto literario por el cuento.<\/p>\n<p style=\"text-align: justify;\">Agradeci\u00f3 el apoyo de su esposa Mar\u00eda Trinidad Garc\u00eda por la motivaci\u00f3n a retomar las letras y comparti\u00f3 que este a\u00f1o planea publicar su primera antolog\u00eda de cuentos. \u201cRecibir este premio me inspira a continuar en el camino literario\u201d, agreg\u00f3.<\/p>\n<p><img loading=\"lazy\" decoding=\"async\" class=\"wp-image-109080 aligncenter\" src=\"https:\/\/reporteroshoy.mx\/noticias\/wp-content\/uploads\/2024\/01\/premio-nacional-de-cuento-beatriz-espejo-2-scaled.jpg\" alt=\"Premio Nacional de Cuento Beatriz Espejo\" width=\"632\" height=\"418\" \/><\/p>\n<p style=\"text-align: justify;\">El director de Cultura, Irving Berl\u00edn Villafa\u00f1a, destac\u00f3 que el talento y la creatividad se encuentran en cualquier profesi\u00f3n, como lo demuestra el ganador del premio.<\/p>\n<p style=\"text-align: justify;\">Expuso tambi\u00e9n que cada edici\u00f3n del certamen literario, la creatividad nacional en materia de narrativa de cuento corto tiene en el Premio uno de sus grandes alicientes.<\/p>\n<h4><strong>Premio que posiciona a M\u00e9rida y Yucat\u00e1n<\/strong><\/h4>\n<p style=\"text-align: justify;\">Loreto Villanueva Trujillo, titular de la Secretar\u00eda de la Cultura y las Artes (Sedeculta), expuso que gracias al Premio y a la gran participaci\u00f3n de escritores y cuentistas del pa\u00eds, se posiciona a M\u00e9rida y Yucat\u00e1n, como una ciudad y estado con gran cultura y amor a la literatura.<\/p>\n<p style=\"text-align: justify;\">Tambi\u00e9n destac\u00f3 el trabajo en equipo con el Ayuntamiento de M\u00e9rida y el que las instituciones sigan buscando el fomentar la imaginaci\u00f3n, creatividad y el g\u00e9nero del cuento.<\/p>\n<p style=\"text-align: justify;\">En el acto, la Dra. Beatriz Espejo D\u00edaz record\u00f3 que el premio que lleva su hombre, naci\u00f3 hace 23 a\u00f1os, ha ganado respeto, reputaci\u00f3n y ha motivado a escritores del pa\u00eds a promover un g\u00e9nero literario tan dif\u00edcil como es el cuento.<\/p>\n<p><img loading=\"lazy\" decoding=\"async\" class=\"wp-image-109079 aligncenter\" src=\"https:\/\/reporteroshoy.mx\/noticias\/wp-content\/uploads\/2024\/01\/premio-nacional-de-cuento-beatriz-espejo-1-scaled.jpg\" alt=\"Premio Nacional de Cuento Beatriz Espejo\" width=\"622\" height=\"405\" \/><\/p>\n<p style=\"text-align: justify;\">La destacada escritora, ganadora del Premio Nacional de Artes y Literatura 2023, en el rubro de Ling\u00fc\u00edstica y Literatura, record\u00f3 que los nuevos cuentistas est\u00e1n buscando nuevas formas de afrontar el texto y al final del mismo, causar sorpresa.<\/p>\n<p style=\"text-align: justify;\">A los escritores los Invit\u00f3 a leer mucho a otros cuentistas, afrontar el g\u00e9nero con humildad y ver que hay grandes autores que siempre ense\u00f1an algo en el camino literario.<\/p>\n<p style=\"text-align: justify;\">La entrega del premio se realiz\u00f3 en la Videosala del Centro Cultural Olimpo y asisti\u00f3 tambi\u00e9n Liliana Bolio Pinelo, Subdirectora de Fomento a la Cultura, quien dio lectura al laudo y a las menciones honor\u00edficas designadas por el jurado del concurso para los trabajos \u201cVelamen\u201d, \u201cLos ojos del murci\u00e9lago\u201d y \u201cMilagros est\u00e1 enferma\u201d.<\/p>\n<p style=\"text-align: justify;\">El Premio Nacional de Cuento \u201cBeatriz Espejo\u201d\u00a0 lo convocan en conjunto el Ayuntamiento de M\u00e9rida y el\u00a0 gobierno estatal para fortalecer la creaci\u00f3n literaria y visibilizar el trabajo de los escritores y del g\u00e9nero cuent\u00edstico.<\/p>\n<p style=\"text-align: justify;\">El jurado del concurso literario estuvo integrado por Beatriz Espejo, Lauro Zavala y Javier Espa\u00f1a.<\/p>\n","protected":false},"excerpt":{"rendered":"<p>Contador p\u00fablico de profesi\u00f3n, pero con vocaci\u00f3n de escritor, el mexicalense Sergio Gonz\u00e1lez Galv\u00e1n fue el galardonado de la edici\u00f3n 2023.<\/p>\n","protected":false},"author":2,"featured_media":109079,"comment_status":"open","ping_status":"closed","sticky":false,"template":"","format":"standard","meta":{"footnotes":""},"categories":[3],"tags":[15780,2622,25628,15779],"class_list":["post-109075","post","type-post","status-publish","format-standard","has-post-thumbnail","hentry","category-cultura","tag-beatriz-espejo","tag-cultura","tag-literatura","tag-premio-nacional-de-cuento"],"yoast_head":"<!-- This site is optimized with the Yoast SEO plugin v28.4 - https:\/\/yoast.com\/product\/yoast-seo-wordpress\/ -->\n<title>De Mexicali, ganador de Premio Nacional de Cuento Beatriz Espejo<\/title>\n<meta name=\"description\" content=\"Contador p\u00fablico de profesi\u00f3n, pero con vocaci\u00f3n de escritor, el mexicalense Sergio Gonz\u00e1lez Galv\u00e1n fue el galardonado de la edici\u00f3n 2023.\" \/>\n<meta name=\"robots\" content=\"index, follow, max-snippet:-1, max-image-preview:large, max-video-preview:-1\" \/>\n<link rel=\"canonical\" href=\"https:\/\/reporteroshoy.mx\/noticias\/de-mexicali-ganador-del-premio-nacional-de-cuento-beatriz-espejo\/\" \/>\n<meta property=\"og:locale\" content=\"es_ES\" \/>\n<meta property=\"og:type\" content=\"article\" \/>\n<meta property=\"og:title\" content=\"De Mexicali, ganador de Premio Nacional de Cuento Beatriz Espejo\" \/>\n<meta property=\"og:description\" content=\"Contador p\u00fablico de profesi\u00f3n, pero con vocaci\u00f3n de escritor, el mexicalense Sergio Gonz\u00e1lez Galv\u00e1n fue el galardonado de la edici\u00f3n 2023.\" \/>\n<meta property=\"og:url\" content=\"https:\/\/reporteroshoy.mx\/noticias\/de-mexicali-ganador-del-premio-nacional-de-cuento-beatriz-espejo\/\" \/>\n<meta property=\"og:site_name\" content=\"Reporteros Hoy | Noticias de Yucat\u00e1n\" \/>\n<meta property=\"article:publisher\" content=\"http:\/\/www.facebook.com\/reporteroshoymx\" \/>\n<meta property=\"article:published_time\" content=\"2024-01-18T02:22:41+00:00\" \/>\n<meta property=\"article:modified_time\" content=\"2024-01-23T19:29:16+00:00\" \/>\n<meta property=\"og:image\" content=\"https:\/\/reporteroshoy.mx\/noticias\/wp-content\/uploads\/2024\/01\/premio-nacional-de-cuento-beatriz-espejo-1-scaled.jpg\" \/>\n\t<meta property=\"og:image:width\" content=\"768\" \/>\n\t<meta property=\"og:image:height\" content=\"500\" \/>\n\t<meta property=\"og:image:type\" content=\"image\/jpeg\" \/>\n<meta name=\"author\" content=\"Reporteros Hoy HY\" \/>\n<meta name=\"twitter:card\" content=\"summary_large_image\" \/>\n<meta name=\"twitter:creator\" content=\"@reporteroshoy\" \/>\n<meta name=\"twitter:site\" content=\"@reporteroshoy\" \/>\n<meta name=\"twitter:label1\" content=\"Escrito por\" \/>\n\t<meta name=\"twitter:data1\" content=\"Reporteros Hoy HY\" \/>\n\t<meta name=\"twitter:label2\" content=\"Tiempo de lectura\" \/>\n\t<meta name=\"twitter:data2\" content=\"4 minutos\" \/>\n<script type=\"application\/ld+json\" class=\"yoast-schema-graph\">{\"@context\":\"https:\\\/\\\/schema.org\",\"@graph\":[{\"@type\":\"Article\",\"@id\":\"https:\\\/\\\/reporteroshoy.mx\\\/noticias\\\/de-mexicali-ganador-del-premio-nacional-de-cuento-beatriz-espejo\\\/#article\",\"isPartOf\":{\"@id\":\"https:\\\/\\\/reporteroshoy.mx\\\/noticias\\\/de-mexicali-ganador-del-premio-nacional-de-cuento-beatriz-espejo\\\/\"},\"author\":{\"name\":\"Reporteros Hoy HY\",\"@id\":\"https:\\\/\\\/reporteroshoy.mx\\\/noticias\\\/#\\\/schema\\\/person\\\/d32189074678a9d41498d4248e29aac3\"},\"headline\":\"De Mexicali, ganador del Premio Nacional de Cuento Beatriz Espejo\",\"datePublished\":\"2024-01-18T02:22:41+00:00\",\"dateModified\":\"2024-01-23T19:29:16+00:00\",\"mainEntityOfPage\":{\"@id\":\"https:\\\/\\\/reporteroshoy.mx\\\/noticias\\\/de-mexicali-ganador-del-premio-nacional-de-cuento-beatriz-espejo\\\/\"},\"wordCount\":666,\"commentCount\":0,\"image\":{\"@id\":\"https:\\\/\\\/reporteroshoy.mx\\\/noticias\\\/de-mexicali-ganador-del-premio-nacional-de-cuento-beatriz-espejo\\\/#primaryimage\"},\"thumbnailUrl\":\"https:\\\/\\\/reporteroshoy.mx\\\/noticias\\\/wp-content\\\/uploads\\\/2024\\\/01\\\/premio-nacional-de-cuento-beatriz-espejo-1-scaled.jpg\",\"keywords\":[\"Beatriz Espejo\",\"Cultura\",\"literatura\",\"Premio Nacional de Cuento\"],\"articleSection\":[\"Cultura\"],\"inLanguage\":\"es\",\"potentialAction\":[{\"@type\":\"CommentAction\",\"name\":\"Comment\",\"target\":[\"https:\\\/\\\/reporteroshoy.mx\\\/noticias\\\/de-mexicali-ganador-del-premio-nacional-de-cuento-beatriz-espejo\\\/#respond\"]}]},{\"@type\":\"WebPage\",\"@id\":\"https:\\\/\\\/reporteroshoy.mx\\\/noticias\\\/de-mexicali-ganador-del-premio-nacional-de-cuento-beatriz-espejo\\\/\",\"url\":\"https:\\\/\\\/reporteroshoy.mx\\\/noticias\\\/de-mexicali-ganador-del-premio-nacional-de-cuento-beatriz-espejo\\\/\",\"name\":\"De Mexicali, ganador de Premio Nacional de Cuento Beatriz Espejo\",\"isPartOf\":{\"@id\":\"https:\\\/\\\/reporteroshoy.mx\\\/noticias\\\/#website\"},\"primaryImageOfPage\":{\"@id\":\"https:\\\/\\\/reporteroshoy.mx\\\/noticias\\\/de-mexicali-ganador-del-premio-nacional-de-cuento-beatriz-espejo\\\/#primaryimage\"},\"image\":{\"@id\":\"https:\\\/\\\/reporteroshoy.mx\\\/noticias\\\/de-mexicali-ganador-del-premio-nacional-de-cuento-beatriz-espejo\\\/#primaryimage\"},\"thumbnailUrl\":\"https:\\\/\\\/reporteroshoy.mx\\\/noticias\\\/wp-content\\\/uploads\\\/2024\\\/01\\\/premio-nacional-de-cuento-beatriz-espejo-1-scaled.jpg\",\"datePublished\":\"2024-01-18T02:22:41+00:00\",\"dateModified\":\"2024-01-23T19:29:16+00:00\",\"author\":{\"@id\":\"https:\\\/\\\/reporteroshoy.mx\\\/noticias\\\/#\\\/schema\\\/person\\\/d32189074678a9d41498d4248e29aac3\"},\"description\":\"Contador p\u00fablico de profesi\u00f3n, pero con vocaci\u00f3n de escritor, el mexicalense Sergio Gonz\u00e1lez Galv\u00e1n fue el galardonado de la edici\u00f3n 2023.\",\"breadcrumb\":{\"@id\":\"https:\\\/\\\/reporteroshoy.mx\\\/noticias\\\/de-mexicali-ganador-del-premio-nacional-de-cuento-beatriz-espejo\\\/#breadcrumb\"},\"inLanguage\":\"es\",\"potentialAction\":[{\"@type\":\"ReadAction\",\"target\":[\"https:\\\/\\\/reporteroshoy.mx\\\/noticias\\\/de-mexicali-ganador-del-premio-nacional-de-cuento-beatriz-espejo\\\/\"]}]},{\"@type\":\"ImageObject\",\"inLanguage\":\"es\",\"@id\":\"https:\\\/\\\/reporteroshoy.mx\\\/noticias\\\/de-mexicali-ganador-del-premio-nacional-de-cuento-beatriz-espejo\\\/#primaryimage\",\"url\":\"https:\\\/\\\/reporteroshoy.mx\\\/noticias\\\/wp-content\\\/uploads\\\/2024\\\/01\\\/premio-nacional-de-cuento-beatriz-espejo-1-scaled.jpg\",\"contentUrl\":\"https:\\\/\\\/reporteroshoy.mx\\\/noticias\\\/wp-content\\\/uploads\\\/2024\\\/01\\\/premio-nacional-de-cuento-beatriz-espejo-1-scaled.jpg\",\"width\":768,\"height\":500,\"caption\":\"Premio Nacional de Cuento Beatriz Espejo\"},{\"@type\":\"BreadcrumbList\",\"@id\":\"https:\\\/\\\/reporteroshoy.mx\\\/noticias\\\/de-mexicali-ganador-del-premio-nacional-de-cuento-beatriz-espejo\\\/#breadcrumb\",\"itemListElement\":[{\"@type\":\"ListItem\",\"position\":1,\"name\":\"Portada\",\"item\":\"https:\\\/\\\/reporteroshoy.mx\\\/noticias\\\/\"},{\"@type\":\"ListItem\",\"position\":2,\"name\":\"De Mexicali, ganador del Premio Nacional de Cuento Beatriz Espejo\"}]},{\"@type\":\"WebSite\",\"@id\":\"https:\\\/\\\/reporteroshoy.mx\\\/noticias\\\/#website\",\"url\":\"https:\\\/\\\/reporteroshoy.mx\\\/noticias\\\/\",\"name\":\"Reporteros Hoy | Noticias de Yucat\u00e1n\",\"description\":\"Peri\u00f3dico digital con noticias diarias desde M\u00e9rida, Yucat\u00e1n para el mundo.\",\"potentialAction\":[{\"@type\":\"SearchAction\",\"target\":{\"@type\":\"EntryPoint\",\"urlTemplate\":\"https:\\\/\\\/reporteroshoy.mx\\\/noticias\\\/?s={search_term_string}\"},\"query-input\":{\"@type\":\"PropertyValueSpecification\",\"valueRequired\":true,\"valueName\":\"search_term_string\"}}],\"inLanguage\":\"es\"},{\"@type\":\"Person\",\"@id\":\"https:\\\/\\\/reporteroshoy.mx\\\/noticias\\\/#\\\/schema\\\/person\\\/d32189074678a9d41498d4248e29aac3\",\"name\":\"Reporteros Hoy HY\",\"image\":{\"@type\":\"ImageObject\",\"inLanguage\":\"es\",\"@id\":\"https:\\\/\\\/secure.gravatar.com\\\/avatar\\\/c539a82770f256437b35bda44650bb50f5fd4b7017f8b29672ed9f27a43cec47?s=96&d=mm&r=g\",\"url\":\"https:\\\/\\\/secure.gravatar.com\\\/avatar\\\/c539a82770f256437b35bda44650bb50f5fd4b7017f8b29672ed9f27a43cec47?s=96&d=mm&r=g\",\"contentUrl\":\"https:\\\/\\\/secure.gravatar.com\\\/avatar\\\/c539a82770f256437b35bda44650bb50f5fd4b7017f8b29672ed9f27a43cec47?s=96&d=mm&r=g\",\"caption\":\"Reporteros Hoy HY\"},\"url\":\"https:\\\/\\\/reporteroshoy.mx\\\/noticias\\\/author\\\/thelmo\\\/\"}]}<\/script>\n<!-- \/ Yoast SEO plugin. -->","yoast_head_json":{"title":"De Mexicali, ganador de Premio Nacional de Cuento Beatriz Espejo","description":"Contador p\u00fablico de profesi\u00f3n, pero con vocaci\u00f3n de escritor, el mexicalense Sergio Gonz\u00e1lez Galv\u00e1n fue el galardonado de la edici\u00f3n 2023.","robots":{"index":"index","follow":"follow","max-snippet":"max-snippet:-1","max-image-preview":"max-image-preview:large","max-video-preview":"max-video-preview:-1"},"canonical":"https:\/\/reporteroshoy.mx\/noticias\/de-mexicali-ganador-del-premio-nacional-de-cuento-beatriz-espejo\/","og_locale":"es_ES","og_type":"article","og_title":"De Mexicali, ganador de Premio Nacional de Cuento Beatriz Espejo","og_description":"Contador p\u00fablico de profesi\u00f3n, pero con vocaci\u00f3n de escritor, el mexicalense Sergio Gonz\u00e1lez Galv\u00e1n fue el galardonado de la edici\u00f3n 2023.","og_url":"https:\/\/reporteroshoy.mx\/noticias\/de-mexicali-ganador-del-premio-nacional-de-cuento-beatriz-espejo\/","og_site_name":"Reporteros Hoy | Noticias de Yucat\u00e1n","article_publisher":"http:\/\/www.facebook.com\/reporteroshoymx","article_published_time":"2024-01-18T02:22:41+00:00","article_modified_time":"2024-01-23T19:29:16+00:00","og_image":[{"width":768,"height":500,"url":"https:\/\/reporteroshoy.mx\/noticias\/wp-content\/uploads\/2024\/01\/premio-nacional-de-cuento-beatriz-espejo-1-scaled.jpg","type":"image\/jpeg"}],"author":"Reporteros Hoy HY","twitter_card":"summary_large_image","twitter_creator":"@reporteroshoy","twitter_site":"@reporteroshoy","twitter_misc":{"Escrito por":"Reporteros Hoy HY","Tiempo de lectura":"4 minutos"},"schema":{"@context":"https:\/\/schema.org","@graph":[{"@type":"Article","@id":"https:\/\/reporteroshoy.mx\/noticias\/de-mexicali-ganador-del-premio-nacional-de-cuento-beatriz-espejo\/#article","isPartOf":{"@id":"https:\/\/reporteroshoy.mx\/noticias\/de-mexicali-ganador-del-premio-nacional-de-cuento-beatriz-espejo\/"},"author":{"name":"Reporteros Hoy HY","@id":"https:\/\/reporteroshoy.mx\/noticias\/#\/schema\/person\/d32189074678a9d41498d4248e29aac3"},"headline":"De Mexicali, ganador del Premio Nacional de Cuento Beatriz Espejo","datePublished":"2024-01-18T02:22:41+00:00","dateModified":"2024-01-23T19:29:16+00:00","mainEntityOfPage":{"@id":"https:\/\/reporteroshoy.mx\/noticias\/de-mexicali-ganador-del-premio-nacional-de-cuento-beatriz-espejo\/"},"wordCount":666,"commentCount":0,"image":{"@id":"https:\/\/reporteroshoy.mx\/noticias\/de-mexicali-ganador-del-premio-nacional-de-cuento-beatriz-espejo\/#primaryimage"},"thumbnailUrl":"https:\/\/reporteroshoy.mx\/noticias\/wp-content\/uploads\/2024\/01\/premio-nacional-de-cuento-beatriz-espejo-1-scaled.jpg","keywords":["Beatriz Espejo","Cultura","literatura","Premio Nacional de Cuento"],"articleSection":["Cultura"],"inLanguage":"es","potentialAction":[{"@type":"CommentAction","name":"Comment","target":["https:\/\/reporteroshoy.mx\/noticias\/de-mexicali-ganador-del-premio-nacional-de-cuento-beatriz-espejo\/#respond"]}]},{"@type":"WebPage","@id":"https:\/\/reporteroshoy.mx\/noticias\/de-mexicali-ganador-del-premio-nacional-de-cuento-beatriz-espejo\/","url":"https:\/\/reporteroshoy.mx\/noticias\/de-mexicali-ganador-del-premio-nacional-de-cuento-beatriz-espejo\/","name":"De Mexicali, ganador de Premio Nacional de Cuento Beatriz Espejo","isPartOf":{"@id":"https:\/\/reporteroshoy.mx\/noticias\/#website"},"primaryImageOfPage":{"@id":"https:\/\/reporteroshoy.mx\/noticias\/de-mexicali-ganador-del-premio-nacional-de-cuento-beatriz-espejo\/#primaryimage"},"image":{"@id":"https:\/\/reporteroshoy.mx\/noticias\/de-mexicali-ganador-del-premio-nacional-de-cuento-beatriz-espejo\/#primaryimage"},"thumbnailUrl":"https:\/\/reporteroshoy.mx\/noticias\/wp-content\/uploads\/2024\/01\/premio-nacional-de-cuento-beatriz-espejo-1-scaled.jpg","datePublished":"2024-01-18T02:22:41+00:00","dateModified":"2024-01-23T19:29:16+00:00","author":{"@id":"https:\/\/reporteroshoy.mx\/noticias\/#\/schema\/person\/d32189074678a9d41498d4248e29aac3"},"description":"Contador p\u00fablico de profesi\u00f3n, pero con vocaci\u00f3n de escritor, el mexicalense Sergio Gonz\u00e1lez Galv\u00e1n fue el galardonado de la edici\u00f3n 2023.","breadcrumb":{"@id":"https:\/\/reporteroshoy.mx\/noticias\/de-mexicali-ganador-del-premio-nacional-de-cuento-beatriz-espejo\/#breadcrumb"},"inLanguage":"es","potentialAction":[{"@type":"ReadAction","target":["https:\/\/reporteroshoy.mx\/noticias\/de-mexicali-ganador-del-premio-nacional-de-cuento-beatriz-espejo\/"]}]},{"@type":"ImageObject","inLanguage":"es","@id":"https:\/\/reporteroshoy.mx\/noticias\/de-mexicali-ganador-del-premio-nacional-de-cuento-beatriz-espejo\/#primaryimage","url":"https:\/\/reporteroshoy.mx\/noticias\/wp-content\/uploads\/2024\/01\/premio-nacional-de-cuento-beatriz-espejo-1-scaled.jpg","contentUrl":"https:\/\/reporteroshoy.mx\/noticias\/wp-content\/uploads\/2024\/01\/premio-nacional-de-cuento-beatriz-espejo-1-scaled.jpg","width":768,"height":500,"caption":"Premio Nacional de Cuento Beatriz Espejo"},{"@type":"BreadcrumbList","@id":"https:\/\/reporteroshoy.mx\/noticias\/de-mexicali-ganador-del-premio-nacional-de-cuento-beatriz-espejo\/#breadcrumb","itemListElement":[{"@type":"ListItem","position":1,"name":"Portada","item":"https:\/\/reporteroshoy.mx\/noticias\/"},{"@type":"ListItem","position":2,"name":"De Mexicali, ganador del Premio Nacional de Cuento Beatriz Espejo"}]},{"@type":"WebSite","@id":"https:\/\/reporteroshoy.mx\/noticias\/#website","url":"https:\/\/reporteroshoy.mx\/noticias\/","name":"Reporteros Hoy | Noticias de Yucat\u00e1n","description":"Peri\u00f3dico digital con noticias diarias desde M\u00e9rida, Yucat\u00e1n para el mundo.","potentialAction":[{"@type":"SearchAction","target":{"@type":"EntryPoint","urlTemplate":"https:\/\/reporteroshoy.mx\/noticias\/?s={search_term_string}"},"query-input":{"@type":"PropertyValueSpecification","valueRequired":true,"valueName":"search_term_string"}}],"inLanguage":"es"},{"@type":"Person","@id":"https:\/\/reporteroshoy.mx\/noticias\/#\/schema\/person\/d32189074678a9d41498d4248e29aac3","name":"Reporteros Hoy HY","image":{"@type":"ImageObject","inLanguage":"es","@id":"https:\/\/secure.gravatar.com\/avatar\/c539a82770f256437b35bda44650bb50f5fd4b7017f8b29672ed9f27a43cec47?s=96&d=mm&r=g","url":"https:\/\/secure.gravatar.com\/avatar\/c539a82770f256437b35bda44650bb50f5fd4b7017f8b29672ed9f27a43cec47?s=96&d=mm&r=g","contentUrl":"https:\/\/secure.gravatar.com\/avatar\/c539a82770f256437b35bda44650bb50f5fd4b7017f8b29672ed9f27a43cec47?s=96&d=mm&r=g","caption":"Reporteros Hoy HY"},"url":"https:\/\/reporteroshoy.mx\/noticias\/author\/thelmo\/"}]}},"_links":{"self":[{"href":"https:\/\/reporteroshoy.mx\/noticias\/wp-json\/wp\/v2\/posts\/109075","targetHints":{"allow":["GET"]}}],"collection":[{"href":"https:\/\/reporteroshoy.mx\/noticias\/wp-json\/wp\/v2\/posts"}],"about":[{"href":"https:\/\/reporteroshoy.mx\/noticias\/wp-json\/wp\/v2\/types\/post"}],"author":[{"embeddable":true,"href":"https:\/\/reporteroshoy.mx\/noticias\/wp-json\/wp\/v2\/users\/2"}],"replies":[{"embeddable":true,"href":"https:\/\/reporteroshoy.mx\/noticias\/wp-json\/wp\/v2\/comments?post=109075"}],"version-history":[{"count":0,"href":"https:\/\/reporteroshoy.mx\/noticias\/wp-json\/wp\/v2\/posts\/109075\/revisions"}],"wp:featuredmedia":[{"embeddable":true,"href":"https:\/\/reporteroshoy.mx\/noticias\/wp-json\/wp\/v2\/media\/109079"}],"wp:attachment":[{"href":"https:\/\/reporteroshoy.mx\/noticias\/wp-json\/wp\/v2\/media?parent=109075"}],"wp:term":[{"taxonomy":"category","embeddable":true,"href":"https:\/\/reporteroshoy.mx\/noticias\/wp-json\/wp\/v2\/categories?post=109075"},{"taxonomy":"post_tag","embeddable":true,"href":"https:\/\/reporteroshoy.mx\/noticias\/wp-json\/wp\/v2\/tags?post=109075"}],"curies":[{"name":"wp","href":"https:\/\/api.w.org\/{rel}","templated":true}]}}