{"id":109335,"date":"2024-01-27T18:57:52","date_gmt":"2024-01-28T00:57:52","guid":{"rendered":"https:\/\/reporteroshoy.mx\/noticias\/?p=109335"},"modified":"2024-01-27T19:25:02","modified_gmt":"2024-01-28T01:25:02","slug":"vila-firma-pacto-para-la-promocion-turistica-del-mundo-maya","status":"publish","type":"post","link":"https:\/\/reporteroshoy.mx\/noticias\/vila-firma-pacto-para-la-promocion-turistica-del-mundo-maya\/","title":{"rendered":"Vila firma pacto para la promoci\u00f3n tur\u00edstica del \u00abMundo Maya\u00bb"},"content":{"rendered":"<p style=\"text-align: justify;\">El gobernador Mauricio Vila Dosal firm\u00f3, junto con el titular de la Secretar\u00eda de Turismo del Gobierno Federal, Miguel Torruco Marqu\u00e9s, as\u00ed como los representantes de los Gobiernos de Campeche, Chiapas, Tabasco y Quintana Roo, el Plan Mundo Maya M\u00e9xico, a trav\u00e9s del cual se impulsar\u00e1n acciones de gesti\u00f3n tur\u00edstica sustentable, la participaci\u00f3n de las comunidades locales, as\u00ed como el desarrollo tur\u00edstico entre los estados de la regi\u00f3n, fortaleciendo los empleos y la econom\u00eda de las familias yucatecas mientras se preserva la riqueza biocultural.<\/p>\n<p style=\"text-align: justify;\">En seguimiento a sus actividades del d\u00eda, Vila Dosal tambi\u00e9n encabez\u00f3 la presentaci\u00f3n de este plan de trabajo mediante el cual se busca impulsar una actividad tur\u00edstica sustentable en beneficio de las comunidades mayas mediante una agenda encaminada a fortalecer la oferta tur\u00edstica y posicionar a Yucat\u00e1n y regi\u00f3n sureste del pa\u00eds como destino.<\/p>\n<p><img loading=\"lazy\" decoding=\"async\" class=\"wp-image-109338 aligncenter\" src=\"https:\/\/reporteroshoy.mx\/noticias\/wp-content\/uploads\/2024\/01\/VILA-MUNDO-MAYA-3-scaled.jpeg\" alt=\"Vila mundo maya\" width=\"608\" height=\"410\" \/><\/p>\n<p style=\"text-align: justify;\">Tambi\u00e9n, el gobernador se reuni\u00f3 con el ministro de Turismo de Guatemala, Harris Whitbeck, con quien platic\u00f3 sobre los vuelos que tenemos para conectar a Yucat\u00e1n con Guatemala y Flores.<\/p>\n<h4><strong>A seguir conectando el Mundo Maya: Vila<\/strong><\/h4>\n<p style=\"text-align: justify;\">En ese marco, Vila Dosal reiter\u00f3 la disposici\u00f3n de Yucat\u00e1n de seguir conectando el Mundo Maya para generar m\u00e1s y mejores empleos que impulsen la econom\u00eda de la gente yucateca y guatemalteca.<\/p>\n<p style=\"text-align: justify;\">En el evento de presentaci\u00f3n del Plan Mundo Maya M\u00e9xico, se dieron los detalles de esta estrategia busca el desarrollo de productos innovadores que permitan el aprovechamiento sustentable del patrimonio biocultural, promover la identidad y valores del mundo maya, al tiempo que se ofrece a los visitantes momentos memorables y experiencias \u00fanicas.<\/p>\n<p><img loading=\"lazy\" decoding=\"async\" class=\"wp-image-109336 aligncenter\" src=\"https:\/\/reporteroshoy.mx\/noticias\/wp-content\/uploads\/2024\/01\/VILA-MUNDO-MAYA-1-scaled.jpeg\" alt=\"Vila mundo maya\" width=\"605\" height=\"475\" \/><\/p>\n<p style=\"text-align: justify;\">Ah\u00ed, el gobernador comparti\u00f3 las acciones con las que se est\u00e1 transformando el turismo en Yucat\u00e1n y atrayendo visitantes como nunca, as\u00ed como los importantes resultados que ha dado el trabajo en equipo para promover nacional e internacionalmente el estado, fortaleciendo la econom\u00eda y los empleos de las familias yucatecas.<\/p>\n<p style=\"text-align: justify;\">Al respecto, Vila Dosal expuso que la pol\u00edtica de descentralizaci\u00f3n y diversificaci\u00f3n que impulsa su Gobierno y que puso en marcha desde el principio, en coordinaci\u00f3n con los ayuntamientos y sector empresarial tur\u00edstico, ha avanzado hacia el fomento del desarrollo sostenible y equidad econ\u00f3mica en los 106 municipios de Yucat\u00e1n.<\/p>\n<p><img loading=\"lazy\" decoding=\"async\" class=\"wp-image-109337 aligncenter\" src=\"https:\/\/reporteroshoy.mx\/noticias\/wp-content\/uploads\/2024\/01\/VILA-MUNDO-MAYA-2-scaled.jpeg\" alt=\"Vila mundo maya\" width=\"631\" height=\"457\" srcset=\"https:\/\/reporteroshoy.mx\/noticias\/wp-content\/uploads\/2024\/01\/VILA-MUNDO-MAYA-2-scaled.jpeg 768w, https:\/\/reporteroshoy.mx\/noticias\/wp-content\/uploads\/2024\/01\/VILA-MUNDO-MAYA-2-324x235.jpeg 324w\" sizes=\"auto, (max-width: 631px) 100vw, 631px\" \/><\/p>\n<p style=\"text-align: justify;\">Establecer una red de turismo comunitario entre los estados que conforman el Mundo Maya en M\u00e9xico permite la atracci\u00f3n de un mayor n\u00famero de visitantes y permitir\u00e1 la generaci\u00f3n de derrama econ\u00f3mica en \u00e1reas menos favorecidas y propiciar\u00e1 preservar la rica historia, usos y costumbres de la comunidad maya.<\/p>\n<p style=\"text-align: justify;\">En Yucat\u00e1n, el turismo rural representa una oportunidad \u00fanica para que los habitantes locales participen activamente en el desarrollo de las comunidades, al tiempo que se ofrece a los visitantes experiencias aut\u00e9nticas y enriquecedoras.<\/p>\n","protected":false},"excerpt":{"rendered":"<p>El Plan Mundo Maya M\u00e9xico, firmado durante la Fitur, buscar\u00e1 detonar as\u00ed como el desarrollo tur\u00edstico sustentable del sur-sureste de M\u00e9xico.<\/p>\n","protected":false},"author":6,"featured_media":109337,"comment_status":"open","ping_status":"closed","sticky":false,"template":"","format":"standard","meta":{"footnotes":""},"categories":[17],"tags":[533,19,13459,910,23],"class_list":["post-109335","post","type-post","status-publish","format-standard","has-post-thumbnail","hentry","category-yucatan","tag-gobierno-de-yucatan","tag-mauricio-vila","tag-mundo-maya","tag-turismo","tag-yucatan"],"yoast_head":"<!-- This site is optimized with the Yoast SEO plugin v28.4 - https:\/\/yoast.com\/product\/yoast-seo-wordpress\/ -->\n<title>Vila firma pacto para la promoci\u00f3n tur\u00edstica del &quot;Mundo Maya&quot;<\/title>\n<meta name=\"description\" content=\"El Plan Mundo Maya M\u00e9xico, firmado durante la Fitur, buscar\u00e1 detonar as\u00ed como el desarrollo tur\u00edstico sustentable del sur-sureste de M\u00e9xico.\" \/>\n<meta name=\"robots\" content=\"index, follow, max-snippet:-1, max-image-preview:large, max-video-preview:-1\" \/>\n<link rel=\"canonical\" href=\"https:\/\/reporteroshoy.mx\/noticias\/vila-firma-pacto-para-la-promocion-turistica-del-mundo-maya\/\" \/>\n<meta property=\"og:locale\" content=\"es_ES\" \/>\n<meta property=\"og:type\" content=\"article\" \/>\n<meta property=\"og:title\" content=\"Vila firma pacto para la promoci\u00f3n tur\u00edstica del &quot;Mundo Maya&quot;\" \/>\n<meta property=\"og:description\" content=\"El Plan Mundo Maya M\u00e9xico, firmado durante la Fitur, buscar\u00e1 detonar as\u00ed como el desarrollo tur\u00edstico sustentable del sur-sureste de M\u00e9xico.\" \/>\n<meta property=\"og:url\" content=\"https:\/\/reporteroshoy.mx\/noticias\/vila-firma-pacto-para-la-promocion-turistica-del-mundo-maya\/\" \/>\n<meta property=\"og:site_name\" content=\"Reporteros Hoy | Noticias de Yucat\u00e1n\" \/>\n<meta property=\"article:publisher\" content=\"http:\/\/www.facebook.com\/reporteroshoymx\" \/>\n<meta property=\"article:published_time\" content=\"2024-01-28T00:57:52+00:00\" \/>\n<meta property=\"article:modified_time\" content=\"2024-01-28T01:25:02+00:00\" \/>\n<meta property=\"og:image\" content=\"https:\/\/reporteroshoy.mx\/noticias\/wp-content\/uploads\/2024\/01\/VILA-MUNDO-MAYA-2-scaled.jpeg\" \/>\n\t<meta property=\"og:image:width\" content=\"768\" \/>\n\t<meta property=\"og:image:height\" content=\"556\" \/>\n\t<meta property=\"og:image:type\" content=\"image\/jpeg\" \/>\n<meta name=\"author\" content=\"Reporteros Hoy GS\" \/>\n<meta name=\"twitter:card\" content=\"summary_large_image\" \/>\n<meta name=\"twitter:creator\" content=\"@reporteroshoy\" \/>\n<meta name=\"twitter:site\" content=\"@reporteroshoy\" \/>\n<meta name=\"twitter:label1\" content=\"Escrito por\" \/>\n\t<meta name=\"twitter:data1\" content=\"Reporteros Hoy GS\" \/>\n\t<meta name=\"twitter:label2\" content=\"Tiempo de lectura\" \/>\n\t<meta name=\"twitter:data2\" content=\"3 minutos\" \/>\n<script type=\"application\/ld+json\" class=\"yoast-schema-graph\">{\"@context\":\"https:\\\/\\\/schema.org\",\"@graph\":[{\"@type\":\"Article\",\"@id\":\"https:\\\/\\\/reporteroshoy.mx\\\/noticias\\\/vila-firma-pacto-para-la-promocion-turistica-del-mundo-maya\\\/#article\",\"isPartOf\":{\"@id\":\"https:\\\/\\\/reporteroshoy.mx\\\/noticias\\\/vila-firma-pacto-para-la-promocion-turistica-del-mundo-maya\\\/\"},\"author\":{\"name\":\"Reporteros Hoy GS\",\"@id\":\"https:\\\/\\\/reporteroshoy.mx\\\/noticias\\\/#\\\/schema\\\/person\\\/49ae631fc906b44554e4ba3866c505d7\"},\"headline\":\"Vila firma pacto para la promoci\u00f3n tur\u00edstica del \u00abMundo Maya\u00bb\",\"datePublished\":\"2024-01-28T00:57:52+00:00\",\"dateModified\":\"2024-01-28T01:25:02+00:00\",\"mainEntityOfPage\":{\"@id\":\"https:\\\/\\\/reporteroshoy.mx\\\/noticias\\\/vila-firma-pacto-para-la-promocion-turistica-del-mundo-maya\\\/\"},\"wordCount\":496,\"commentCount\":0,\"image\":{\"@id\":\"https:\\\/\\\/reporteroshoy.mx\\\/noticias\\\/vila-firma-pacto-para-la-promocion-turistica-del-mundo-maya\\\/#primaryimage\"},\"thumbnailUrl\":\"https:\\\/\\\/reporteroshoy.mx\\\/noticias\\\/wp-content\\\/uploads\\\/2024\\\/01\\\/VILA-MUNDO-MAYA-2-scaled.jpeg\",\"keywords\":[\"Gobierno de Yucat\u00e1n\",\"Mauricio Vila\",\"Mundo Maya\",\"Turismo\",\"Yucat\u00e1n\"],\"articleSection\":[\"Yucat\u00e1n\"],\"inLanguage\":\"es\",\"potentialAction\":[{\"@type\":\"CommentAction\",\"name\":\"Comment\",\"target\":[\"https:\\\/\\\/reporteroshoy.mx\\\/noticias\\\/vila-firma-pacto-para-la-promocion-turistica-del-mundo-maya\\\/#respond\"]}]},{\"@type\":\"WebPage\",\"@id\":\"https:\\\/\\\/reporteroshoy.mx\\\/noticias\\\/vila-firma-pacto-para-la-promocion-turistica-del-mundo-maya\\\/\",\"url\":\"https:\\\/\\\/reporteroshoy.mx\\\/noticias\\\/vila-firma-pacto-para-la-promocion-turistica-del-mundo-maya\\\/\",\"name\":\"Vila firma pacto para la promoci\u00f3n tur\u00edstica del \\\"Mundo Maya\\\"\",\"isPartOf\":{\"@id\":\"https:\\\/\\\/reporteroshoy.mx\\\/noticias\\\/#website\"},\"primaryImageOfPage\":{\"@id\":\"https:\\\/\\\/reporteroshoy.mx\\\/noticias\\\/vila-firma-pacto-para-la-promocion-turistica-del-mundo-maya\\\/#primaryimage\"},\"image\":{\"@id\":\"https:\\\/\\\/reporteroshoy.mx\\\/noticias\\\/vila-firma-pacto-para-la-promocion-turistica-del-mundo-maya\\\/#primaryimage\"},\"thumbnailUrl\":\"https:\\\/\\\/reporteroshoy.mx\\\/noticias\\\/wp-content\\\/uploads\\\/2024\\\/01\\\/VILA-MUNDO-MAYA-2-scaled.jpeg\",\"datePublished\":\"2024-01-28T00:57:52+00:00\",\"dateModified\":\"2024-01-28T01:25:02+00:00\",\"author\":{\"@id\":\"https:\\\/\\\/reporteroshoy.mx\\\/noticias\\\/#\\\/schema\\\/person\\\/49ae631fc906b44554e4ba3866c505d7\"},\"description\":\"El Plan Mundo Maya M\u00e9xico, firmado durante la Fitur, buscar\u00e1 detonar as\u00ed como el desarrollo tur\u00edstico sustentable del sur-sureste de M\u00e9xico.\",\"breadcrumb\":{\"@id\":\"https:\\\/\\\/reporteroshoy.mx\\\/noticias\\\/vila-firma-pacto-para-la-promocion-turistica-del-mundo-maya\\\/#breadcrumb\"},\"inLanguage\":\"es\",\"potentialAction\":[{\"@type\":\"ReadAction\",\"target\":[\"https:\\\/\\\/reporteroshoy.mx\\\/noticias\\\/vila-firma-pacto-para-la-promocion-turistica-del-mundo-maya\\\/\"]}]},{\"@type\":\"ImageObject\",\"inLanguage\":\"es\",\"@id\":\"https:\\\/\\\/reporteroshoy.mx\\\/noticias\\\/vila-firma-pacto-para-la-promocion-turistica-del-mundo-maya\\\/#primaryimage\",\"url\":\"https:\\\/\\\/reporteroshoy.mx\\\/noticias\\\/wp-content\\\/uploads\\\/2024\\\/01\\\/VILA-MUNDO-MAYA-2-scaled.jpeg\",\"contentUrl\":\"https:\\\/\\\/reporteroshoy.mx\\\/noticias\\\/wp-content\\\/uploads\\\/2024\\\/01\\\/VILA-MUNDO-MAYA-2-scaled.jpeg\",\"width\":768,\"height\":556,\"caption\":\"Vila mundo maya\"},{\"@type\":\"BreadcrumbList\",\"@id\":\"https:\\\/\\\/reporteroshoy.mx\\\/noticias\\\/vila-firma-pacto-para-la-promocion-turistica-del-mundo-maya\\\/#breadcrumb\",\"itemListElement\":[{\"@type\":\"ListItem\",\"position\":1,\"name\":\"Portada\",\"item\":\"https:\\\/\\\/reporteroshoy.mx\\\/noticias\\\/\"},{\"@type\":\"ListItem\",\"position\":2,\"name\":\"Vila firma pacto para la promoci\u00f3n tur\u00edstica del \u00abMundo Maya\u00bb\"}]},{\"@type\":\"WebSite\",\"@id\":\"https:\\\/\\\/reporteroshoy.mx\\\/noticias\\\/#website\",\"url\":\"https:\\\/\\\/reporteroshoy.mx\\\/noticias\\\/\",\"name\":\"Reporteros Hoy | Noticias de Yucat\u00e1n\",\"description\":\"Peri\u00f3dico digital con noticias diarias desde M\u00e9rida, Yucat\u00e1n para el mundo.\",\"potentialAction\":[{\"@type\":\"SearchAction\",\"target\":{\"@type\":\"EntryPoint\",\"urlTemplate\":\"https:\\\/\\\/reporteroshoy.mx\\\/noticias\\\/?s={search_term_string}\"},\"query-input\":{\"@type\":\"PropertyValueSpecification\",\"valueRequired\":true,\"valueName\":\"search_term_string\"}}],\"inLanguage\":\"es\"},{\"@type\":\"Person\",\"@id\":\"https:\\\/\\\/reporteroshoy.mx\\\/noticias\\\/#\\\/schema\\\/person\\\/49ae631fc906b44554e4ba3866c505d7\",\"name\":\"Reporteros Hoy GS\",\"image\":{\"@type\":\"ImageObject\",\"inLanguage\":\"es\",\"@id\":\"https:\\\/\\\/secure.gravatar.com\\\/avatar\\\/00d32adb620345c3db2cfc175917f65c584e1e338fdc49ad126aa1f9830eb6a9?s=96&d=mm&r=g\",\"url\":\"https:\\\/\\\/secure.gravatar.com\\\/avatar\\\/00d32adb620345c3db2cfc175917f65c584e1e338fdc49ad126aa1f9830eb6a9?s=96&d=mm&r=g\",\"contentUrl\":\"https:\\\/\\\/secure.gravatar.com\\\/avatar\\\/00d32adb620345c3db2cfc175917f65c584e1e338fdc49ad126aa1f9830eb6a9?s=96&d=mm&r=g\",\"caption\":\"Reporteros Hoy GS\"},\"url\":\"https:\\\/\\\/reporteroshoy.mx\\\/noticias\\\/author\\\/lupis\\\/\"}]}<\/script>\n<!-- \/ Yoast SEO plugin. -->","yoast_head_json":{"title":"Vila firma pacto para la promoci\u00f3n tur\u00edstica del \"Mundo Maya\"","description":"El Plan Mundo Maya M\u00e9xico, firmado durante la Fitur, buscar\u00e1 detonar as\u00ed como el desarrollo tur\u00edstico sustentable del sur-sureste de M\u00e9xico.","robots":{"index":"index","follow":"follow","max-snippet":"max-snippet:-1","max-image-preview":"max-image-preview:large","max-video-preview":"max-video-preview:-1"},"canonical":"https:\/\/reporteroshoy.mx\/noticias\/vila-firma-pacto-para-la-promocion-turistica-del-mundo-maya\/","og_locale":"es_ES","og_type":"article","og_title":"Vila firma pacto para la promoci\u00f3n tur\u00edstica del \"Mundo Maya\"","og_description":"El Plan Mundo Maya M\u00e9xico, firmado durante la Fitur, buscar\u00e1 detonar as\u00ed como el desarrollo tur\u00edstico sustentable del sur-sureste de M\u00e9xico.","og_url":"https:\/\/reporteroshoy.mx\/noticias\/vila-firma-pacto-para-la-promocion-turistica-del-mundo-maya\/","og_site_name":"Reporteros Hoy | Noticias de Yucat\u00e1n","article_publisher":"http:\/\/www.facebook.com\/reporteroshoymx","article_published_time":"2024-01-28T00:57:52+00:00","article_modified_time":"2024-01-28T01:25:02+00:00","og_image":[{"width":768,"height":556,"url":"https:\/\/reporteroshoy.mx\/noticias\/wp-content\/uploads\/2024\/01\/VILA-MUNDO-MAYA-2-scaled.jpeg","type":"image\/jpeg"}],"author":"Reporteros Hoy GS","twitter_card":"summary_large_image","twitter_creator":"@reporteroshoy","twitter_site":"@reporteroshoy","twitter_misc":{"Escrito por":"Reporteros Hoy GS","Tiempo de lectura":"3 minutos"},"schema":{"@context":"https:\/\/schema.org","@graph":[{"@type":"Article","@id":"https:\/\/reporteroshoy.mx\/noticias\/vila-firma-pacto-para-la-promocion-turistica-del-mundo-maya\/#article","isPartOf":{"@id":"https:\/\/reporteroshoy.mx\/noticias\/vila-firma-pacto-para-la-promocion-turistica-del-mundo-maya\/"},"author":{"name":"Reporteros Hoy GS","@id":"https:\/\/reporteroshoy.mx\/noticias\/#\/schema\/person\/49ae631fc906b44554e4ba3866c505d7"},"headline":"Vila firma pacto para la promoci\u00f3n tur\u00edstica del \u00abMundo Maya\u00bb","datePublished":"2024-01-28T00:57:52+00:00","dateModified":"2024-01-28T01:25:02+00:00","mainEntityOfPage":{"@id":"https:\/\/reporteroshoy.mx\/noticias\/vila-firma-pacto-para-la-promocion-turistica-del-mundo-maya\/"},"wordCount":496,"commentCount":0,"image":{"@id":"https:\/\/reporteroshoy.mx\/noticias\/vila-firma-pacto-para-la-promocion-turistica-del-mundo-maya\/#primaryimage"},"thumbnailUrl":"https:\/\/reporteroshoy.mx\/noticias\/wp-content\/uploads\/2024\/01\/VILA-MUNDO-MAYA-2-scaled.jpeg","keywords":["Gobierno de Yucat\u00e1n","Mauricio Vila","Mundo Maya","Turismo","Yucat\u00e1n"],"articleSection":["Yucat\u00e1n"],"inLanguage":"es","potentialAction":[{"@type":"CommentAction","name":"Comment","target":["https:\/\/reporteroshoy.mx\/noticias\/vila-firma-pacto-para-la-promocion-turistica-del-mundo-maya\/#respond"]}]},{"@type":"WebPage","@id":"https:\/\/reporteroshoy.mx\/noticias\/vila-firma-pacto-para-la-promocion-turistica-del-mundo-maya\/","url":"https:\/\/reporteroshoy.mx\/noticias\/vila-firma-pacto-para-la-promocion-turistica-del-mundo-maya\/","name":"Vila firma pacto para la promoci\u00f3n tur\u00edstica del \"Mundo Maya\"","isPartOf":{"@id":"https:\/\/reporteroshoy.mx\/noticias\/#website"},"primaryImageOfPage":{"@id":"https:\/\/reporteroshoy.mx\/noticias\/vila-firma-pacto-para-la-promocion-turistica-del-mundo-maya\/#primaryimage"},"image":{"@id":"https:\/\/reporteroshoy.mx\/noticias\/vila-firma-pacto-para-la-promocion-turistica-del-mundo-maya\/#primaryimage"},"thumbnailUrl":"https:\/\/reporteroshoy.mx\/noticias\/wp-content\/uploads\/2024\/01\/VILA-MUNDO-MAYA-2-scaled.jpeg","datePublished":"2024-01-28T00:57:52+00:00","dateModified":"2024-01-28T01:25:02+00:00","author":{"@id":"https:\/\/reporteroshoy.mx\/noticias\/#\/schema\/person\/49ae631fc906b44554e4ba3866c505d7"},"description":"El Plan Mundo Maya M\u00e9xico, firmado durante la Fitur, buscar\u00e1 detonar as\u00ed como el desarrollo tur\u00edstico sustentable del sur-sureste de M\u00e9xico.","breadcrumb":{"@id":"https:\/\/reporteroshoy.mx\/noticias\/vila-firma-pacto-para-la-promocion-turistica-del-mundo-maya\/#breadcrumb"},"inLanguage":"es","potentialAction":[{"@type":"ReadAction","target":["https:\/\/reporteroshoy.mx\/noticias\/vila-firma-pacto-para-la-promocion-turistica-del-mundo-maya\/"]}]},{"@type":"ImageObject","inLanguage":"es","@id":"https:\/\/reporteroshoy.mx\/noticias\/vila-firma-pacto-para-la-promocion-turistica-del-mundo-maya\/#primaryimage","url":"https:\/\/reporteroshoy.mx\/noticias\/wp-content\/uploads\/2024\/01\/VILA-MUNDO-MAYA-2-scaled.jpeg","contentUrl":"https:\/\/reporteroshoy.mx\/noticias\/wp-content\/uploads\/2024\/01\/VILA-MUNDO-MAYA-2-scaled.jpeg","width":768,"height":556,"caption":"Vila mundo maya"},{"@type":"BreadcrumbList","@id":"https:\/\/reporteroshoy.mx\/noticias\/vila-firma-pacto-para-la-promocion-turistica-del-mundo-maya\/#breadcrumb","itemListElement":[{"@type":"ListItem","position":1,"name":"Portada","item":"https:\/\/reporteroshoy.mx\/noticias\/"},{"@type":"ListItem","position":2,"name":"Vila firma pacto para la promoci\u00f3n tur\u00edstica del \u00abMundo Maya\u00bb"}]},{"@type":"WebSite","@id":"https:\/\/reporteroshoy.mx\/noticias\/#website","url":"https:\/\/reporteroshoy.mx\/noticias\/","name":"Reporteros Hoy | Noticias de Yucat\u00e1n","description":"Peri\u00f3dico digital con noticias diarias desde M\u00e9rida, Yucat\u00e1n para el mundo.","potentialAction":[{"@type":"SearchAction","target":{"@type":"EntryPoint","urlTemplate":"https:\/\/reporteroshoy.mx\/noticias\/?s={search_term_string}"},"query-input":{"@type":"PropertyValueSpecification","valueRequired":true,"valueName":"search_term_string"}}],"inLanguage":"es"},{"@type":"Person","@id":"https:\/\/reporteroshoy.mx\/noticias\/#\/schema\/person\/49ae631fc906b44554e4ba3866c505d7","name":"Reporteros Hoy GS","image":{"@type":"ImageObject","inLanguage":"es","@id":"https:\/\/secure.gravatar.com\/avatar\/00d32adb620345c3db2cfc175917f65c584e1e338fdc49ad126aa1f9830eb6a9?s=96&d=mm&r=g","url":"https:\/\/secure.gravatar.com\/avatar\/00d32adb620345c3db2cfc175917f65c584e1e338fdc49ad126aa1f9830eb6a9?s=96&d=mm&r=g","contentUrl":"https:\/\/secure.gravatar.com\/avatar\/00d32adb620345c3db2cfc175917f65c584e1e338fdc49ad126aa1f9830eb6a9?s=96&d=mm&r=g","caption":"Reporteros Hoy GS"},"url":"https:\/\/reporteroshoy.mx\/noticias\/author\/lupis\/"}]}},"_links":{"self":[{"href":"https:\/\/reporteroshoy.mx\/noticias\/wp-json\/wp\/v2\/posts\/109335","targetHints":{"allow":["GET"]}}],"collection":[{"href":"https:\/\/reporteroshoy.mx\/noticias\/wp-json\/wp\/v2\/posts"}],"about":[{"href":"https:\/\/reporteroshoy.mx\/noticias\/wp-json\/wp\/v2\/types\/post"}],"author":[{"embeddable":true,"href":"https:\/\/reporteroshoy.mx\/noticias\/wp-json\/wp\/v2\/users\/6"}],"replies":[{"embeddable":true,"href":"https:\/\/reporteroshoy.mx\/noticias\/wp-json\/wp\/v2\/comments?post=109335"}],"version-history":[{"count":0,"href":"https:\/\/reporteroshoy.mx\/noticias\/wp-json\/wp\/v2\/posts\/109335\/revisions"}],"wp:featuredmedia":[{"embeddable":true,"href":"https:\/\/reporteroshoy.mx\/noticias\/wp-json\/wp\/v2\/media\/109337"}],"wp:attachment":[{"href":"https:\/\/reporteroshoy.mx\/noticias\/wp-json\/wp\/v2\/media?parent=109335"}],"wp:term":[{"taxonomy":"category","embeddable":true,"href":"https:\/\/reporteroshoy.mx\/noticias\/wp-json\/wp\/v2\/categories?post=109335"},{"taxonomy":"post_tag","embeddable":true,"href":"https:\/\/reporteroshoy.mx\/noticias\/wp-json\/wp\/v2\/tags?post=109335"}],"curies":[{"name":"wp","href":"https:\/\/api.w.org\/{rel}","templated":true}]}}