{"id":109374,"date":"2024-01-28T22:50:51","date_gmt":"2024-01-29T04:50:51","guid":{"rendered":"https:\/\/reporteroshoy.mx\/noticias\/?p=109374"},"modified":"2024-01-28T22:50:51","modified_gmt":"2024-01-29T04:50:51","slug":"yucatan-destaca-por-su-bajo-indice-de-desempleo","status":"publish","type":"post","link":"https:\/\/reporteroshoy.mx\/noticias\/yucatan-destaca-por-su-bajo-indice-de-desempleo\/","title":{"rendered":"Yucat\u00e1n destaca por su bajo \u00edndice de desempleo"},"content":{"rendered":"<p style=\"text-align: justify;\">Yucat\u00e1n, entre las primeras 3 entidades con menor desempleo en el pa\u00eds al registrar una tasa de desocupaci\u00f3n de 1.4%, cifra que es menor a la tasa nacional de 2.6%, lo que refleja los buenos resultados de la estrategia econ\u00f3mica que impulsa el Gobernador Mauricio Vila Dosal para brindar empleos de calidad, mejor pagados y con seguridad social a las familias yucatecas.<\/p>\n<p style=\"text-align: justify;\">En el reporte de la tasa de desocupaci\u00f3n correspondiente al pasado mes de diciembre del Instituto Nacional de Estad\u00edstica y Geograf\u00eda (INEGI) arroj\u00f3 que, lo anterior signific\u00f3 un decremento de -0.5 puntos porcentuales en la desocupaci\u00f3n y un avance de 4 posiciones en el ranking nacional respecto de diciembre de 2022.<\/p>\n<p style=\"text-align: justify;\">La encuestadora indic\u00f3 que, en el comparativo mensual, Yucat\u00e1n registr\u00f3 un decremento de -0.58 puntos porcentuales y un avance de 5 posiciones respecto del mes anterior, es decir, noviembre de 2023.<\/p>\n<p><img loading=\"lazy\" decoding=\"async\" class=\"wp-image-109375 aligncenter\" src=\"https:\/\/reporteroshoy.mx\/noticias\/wp-content\/uploads\/2024\/01\/Desempleo-scaled.jpg\" alt=\"\" width=\"600\" height=\"338\" \/><\/p>\n<p style=\"text-align: justify;\">De esta forma, las cifras demuestran la historia de cambio y transformaci\u00f3n que se escribe en Yucat\u00e1n con un impulso hist\u00f3rico a la econom\u00eda del estado, promocionando sus ventajas y bondades para atraer m\u00e1s empresas de talla mundial que ofrezcan m\u00e1s y mejores empleos a las y los yucatecos, lo que les permite incrementar su calidad de vida.<\/p>\n<h4><strong>M\u00e1s de 350 proyectos de inversi\u00f3n en 5 a\u00f1os<\/strong><\/h4>\n<p style=\"text-align: justify;\">En los 5 a\u00f1os del <strong><span style=\"color: #0000ff;\"><a style=\"color: #0000ff;\" href=\"https:\/\/www.yucatan.gob.mx\/\">Gobierno de Mauricio Vila Dosal<\/a><\/span><\/strong>, ha logrado atraer m\u00e1s de 350 proyectos de inversi\u00f3n de sectores como Tecnolog\u00edas de la Informaci\u00f3n, aeroespacial, inmobiliario, agroindustrial, construcci\u00f3n, log\u00edstica, entre otros con marcas de renombre internacional como Accenture, Amazon, Walmart, Airbus, Heineken, Uchiyama, Woodgenix, Preh y m\u00e1s; que invierten de forma descentralizada, generando importantes fuentes de empleo en el interior del estado.<\/p>\n<p><em><strong>Te interesa:\u00a0<a href=\"https:\/\/reporteroshoy.mx\/noticias\/vila-firma-pacto-para-la-promocion-turistica-del-mundo-maya\/\">Vila firma pacto para la promoci\u00f3n tur\u00edstica del \u00abMundo Maya\u00bb<\/a><\/strong><\/em><\/p>\n<p style=\"text-align: justify;\">Los resultados se reflejan en que en 2021 fue el mejor a\u00f1o en crecimiento econ\u00f3mico y generaci\u00f3n de empleos, mientras que, en 2022, se alcanz\u00f3 un n\u00famero sin precedentes de inversi\u00f3n extranjera directa y llegada de turistas, entre otros indicadores relevantes, que muestran la promoci\u00f3n nacional e internacional que ha encabezado Vila Dosal, para colocar a la regi\u00f3n ante los ojos del mundo.<\/p>\n","protected":false},"excerpt":{"rendered":"<p>Yucat\u00e1n se ubica entre las tres entidades con menor desempleo en el pa\u00eds, al registrar una tasa del 1.4%, cifra menor a la tasa nacional.<\/p>\n","protected":false},"author":9,"featured_media":109375,"comment_status":"open","ping_status":"closed","sticky":false,"template":"","format":"standard","meta":{"footnotes":""},"categories":[17],"tags":[3152,533,19],"class_list":["post-109374","post","type-post","status-publish","format-standard","has-post-thumbnail","hentry","category-yucatan","tag-desempleo","tag-gobierno-de-yucatan","tag-mauricio-vila"],"yoast_head":"<!-- This site is optimized with the Yoast SEO plugin v28.4 - https:\/\/yoast.com\/product\/yoast-seo-wordpress\/ -->\n<title>Yucat\u00e1n destaca por su bajo \u00edndice de desempleo<\/title>\n<meta name=\"description\" content=\"Yucat\u00e1n se ubica entre las tres entidades con menor desempleo en el pa\u00eds, al registrar una tasa del 1.4%, cifra menor a la tasa nacional.\" \/>\n<meta name=\"robots\" content=\"index, follow, max-snippet:-1, max-image-preview:large, max-video-preview:-1\" \/>\n<link rel=\"canonical\" href=\"https:\/\/reporteroshoy.mx\/noticias\/yucatan-destaca-por-su-bajo-indice-de-desempleo\/\" \/>\n<meta property=\"og:locale\" content=\"es_ES\" \/>\n<meta property=\"og:type\" content=\"article\" \/>\n<meta property=\"og:title\" content=\"Yucat\u00e1n destaca por su bajo \u00edndice de desempleo\" \/>\n<meta property=\"og:description\" content=\"Yucat\u00e1n se ubica entre las tres entidades con menor desempleo en el pa\u00eds, al registrar una tasa del 1.4%, cifra menor a la tasa nacional.\" \/>\n<meta property=\"og:url\" content=\"https:\/\/reporteroshoy.mx\/noticias\/yucatan-destaca-por-su-bajo-indice-de-desempleo\/\" \/>\n<meta property=\"og:site_name\" content=\"Reporteros Hoy | Noticias de Yucat\u00e1n\" \/>\n<meta property=\"article:publisher\" content=\"http:\/\/www.facebook.com\/reporteroshoymx\" \/>\n<meta property=\"article:published_time\" content=\"2024-01-29T04:50:51+00:00\" \/>\n<meta property=\"og:image\" content=\"https:\/\/reporteroshoy.mx\/noticias\/wp-content\/uploads\/2024\/01\/Desempleo-scaled.jpg\" \/>\n\t<meta property=\"og:image:width\" content=\"768\" \/>\n\t<meta property=\"og:image:height\" content=\"432\" \/>\n\t<meta property=\"og:image:type\" content=\"image\/jpeg\" \/>\n<meta name=\"author\" content=\"Reporteros Hoy WP\" \/>\n<meta name=\"twitter:card\" content=\"summary_large_image\" \/>\n<meta name=\"twitter:creator\" content=\"@reporteroshoy\" \/>\n<meta name=\"twitter:site\" content=\"@reporteroshoy\" \/>\n<meta name=\"twitter:label1\" content=\"Escrito por\" \/>\n\t<meta name=\"twitter:data1\" content=\"Reporteros Hoy WP\" \/>\n\t<meta name=\"twitter:label2\" content=\"Tiempo de lectura\" \/>\n\t<meta name=\"twitter:data2\" content=\"3 minutos\" \/>\n<script type=\"application\/ld+json\" class=\"yoast-schema-graph\">{\"@context\":\"https:\\\/\\\/schema.org\",\"@graph\":[{\"@type\":\"Article\",\"@id\":\"https:\\\/\\\/reporteroshoy.mx\\\/noticias\\\/yucatan-destaca-por-su-bajo-indice-de-desempleo\\\/#article\",\"isPartOf\":{\"@id\":\"https:\\\/\\\/reporteroshoy.mx\\\/noticias\\\/yucatan-destaca-por-su-bajo-indice-de-desempleo\\\/\"},\"author\":{\"name\":\"Reporteros Hoy WP\",\"@id\":\"https:\\\/\\\/reporteroshoy.mx\\\/noticias\\\/#\\\/schema\\\/person\\\/c977527e57c958a62c5cefe8fe47876e\"},\"headline\":\"Yucat\u00e1n destaca por su bajo \u00edndice de desempleo\",\"datePublished\":\"2024-01-29T04:50:51+00:00\",\"mainEntityOfPage\":{\"@id\":\"https:\\\/\\\/reporteroshoy.mx\\\/noticias\\\/yucatan-destaca-por-su-bajo-indice-de-desempleo\\\/\"},\"wordCount\":381,\"commentCount\":0,\"image\":{\"@id\":\"https:\\\/\\\/reporteroshoy.mx\\\/noticias\\\/yucatan-destaca-por-su-bajo-indice-de-desempleo\\\/#primaryimage\"},\"thumbnailUrl\":\"https:\\\/\\\/reporteroshoy.mx\\\/noticias\\\/wp-content\\\/uploads\\\/2024\\\/01\\\/Desempleo-scaled.jpg\",\"keywords\":[\"Desempleo\",\"Gobierno de Yucat\u00e1n\",\"Mauricio Vila\"],\"articleSection\":[\"Yucat\u00e1n\"],\"inLanguage\":\"es\",\"potentialAction\":[{\"@type\":\"CommentAction\",\"name\":\"Comment\",\"target\":[\"https:\\\/\\\/reporteroshoy.mx\\\/noticias\\\/yucatan-destaca-por-su-bajo-indice-de-desempleo\\\/#respond\"]}]},{\"@type\":\"WebPage\",\"@id\":\"https:\\\/\\\/reporteroshoy.mx\\\/noticias\\\/yucatan-destaca-por-su-bajo-indice-de-desempleo\\\/\",\"url\":\"https:\\\/\\\/reporteroshoy.mx\\\/noticias\\\/yucatan-destaca-por-su-bajo-indice-de-desempleo\\\/\",\"name\":\"Yucat\u00e1n destaca por su bajo \u00edndice de desempleo\",\"isPartOf\":{\"@id\":\"https:\\\/\\\/reporteroshoy.mx\\\/noticias\\\/#website\"},\"primaryImageOfPage\":{\"@id\":\"https:\\\/\\\/reporteroshoy.mx\\\/noticias\\\/yucatan-destaca-por-su-bajo-indice-de-desempleo\\\/#primaryimage\"},\"image\":{\"@id\":\"https:\\\/\\\/reporteroshoy.mx\\\/noticias\\\/yucatan-destaca-por-su-bajo-indice-de-desempleo\\\/#primaryimage\"},\"thumbnailUrl\":\"https:\\\/\\\/reporteroshoy.mx\\\/noticias\\\/wp-content\\\/uploads\\\/2024\\\/01\\\/Desempleo-scaled.jpg\",\"datePublished\":\"2024-01-29T04:50:51+00:00\",\"author\":{\"@id\":\"https:\\\/\\\/reporteroshoy.mx\\\/noticias\\\/#\\\/schema\\\/person\\\/c977527e57c958a62c5cefe8fe47876e\"},\"description\":\"Yucat\u00e1n se ubica entre las tres entidades con menor desempleo en el pa\u00eds, al registrar una tasa del 1.4%, cifra menor a la tasa nacional.\",\"breadcrumb\":{\"@id\":\"https:\\\/\\\/reporteroshoy.mx\\\/noticias\\\/yucatan-destaca-por-su-bajo-indice-de-desempleo\\\/#breadcrumb\"},\"inLanguage\":\"es\",\"potentialAction\":[{\"@type\":\"ReadAction\",\"target\":[\"https:\\\/\\\/reporteroshoy.mx\\\/noticias\\\/yucatan-destaca-por-su-bajo-indice-de-desempleo\\\/\"]}]},{\"@type\":\"ImageObject\",\"inLanguage\":\"es\",\"@id\":\"https:\\\/\\\/reporteroshoy.mx\\\/noticias\\\/yucatan-destaca-por-su-bajo-indice-de-desempleo\\\/#primaryimage\",\"url\":\"https:\\\/\\\/reporteroshoy.mx\\\/noticias\\\/wp-content\\\/uploads\\\/2024\\\/01\\\/Desempleo-scaled.jpg\",\"contentUrl\":\"https:\\\/\\\/reporteroshoy.mx\\\/noticias\\\/wp-content\\\/uploads\\\/2024\\\/01\\\/Desempleo-scaled.jpg\",\"width\":768,\"height\":432,\"caption\":\"Yucat\u00e1n destaca por su bajo \u00edndice de desempleo\"},{\"@type\":\"BreadcrumbList\",\"@id\":\"https:\\\/\\\/reporteroshoy.mx\\\/noticias\\\/yucatan-destaca-por-su-bajo-indice-de-desempleo\\\/#breadcrumb\",\"itemListElement\":[{\"@type\":\"ListItem\",\"position\":1,\"name\":\"Portada\",\"item\":\"https:\\\/\\\/reporteroshoy.mx\\\/noticias\\\/\"},{\"@type\":\"ListItem\",\"position\":2,\"name\":\"Yucat\u00e1n destaca por su bajo \u00edndice de desempleo\"}]},{\"@type\":\"WebSite\",\"@id\":\"https:\\\/\\\/reporteroshoy.mx\\\/noticias\\\/#website\",\"url\":\"https:\\\/\\\/reporteroshoy.mx\\\/noticias\\\/\",\"name\":\"Reporteros Hoy | Noticias de Yucat\u00e1n\",\"description\":\"Peri\u00f3dico digital con noticias diarias desde M\u00e9rida, Yucat\u00e1n para el mundo.\",\"potentialAction\":[{\"@type\":\"SearchAction\",\"target\":{\"@type\":\"EntryPoint\",\"urlTemplate\":\"https:\\\/\\\/reporteroshoy.mx\\\/noticias\\\/?s={search_term_string}\"},\"query-input\":{\"@type\":\"PropertyValueSpecification\",\"valueRequired\":true,\"valueName\":\"search_term_string\"}}],\"inLanguage\":\"es\"},{\"@type\":\"Person\",\"@id\":\"https:\\\/\\\/reporteroshoy.mx\\\/noticias\\\/#\\\/schema\\\/person\\\/c977527e57c958a62c5cefe8fe47876e\",\"name\":\"Reporteros Hoy WP\",\"image\":{\"@type\":\"ImageObject\",\"inLanguage\":\"es\",\"@id\":\"https:\\\/\\\/secure.gravatar.com\\\/avatar\\\/fd2917f79a7dae30f8ac9ddc2f35e1756bb59e25e01d1cd09deaa64df7b2f73e?s=96&d=mm&r=g\",\"url\":\"https:\\\/\\\/secure.gravatar.com\\\/avatar\\\/fd2917f79a7dae30f8ac9ddc2f35e1756bb59e25e01d1cd09deaa64df7b2f73e?s=96&d=mm&r=g\",\"contentUrl\":\"https:\\\/\\\/secure.gravatar.com\\\/avatar\\\/fd2917f79a7dae30f8ac9ddc2f35e1756bb59e25e01d1cd09deaa64df7b2f73e?s=96&d=mm&r=g\",\"caption\":\"Reporteros Hoy WP\"},\"url\":\"https:\\\/\\\/reporteroshoy.mx\\\/noticias\\\/author\\\/walfer\\\/\"}]}<\/script>\n<!-- \/ Yoast SEO plugin. -->","yoast_head_json":{"title":"Yucat\u00e1n destaca por su bajo \u00edndice de desempleo","description":"Yucat\u00e1n se ubica entre las tres entidades con menor desempleo en el pa\u00eds, al registrar una tasa del 1.4%, cifra menor a la tasa nacional.","robots":{"index":"index","follow":"follow","max-snippet":"max-snippet:-1","max-image-preview":"max-image-preview:large","max-video-preview":"max-video-preview:-1"},"canonical":"https:\/\/reporteroshoy.mx\/noticias\/yucatan-destaca-por-su-bajo-indice-de-desempleo\/","og_locale":"es_ES","og_type":"article","og_title":"Yucat\u00e1n destaca por su bajo \u00edndice de desempleo","og_description":"Yucat\u00e1n se ubica entre las tres entidades con menor desempleo en el pa\u00eds, al registrar una tasa del 1.4%, cifra menor a la tasa nacional.","og_url":"https:\/\/reporteroshoy.mx\/noticias\/yucatan-destaca-por-su-bajo-indice-de-desempleo\/","og_site_name":"Reporteros Hoy | Noticias de Yucat\u00e1n","article_publisher":"http:\/\/www.facebook.com\/reporteroshoymx","article_published_time":"2024-01-29T04:50:51+00:00","og_image":[{"width":768,"height":432,"url":"https:\/\/reporteroshoy.mx\/noticias\/wp-content\/uploads\/2024\/01\/Desempleo-scaled.jpg","type":"image\/jpeg"}],"author":"Reporteros Hoy WP","twitter_card":"summary_large_image","twitter_creator":"@reporteroshoy","twitter_site":"@reporteroshoy","twitter_misc":{"Escrito por":"Reporteros Hoy WP","Tiempo de lectura":"3 minutos"},"schema":{"@context":"https:\/\/schema.org","@graph":[{"@type":"Article","@id":"https:\/\/reporteroshoy.mx\/noticias\/yucatan-destaca-por-su-bajo-indice-de-desempleo\/#article","isPartOf":{"@id":"https:\/\/reporteroshoy.mx\/noticias\/yucatan-destaca-por-su-bajo-indice-de-desempleo\/"},"author":{"name":"Reporteros Hoy WP","@id":"https:\/\/reporteroshoy.mx\/noticias\/#\/schema\/person\/c977527e57c958a62c5cefe8fe47876e"},"headline":"Yucat\u00e1n destaca por su bajo \u00edndice de desempleo","datePublished":"2024-01-29T04:50:51+00:00","mainEntityOfPage":{"@id":"https:\/\/reporteroshoy.mx\/noticias\/yucatan-destaca-por-su-bajo-indice-de-desempleo\/"},"wordCount":381,"commentCount":0,"image":{"@id":"https:\/\/reporteroshoy.mx\/noticias\/yucatan-destaca-por-su-bajo-indice-de-desempleo\/#primaryimage"},"thumbnailUrl":"https:\/\/reporteroshoy.mx\/noticias\/wp-content\/uploads\/2024\/01\/Desempleo-scaled.jpg","keywords":["Desempleo","Gobierno de Yucat\u00e1n","Mauricio Vila"],"articleSection":["Yucat\u00e1n"],"inLanguage":"es","potentialAction":[{"@type":"CommentAction","name":"Comment","target":["https:\/\/reporteroshoy.mx\/noticias\/yucatan-destaca-por-su-bajo-indice-de-desempleo\/#respond"]}]},{"@type":"WebPage","@id":"https:\/\/reporteroshoy.mx\/noticias\/yucatan-destaca-por-su-bajo-indice-de-desempleo\/","url":"https:\/\/reporteroshoy.mx\/noticias\/yucatan-destaca-por-su-bajo-indice-de-desempleo\/","name":"Yucat\u00e1n destaca por su bajo \u00edndice de desempleo","isPartOf":{"@id":"https:\/\/reporteroshoy.mx\/noticias\/#website"},"primaryImageOfPage":{"@id":"https:\/\/reporteroshoy.mx\/noticias\/yucatan-destaca-por-su-bajo-indice-de-desempleo\/#primaryimage"},"image":{"@id":"https:\/\/reporteroshoy.mx\/noticias\/yucatan-destaca-por-su-bajo-indice-de-desempleo\/#primaryimage"},"thumbnailUrl":"https:\/\/reporteroshoy.mx\/noticias\/wp-content\/uploads\/2024\/01\/Desempleo-scaled.jpg","datePublished":"2024-01-29T04:50:51+00:00","author":{"@id":"https:\/\/reporteroshoy.mx\/noticias\/#\/schema\/person\/c977527e57c958a62c5cefe8fe47876e"},"description":"Yucat\u00e1n se ubica entre las tres entidades con menor desempleo en el pa\u00eds, al registrar una tasa del 1.4%, cifra menor a la tasa nacional.","breadcrumb":{"@id":"https:\/\/reporteroshoy.mx\/noticias\/yucatan-destaca-por-su-bajo-indice-de-desempleo\/#breadcrumb"},"inLanguage":"es","potentialAction":[{"@type":"ReadAction","target":["https:\/\/reporteroshoy.mx\/noticias\/yucatan-destaca-por-su-bajo-indice-de-desempleo\/"]}]},{"@type":"ImageObject","inLanguage":"es","@id":"https:\/\/reporteroshoy.mx\/noticias\/yucatan-destaca-por-su-bajo-indice-de-desempleo\/#primaryimage","url":"https:\/\/reporteroshoy.mx\/noticias\/wp-content\/uploads\/2024\/01\/Desempleo-scaled.jpg","contentUrl":"https:\/\/reporteroshoy.mx\/noticias\/wp-content\/uploads\/2024\/01\/Desempleo-scaled.jpg","width":768,"height":432,"caption":"Yucat\u00e1n destaca por su bajo \u00edndice de desempleo"},{"@type":"BreadcrumbList","@id":"https:\/\/reporteroshoy.mx\/noticias\/yucatan-destaca-por-su-bajo-indice-de-desempleo\/#breadcrumb","itemListElement":[{"@type":"ListItem","position":1,"name":"Portada","item":"https:\/\/reporteroshoy.mx\/noticias\/"},{"@type":"ListItem","position":2,"name":"Yucat\u00e1n destaca por su bajo \u00edndice de desempleo"}]},{"@type":"WebSite","@id":"https:\/\/reporteroshoy.mx\/noticias\/#website","url":"https:\/\/reporteroshoy.mx\/noticias\/","name":"Reporteros Hoy | Noticias de Yucat\u00e1n","description":"Peri\u00f3dico digital con noticias diarias desde M\u00e9rida, Yucat\u00e1n para el mundo.","potentialAction":[{"@type":"SearchAction","target":{"@type":"EntryPoint","urlTemplate":"https:\/\/reporteroshoy.mx\/noticias\/?s={search_term_string}"},"query-input":{"@type":"PropertyValueSpecification","valueRequired":true,"valueName":"search_term_string"}}],"inLanguage":"es"},{"@type":"Person","@id":"https:\/\/reporteroshoy.mx\/noticias\/#\/schema\/person\/c977527e57c958a62c5cefe8fe47876e","name":"Reporteros Hoy WP","image":{"@type":"ImageObject","inLanguage":"es","@id":"https:\/\/secure.gravatar.com\/avatar\/fd2917f79a7dae30f8ac9ddc2f35e1756bb59e25e01d1cd09deaa64df7b2f73e?s=96&d=mm&r=g","url":"https:\/\/secure.gravatar.com\/avatar\/fd2917f79a7dae30f8ac9ddc2f35e1756bb59e25e01d1cd09deaa64df7b2f73e?s=96&d=mm&r=g","contentUrl":"https:\/\/secure.gravatar.com\/avatar\/fd2917f79a7dae30f8ac9ddc2f35e1756bb59e25e01d1cd09deaa64df7b2f73e?s=96&d=mm&r=g","caption":"Reporteros Hoy WP"},"url":"https:\/\/reporteroshoy.mx\/noticias\/author\/walfer\/"}]}},"_links":{"self":[{"href":"https:\/\/reporteroshoy.mx\/noticias\/wp-json\/wp\/v2\/posts\/109374","targetHints":{"allow":["GET"]}}],"collection":[{"href":"https:\/\/reporteroshoy.mx\/noticias\/wp-json\/wp\/v2\/posts"}],"about":[{"href":"https:\/\/reporteroshoy.mx\/noticias\/wp-json\/wp\/v2\/types\/post"}],"author":[{"embeddable":true,"href":"https:\/\/reporteroshoy.mx\/noticias\/wp-json\/wp\/v2\/users\/9"}],"replies":[{"embeddable":true,"href":"https:\/\/reporteroshoy.mx\/noticias\/wp-json\/wp\/v2\/comments?post=109374"}],"version-history":[{"count":0,"href":"https:\/\/reporteroshoy.mx\/noticias\/wp-json\/wp\/v2\/posts\/109374\/revisions"}],"wp:featuredmedia":[{"embeddable":true,"href":"https:\/\/reporteroshoy.mx\/noticias\/wp-json\/wp\/v2\/media\/109375"}],"wp:attachment":[{"href":"https:\/\/reporteroshoy.mx\/noticias\/wp-json\/wp\/v2\/media?parent=109374"}],"wp:term":[{"taxonomy":"category","embeddable":true,"href":"https:\/\/reporteroshoy.mx\/noticias\/wp-json\/wp\/v2\/categories?post=109374"},{"taxonomy":"post_tag","embeddable":true,"href":"https:\/\/reporteroshoy.mx\/noticias\/wp-json\/wp\/v2\/tags?post=109374"}],"curies":[{"name":"wp","href":"https:\/\/api.w.org\/{rel}","templated":true}]}}