{"id":109855,"date":"2024-02-15T15:04:24","date_gmt":"2024-02-15T21:04:24","guid":{"rendered":"https:\/\/reporteroshoy.mx\/noticias\/?p=109855"},"modified":"2024-02-15T15:04:24","modified_gmt":"2024-02-15T21:04:24","slug":"cultura-en-merida-literatura-musica-y-teatro","status":"publish","type":"post","link":"https:\/\/reporteroshoy.mx\/noticias\/cultura-en-merida-literatura-musica-y-teatro\/","title":{"rendered":"Cultura en M\u00e9rida: Literatura, m\u00fasica y teatro"},"content":{"rendered":"<p style=\"text-align: justify;\">La vida cultural de M\u00e9rida contin\u00faa esta semana con actividades literarias, m\u00fasica, teatro y el reconocimiento a personajes que con su obra han aportado al desarrollo art\u00edstico y cultural del municipio.<\/p>\n<p style=\"text-align: justify;\">En Sesi\u00f3n Solemne de Cabildo, este viernes 16 el historiador Dr. Sergio Prudencio Augusto Quezada, recibir\u00e1 la Medalla \u201cSilvio Zavala\u201d a la Cultural y las Artes 2024, que otorga el Ayuntamiento de M\u00e9rida.<\/p>\n<p style=\"text-align: justify;\">A lo largo de su trayectoria, el Dr. Quezada se ha distinguido en el campo de las ciencias sociales y las humanidades, y gran parte de su obra est\u00e1 dedicada a la divulgaci\u00f3n y preservaci\u00f3n de la memoria hist\u00f3rica de Yucat\u00e1n. El acto se realizar\u00e1 en el Auditorio del Centro Cultural Olimpo a las 10 de la ma\u00f1ana.<\/p>\n<p style=\"text-align: justify;\">La m\u00fasica estar\u00e1 presente el mismo viernes en el recital de piano que ofrecer\u00e1 Oscar Tarrag\u00f3, en el Centro Cultural Olimpo. El virtuoso maestro se ha presentado como recitalista y solista de orquestas sinf\u00f3nicas y de c\u00e1mara, y camerista en foros de Estados Unidos, M\u00e9xico, Guatemala, diversos pa\u00edses de Europa, Israel y Jap\u00f3n. El concierto inicia a las 20:00 horas y la entrada es gratuita.<\/p>\n<p><img loading=\"lazy\" decoding=\"async\" class=\"wp-image-109856  aligncenter\" src=\"https:\/\/reporteroshoy.mx\/noticias\/wp-content\/uploads\/2024\/02\/Musica-scaled.jpg\" alt=\"Cultura en M\u00e9rida: Literatura, m\u00fasica y teatro\" width=\"603\" height=\"402\" srcset=\"https:\/\/reporteroshoy.mx\/noticias\/wp-content\/uploads\/2024\/02\/Musica-scaled.jpg 768w, https:\/\/reporteroshoy.mx\/noticias\/wp-content\/uploads\/2024\/02\/Musica-1536x1023.jpg 1536w\" sizes=\"auto, (max-width: 603px) 100vw, 603px\" \/><\/p>\n<h4 style=\"text-align: justify;\"><strong>La literatura tendr\u00e1 varios momentos este fin semana<\/strong><\/h4>\n<p style=\"text-align: justify;\">El viernes 16 se presentar\u00e1 el libro \u201cBestiario del bibli\u00f3filo (y otras fieras literarias), de Ricardo E. Tatto, en el Centro Cultural Fernando Castro Pacheco. Como presentadores estar\u00e1n la cuentista Osiris Gaona y el narrador Adolfo Calder\u00f3n Sabido.<\/p>\n<p style=\"text-align: justify;\">La obra fue seleccionada por el fondo de Ediciones y Coediciones Literarias, edici\u00f3n 2022, y es una coedici\u00f3n con la editorial nacional Nitro Press. En ella el autor abunda en los distintos tipos y t\u00f3picos que rodean el mundo del libro, no solo como veh\u00edculo depositario de la palabra, sino como un objeto coleccionable que induce a la man\u00eda y, en no pocos casos, a la locura.<\/p>\n<p style=\"text-align: justify;\">El s\u00e1bado 17, se realizar\u00e1 la presentaci\u00f3n del libro \u201cXa\u2019anil naj\u201d (La gran casa de los mayas), obra compilada por el Dr. Aurelio S\u00e1nchez Su\u00e1rez, en el Instituto Municipal para el Fortalecimiento de la Cultura Maya, en el barrio de La Ermita. En el texto se exploran varias miradas de c\u00f3mo este tipo de vivienda, el esplendor y la importancia que se manifest\u00f3 en tiempos pasados, que ahora son minimizados por una visi\u00f3n occidental de colonialismo, pero que gracias a la cultura de los pueblos mesoamericanos, el arraigo a sus tradiciones y creencias, mantuvo una constante resistencia y resiliencia.<\/p>\n<p style=\"text-align: justify;\">Ese mismo d\u00eda, el Centro Cultural Jos\u00e9 Mart\u00ed recibe a Ra\u00fal Novelo, quien platicar\u00e1 sobre el libro \u201cLas esquinas de M\u00e9rida\u201d en el programa \u201cVoz Viva\u201d. En la obra se expone el origen y significado de las esquinas o puntos de referencia de la ciudad, y contiene m\u00e1s de 90 esquinas Identificadas. La presentaci\u00f3n estar\u00e1 a cargo de Manuel Zapata G\u00f3mez y el autor.<\/p>\n<p><img loading=\"lazy\" decoding=\"async\" class=\"aligncenter wp-image-109857\" src=\"https:\/\/reporteroshoy.mx\/noticias\/wp-content\/uploads\/2024\/02\/Teatro1-scaled.jpg\" alt=\"Cultura en M\u00e9rida: Literatura, m\u00fasica y teatro\" width=\"599\" height=\"399\" srcset=\"https:\/\/reporteroshoy.mx\/noticias\/wp-content\/uploads\/2024\/02\/Teatro1-scaled.jpg 768w, https:\/\/reporteroshoy.mx\/noticias\/wp-content\/uploads\/2024\/02\/Teatro1-1536x1024.jpg 1536w\" sizes=\"auto, (max-width: 599px) 100vw, 599px\" \/><\/p>\n<h4><strong>Jornada sabatina<\/strong><\/h4>\n<p style=\"text-align: justify;\">En la jornada sabatina tambi\u00e9n se ofrecer\u00e1n los talleres infantiles sabatinos dedicados para poner a prueba la creatividad con las actividades \u201cPez fuera del agua\u201d y \u201cBalero casero\u201d.<\/p>\n<p style=\"text-align: justify;\">Tambi\u00e9n se podr\u00e1 disfrutar la exposici\u00f3n pict\u00f3rica \u201cAves de Yucat\u00e1n\u201d, de Roque Escobedo.<br aria-hidden=\"true\" \/>El centro cultural se encuentra en la Avenida Col\u00f3n por calle 20, Col. Garc\u00eda Giner\u00e9s. El domingo 18, el auditorio del Centro Cultural Olimpo ser\u00e1 sede de dos momentos de teatro y m\u00fasica.<\/p>\n<p style=\"text-align: justify;\">\u201cLos rumbos de la Kuxa\u2019an Suum\u201d, con dramaturgia y direcci\u00f3n de Salom\u00e9 Ricalde, regresa como uno de los proyectos imperdibles del M\u00e9rida Fest 2024. La obra, dirigida a todas las edades, refleja el mito de la Kuxa\u2019an Suum, la cuerda roja de la vida, y como nos une a los humanos con todo lo que nos rodea (naturaleza, animales, etc.) y nuestros<br aria-hidden=\"true\" \/>antepasados.<\/p>\n<p style=\"text-align: justify;\">Ese mismo d\u00eda, la Orquesta Infantil y Juvenil del Ayuntamiento de M\u00e9rida prepara el concierto \u201cMelod\u00edas del coraz\u00f3n. Boleros y m\u00fasica del ayer\u201d. Bajo la direcci\u00f3n de Mal\u00fa Far\u00edas, los nuevo talentos yucatecos interpretar\u00e1n un repertorio con los temas: \u201cLa vie en rose\u201d (Edith Piaf), \u201cMarriage d\u2019amour\u201d (Paul de Senneville), \u201cMarried life\u201d (Michael Giacchiano), as\u00ed como \u201cEl reloj\u201d (Roberto Cantoral), \u201cB\u00e9same mucho\u201d (Consuelo V\u00e1zquez), \u201cNoche de cuento mexicano\u201d (Pedro Carlos Herrera), \u201cContigo aprend\u00ed\u201d (Armando Manzanaro) y \u201cAmor eterno\u201d (Alberto Aguilera Valadez).<\/p>\n<h4><strong>Artes visuales<\/strong><\/h4>\n<p style=\"text-align: justify;\">En artes visuales, contin\u00faa abierta la exposici\u00f3n \u201cMIr\u00f3. M\u00edstica y Vanguardia\u201d en las salas del Olimpo. Se trata de una colecci\u00f3n de 59 obras gr\u00e1ficas el artista catal\u00e1n Joan Mir\u00f3, procedentes de distintas colecciones privadas de Espa\u00f1a, en la que se muestra la identificaci\u00f3n est\u00e9tica de Mir\u00f3 con respecto al movimiento surrealista y las vanguardias que ocuparon la escena cultural europea, pero tambi\u00e9n la convicci\u00f3n m\u00edstica y asc\u00e9tica que se tradujo en su proceso creativo. La obra permanecer\u00e1 expuesta hasta el 4 de mayo.<\/p>\n<p style=\"text-align: justify;\">Con excepci\u00f3n de la obra \u201cLos rumbos de la Kuxa\u2019an Suum\u201d, cuya taquilla ser\u00e1 \u00edntegra para los artistas, el resto de las actividades tendr\u00e1n entrada gratuita. En el sitio\u00a0<a id=\"LPlnk366151\" href=\"http:\/\/www.merida.gob.mx\/eventos\" target=\"_blank\" rel=\"noopener noreferrer\" data-auth=\"NotApplicable\" data-linkindex=\"0\">www.merida.gob.mx\/eventos<\/a> se pueden consultar horarios y m\u00e1s actividades que suman a la din\u00e1mica cultural de M\u00e9rida.<\/p>\n","protected":false},"excerpt":{"rendered":"<p>Esta semana, la vida cultural de M\u00e9rida se enriquece con actividades literarias, m\u00fasica, teatro y reconocimientos art\u00edsticos.<\/p>\n","protected":false},"author":9,"featured_media":109858,"comment_status":"open","ping_status":"closed","sticky":false,"template":"","format":"standard","meta":{"footnotes":""},"categories":[3],"tags":[25628,5971,10233],"class_list":["post-109855","post","type-post","status-publish","format-standard","has-post-thumbnail","hentry","category-cultura","tag-literatura","tag-musica","tag-teatro"],"yoast_head":"<!-- This site is optimized with the Yoast SEO plugin v28.4 - https:\/\/yoast.com\/product\/yoast-seo-wordpress\/ -->\n<title>Cultura en M\u00e9rida: Literatura, m\u00fasica y teatro<\/title>\n<meta name=\"description\" content=\"Esta semana, la vida cultural de M\u00e9rida se enriquece con actividades literarias, m\u00fasica, teatro y reconocimientos art\u00edsticos.\" \/>\n<meta name=\"robots\" content=\"index, follow, max-snippet:-1, max-image-preview:large, max-video-preview:-1\" \/>\n<link rel=\"canonical\" href=\"https:\/\/reporteroshoy.mx\/noticias\/cultura-en-merida-literatura-musica-y-teatro\/\" \/>\n<meta property=\"og:locale\" content=\"es_ES\" \/>\n<meta property=\"og:type\" content=\"article\" \/>\n<meta property=\"og:title\" content=\"Cultura en M\u00e9rida: Literatura, m\u00fasica y teatro\" \/>\n<meta property=\"og:description\" content=\"Esta semana, la vida cultural de M\u00e9rida se enriquece con actividades literarias, m\u00fasica, teatro y reconocimientos art\u00edsticos.\" \/>\n<meta property=\"og:url\" content=\"https:\/\/reporteroshoy.mx\/noticias\/cultura-en-merida-literatura-musica-y-teatro\/\" \/>\n<meta property=\"og:site_name\" content=\"Reporteros Hoy | Noticias de Yucat\u00e1n\" \/>\n<meta property=\"article:publisher\" content=\"http:\/\/www.facebook.com\/reporteroshoymx\" \/>\n<meta property=\"article:published_time\" content=\"2024-02-15T21:04:24+00:00\" \/>\n<meta property=\"og:image\" content=\"https:\/\/reporteroshoy.mx\/noticias\/wp-content\/uploads\/2024\/02\/Teatro-scaled.jpg\" \/>\n\t<meta property=\"og:image:width\" content=\"768\" \/>\n\t<meta property=\"og:image:height\" content=\"512\" \/>\n\t<meta property=\"og:image:type\" content=\"image\/jpeg\" \/>\n<meta name=\"author\" content=\"Reporteros Hoy WP\" \/>\n<meta name=\"twitter:card\" content=\"summary_large_image\" \/>\n<meta name=\"twitter:creator\" content=\"@reporteroshoy\" \/>\n<meta name=\"twitter:site\" content=\"@reporteroshoy\" \/>\n<meta name=\"twitter:label1\" content=\"Escrito por\" \/>\n\t<meta name=\"twitter:data1\" content=\"Reporteros Hoy WP\" \/>\n\t<meta name=\"twitter:label2\" content=\"Tiempo de lectura\" \/>\n\t<meta name=\"twitter:data2\" content=\"5 minutos\" \/>\n<script type=\"application\/ld+json\" class=\"yoast-schema-graph\">{\"@context\":\"https:\\\/\\\/schema.org\",\"@graph\":[{\"@type\":\"Article\",\"@id\":\"https:\\\/\\\/reporteroshoy.mx\\\/noticias\\\/cultura-en-merida-literatura-musica-y-teatro\\\/#article\",\"isPartOf\":{\"@id\":\"https:\\\/\\\/reporteroshoy.mx\\\/noticias\\\/cultura-en-merida-literatura-musica-y-teatro\\\/\"},\"author\":{\"name\":\"Reporteros Hoy WP\",\"@id\":\"https:\\\/\\\/reporteroshoy.mx\\\/noticias\\\/#\\\/schema\\\/person\\\/c977527e57c958a62c5cefe8fe47876e\"},\"headline\":\"Cultura en M\u00e9rida: Literatura, m\u00fasica y teatro\",\"datePublished\":\"2024-02-15T21:04:24+00:00\",\"mainEntityOfPage\":{\"@id\":\"https:\\\/\\\/reporteroshoy.mx\\\/noticias\\\/cultura-en-merida-literatura-musica-y-teatro\\\/\"},\"wordCount\":895,\"commentCount\":0,\"image\":{\"@id\":\"https:\\\/\\\/reporteroshoy.mx\\\/noticias\\\/cultura-en-merida-literatura-musica-y-teatro\\\/#primaryimage\"},\"thumbnailUrl\":\"https:\\\/\\\/reporteroshoy.mx\\\/noticias\\\/wp-content\\\/uploads\\\/2024\\\/02\\\/Teatro-scaled.jpg\",\"keywords\":[\"literatura\",\"m\u00fasica\",\"teatro\"],\"articleSection\":[\"Cultura\"],\"inLanguage\":\"es\",\"potentialAction\":[{\"@type\":\"CommentAction\",\"name\":\"Comment\",\"target\":[\"https:\\\/\\\/reporteroshoy.mx\\\/noticias\\\/cultura-en-merida-literatura-musica-y-teatro\\\/#respond\"]}]},{\"@type\":\"WebPage\",\"@id\":\"https:\\\/\\\/reporteroshoy.mx\\\/noticias\\\/cultura-en-merida-literatura-musica-y-teatro\\\/\",\"url\":\"https:\\\/\\\/reporteroshoy.mx\\\/noticias\\\/cultura-en-merida-literatura-musica-y-teatro\\\/\",\"name\":\"Cultura en M\u00e9rida: Literatura, m\u00fasica y teatro\",\"isPartOf\":{\"@id\":\"https:\\\/\\\/reporteroshoy.mx\\\/noticias\\\/#website\"},\"primaryImageOfPage\":{\"@id\":\"https:\\\/\\\/reporteroshoy.mx\\\/noticias\\\/cultura-en-merida-literatura-musica-y-teatro\\\/#primaryimage\"},\"image\":{\"@id\":\"https:\\\/\\\/reporteroshoy.mx\\\/noticias\\\/cultura-en-merida-literatura-musica-y-teatro\\\/#primaryimage\"},\"thumbnailUrl\":\"https:\\\/\\\/reporteroshoy.mx\\\/noticias\\\/wp-content\\\/uploads\\\/2024\\\/02\\\/Teatro-scaled.jpg\",\"datePublished\":\"2024-02-15T21:04:24+00:00\",\"author\":{\"@id\":\"https:\\\/\\\/reporteroshoy.mx\\\/noticias\\\/#\\\/schema\\\/person\\\/c977527e57c958a62c5cefe8fe47876e\"},\"description\":\"Esta semana, la vida cultural de M\u00e9rida se enriquece con actividades literarias, m\u00fasica, teatro y reconocimientos art\u00edsticos.\",\"breadcrumb\":{\"@id\":\"https:\\\/\\\/reporteroshoy.mx\\\/noticias\\\/cultura-en-merida-literatura-musica-y-teatro\\\/#breadcrumb\"},\"inLanguage\":\"es\",\"potentialAction\":[{\"@type\":\"ReadAction\",\"target\":[\"https:\\\/\\\/reporteroshoy.mx\\\/noticias\\\/cultura-en-merida-literatura-musica-y-teatro\\\/\"]}]},{\"@type\":\"ImageObject\",\"inLanguage\":\"es\",\"@id\":\"https:\\\/\\\/reporteroshoy.mx\\\/noticias\\\/cultura-en-merida-literatura-musica-y-teatro\\\/#primaryimage\",\"url\":\"https:\\\/\\\/reporteroshoy.mx\\\/noticias\\\/wp-content\\\/uploads\\\/2024\\\/02\\\/Teatro-scaled.jpg\",\"contentUrl\":\"https:\\\/\\\/reporteroshoy.mx\\\/noticias\\\/wp-content\\\/uploads\\\/2024\\\/02\\\/Teatro-scaled.jpg\",\"width\":768,\"height\":512},{\"@type\":\"BreadcrumbList\",\"@id\":\"https:\\\/\\\/reporteroshoy.mx\\\/noticias\\\/cultura-en-merida-literatura-musica-y-teatro\\\/#breadcrumb\",\"itemListElement\":[{\"@type\":\"ListItem\",\"position\":1,\"name\":\"Portada\",\"item\":\"https:\\\/\\\/reporteroshoy.mx\\\/noticias\\\/\"},{\"@type\":\"ListItem\",\"position\":2,\"name\":\"Cultura en M\u00e9rida: Literatura, m\u00fasica y teatro\"}]},{\"@type\":\"WebSite\",\"@id\":\"https:\\\/\\\/reporteroshoy.mx\\\/noticias\\\/#website\",\"url\":\"https:\\\/\\\/reporteroshoy.mx\\\/noticias\\\/\",\"name\":\"Reporteros Hoy | Noticias de Yucat\u00e1n\",\"description\":\"Peri\u00f3dico digital con noticias diarias desde M\u00e9rida, Yucat\u00e1n para el mundo.\",\"potentialAction\":[{\"@type\":\"SearchAction\",\"target\":{\"@type\":\"EntryPoint\",\"urlTemplate\":\"https:\\\/\\\/reporteroshoy.mx\\\/noticias\\\/?s={search_term_string}\"},\"query-input\":{\"@type\":\"PropertyValueSpecification\",\"valueRequired\":true,\"valueName\":\"search_term_string\"}}],\"inLanguage\":\"es\"},{\"@type\":\"Person\",\"@id\":\"https:\\\/\\\/reporteroshoy.mx\\\/noticias\\\/#\\\/schema\\\/person\\\/c977527e57c958a62c5cefe8fe47876e\",\"name\":\"Reporteros Hoy WP\",\"image\":{\"@type\":\"ImageObject\",\"inLanguage\":\"es\",\"@id\":\"https:\\\/\\\/secure.gravatar.com\\\/avatar\\\/fd2917f79a7dae30f8ac9ddc2f35e1756bb59e25e01d1cd09deaa64df7b2f73e?s=96&d=mm&r=g\",\"url\":\"https:\\\/\\\/secure.gravatar.com\\\/avatar\\\/fd2917f79a7dae30f8ac9ddc2f35e1756bb59e25e01d1cd09deaa64df7b2f73e?s=96&d=mm&r=g\",\"contentUrl\":\"https:\\\/\\\/secure.gravatar.com\\\/avatar\\\/fd2917f79a7dae30f8ac9ddc2f35e1756bb59e25e01d1cd09deaa64df7b2f73e?s=96&d=mm&r=g\",\"caption\":\"Reporteros Hoy WP\"},\"url\":\"https:\\\/\\\/reporteroshoy.mx\\\/noticias\\\/author\\\/walfer\\\/\"}]}<\/script>\n<!-- \/ Yoast SEO plugin. -->","yoast_head_json":{"title":"Cultura en M\u00e9rida: Literatura, m\u00fasica y teatro","description":"Esta semana, la vida cultural de M\u00e9rida se enriquece con actividades literarias, m\u00fasica, teatro y reconocimientos art\u00edsticos.","robots":{"index":"index","follow":"follow","max-snippet":"max-snippet:-1","max-image-preview":"max-image-preview:large","max-video-preview":"max-video-preview:-1"},"canonical":"https:\/\/reporteroshoy.mx\/noticias\/cultura-en-merida-literatura-musica-y-teatro\/","og_locale":"es_ES","og_type":"article","og_title":"Cultura en M\u00e9rida: Literatura, m\u00fasica y teatro","og_description":"Esta semana, la vida cultural de M\u00e9rida se enriquece con actividades literarias, m\u00fasica, teatro y reconocimientos art\u00edsticos.","og_url":"https:\/\/reporteroshoy.mx\/noticias\/cultura-en-merida-literatura-musica-y-teatro\/","og_site_name":"Reporteros Hoy | Noticias de Yucat\u00e1n","article_publisher":"http:\/\/www.facebook.com\/reporteroshoymx","article_published_time":"2024-02-15T21:04:24+00:00","og_image":[{"width":768,"height":512,"url":"https:\/\/reporteroshoy.mx\/noticias\/wp-content\/uploads\/2024\/02\/Teatro-scaled.jpg","type":"image\/jpeg"}],"author":"Reporteros Hoy WP","twitter_card":"summary_large_image","twitter_creator":"@reporteroshoy","twitter_site":"@reporteroshoy","twitter_misc":{"Escrito por":"Reporteros Hoy WP","Tiempo de lectura":"5 minutos"},"schema":{"@context":"https:\/\/schema.org","@graph":[{"@type":"Article","@id":"https:\/\/reporteroshoy.mx\/noticias\/cultura-en-merida-literatura-musica-y-teatro\/#article","isPartOf":{"@id":"https:\/\/reporteroshoy.mx\/noticias\/cultura-en-merida-literatura-musica-y-teatro\/"},"author":{"name":"Reporteros Hoy WP","@id":"https:\/\/reporteroshoy.mx\/noticias\/#\/schema\/person\/c977527e57c958a62c5cefe8fe47876e"},"headline":"Cultura en M\u00e9rida: Literatura, m\u00fasica y teatro","datePublished":"2024-02-15T21:04:24+00:00","mainEntityOfPage":{"@id":"https:\/\/reporteroshoy.mx\/noticias\/cultura-en-merida-literatura-musica-y-teatro\/"},"wordCount":895,"commentCount":0,"image":{"@id":"https:\/\/reporteroshoy.mx\/noticias\/cultura-en-merida-literatura-musica-y-teatro\/#primaryimage"},"thumbnailUrl":"https:\/\/reporteroshoy.mx\/noticias\/wp-content\/uploads\/2024\/02\/Teatro-scaled.jpg","keywords":["literatura","m\u00fasica","teatro"],"articleSection":["Cultura"],"inLanguage":"es","potentialAction":[{"@type":"CommentAction","name":"Comment","target":["https:\/\/reporteroshoy.mx\/noticias\/cultura-en-merida-literatura-musica-y-teatro\/#respond"]}]},{"@type":"WebPage","@id":"https:\/\/reporteroshoy.mx\/noticias\/cultura-en-merida-literatura-musica-y-teatro\/","url":"https:\/\/reporteroshoy.mx\/noticias\/cultura-en-merida-literatura-musica-y-teatro\/","name":"Cultura en M\u00e9rida: Literatura, m\u00fasica y teatro","isPartOf":{"@id":"https:\/\/reporteroshoy.mx\/noticias\/#website"},"primaryImageOfPage":{"@id":"https:\/\/reporteroshoy.mx\/noticias\/cultura-en-merida-literatura-musica-y-teatro\/#primaryimage"},"image":{"@id":"https:\/\/reporteroshoy.mx\/noticias\/cultura-en-merida-literatura-musica-y-teatro\/#primaryimage"},"thumbnailUrl":"https:\/\/reporteroshoy.mx\/noticias\/wp-content\/uploads\/2024\/02\/Teatro-scaled.jpg","datePublished":"2024-02-15T21:04:24+00:00","author":{"@id":"https:\/\/reporteroshoy.mx\/noticias\/#\/schema\/person\/c977527e57c958a62c5cefe8fe47876e"},"description":"Esta semana, la vida cultural de M\u00e9rida se enriquece con actividades literarias, m\u00fasica, teatro y reconocimientos art\u00edsticos.","breadcrumb":{"@id":"https:\/\/reporteroshoy.mx\/noticias\/cultura-en-merida-literatura-musica-y-teatro\/#breadcrumb"},"inLanguage":"es","potentialAction":[{"@type":"ReadAction","target":["https:\/\/reporteroshoy.mx\/noticias\/cultura-en-merida-literatura-musica-y-teatro\/"]}]},{"@type":"ImageObject","inLanguage":"es","@id":"https:\/\/reporteroshoy.mx\/noticias\/cultura-en-merida-literatura-musica-y-teatro\/#primaryimage","url":"https:\/\/reporteroshoy.mx\/noticias\/wp-content\/uploads\/2024\/02\/Teatro-scaled.jpg","contentUrl":"https:\/\/reporteroshoy.mx\/noticias\/wp-content\/uploads\/2024\/02\/Teatro-scaled.jpg","width":768,"height":512},{"@type":"BreadcrumbList","@id":"https:\/\/reporteroshoy.mx\/noticias\/cultura-en-merida-literatura-musica-y-teatro\/#breadcrumb","itemListElement":[{"@type":"ListItem","position":1,"name":"Portada","item":"https:\/\/reporteroshoy.mx\/noticias\/"},{"@type":"ListItem","position":2,"name":"Cultura en M\u00e9rida: Literatura, m\u00fasica y teatro"}]},{"@type":"WebSite","@id":"https:\/\/reporteroshoy.mx\/noticias\/#website","url":"https:\/\/reporteroshoy.mx\/noticias\/","name":"Reporteros Hoy | Noticias de Yucat\u00e1n","description":"Peri\u00f3dico digital con noticias diarias desde M\u00e9rida, Yucat\u00e1n para el mundo.","potentialAction":[{"@type":"SearchAction","target":{"@type":"EntryPoint","urlTemplate":"https:\/\/reporteroshoy.mx\/noticias\/?s={search_term_string}"},"query-input":{"@type":"PropertyValueSpecification","valueRequired":true,"valueName":"search_term_string"}}],"inLanguage":"es"},{"@type":"Person","@id":"https:\/\/reporteroshoy.mx\/noticias\/#\/schema\/person\/c977527e57c958a62c5cefe8fe47876e","name":"Reporteros Hoy WP","image":{"@type":"ImageObject","inLanguage":"es","@id":"https:\/\/secure.gravatar.com\/avatar\/fd2917f79a7dae30f8ac9ddc2f35e1756bb59e25e01d1cd09deaa64df7b2f73e?s=96&d=mm&r=g","url":"https:\/\/secure.gravatar.com\/avatar\/fd2917f79a7dae30f8ac9ddc2f35e1756bb59e25e01d1cd09deaa64df7b2f73e?s=96&d=mm&r=g","contentUrl":"https:\/\/secure.gravatar.com\/avatar\/fd2917f79a7dae30f8ac9ddc2f35e1756bb59e25e01d1cd09deaa64df7b2f73e?s=96&d=mm&r=g","caption":"Reporteros Hoy WP"},"url":"https:\/\/reporteroshoy.mx\/noticias\/author\/walfer\/"}]}},"_links":{"self":[{"href":"https:\/\/reporteroshoy.mx\/noticias\/wp-json\/wp\/v2\/posts\/109855","targetHints":{"allow":["GET"]}}],"collection":[{"href":"https:\/\/reporteroshoy.mx\/noticias\/wp-json\/wp\/v2\/posts"}],"about":[{"href":"https:\/\/reporteroshoy.mx\/noticias\/wp-json\/wp\/v2\/types\/post"}],"author":[{"embeddable":true,"href":"https:\/\/reporteroshoy.mx\/noticias\/wp-json\/wp\/v2\/users\/9"}],"replies":[{"embeddable":true,"href":"https:\/\/reporteroshoy.mx\/noticias\/wp-json\/wp\/v2\/comments?post=109855"}],"version-history":[{"count":0,"href":"https:\/\/reporteroshoy.mx\/noticias\/wp-json\/wp\/v2\/posts\/109855\/revisions"}],"wp:featuredmedia":[{"embeddable":true,"href":"https:\/\/reporteroshoy.mx\/noticias\/wp-json\/wp\/v2\/media\/109858"}],"wp:attachment":[{"href":"https:\/\/reporteroshoy.mx\/noticias\/wp-json\/wp\/v2\/media?parent=109855"}],"wp:term":[{"taxonomy":"category","embeddable":true,"href":"https:\/\/reporteroshoy.mx\/noticias\/wp-json\/wp\/v2\/categories?post=109855"},{"taxonomy":"post_tag","embeddable":true,"href":"https:\/\/reporteroshoy.mx\/noticias\/wp-json\/wp\/v2\/tags?post=109855"}],"curies":[{"name":"wp","href":"https:\/\/api.w.org\/{rel}","templated":true}]}}