{"id":110777,"date":"2024-03-17T18:27:10","date_gmt":"2024-03-18T00:27:10","guid":{"rendered":"https:\/\/reporteroshoy.mx\/noticias\/?p=110777"},"modified":"2024-03-17T18:27:10","modified_gmt":"2024-03-18T00:27:10","slug":"merida-impulsa-la-guia-alimentaria-para-una-vida-mas-saludable","status":"publish","type":"post","link":"https:\/\/reporteroshoy.mx\/noticias\/merida-impulsa-la-guia-alimentaria-para-una-vida-mas-saludable\/","title":{"rendered":"M\u00e9rida impulsa la Gu\u00eda Alimentaria para una vida m\u00e1s saludable"},"content":{"rendered":"<p style=\"text-align: justify;\" data-sourcepos=\"26:1-26:368\">El alcalde Alejandro Ruz Castro promueve la \u00abGu\u00eda Alimentaria + Salud + Energ\u00eda + Vitalidad\u00bb, la cual se basa en tres ejes principales: alimentaci\u00f3n, consumo de agua y ejercicio f\u00edsico.<\/p>\n<p data-sourcepos=\"26:1-26:368\"><img loading=\"lazy\" decoding=\"async\" class=\"wp-image-110779 aligncenter\" src=\"https:\/\/reporteroshoy.mx\/noticias\/wp-content\/uploads\/2024\/03\/GUIA-ALIMENTARIA-2.jpeg\" alt=\"Gu\u00eda Alimentaria\" width=\"621\" height=\"414\" \/><\/p>\n<p style=\"text-align: justify;\" data-sourcepos=\"30:1-30:301\">En ese sentido, Ruz Castro mencion\u00f3 que el prop\u00f3sito de la Gu\u00eda Alimentaria es promover el consumo de una alimentaci\u00f3n completa, saludable, variada, local y culturalmente aceptable en la poblaci\u00f3n sana mayor de dos a\u00f1os de edad. La gu\u00eda busca reducir el impacto negativo de las enfermedades cr\u00f3nicas no transmisibles.<\/p>\n<h4 style=\"text-align: justify;\" data-sourcepos=\"32:1-32:60\"><strong>Una gu\u00eda basada en investigaci\u00f3n cient\u00edfica<\/strong><\/h4>\n<p style=\"text-align: justify;\" data-sourcepos=\"34:1-34:458\">El Alcalde explic\u00f3 tambi\u00e9n que para la elaboraci\u00f3n de la \u00abGu\u00eda Alimentaria + Salud + Energ\u00eda + Vitalidad\u00bb se consider\u00f3 el perfil epidemiol\u00f3gico, el patr\u00f3n alimentario, los h\u00e1bitos culturales, la accesibilidad y la disponibilidad de alimentos de las familias meridanas.<\/p>\n<p style=\"text-align: justify;\" data-sourcepos=\"34:1-34:458\"><img loading=\"lazy\" decoding=\"async\" class=\"wp-image-110778 aligncenter\" src=\"https:\/\/reporteroshoy.mx\/noticias\/wp-content\/uploads\/2024\/03\/GUIA-ALIMENTARIA-1-scaled.jpeg\" alt=\"Gu\u00eda Alimentaria\" width=\"626\" height=\"417\" \/> La gu\u00eda fue obtenida a trav\u00e9s de los resultados encontrados con el estudio realizado en colaboraci\u00f3n entre la Universidad Aut\u00f3noma de Yucat\u00e1n (UADY) y el Instituto Nacional de Salud P\u00fablica (INSP). La gu\u00eda est\u00e1 disponible <span style=\"text-decoration: underline; color: #0000ff;\"><strong><a style=\"color: #0000ff; text-decoration: underline;\" href=\"https:\/\/merida.gob.mx\/salud\/content\/documents\/diabetes\/guia-alimentaria.pdf\">aqu\u00ed<\/a><\/strong><\/span>.<\/p>\n<p style=\"text-align: justify;\" data-sourcepos=\"38:1-38:316\">Asimismo, Ruz Castro record\u00f3 que en febrero de 2022 se constituy\u00f3 el Consejo Municipal de Salud de M\u00e9rida, con la participaci\u00f3n activa de la Universidad Modelo. El Consejo tiene la responsabilidad de proponer pol\u00edticas, programas y acciones para alcanzar con \u00e9xito los objetivos y metas establecidos en temas de salud p\u00fablica.<\/p>\n<h4 style=\"text-align: justify;\" data-sourcepos=\"40:1-40:53\"><strong>Servicios de salud para la poblaci\u00f3n<\/strong><\/h4>\n<p style=\"text-align: justify;\" data-sourcepos=\"42:1-42:433\">El alcalde invit\u00f3 a la poblaci\u00f3n a hacer uso de otros servicios saludables que ofrece el Ayuntamiento de M\u00e9rida, a trav\u00e9s del DIF Municipal, como el Centro Municipal de Atenci\u00f3n Nutricional y Diabetes (CEMANUD). El CEMANUD ofrece apoyos de educaci\u00f3n alimentaria y nutricional, nutrici\u00f3n materno-infantil, entornos saludables, educaci\u00f3n sobre diabetes y enfermedades cr\u00f3nicas, consultas de nutrici\u00f3n y apoyo alimentario y nutricional.<\/p>\n<p style=\"text-align: justify;\" data-sourcepos=\"46:1-46:269\">Para m\u00e1s informaci\u00f3n, atenci\u00f3n o apoyo nutricional, el Ayuntamiento de M\u00e9rida pone a tu disposici\u00f3n el CEMANUD, as\u00ed como el n\u00famero (999)-942 00 00 extensi\u00f3n 84282 o el sitio web <span style=\"text-decoration: underline;\"><strong><span style=\"color: #0000ff;\"><a class=\"traceable-link\" style=\"color: #0000ff; text-decoration: underline;\" href=\"https:\/\/www.merida.gob.mx\/salud\/cemanud.php\" target=\"_blank\" rel=\"noopener noreferrer\">https:\/\/www.merida.gob.mx\/salud\/cemanud.php<\/a><\/span><\/strong><\/span>.<\/p>\n","protected":false},"excerpt":{"rendered":"<p>La \u00abGu\u00eda Alimentaria + Salud + Energ\u00eda + Vitalidad\u00bb para fomentar una cultura alimentaria basada en h\u00e1bitos nutricionales que reduzcan el riesgo de enfermedades cr\u00f3nicas.<\/p>\n","protected":false},"author":2,"featured_media":110778,"comment_status":"open","ping_status":"closed","sticky":false,"template":"","format":"standard","meta":{"footnotes":""},"categories":[24379],"tags":[24,24746,51,12839,634],"class_list":["post-110777","post","type-post","status-publish","format-standard","has-post-thumbnail","hentry","category-merida","tag-ayuntamiento-de-merida","tag-guia-alimentaria","tag-merida","tag-nutricion","tag-salud"],"yoast_head":"<!-- This site is optimized with the Yoast SEO plugin v28.3 - https:\/\/yoast.com\/product\/yoast-seo-wordpress\/ -->\n<title>M\u00e9rida impulsa la Gu\u00eda Alimentaria para una vida m\u00e1s saludable<\/title>\n<meta name=\"description\" content=\"La &quot;Gu\u00eda Alimentaria + Salud + Energ\u00eda + Vitalidad&quot; para fomentar una cultura alimentaria basada en h\u00e1bitos nutricionales que reduzcan el riesgo de enfermedades cr\u00f3nicas.\" \/>\n<meta name=\"robots\" content=\"index, follow, max-snippet:-1, max-image-preview:large, max-video-preview:-1\" \/>\n<link rel=\"canonical\" href=\"https:\/\/reporteroshoy.mx\/noticias\/merida-impulsa-la-guia-alimentaria-para-una-vida-mas-saludable\/\" \/>\n<meta property=\"og:locale\" content=\"es_ES\" \/>\n<meta property=\"og:type\" content=\"article\" \/>\n<meta property=\"og:title\" content=\"M\u00e9rida impulsa la Gu\u00eda Alimentaria para una vida m\u00e1s saludable\" \/>\n<meta property=\"og:description\" content=\"La &quot;Gu\u00eda Alimentaria + Salud + Energ\u00eda + Vitalidad&quot; para fomentar una cultura alimentaria basada en h\u00e1bitos nutricionales que reduzcan el riesgo de enfermedades cr\u00f3nicas.\" \/>\n<meta property=\"og:url\" content=\"https:\/\/reporteroshoy.mx\/noticias\/merida-impulsa-la-guia-alimentaria-para-una-vida-mas-saludable\/\" \/>\n<meta property=\"og:site_name\" content=\"Reporteros Hoy | Noticias de Yucat\u00e1n\" \/>\n<meta property=\"article:publisher\" content=\"http:\/\/www.facebook.com\/reporteroshoymx\" \/>\n<meta property=\"article:published_time\" content=\"2024-03-18T00:27:10+00:00\" \/>\n<meta property=\"og:image\" content=\"https:\/\/reporteroshoy.mx\/noticias\/wp-content\/uploads\/2024\/03\/GUIA-ALIMENTARIA-1-scaled.jpeg\" \/>\n\t<meta property=\"og:image:width\" content=\"768\" \/>\n\t<meta property=\"og:image:height\" content=\"512\" \/>\n\t<meta property=\"og:image:type\" content=\"image\/jpeg\" \/>\n<meta name=\"author\" content=\"Reporteros Hoy HY\" \/>\n<meta name=\"twitter:card\" content=\"summary_large_image\" \/>\n<meta name=\"twitter:creator\" content=\"@reporteroshoy\" \/>\n<meta name=\"twitter:site\" content=\"@reporteroshoy\" \/>\n<meta name=\"twitter:label1\" content=\"Escrito por\" \/>\n\t<meta name=\"twitter:data1\" content=\"Reporteros Hoy HY\" \/>\n\t<meta name=\"twitter:label2\" content=\"Tiempo de lectura\" \/>\n\t<meta name=\"twitter:data2\" content=\"2 minutos\" \/>\n<script type=\"application\/ld+json\" class=\"yoast-schema-graph\">{\"@context\":\"https:\\\/\\\/schema.org\",\"@graph\":[{\"@type\":\"Article\",\"@id\":\"https:\\\/\\\/reporteroshoy.mx\\\/noticias\\\/merida-impulsa-la-guia-alimentaria-para-una-vida-mas-saludable\\\/#article\",\"isPartOf\":{\"@id\":\"https:\\\/\\\/reporteroshoy.mx\\\/noticias\\\/merida-impulsa-la-guia-alimentaria-para-una-vida-mas-saludable\\\/\"},\"author\":{\"name\":\"Reporteros Hoy HY\",\"@id\":\"https:\\\/\\\/reporteroshoy.mx\\\/noticias\\\/#\\\/schema\\\/person\\\/d32189074678a9d41498d4248e29aac3\"},\"headline\":\"M\u00e9rida impulsa la Gu\u00eda Alimentaria para una vida m\u00e1s saludable\",\"datePublished\":\"2024-03-18T00:27:10+00:00\",\"mainEntityOfPage\":{\"@id\":\"https:\\\/\\\/reporteroshoy.mx\\\/noticias\\\/merida-impulsa-la-guia-alimentaria-para-una-vida-mas-saludable\\\/\"},\"wordCount\":370,\"commentCount\":0,\"image\":{\"@id\":\"https:\\\/\\\/reporteroshoy.mx\\\/noticias\\\/merida-impulsa-la-guia-alimentaria-para-una-vida-mas-saludable\\\/#primaryimage\"},\"thumbnailUrl\":\"https:\\\/\\\/reporteroshoy.mx\\\/noticias\\\/wp-content\\\/uploads\\\/2024\\\/03\\\/GUIA-ALIMENTARIA-1-scaled.jpeg\",\"keywords\":[\"ayuntamiento de merida\",\"Gu\u00eda Alimentaria\",\"M\u00e9rida\",\"Nutrici\u00f3n\",\"Salud\"],\"articleSection\":[\"M\u00e9rida\"],\"inLanguage\":\"es\",\"potentialAction\":[{\"@type\":\"CommentAction\",\"name\":\"Comment\",\"target\":[\"https:\\\/\\\/reporteroshoy.mx\\\/noticias\\\/merida-impulsa-la-guia-alimentaria-para-una-vida-mas-saludable\\\/#respond\"]}]},{\"@type\":\"WebPage\",\"@id\":\"https:\\\/\\\/reporteroshoy.mx\\\/noticias\\\/merida-impulsa-la-guia-alimentaria-para-una-vida-mas-saludable\\\/\",\"url\":\"https:\\\/\\\/reporteroshoy.mx\\\/noticias\\\/merida-impulsa-la-guia-alimentaria-para-una-vida-mas-saludable\\\/\",\"name\":\"M\u00e9rida impulsa la Gu\u00eda Alimentaria para una vida m\u00e1s saludable\",\"isPartOf\":{\"@id\":\"https:\\\/\\\/reporteroshoy.mx\\\/noticias\\\/#website\"},\"primaryImageOfPage\":{\"@id\":\"https:\\\/\\\/reporteroshoy.mx\\\/noticias\\\/merida-impulsa-la-guia-alimentaria-para-una-vida-mas-saludable\\\/#primaryimage\"},\"image\":{\"@id\":\"https:\\\/\\\/reporteroshoy.mx\\\/noticias\\\/merida-impulsa-la-guia-alimentaria-para-una-vida-mas-saludable\\\/#primaryimage\"},\"thumbnailUrl\":\"https:\\\/\\\/reporteroshoy.mx\\\/noticias\\\/wp-content\\\/uploads\\\/2024\\\/03\\\/GUIA-ALIMENTARIA-1-scaled.jpeg\",\"datePublished\":\"2024-03-18T00:27:10+00:00\",\"author\":{\"@id\":\"https:\\\/\\\/reporteroshoy.mx\\\/noticias\\\/#\\\/schema\\\/person\\\/d32189074678a9d41498d4248e29aac3\"},\"description\":\"La \\\"Gu\u00eda Alimentaria + Salud + Energ\u00eda + Vitalidad\\\" para fomentar una cultura alimentaria basada en h\u00e1bitos nutricionales que reduzcan el riesgo de enfermedades cr\u00f3nicas.\",\"breadcrumb\":{\"@id\":\"https:\\\/\\\/reporteroshoy.mx\\\/noticias\\\/merida-impulsa-la-guia-alimentaria-para-una-vida-mas-saludable\\\/#breadcrumb\"},\"inLanguage\":\"es\",\"potentialAction\":[{\"@type\":\"ReadAction\",\"target\":[\"https:\\\/\\\/reporteroshoy.mx\\\/noticias\\\/merida-impulsa-la-guia-alimentaria-para-una-vida-mas-saludable\\\/\"]}]},{\"@type\":\"ImageObject\",\"inLanguage\":\"es\",\"@id\":\"https:\\\/\\\/reporteroshoy.mx\\\/noticias\\\/merida-impulsa-la-guia-alimentaria-para-una-vida-mas-saludable\\\/#primaryimage\",\"url\":\"https:\\\/\\\/reporteroshoy.mx\\\/noticias\\\/wp-content\\\/uploads\\\/2024\\\/03\\\/GUIA-ALIMENTARIA-1-scaled.jpeg\",\"contentUrl\":\"https:\\\/\\\/reporteroshoy.mx\\\/noticias\\\/wp-content\\\/uploads\\\/2024\\\/03\\\/GUIA-ALIMENTARIA-1-scaled.jpeg\",\"width\":768,\"height\":512,\"caption\":\"Gu\u00eda Alimentaria\"},{\"@type\":\"BreadcrumbList\",\"@id\":\"https:\\\/\\\/reporteroshoy.mx\\\/noticias\\\/merida-impulsa-la-guia-alimentaria-para-una-vida-mas-saludable\\\/#breadcrumb\",\"itemListElement\":[{\"@type\":\"ListItem\",\"position\":1,\"name\":\"Portada\",\"item\":\"https:\\\/\\\/reporteroshoy.mx\\\/noticias\\\/\"},{\"@type\":\"ListItem\",\"position\":2,\"name\":\"M\u00e9rida impulsa la Gu\u00eda Alimentaria para una vida m\u00e1s saludable\"}]},{\"@type\":\"WebSite\",\"@id\":\"https:\\\/\\\/reporteroshoy.mx\\\/noticias\\\/#website\",\"url\":\"https:\\\/\\\/reporteroshoy.mx\\\/noticias\\\/\",\"name\":\"Reporteros Hoy | Noticias de Yucat\u00e1n\",\"description\":\"Peri\u00f3dico digital con noticias diarias desde M\u00e9rida, Yucat\u00e1n para el mundo.\",\"potentialAction\":[{\"@type\":\"SearchAction\",\"target\":{\"@type\":\"EntryPoint\",\"urlTemplate\":\"https:\\\/\\\/reporteroshoy.mx\\\/noticias\\\/?s={search_term_string}\"},\"query-input\":{\"@type\":\"PropertyValueSpecification\",\"valueRequired\":true,\"valueName\":\"search_term_string\"}}],\"inLanguage\":\"es\"},{\"@type\":\"Person\",\"@id\":\"https:\\\/\\\/reporteroshoy.mx\\\/noticias\\\/#\\\/schema\\\/person\\\/d32189074678a9d41498d4248e29aac3\",\"name\":\"Reporteros Hoy HY\",\"image\":{\"@type\":\"ImageObject\",\"inLanguage\":\"es\",\"@id\":\"https:\\\/\\\/secure.gravatar.com\\\/avatar\\\/c539a82770f256437b35bda44650bb50f5fd4b7017f8b29672ed9f27a43cec47?s=96&d=mm&r=g\",\"url\":\"https:\\\/\\\/secure.gravatar.com\\\/avatar\\\/c539a82770f256437b35bda44650bb50f5fd4b7017f8b29672ed9f27a43cec47?s=96&d=mm&r=g\",\"contentUrl\":\"https:\\\/\\\/secure.gravatar.com\\\/avatar\\\/c539a82770f256437b35bda44650bb50f5fd4b7017f8b29672ed9f27a43cec47?s=96&d=mm&r=g\",\"caption\":\"Reporteros Hoy HY\"},\"url\":\"https:\\\/\\\/reporteroshoy.mx\\\/noticias\\\/author\\\/thelmo\\\/\"}]}<\/script>\n<!-- \/ Yoast SEO plugin. -->","yoast_head_json":{"title":"M\u00e9rida impulsa la Gu\u00eda Alimentaria para una vida m\u00e1s saludable","description":"La \"Gu\u00eda Alimentaria + Salud + Energ\u00eda + Vitalidad\" para fomentar una cultura alimentaria basada en h\u00e1bitos nutricionales que reduzcan el riesgo de enfermedades cr\u00f3nicas.","robots":{"index":"index","follow":"follow","max-snippet":"max-snippet:-1","max-image-preview":"max-image-preview:large","max-video-preview":"max-video-preview:-1"},"canonical":"https:\/\/reporteroshoy.mx\/noticias\/merida-impulsa-la-guia-alimentaria-para-una-vida-mas-saludable\/","og_locale":"es_ES","og_type":"article","og_title":"M\u00e9rida impulsa la Gu\u00eda Alimentaria para una vida m\u00e1s saludable","og_description":"La \"Gu\u00eda Alimentaria + Salud + Energ\u00eda + Vitalidad\" para fomentar una cultura alimentaria basada en h\u00e1bitos nutricionales que reduzcan el riesgo de enfermedades cr\u00f3nicas.","og_url":"https:\/\/reporteroshoy.mx\/noticias\/merida-impulsa-la-guia-alimentaria-para-una-vida-mas-saludable\/","og_site_name":"Reporteros Hoy | Noticias de Yucat\u00e1n","article_publisher":"http:\/\/www.facebook.com\/reporteroshoymx","article_published_time":"2024-03-18T00:27:10+00:00","og_image":[{"width":768,"height":512,"url":"https:\/\/reporteroshoy.mx\/noticias\/wp-content\/uploads\/2024\/03\/GUIA-ALIMENTARIA-1-scaled.jpeg","type":"image\/jpeg"}],"author":"Reporteros Hoy HY","twitter_card":"summary_large_image","twitter_creator":"@reporteroshoy","twitter_site":"@reporteroshoy","twitter_misc":{"Escrito por":"Reporteros Hoy HY","Tiempo de lectura":"2 minutos"},"schema":{"@context":"https:\/\/schema.org","@graph":[{"@type":"Article","@id":"https:\/\/reporteroshoy.mx\/noticias\/merida-impulsa-la-guia-alimentaria-para-una-vida-mas-saludable\/#article","isPartOf":{"@id":"https:\/\/reporteroshoy.mx\/noticias\/merida-impulsa-la-guia-alimentaria-para-una-vida-mas-saludable\/"},"author":{"name":"Reporteros Hoy HY","@id":"https:\/\/reporteroshoy.mx\/noticias\/#\/schema\/person\/d32189074678a9d41498d4248e29aac3"},"headline":"M\u00e9rida impulsa la Gu\u00eda Alimentaria para una vida m\u00e1s saludable","datePublished":"2024-03-18T00:27:10+00:00","mainEntityOfPage":{"@id":"https:\/\/reporteroshoy.mx\/noticias\/merida-impulsa-la-guia-alimentaria-para-una-vida-mas-saludable\/"},"wordCount":370,"commentCount":0,"image":{"@id":"https:\/\/reporteroshoy.mx\/noticias\/merida-impulsa-la-guia-alimentaria-para-una-vida-mas-saludable\/#primaryimage"},"thumbnailUrl":"https:\/\/reporteroshoy.mx\/noticias\/wp-content\/uploads\/2024\/03\/GUIA-ALIMENTARIA-1-scaled.jpeg","keywords":["ayuntamiento de merida","Gu\u00eda Alimentaria","M\u00e9rida","Nutrici\u00f3n","Salud"],"articleSection":["M\u00e9rida"],"inLanguage":"es","potentialAction":[{"@type":"CommentAction","name":"Comment","target":["https:\/\/reporteroshoy.mx\/noticias\/merida-impulsa-la-guia-alimentaria-para-una-vida-mas-saludable\/#respond"]}]},{"@type":"WebPage","@id":"https:\/\/reporteroshoy.mx\/noticias\/merida-impulsa-la-guia-alimentaria-para-una-vida-mas-saludable\/","url":"https:\/\/reporteroshoy.mx\/noticias\/merida-impulsa-la-guia-alimentaria-para-una-vida-mas-saludable\/","name":"M\u00e9rida impulsa la Gu\u00eda Alimentaria para una vida m\u00e1s saludable","isPartOf":{"@id":"https:\/\/reporteroshoy.mx\/noticias\/#website"},"primaryImageOfPage":{"@id":"https:\/\/reporteroshoy.mx\/noticias\/merida-impulsa-la-guia-alimentaria-para-una-vida-mas-saludable\/#primaryimage"},"image":{"@id":"https:\/\/reporteroshoy.mx\/noticias\/merida-impulsa-la-guia-alimentaria-para-una-vida-mas-saludable\/#primaryimage"},"thumbnailUrl":"https:\/\/reporteroshoy.mx\/noticias\/wp-content\/uploads\/2024\/03\/GUIA-ALIMENTARIA-1-scaled.jpeg","datePublished":"2024-03-18T00:27:10+00:00","author":{"@id":"https:\/\/reporteroshoy.mx\/noticias\/#\/schema\/person\/d32189074678a9d41498d4248e29aac3"},"description":"La \"Gu\u00eda Alimentaria + Salud + Energ\u00eda + Vitalidad\" para fomentar una cultura alimentaria basada en h\u00e1bitos nutricionales que reduzcan el riesgo de enfermedades cr\u00f3nicas.","breadcrumb":{"@id":"https:\/\/reporteroshoy.mx\/noticias\/merida-impulsa-la-guia-alimentaria-para-una-vida-mas-saludable\/#breadcrumb"},"inLanguage":"es","potentialAction":[{"@type":"ReadAction","target":["https:\/\/reporteroshoy.mx\/noticias\/merida-impulsa-la-guia-alimentaria-para-una-vida-mas-saludable\/"]}]},{"@type":"ImageObject","inLanguage":"es","@id":"https:\/\/reporteroshoy.mx\/noticias\/merida-impulsa-la-guia-alimentaria-para-una-vida-mas-saludable\/#primaryimage","url":"https:\/\/reporteroshoy.mx\/noticias\/wp-content\/uploads\/2024\/03\/GUIA-ALIMENTARIA-1-scaled.jpeg","contentUrl":"https:\/\/reporteroshoy.mx\/noticias\/wp-content\/uploads\/2024\/03\/GUIA-ALIMENTARIA-1-scaled.jpeg","width":768,"height":512,"caption":"Gu\u00eda Alimentaria"},{"@type":"BreadcrumbList","@id":"https:\/\/reporteroshoy.mx\/noticias\/merida-impulsa-la-guia-alimentaria-para-una-vida-mas-saludable\/#breadcrumb","itemListElement":[{"@type":"ListItem","position":1,"name":"Portada","item":"https:\/\/reporteroshoy.mx\/noticias\/"},{"@type":"ListItem","position":2,"name":"M\u00e9rida impulsa la Gu\u00eda Alimentaria para una vida m\u00e1s saludable"}]},{"@type":"WebSite","@id":"https:\/\/reporteroshoy.mx\/noticias\/#website","url":"https:\/\/reporteroshoy.mx\/noticias\/","name":"Reporteros Hoy | Noticias de Yucat\u00e1n","description":"Peri\u00f3dico digital con noticias diarias desde M\u00e9rida, Yucat\u00e1n para el mundo.","potentialAction":[{"@type":"SearchAction","target":{"@type":"EntryPoint","urlTemplate":"https:\/\/reporteroshoy.mx\/noticias\/?s={search_term_string}"},"query-input":{"@type":"PropertyValueSpecification","valueRequired":true,"valueName":"search_term_string"}}],"inLanguage":"es"},{"@type":"Person","@id":"https:\/\/reporteroshoy.mx\/noticias\/#\/schema\/person\/d32189074678a9d41498d4248e29aac3","name":"Reporteros Hoy HY","image":{"@type":"ImageObject","inLanguage":"es","@id":"https:\/\/secure.gravatar.com\/avatar\/c539a82770f256437b35bda44650bb50f5fd4b7017f8b29672ed9f27a43cec47?s=96&d=mm&r=g","url":"https:\/\/secure.gravatar.com\/avatar\/c539a82770f256437b35bda44650bb50f5fd4b7017f8b29672ed9f27a43cec47?s=96&d=mm&r=g","contentUrl":"https:\/\/secure.gravatar.com\/avatar\/c539a82770f256437b35bda44650bb50f5fd4b7017f8b29672ed9f27a43cec47?s=96&d=mm&r=g","caption":"Reporteros Hoy HY"},"url":"https:\/\/reporteroshoy.mx\/noticias\/author\/thelmo\/"}]}},"_links":{"self":[{"href":"https:\/\/reporteroshoy.mx\/noticias\/wp-json\/wp\/v2\/posts\/110777","targetHints":{"allow":["GET"]}}],"collection":[{"href":"https:\/\/reporteroshoy.mx\/noticias\/wp-json\/wp\/v2\/posts"}],"about":[{"href":"https:\/\/reporteroshoy.mx\/noticias\/wp-json\/wp\/v2\/types\/post"}],"author":[{"embeddable":true,"href":"https:\/\/reporteroshoy.mx\/noticias\/wp-json\/wp\/v2\/users\/2"}],"replies":[{"embeddable":true,"href":"https:\/\/reporteroshoy.mx\/noticias\/wp-json\/wp\/v2\/comments?post=110777"}],"version-history":[{"count":0,"href":"https:\/\/reporteroshoy.mx\/noticias\/wp-json\/wp\/v2\/posts\/110777\/revisions"}],"wp:featuredmedia":[{"embeddable":true,"href":"https:\/\/reporteroshoy.mx\/noticias\/wp-json\/wp\/v2\/media\/110778"}],"wp:attachment":[{"href":"https:\/\/reporteroshoy.mx\/noticias\/wp-json\/wp\/v2\/media?parent=110777"}],"wp:term":[{"taxonomy":"category","embeddable":true,"href":"https:\/\/reporteroshoy.mx\/noticias\/wp-json\/wp\/v2\/categories?post=110777"},{"taxonomy":"post_tag","embeddable":true,"href":"https:\/\/reporteroshoy.mx\/noticias\/wp-json\/wp\/v2\/tags?post=110777"}],"curies":[{"name":"wp","href":"https:\/\/api.w.org\/{rel}","templated":true}]}}